{"id":98,"date":"2020-02-03T15:28:55","date_gmt":"2020-02-03T15:28:55","guid":{"rendered":"https:\/\/grotta.is\/?p=98"},"modified":"2020-02-10T15:37:11","modified_gmt":"2020-02-10T15:37:11","slug":"thrir-ungir-og-efnilegir-leikmenn-grottu-skrifa-undir","status":"publish","type":"post","link":"https:\/\/grotta.is\/en\/knattspyrnudeild\/thrir-ungir-og-efnilegir-leikmenn-grottu-skrifa-undir\/","title":{"rendered":"\u00der\u00edr ungir og efnilegir leikmenn Gr\u00f3ttu skrifa undir"},"content":{"rendered":"<p>\u00der\u00edr ungir og efnilegir Gr\u00f3ttumenn skrifu\u00f0u undir tveggja \u00e1ra samning vi\u00f0 f\u00e9lagi\u00f0 \u00ed vikunni. Um er a\u00f0 r\u00e6\u00f0a \u00fe\u00e1 Da\u00f0a M\u00e1 Patrek J\u00f3hannsson, Kjartan K\u00e1ra Halld\u00f3rsson og Gr\u00edm Inga Jakobsson. Da\u00f0i M\u00e1r er f\u00e6ddur \u00e1ri\u00f0 2001 en Kjartan og Gr\u00edmur eru f\u00e6ddir 2003. \u00deeir Da\u00f0i og Kjartan hafa \u00e6ft me\u00f0 Gr\u00f3ttu fr\u00e1 5 \u00e1ra aldri en Gr\u00edmur skipti yfir \u00ed Gr\u00f3ttu \u00far Val \u00feegar hann flutti \u00e1 Nesi\u00f0 fyrir fimm \u00e1rum. \u00deremenningarnir eru allir lykilleikmenn \u00ed 2. flokki og hafa \u00e6ft me\u00f0 meistaraflokki s\u00ed\u00f0ustu misseri. \u00deeir Kjartan og Gr\u00edmur hafa ennfremur veri\u00f0 vi\u00f0lo\u00f0andi U16 og U17 \u00e1ra landsli\u00f0in en Kjartan hefur spila\u00f0 sex landsleiki og Gr\u00edmur fj\u00f3rt\u00e1n.<\/p><p>\u00dea\u00f0 er miki\u00f0 gle\u00f0iefni fyrir Gr\u00f3ttu a\u00f0 hafa skrifa\u00f0 undir vi\u00f0 \u00feessa framb\u00e6rilegu drengi sem munu vonandi vinna sig enn betur inn \u00ed meistaraflokkinn \u00e1 \u00e1rinu.<\/p>","protected":false},"excerpt":{"rendered":"<p>\u00der\u00edr ungir og efnilegir Gr\u00f3ttumenn skrifu\u00f0u undir tveggja \u00e1ra samning vi\u00f0 f\u00e9lagi\u00f0 \u00ed vikunni. Um er a\u00f0 r\u00e6\u00f0a \u00fe\u00e1 Da\u00f0a M\u00e1 Patrek J\u00f3hannsson, Kjartan K\u00e1ra Halld\u00f3rsson og Gr\u00edm Inga Jakobsson. [&hellip;]<\/p>","protected":false},"author":2,"featured_media":100,"comment_status":"closed","ping_status":"closed","sticky":false,"template":"","format":"standard","meta":{"footnotes":""},"categories":[7],"tags":[6,17,20],"class_list":["post-98","post","type-post","status-publish","format-standard","has-post-thumbnail","hentry","category-knattspyrnudeild","tag-knattspyrna","tag-leikmenn","tag-mfl-kk"],"yoast_head":"<!-- This site is optimized with the Yoast SEO plugin v24.3 - https:\/\/yoast.com\/wordpress\/plugins\/seo\/ -->\n<title>\u00der\u00edr ungir og efnilegir leikmenn Gr\u00f3ttu skrifa undir - \u00cd\u00fer\u00f3ttaf\u00e9lagi\u00f0 Gr\u00f3tta<\/title>\n<meta name=\"robots\" content=\"index, follow, max-snippet:-1, max-image-preview:large, max-video-preview:-1\" \/>\n<link rel=\"canonical\" href=\"https:\/\/grotta.is\/en\/knattspyrnudeild\/thrir-ungir-og-efnilegir-leikmenn-grottu-skrifa-undir\/\" \/>\n<meta property=\"og:locale\" content=\"en_US\" \/>\n<meta property=\"og:type\" content=\"article\" \/>\n<meta property=\"og:title\" content=\"\u00der\u00edr ungir og efnilegir leikmenn Gr\u00f3ttu skrifa undir - \u00cd\u00fer\u00f3ttaf\u00e9lagi\u00f0 Gr\u00f3tta\" \/>\n<meta property=\"og:description\" content=\"\u00der\u00edr ungir og efnilegir Gr\u00f3ttumenn skrifu\u00f0u undir tveggja \u00e1ra samning vi\u00f0 f\u00e9lagi\u00f0 \u00ed vikunni. Um er a\u00f0 r\u00e6\u00f0a \u00fe\u00e1 Da\u00f0a M\u00e1 Patrek J\u00f3hannsson, Kjartan K\u00e1ra Halld\u00f3rsson og Gr\u00edm Inga Jakobsson. [&hellip;]\" \/>\n<meta property=\"og:url\" content=\"https:\/\/grotta.is\/en\/knattspyrnudeild\/thrir-ungir-og-efnilegir-leikmenn-grottu-skrifa-undir\/\" \/>\n<meta property=\"og:site_name\" content=\"\u00cd\u00fer\u00f3ttaf\u00e9lagi\u00f0 Gr\u00f3tta\" \/>\n<meta property=\"article:publisher\" content=\"https:\/\/www.facebook.com\/grottasport\" \/>\n<meta property=\"article:published_time\" content=\"2020-02-03T15:28:55+00:00\" \/>\n<meta property=\"article:modified_time\" content=\"2020-02-10T15:37:11+00:00\" \/>\n<meta property=\"og:image\" content=\"https:\/\/grotta.is\/wp-content\/uploads\/2020\/02\/Knattspyrnudeild_grotta_Frettir_leikmenn_3.jpg\" \/>\n\t<meta property=\"og:image:width\" content=\"2048\" \/>\n\t<meta property=\"og:image:height\" content=\"996\" \/>\n\t<meta property=\"og:image:type\" content=\"image\/jpeg\" \/>\n<meta name=\"author\" content=\"Grotta\" \/>\n<meta name=\"twitter:card\" content=\"summary_large_image\" \/>\n<meta name=\"twitter:label1\" content=\"Written by\" \/>\n\t<meta name=\"twitter:data1\" content=\"Grotta\" \/>\n\t<meta name=\"twitter:label2\" content=\"Est. reading time\" \/>\n\t<meta name=\"twitter:data2\" content=\"1 minute\" \/>\n<script type=\"application\/ld+json\" class=\"yoast-schema-graph\">{\"@context\":\"https:\/\/schema.org\",\"@graph\":[{\"@type\":\"Article\",\"@id\":\"https:\/\/grotta.is\/knattspyrnudeild\/thrir-ungir-og-efnilegir-leikmenn-grottu-skrifa-undir\/#article\",\"isPartOf\":{\"@id\":\"https:\/\/grotta.is\/knattspyrnudeild\/thrir-ungir-og-efnilegir-leikmenn-grottu-skrifa-undir\/\"},\"author\":{\"name\":\"Grotta\",\"@id\":\"https:\/\/grotta.is\/#\/schema\/person\/08ec57bf09ee925f1b6a01540c14a5ce\"},\"headline\":\"\u00der\u00edr ungir og efnilegir leikmenn Gr\u00f3ttu skrifa undir\",\"datePublished\":\"2020-02-03T15:28:55+00:00\",\"dateModified\":\"2020-02-10T15:37:11+00:00\",\"mainEntityOfPage\":{\"@id\":\"https:\/\/grotta.is\/knattspyrnudeild\/thrir-ungir-og-efnilegir-leikmenn-grottu-skrifa-undir\/\"},\"wordCount\":162,\"publisher\":{\"@id\":\"https:\/\/grotta.is\/#organization\"},\"image\":{\"@id\":\"https:\/\/grotta.is\/knattspyrnudeild\/thrir-ungir-og-efnilegir-leikmenn-grottu-skrifa-undir\/#primaryimage\"},\"thumbnailUrl\":\"https:\/\/grotta.is\/wp-content\/uploads\/2020\/02\/Knattspyrnudeild_grotta_Frettir_leikmenn_3.jpg\",\"keywords\":[\"Knattspyrna\",\"Leikmenn\",\"Mfl.kk\"],\"articleSection\":[\"Knattspyrnudeild\"],\"inLanguage\":\"en-US\"},{\"@type\":\"WebPage\",\"@id\":\"https:\/\/grotta.is\/knattspyrnudeild\/thrir-ungir-og-efnilegir-leikmenn-grottu-skrifa-undir\/\",\"url\":\"https:\/\/grotta.is\/knattspyrnudeild\/thrir-ungir-og-efnilegir-leikmenn-grottu-skrifa-undir\/\",\"name\":\"\u00der\u00edr ungir og efnilegir leikmenn Gr\u00f3ttu skrifa undir - \u00cd\u00fer\u00f3ttaf\u00e9lagi\u00f0 Gr\u00f3tta\",\"isPartOf\":{\"@id\":\"https:\/\/grotta.is\/#website\"},\"primaryImageOfPage\":{\"@id\":\"https:\/\/grotta.is\/knattspyrnudeild\/thrir-ungir-og-efnilegir-leikmenn-grottu-skrifa-undir\/#primaryimage\"},\"image\":{\"@id\":\"https:\/\/grotta.is\/knattspyrnudeild\/thrir-ungir-og-efnilegir-leikmenn-grottu-skrifa-undir\/#primaryimage\"},\"thumbnailUrl\":\"https:\/\/grotta.is\/wp-content\/uploads\/2020\/02\/Knattspyrnudeild_grotta_Frettir_leikmenn_3.jpg\",\"datePublished\":\"2020-02-03T15:28:55+00:00\",\"dateModified\":\"2020-02-10T15:37:11+00:00\",\"breadcrumb\":{\"@id\":\"https:\/\/grotta.is\/knattspyrnudeild\/thrir-ungir-og-efnilegir-leikmenn-grottu-skrifa-undir\/#breadcrumb\"},\"inLanguage\":\"en-US\",\"potentialAction\":[{\"@type\":\"ReadAction\",\"target\":[\"https:\/\/grotta.is\/knattspyrnudeild\/thrir-ungir-og-efnilegir-leikmenn-grottu-skrifa-undir\/\"]}]},{\"@type\":\"ImageObject\",\"inLanguage\":\"en-US\",\"@id\":\"https:\/\/grotta.is\/knattspyrnudeild\/thrir-ungir-og-efnilegir-leikmenn-grottu-skrifa-undir\/#primaryimage\",\"url\":\"https:\/\/grotta.is\/wp-content\/uploads\/2020\/02\/Knattspyrnudeild_grotta_Frettir_leikmenn_3.jpg\",\"contentUrl\":\"https:\/\/grotta.is\/wp-content\/uploads\/2020\/02\/Knattspyrnudeild_grotta_Frettir_leikmenn_3.jpg\",\"width\":2048,\"height\":996},{\"@type\":\"BreadcrumbList\",\"@id\":\"https:\/\/grotta.is\/knattspyrnudeild\/thrir-ungir-og-efnilegir-leikmenn-grottu-skrifa-undir\/#breadcrumb\",\"itemListElement\":[{\"@type\":\"ListItem\",\"position\":1,\"name\":\"Home\",\"item\":\"https:\/\/grotta.is\/\"},{\"@type\":\"ListItem\",\"position\":2,\"name\":\"\u00der\u00edr ungir og efnilegir leikmenn Gr\u00f3ttu skrifa undir\"}]},{\"@type\":\"WebSite\",\"@id\":\"https:\/\/grotta.is\/#website\",\"url\":\"https:\/\/grotta.is\/\",\"name\":\"\u00cd\u00fer\u00f3ttaf\u00e9lagi\u00f0 Gr\u00f3tta\",\"description\":\"\u00e1 Seltjarnarnesi\",\"publisher\":{\"@id\":\"https:\/\/grotta.is\/#organization\"},\"potentialAction\":[{\"@type\":\"SearchAction\",\"target\":{\"@type\":\"EntryPoint\",\"urlTemplate\":\"https:\/\/grotta.is\/?s={search_term_string}\"},\"query-input\":{\"@type\":\"PropertyValueSpecification\",\"valueRequired\":true,\"valueName\":\"search_term_string\"}}],\"inLanguage\":\"en-US\"},{\"@type\":\"Organization\",\"@id\":\"https:\/\/grotta.is\/#organization\",\"name\":\"\u00cd\u00fer\u00f3ttaf\u00e9lagi\u00f0 Gr\u00f3tta\",\"url\":\"https:\/\/grotta.is\/\",\"logo\":{\"@type\":\"ImageObject\",\"inLanguage\":\"en-US\",\"@id\":\"https:\/\/grotta.is\/#\/schema\/logo\/image\/\",\"url\":\"https:\/\/grotta.is\/wp-content\/uploads\/2020\/02\/ithrottafelagidgrotta_logo_512x512_transparent.png\",\"contentUrl\":\"https:\/\/grotta.is\/wp-content\/uploads\/2020\/02\/ithrottafelagidgrotta_logo_512x512_transparent.png\",\"width\":512,\"height\":512,\"caption\":\"\u00cd\u00fer\u00f3ttaf\u00e9lagi\u00f0 Gr\u00f3tta\"},\"image\":{\"@id\":\"https:\/\/grotta.is\/#\/schema\/logo\/image\/\"},\"sameAs\":[\"https:\/\/www.facebook.com\/grottasport\"]},{\"@type\":\"Person\",\"@id\":\"https:\/\/grotta.is\/#\/schema\/person\/08ec57bf09ee925f1b6a01540c14a5ce\",\"name\":\"Grotta\",\"url\":\"https:\/\/grotta.is\/en\/author\/inga\/\"}]}<\/script>\n<!-- \/ Yoast SEO plugin. -->","yoast_head_json":{"title":"\u00der\u00edr ungir og efnilegir leikmenn Gr\u00f3ttu skrifa undir - \u00cd\u00fer\u00f3ttaf\u00e9lagi\u00f0 Gr\u00f3tta","robots":{"index":"index","follow":"follow","max-snippet":"max-snippet:-1","max-image-preview":"max-image-preview:large","max-video-preview":"max-video-preview:-1"},"canonical":"https:\/\/grotta.is\/en\/knattspyrnudeild\/thrir-ungir-og-efnilegir-leikmenn-grottu-skrifa-undir\/","og_locale":"en_US","og_type":"article","og_title":"\u00der\u00edr ungir og efnilegir leikmenn Gr\u00f3ttu skrifa undir - \u00cd\u00fer\u00f3ttaf\u00e9lagi\u00f0 Gr\u00f3tta","og_description":"\u00der\u00edr ungir og efnilegir Gr\u00f3ttumenn skrifu\u00f0u undir tveggja \u00e1ra samning vi\u00f0 f\u00e9lagi\u00f0 \u00ed vikunni. Um er a\u00f0 r\u00e6\u00f0a \u00fe\u00e1 Da\u00f0a M\u00e1 Patrek J\u00f3hannsson, Kjartan K\u00e1ra Halld\u00f3rsson og Gr\u00edm Inga Jakobsson. [&hellip;]","og_url":"https:\/\/grotta.is\/en\/knattspyrnudeild\/thrir-ungir-og-efnilegir-leikmenn-grottu-skrifa-undir\/","og_site_name":"\u00cd\u00fer\u00f3ttaf\u00e9lagi\u00f0 Gr\u00f3tta","article_publisher":"https:\/\/www.facebook.com\/grottasport","article_published_time":"2020-02-03T15:28:55+00:00","article_modified_time":"2020-02-10T15:37:11+00:00","og_image":[{"width":2048,"height":996,"url":"https:\/\/grotta.is\/wp-content\/uploads\/2020\/02\/Knattspyrnudeild_grotta_Frettir_leikmenn_3.jpg","type":"image\/jpeg"}],"author":"Grotta","twitter_card":"summary_large_image","twitter_misc":{"Written by":"Grotta","Est. reading time":"1 minute"},"schema":{"@context":"https:\/\/schema.org","@graph":[{"@type":"Article","@id":"https:\/\/grotta.is\/knattspyrnudeild\/thrir-ungir-og-efnilegir-leikmenn-grottu-skrifa-undir\/#article","isPartOf":{"@id":"https:\/\/grotta.is\/knattspyrnudeild\/thrir-ungir-og-efnilegir-leikmenn-grottu-skrifa-undir\/"},"author":{"name":"Grotta","@id":"https:\/\/grotta.is\/#\/schema\/person\/08ec57bf09ee925f1b6a01540c14a5ce"},"headline":"\u00der\u00edr ungir og efnilegir leikmenn Gr\u00f3ttu skrifa undir","datePublished":"2020-02-03T15:28:55+00:00","dateModified":"2020-02-10T15:37:11+00:00","mainEntityOfPage":{"@id":"https:\/\/grotta.is\/knattspyrnudeild\/thrir-ungir-og-efnilegir-leikmenn-grottu-skrifa-undir\/"},"wordCount":162,"publisher":{"@id":"https:\/\/grotta.is\/#organization"},"image":{"@id":"https:\/\/grotta.is\/knattspyrnudeild\/thrir-ungir-og-efnilegir-leikmenn-grottu-skrifa-undir\/#primaryimage"},"thumbnailUrl":"https:\/\/grotta.is\/wp-content\/uploads\/2020\/02\/Knattspyrnudeild_grotta_Frettir_leikmenn_3.jpg","keywords":["Knattspyrna","Leikmenn","Mfl.kk"],"articleSection":["Knattspyrnudeild"],"inLanguage":"en-US"},{"@type":"WebPage","@id":"https:\/\/grotta.is\/knattspyrnudeild\/thrir-ungir-og-efnilegir-leikmenn-grottu-skrifa-undir\/","url":"https:\/\/grotta.is\/knattspyrnudeild\/thrir-ungir-og-efnilegir-leikmenn-grottu-skrifa-undir\/","name":"\u00der\u00edr ungir og efnilegir leikmenn Gr\u00f3ttu skrifa undir - \u00cd\u00fer\u00f3ttaf\u00e9lagi\u00f0 Gr\u00f3tta","isPartOf":{"@id":"https:\/\/grotta.is\/#website"},"primaryImageOfPage":{"@id":"https:\/\/grotta.is\/knattspyrnudeild\/thrir-ungir-og-efnilegir-leikmenn-grottu-skrifa-undir\/#primaryimage"},"image":{"@id":"https:\/\/grotta.is\/knattspyrnudeild\/thrir-ungir-og-efnilegir-leikmenn-grottu-skrifa-undir\/#primaryimage"},"thumbnailUrl":"https:\/\/grotta.is\/wp-content\/uploads\/2020\/02\/Knattspyrnudeild_grotta_Frettir_leikmenn_3.jpg","datePublished":"2020-02-03T15:28:55+00:00","dateModified":"2020-02-10T15:37:11+00:00","breadcrumb":{"@id":"https:\/\/grotta.is\/knattspyrnudeild\/thrir-ungir-og-efnilegir-leikmenn-grottu-skrifa-undir\/#breadcrumb"},"inLanguage":"en-US","potentialAction":[{"@type":"ReadAction","target":["https:\/\/grotta.is\/knattspyrnudeild\/thrir-ungir-og-efnilegir-leikmenn-grottu-skrifa-undir\/"]}]},{"@type":"ImageObject","inLanguage":"en-US","@id":"https:\/\/grotta.is\/knattspyrnudeild\/thrir-ungir-og-efnilegir-leikmenn-grottu-skrifa-undir\/#primaryimage","url":"https:\/\/grotta.is\/wp-content\/uploads\/2020\/02\/Knattspyrnudeild_grotta_Frettir_leikmenn_3.jpg","contentUrl":"https:\/\/grotta.is\/wp-content\/uploads\/2020\/02\/Knattspyrnudeild_grotta_Frettir_leikmenn_3.jpg","width":2048,"height":996},{"@type":"BreadcrumbList","@id":"https:\/\/grotta.is\/knattspyrnudeild\/thrir-ungir-og-efnilegir-leikmenn-grottu-skrifa-undir\/#breadcrumb","itemListElement":[{"@type":"ListItem","position":1,"name":"Home","item":"https:\/\/grotta.is\/"},{"@type":"ListItem","position":2,"name":"\u00der\u00edr ungir og efnilegir leikmenn Gr\u00f3ttu skrifa undir"}]},{"@type":"WebSite","@id":"https:\/\/grotta.is\/#website","url":"https:\/\/grotta.is\/","name":"\u00cd\u00fer\u00f3ttaf\u00e9lagi\u00f0 Gr\u00f3tta","description":"\u00e1 Seltjarnarnesi","publisher":{"@id":"https:\/\/grotta.is\/#organization"},"potentialAction":[{"@type":"SearchAction","target":{"@type":"EntryPoint","urlTemplate":"https:\/\/grotta.is\/?s={search_term_string}"},"query-input":{"@type":"PropertyValueSpecification","valueRequired":true,"valueName":"search_term_string"}}],"inLanguage":"en-US"},{"@type":"Organization","@id":"https:\/\/grotta.is\/#organization","name":"\u00cd\u00fer\u00f3ttaf\u00e9lagi\u00f0 Gr\u00f3tta","url":"https:\/\/grotta.is\/","logo":{"@type":"ImageObject","inLanguage":"en-US","@id":"https:\/\/grotta.is\/#\/schema\/logo\/image\/","url":"https:\/\/grotta.is\/wp-content\/uploads\/2020\/02\/ithrottafelagidgrotta_logo_512x512_transparent.png","contentUrl":"https:\/\/grotta.is\/wp-content\/uploads\/2020\/02\/ithrottafelagidgrotta_logo_512x512_transparent.png","width":512,"height":512,"caption":"\u00cd\u00fer\u00f3ttaf\u00e9lagi\u00f0 Gr\u00f3tta"},"image":{"@id":"https:\/\/grotta.is\/#\/schema\/logo\/image\/"},"sameAs":["https:\/\/www.facebook.com\/grottasport"]},{"@type":"Person","@id":"https:\/\/grotta.is\/#\/schema\/person\/08ec57bf09ee925f1b6a01540c14a5ce","name":"Grotta","url":"https:\/\/grotta.is\/en\/author\/inga\/"}]}},"_links":{"self":[{"href":"https:\/\/grotta.is\/en\/wp-json\/wp\/v2\/posts\/98","targetHints":{"allow":["GET"]}}],"collection":[{"href":"https:\/\/grotta.is\/en\/wp-json\/wp\/v2\/posts"}],"about":[{"href":"https:\/\/grotta.is\/en\/wp-json\/wp\/v2\/types\/post"}],"author":[{"embeddable":true,"href":"https:\/\/grotta.is\/en\/wp-json\/wp\/v2\/users\/2"}],"replies":[{"embeddable":true,"href":"https:\/\/grotta.is\/en\/wp-json\/wp\/v2\/comments?post=98"}],"version-history":[{"count":0,"href":"https:\/\/grotta.is\/en\/wp-json\/wp\/v2\/posts\/98\/revisions"}],"wp:featuredmedia":[{"embeddable":true,"href":"https:\/\/grotta.is\/en\/wp-json\/wp\/v2\/media\/100"}],"wp:attachment":[{"href":"https:\/\/grotta.is\/en\/wp-json\/wp\/v2\/media?parent=98"}],"wp:term":[{"taxonomy":"category","embeddable":true,"href":"https:\/\/grotta.is\/en\/wp-json\/wp\/v2\/categories?post=98"},{"taxonomy":"post_tag","embeddable":true,"href":"https:\/\/grotta.is\/en\/wp-json\/wp\/v2\/tags?post=98"}],"curies":[{"name":"wp","href":"https:\/\/api.w.org\/{rel}","templated":true}]}}