{"id":9740,"date":"2020-06-10T18:00:16","date_gmt":"2020-06-10T18:00:16","guid":{"rendered":"https:\/\/grotta.is\/?p=9740"},"modified":"2020-06-10T18:00:25","modified_gmt":"2020-06-10T18:00:25","slug":"heimaleikjakort-tilbod-og-frettir","status":"publish","type":"post","link":"https:\/\/grotta.is\/en\/knattspyrnudeild\/heimaleikjakort-tilbod-og-frettir\/","title":{"rendered":"Heimaleikjakort, tilbo\u00f0 og fr\u00e9ttir"},"content":{"rendered":"<p>Pepsi Max deildin hefst um helgina \u00feegar Gr\u00f3tta heims\u00e6kir Brei\u00f0ablik \u00e1 sunnudagskv\u00f6ld. <\/p><p>\u00dea\u00f0 er gr\u00ed\u00f0arleg eftirv\u00e6nting \u00ed loftinu fyrir fyrsta heimaleik f\u00e9lagsins \u00ed efstu deild sem fer fram laugardaginn 20. j\u00fan\u00ed\u00a0kl. 15:45 \u00feegar vi\u00f0 f\u00e1um st\u00f3rli\u00f0 VALS \u00ed heims\u00f3kn.<br><br>Meistaraflokkur kvenna hefur leik kv\u00f6ldi\u00f0 \u00e1\u00f0ur \u00ed Lengjudeildinni (f\u00f6studaginn 19. J\u00fan\u00ed) kl. 19:15 \u00e1 Vivaldivellinum gegn Fj\u00f6lni.<\/p><p class=\"has-small-font-size\"><em>Korthafar munu nj\u00f3ta forgangs a\u00f0 leikjum Gr\u00f3ttu \u00e1 Vivaldivellinum ver\u00f0i fj\u00f6ldi \u00e1horfenda takmarka\u00f0ur vegna fyrirm\u00e6la stj\u00f3rnvalda.<\/em><\/p><div style=\"height:20px\" aria-hidden=\"true\" class=\"wp-block-spacer\"><\/div><h4 class=\"has-text-color wp-block-heading\" style=\"color:#000d89\"><strong>SJ\u00c1LFBO\u00d0ALI\u00d0AR \u00d3SKAST \u00c1 HEIMALEIKI<\/strong><\/h4><p>Verkefni\u00f0 a\u00f0 h\u00fdsa\u00a0<strong>11 heimaleiki\u00a0<\/strong>\u00ed efstu deild er t\u00f6luvert umfangsmeira en f\u00e9lagi\u00f0 \u00feekkir \u00ed fyrstu og annari deild og \u00fev\u00ed augl\u00fdsum vi\u00f0 eftir sj\u00e1lfbo\u00f0ali\u00f0um til a\u00f0 r\u00e9tta okkur hj\u00e1lparh\u00f6nd \u00e1 heimaleikjum Gr\u00f3ttu.<br><br>\u00cd skjalinu\u00a0<a rel=\"noreferrer noopener\" href=\"https:\/\/docs.google.com\/spreadsheets\/d\/1hOCYmDQFr2bV-PDLhuWhZ_AJJMH7tW89K9oHJsfu0VY\/edit#gid=1422463580\" target=\"_blank\"><strong>h\u00e9r<\/strong><\/a>\u00a0eru 5 fyrstu heimaleikirnir skr\u00e1\u00f0ir og\u00a0vi\u00f0 hvetjum f\u00f3lk til a\u00f0 skr\u00e1 sig \u00e1 leiki og taka \u00fe\u00e1tt \u00ed Pepsi Max \u00e6vint\u00fdrin knattspyrnudeildar Gr\u00f3ttu.<\/p><div style=\"height:20px\" aria-hidden=\"true\" class=\"wp-block-spacer\"><\/div><h4 class=\"has-text-color wp-block-heading\" style=\"color:#000d89\"><strong>TILBO\u00d0 \u00c1 \u00c1SKRIFT ST\u00d6\u00d0 2 SPORT og styrktu Gr\u00f3ttu \u00ed lei\u00f0inni<\/strong><\/h4><p>\u00dea\u00f0 er h\u00e6gt a\u00f0 gerast \u00e1skrifandi a\u00f0 St\u00f6\u00f0 2 Sport \u00e1 s\u00e9rkj\u00f6rum &#8211; 3.990 kr. \u00e1 m\u00e1nu\u00f0i og styrkja Gr\u00f3ttu \u00ed lei\u00f0inni um\u00a0<strong>6.470 kr<\/strong>. \u00c1skriftin er bindandi til 1. desember 2020.<br><br>\u00deeir sem n\u00fa \u00feegar hafa \u00e1skrift a\u00f0 St\u00f6\u00f0 2 Sport geta einnig styrkt Gr\u00f3ttu me\u00f0 \u00e1skrift sinni me\u00f0 bindingu til 1. desember 2020.<br><br>Kynntu \u00fe\u00e9r m\u00e1li\u00f0 \u00ed hlekknum a\u00f0 ne\u00f0an og skr\u00e1\u00f0u \u00feig strax \u00ed dag!\u00a0Tilbo\u00f0 gildir \u00fat 11.j\u00fan\u00ed.<\/p><h3 class=\"has-text-align-center wp-block-heading\"><strong><a rel=\"noreferrer noopener\" href=\"https:\/\/stod2.is\/vinnumsaman\" target=\"_blank\">stod2.is\/vinnumsaman<\/a><\/strong><\/h3><div style=\"height:20px\" aria-hidden=\"true\" class=\"wp-block-spacer\"><\/div><h4 class=\"has-text-color wp-block-heading\" style=\"color:#000d89\"><strong>GISTING OG DEKUR \u00c1 SIGL\u00d3 H\u00d3TEL&nbsp;og styrktu Gr\u00f3ttu \u00ed lei\u00f0inni<\/strong><\/h4><figure class=\"wp-block-image size-large\"><img fetchpriority=\"high\" decoding=\"async\" width=\"1000\" height=\"257\" src=\"https:\/\/grotta.is\/wp-content\/uploads\/2020\/06\/siglo-hotel__panorama1.jpg\" alt=\"\" class=\"wp-image-9744\" srcset=\"https:\/\/grotta.is\/wp-content\/uploads\/2020\/06\/siglo-hotel__panorama1.jpg 1000w, https:\/\/grotta.is\/wp-content\/uploads\/2020\/06\/siglo-hotel__panorama1-300x77.jpg 300w, https:\/\/grotta.is\/wp-content\/uploads\/2020\/06\/siglo-hotel__panorama1-768x197.jpg 768w, https:\/\/grotta.is\/wp-content\/uploads\/2020\/06\/siglo-hotel__panorama1-600x154.jpg 600w\" sizes=\"(max-width: 1000px) 100vw, 1000px\" \/><\/figure><div style=\"height:20px\" aria-hidden=\"true\" class=\"wp-block-spacer\"><\/div><p>Sigl\u00f3 H\u00f3tel er l\u00faxus h\u00f3tel sta\u00f0sett \u00ed einst\u00f6ku umhverfi vi\u00f0 sm\u00e1b\u00e1tah\u00f6fnina \u00e1 Siglufir\u00f0i. N\u00fa b\u00fd\u00f0st Gr\u00f3ttuf\u00f3lki a\u00f0 kaupa gjafabr\u00e9f\u00a0\u00ed tveggja n\u00e1tta gistingu me\u00f0 morgunver\u00f0i fyrir tvo og styrkja um lei\u00f0 meistaraflokka Gr\u00f3ttu \u00ed knattspyrnu.<br><br><strong>Ver\u00f0 gjafabr\u00e9fsins er kr. 35.800kr og af \u00feeirri fj\u00e1rh\u00e6\u00f0 renna kr. 4.000kr til Gr\u00f3ttu.\u00a0<\/strong><br><br>Uppl\u00fdsingar um Sigl\u00f3 h\u00f3tel er a\u00f0 finna \u00e1\u00a0<a rel=\"noreferrer noopener\" href=\"http:\/\/www.siglohotel.is\/\" target=\"_blank\">siglohotel.is<\/a><br><br>Ef \u00fe\u00fa vilt tryggja \u00feetta g\u00f3\u00f0a tilbo\u00f0 e\u00f0a \u00f3ska eftir n\u00e1nari uppl\u00fdsingum sendir \u00fe\u00fa t\u00f6lvup\u00f3st \u00e1\u00a0<a rel=\"noreferrer noopener\" href=\"mailto:gullijons@grotta.is\" target=\"_blank\">gullijons@grotta.is<\/a>.<br><br><strong>Tilbo\u00f0 gildir \u00fat j\u00fan\u00ed m\u00e1nu\u00f0 2020 og h\u00e6gt er a\u00f0 nota gjafabr\u00e9fi\u00f0 \u00fat mars 2021.<\/strong><\/p><p class=\"has-small-font-size\"><em>Athugi\u00f0 a\u00f0 opnunart\u00edmi kann a\u00f0 ver\u00f0a eitthva\u00f0 skertur yfir vetrarm\u00e1nu\u00f0ina.<\/em><\/p>","protected":false},"excerpt":{"rendered":"<p>\u00dea\u00f0 er gr\u00ed\u00f0arleg eftirv\u00e6nting \u00ed loftinu fyrir fyrsta heimaleik f\u00e9lagsins \u00ed efstu deild sem fer fram laugardaginn 20. j\u00fan\u00ed kl. 15:45 \u00feegar vi\u00f0 f\u00e1um st\u00f3rli\u00f0 VALS \u00ed heims\u00f3kn. Meistaraflokkur kvenna hefur leik kv\u00f6ldi\u00f0 \u00e1\u00f0ur \u00ed Lengjudeildinni (f\u00f6studaginn 19. J\u00fan\u00ed) kl. 19:15 \u00e1 Vivaldivellinum gegn Fj\u00f6lni.<\/p>","protected":false},"author":2,"featured_media":2687,"comment_status":"closed","ping_status":"closed","sticky":false,"template":"","format":"standard","meta":{"footnotes":""},"categories":[7],"tags":[6],"class_list":["post-9740","post","type-post","status-publish","format-standard","has-post-thumbnail","hentry","category-knattspyrnudeild","tag-knattspyrna"],"yoast_head":"<!-- This site is optimized with the Yoast SEO plugin v24.3 - https:\/\/yoast.com\/wordpress\/plugins\/seo\/ -->\n<title>Heimaleikjakort, tilbo\u00f0 og fr\u00e9ttir - \u00cd\u00fer\u00f3ttaf\u00e9lagi\u00f0 Gr\u00f3tta<\/title>\n<meta name=\"robots\" content=\"index, follow, max-snippet:-1, max-image-preview:large, max-video-preview:-1\" \/>\n<link rel=\"canonical\" href=\"https:\/\/grotta.is\/en\/knattspyrnudeild\/heimaleikjakort-tilbod-og-frettir\/\" \/>\n<meta property=\"og:locale\" content=\"en_US\" \/>\n<meta property=\"og:type\" content=\"article\" \/>\n<meta property=\"og:title\" content=\"Heimaleikjakort, tilbo\u00f0 og fr\u00e9ttir - \u00cd\u00fer\u00f3ttaf\u00e9lagi\u00f0 Gr\u00f3tta\" \/>\n<meta property=\"og:description\" content=\"\u00dea\u00f0 er gr\u00ed\u00f0arleg eftirv\u00e6nting \u00ed loftinu fyrir fyrsta heimaleik f\u00e9lagsins \u00ed efstu deild sem fer fram laugardaginn 20. j\u00fan\u00ed kl. 15:45 \u00feegar vi\u00f0 f\u00e1um st\u00f3rli\u00f0 VALS \u00ed heims\u00f3kn. Meistaraflokkur kvenna hefur leik kv\u00f6ldi\u00f0 \u00e1\u00f0ur \u00ed Lengjudeildinni (f\u00f6studaginn 19. J\u00fan\u00ed) kl. 19:15 \u00e1 Vivaldivellinum gegn Fj\u00f6lni.\" \/>\n<meta property=\"og:url\" content=\"https:\/\/grotta.is\/en\/knattspyrnudeild\/heimaleikjakort-tilbod-og-frettir\/\" \/>\n<meta property=\"og:site_name\" content=\"\u00cd\u00fer\u00f3ttaf\u00e9lagi\u00f0 Gr\u00f3tta\" \/>\n<meta property=\"article:publisher\" content=\"https:\/\/www.facebook.com\/grottasport\" \/>\n<meta property=\"article:published_time\" content=\"2020-06-10T18:00:16+00:00\" \/>\n<meta property=\"article:modified_time\" content=\"2020-06-10T18:00:25+00:00\" \/>\n<meta property=\"og:image\" content=\"https:\/\/grotta.is\/wp-content\/uploads\/2020\/04\/Knattspyrnudeild_grotta_Frettir_mflkk_2018_inkasso_8.jpg\" \/>\n\t<meta property=\"og:image:width\" content=\"2048\" \/>\n\t<meta property=\"og:image:height\" content=\"1365\" \/>\n\t<meta property=\"og:image:type\" content=\"image\/jpeg\" \/>\n<meta name=\"author\" content=\"Grotta\" \/>\n<meta name=\"twitter:card\" content=\"summary_large_image\" \/>\n<meta name=\"twitter:label1\" content=\"Written by\" \/>\n\t<meta name=\"twitter:data1\" content=\"Grotta\" \/>\n\t<meta name=\"twitter:label2\" content=\"Est. reading time\" \/>\n\t<meta name=\"twitter:data2\" content=\"2 minutes\" \/>\n<script type=\"application\/ld+json\" class=\"yoast-schema-graph\">{\"@context\":\"https:\/\/schema.org\",\"@graph\":[{\"@type\":\"Article\",\"@id\":\"https:\/\/grotta.is\/knattspyrnudeild\/heimaleikjakort-tilbod-og-frettir\/#article\",\"isPartOf\":{\"@id\":\"https:\/\/grotta.is\/knattspyrnudeild\/heimaleikjakort-tilbod-og-frettir\/\"},\"author\":{\"name\":\"Grotta\",\"@id\":\"https:\/\/grotta.is\/#\/schema\/person\/08ec57bf09ee925f1b6a01540c14a5ce\"},\"headline\":\"Heimaleikjakort, tilbo\u00f0 og fr\u00e9ttir\",\"datePublished\":\"2020-06-10T18:00:16+00:00\",\"dateModified\":\"2020-06-10T18:00:25+00:00\",\"mainEntityOfPage\":{\"@id\":\"https:\/\/grotta.is\/knattspyrnudeild\/heimaleikjakort-tilbod-og-frettir\/\"},\"wordCount\":388,\"publisher\":{\"@id\":\"https:\/\/grotta.is\/#organization\"},\"image\":{\"@id\":\"https:\/\/grotta.is\/knattspyrnudeild\/heimaleikjakort-tilbod-og-frettir\/#primaryimage\"},\"thumbnailUrl\":\"https:\/\/grotta.is\/wp-content\/uploads\/2020\/04\/Knattspyrnudeild_grotta_Frettir_mflkk_2018_inkasso_8.jpg\",\"keywords\":[\"Knattspyrna\"],\"articleSection\":[\"Knattspyrnudeild\"],\"inLanguage\":\"en-US\"},{\"@type\":\"WebPage\",\"@id\":\"https:\/\/grotta.is\/knattspyrnudeild\/heimaleikjakort-tilbod-og-frettir\/\",\"url\":\"https:\/\/grotta.is\/knattspyrnudeild\/heimaleikjakort-tilbod-og-frettir\/\",\"name\":\"Heimaleikjakort, tilbo\u00f0 og fr\u00e9ttir - \u00cd\u00fer\u00f3ttaf\u00e9lagi\u00f0 Gr\u00f3tta\",\"isPartOf\":{\"@id\":\"https:\/\/grotta.is\/#website\"},\"primaryImageOfPage\":{\"@id\":\"https:\/\/grotta.is\/knattspyrnudeild\/heimaleikjakort-tilbod-og-frettir\/#primaryimage\"},\"image\":{\"@id\":\"https:\/\/grotta.is\/knattspyrnudeild\/heimaleikjakort-tilbod-og-frettir\/#primaryimage\"},\"thumbnailUrl\":\"https:\/\/grotta.is\/wp-content\/uploads\/2020\/04\/Knattspyrnudeild_grotta_Frettir_mflkk_2018_inkasso_8.jpg\",\"datePublished\":\"2020-06-10T18:00:16+00:00\",\"dateModified\":\"2020-06-10T18:00:25+00:00\",\"breadcrumb\":{\"@id\":\"https:\/\/grotta.is\/knattspyrnudeild\/heimaleikjakort-tilbod-og-frettir\/#breadcrumb\"},\"inLanguage\":\"en-US\",\"potentialAction\":[{\"@type\":\"ReadAction\",\"target\":[\"https:\/\/grotta.is\/knattspyrnudeild\/heimaleikjakort-tilbod-og-frettir\/\"]}]},{\"@type\":\"ImageObject\",\"inLanguage\":\"en-US\",\"@id\":\"https:\/\/grotta.is\/knattspyrnudeild\/heimaleikjakort-tilbod-og-frettir\/#primaryimage\",\"url\":\"https:\/\/grotta.is\/wp-content\/uploads\/2020\/04\/Knattspyrnudeild_grotta_Frettir_mflkk_2018_inkasso_8.jpg\",\"contentUrl\":\"https:\/\/grotta.is\/wp-content\/uploads\/2020\/04\/Knattspyrnudeild_grotta_Frettir_mflkk_2018_inkasso_8.jpg\",\"width\":2048,\"height\":1365},{\"@type\":\"BreadcrumbList\",\"@id\":\"https:\/\/grotta.is\/knattspyrnudeild\/heimaleikjakort-tilbod-og-frettir\/#breadcrumb\",\"itemListElement\":[{\"@type\":\"ListItem\",\"position\":1,\"name\":\"Home\",\"item\":\"https:\/\/grotta.is\/\"},{\"@type\":\"ListItem\",\"position\":2,\"name\":\"Heimaleikjakort, tilbo\u00f0 og fr\u00e9ttir\"}]},{\"@type\":\"WebSite\",\"@id\":\"https:\/\/grotta.is\/#website\",\"url\":\"https:\/\/grotta.is\/\",\"name\":\"\u00cd\u00fer\u00f3ttaf\u00e9lagi\u00f0 Gr\u00f3tta\",\"description\":\"\u00e1 Seltjarnarnesi\",\"publisher\":{\"@id\":\"https:\/\/grotta.is\/#organization\"},\"potentialAction\":[{\"@type\":\"SearchAction\",\"target\":{\"@type\":\"EntryPoint\",\"urlTemplate\":\"https:\/\/grotta.is\/?s={search_term_string}\"},\"query-input\":{\"@type\":\"PropertyValueSpecification\",\"valueRequired\":true,\"valueName\":\"search_term_string\"}}],\"inLanguage\":\"en-US\"},{\"@type\":\"Organization\",\"@id\":\"https:\/\/grotta.is\/#organization\",\"name\":\"\u00cd\u00fer\u00f3ttaf\u00e9lagi\u00f0 Gr\u00f3tta\",\"url\":\"https:\/\/grotta.is\/\",\"logo\":{\"@type\":\"ImageObject\",\"inLanguage\":\"en-US\",\"@id\":\"https:\/\/grotta.is\/#\/schema\/logo\/image\/\",\"url\":\"https:\/\/grotta.is\/wp-content\/uploads\/2020\/02\/ithrottafelagidgrotta_logo_512x512_transparent.png\",\"contentUrl\":\"https:\/\/grotta.is\/wp-content\/uploads\/2020\/02\/ithrottafelagidgrotta_logo_512x512_transparent.png\",\"width\":512,\"height\":512,\"caption\":\"\u00cd\u00fer\u00f3ttaf\u00e9lagi\u00f0 Gr\u00f3tta\"},\"image\":{\"@id\":\"https:\/\/grotta.is\/#\/schema\/logo\/image\/\"},\"sameAs\":[\"https:\/\/www.facebook.com\/grottasport\"]},{\"@type\":\"Person\",\"@id\":\"https:\/\/grotta.is\/#\/schema\/person\/08ec57bf09ee925f1b6a01540c14a5ce\",\"name\":\"Grotta\",\"url\":\"https:\/\/grotta.is\/en\/author\/inga\/\"}]}<\/script>\n<!-- \/ Yoast SEO plugin. -->","yoast_head_json":{"title":"Heimaleikjakort, tilbo\u00f0 og fr\u00e9ttir - \u00cd\u00fer\u00f3ttaf\u00e9lagi\u00f0 Gr\u00f3tta","robots":{"index":"index","follow":"follow","max-snippet":"max-snippet:-1","max-image-preview":"max-image-preview:large","max-video-preview":"max-video-preview:-1"},"canonical":"https:\/\/grotta.is\/en\/knattspyrnudeild\/heimaleikjakort-tilbod-og-frettir\/","og_locale":"en_US","og_type":"article","og_title":"Heimaleikjakort, tilbo\u00f0 og fr\u00e9ttir - \u00cd\u00fer\u00f3ttaf\u00e9lagi\u00f0 Gr\u00f3tta","og_description":"\u00dea\u00f0 er gr\u00ed\u00f0arleg eftirv\u00e6nting \u00ed loftinu fyrir fyrsta heimaleik f\u00e9lagsins \u00ed efstu deild sem fer fram laugardaginn 20. j\u00fan\u00ed kl. 15:45 \u00feegar vi\u00f0 f\u00e1um st\u00f3rli\u00f0 VALS \u00ed heims\u00f3kn. Meistaraflokkur kvenna hefur leik kv\u00f6ldi\u00f0 \u00e1\u00f0ur \u00ed Lengjudeildinni (f\u00f6studaginn 19. J\u00fan\u00ed) kl. 19:15 \u00e1 Vivaldivellinum gegn Fj\u00f6lni.","og_url":"https:\/\/grotta.is\/en\/knattspyrnudeild\/heimaleikjakort-tilbod-og-frettir\/","og_site_name":"\u00cd\u00fer\u00f3ttaf\u00e9lagi\u00f0 Gr\u00f3tta","article_publisher":"https:\/\/www.facebook.com\/grottasport","article_published_time":"2020-06-10T18:00:16+00:00","article_modified_time":"2020-06-10T18:00:25+00:00","og_image":[{"width":2048,"height":1365,"url":"https:\/\/grotta.is\/wp-content\/uploads\/2020\/04\/Knattspyrnudeild_grotta_Frettir_mflkk_2018_inkasso_8.jpg","type":"image\/jpeg"}],"author":"Grotta","twitter_card":"summary_large_image","twitter_misc":{"Written by":"Grotta","Est. reading time":"2 minutes"},"schema":{"@context":"https:\/\/schema.org","@graph":[{"@type":"Article","@id":"https:\/\/grotta.is\/knattspyrnudeild\/heimaleikjakort-tilbod-og-frettir\/#article","isPartOf":{"@id":"https:\/\/grotta.is\/knattspyrnudeild\/heimaleikjakort-tilbod-og-frettir\/"},"author":{"name":"Grotta","@id":"https:\/\/grotta.is\/#\/schema\/person\/08ec57bf09ee925f1b6a01540c14a5ce"},"headline":"Heimaleikjakort, tilbo\u00f0 og fr\u00e9ttir","datePublished":"2020-06-10T18:00:16+00:00","dateModified":"2020-06-10T18:00:25+00:00","mainEntityOfPage":{"@id":"https:\/\/grotta.is\/knattspyrnudeild\/heimaleikjakort-tilbod-og-frettir\/"},"wordCount":388,"publisher":{"@id":"https:\/\/grotta.is\/#organization"},"image":{"@id":"https:\/\/grotta.is\/knattspyrnudeild\/heimaleikjakort-tilbod-og-frettir\/#primaryimage"},"thumbnailUrl":"https:\/\/grotta.is\/wp-content\/uploads\/2020\/04\/Knattspyrnudeild_grotta_Frettir_mflkk_2018_inkasso_8.jpg","keywords":["Knattspyrna"],"articleSection":["Knattspyrnudeild"],"inLanguage":"en-US"},{"@type":"WebPage","@id":"https:\/\/grotta.is\/knattspyrnudeild\/heimaleikjakort-tilbod-og-frettir\/","url":"https:\/\/grotta.is\/knattspyrnudeild\/heimaleikjakort-tilbod-og-frettir\/","name":"Heimaleikjakort, tilbo\u00f0 og fr\u00e9ttir - \u00cd\u00fer\u00f3ttaf\u00e9lagi\u00f0 Gr\u00f3tta","isPartOf":{"@id":"https:\/\/grotta.is\/#website"},"primaryImageOfPage":{"@id":"https:\/\/grotta.is\/knattspyrnudeild\/heimaleikjakort-tilbod-og-frettir\/#primaryimage"},"image":{"@id":"https:\/\/grotta.is\/knattspyrnudeild\/heimaleikjakort-tilbod-og-frettir\/#primaryimage"},"thumbnailUrl":"https:\/\/grotta.is\/wp-content\/uploads\/2020\/04\/Knattspyrnudeild_grotta_Frettir_mflkk_2018_inkasso_8.jpg","datePublished":"2020-06-10T18:00:16+00:00","dateModified":"2020-06-10T18:00:25+00:00","breadcrumb":{"@id":"https:\/\/grotta.is\/knattspyrnudeild\/heimaleikjakort-tilbod-og-frettir\/#breadcrumb"},"inLanguage":"en-US","potentialAction":[{"@type":"ReadAction","target":["https:\/\/grotta.is\/knattspyrnudeild\/heimaleikjakort-tilbod-og-frettir\/"]}]},{"@type":"ImageObject","inLanguage":"en-US","@id":"https:\/\/grotta.is\/knattspyrnudeild\/heimaleikjakort-tilbod-og-frettir\/#primaryimage","url":"https:\/\/grotta.is\/wp-content\/uploads\/2020\/04\/Knattspyrnudeild_grotta_Frettir_mflkk_2018_inkasso_8.jpg","contentUrl":"https:\/\/grotta.is\/wp-content\/uploads\/2020\/04\/Knattspyrnudeild_grotta_Frettir_mflkk_2018_inkasso_8.jpg","width":2048,"height":1365},{"@type":"BreadcrumbList","@id":"https:\/\/grotta.is\/knattspyrnudeild\/heimaleikjakort-tilbod-og-frettir\/#breadcrumb","itemListElement":[{"@type":"ListItem","position":1,"name":"Home","item":"https:\/\/grotta.is\/"},{"@type":"ListItem","position":2,"name":"Heimaleikjakort, tilbo\u00f0 og fr\u00e9ttir"}]},{"@type":"WebSite","@id":"https:\/\/grotta.is\/#website","url":"https:\/\/grotta.is\/","name":"\u00cd\u00fer\u00f3ttaf\u00e9lagi\u00f0 Gr\u00f3tta","description":"\u00e1 Seltjarnarnesi","publisher":{"@id":"https:\/\/grotta.is\/#organization"},"potentialAction":[{"@type":"SearchAction","target":{"@type":"EntryPoint","urlTemplate":"https:\/\/grotta.is\/?s={search_term_string}"},"query-input":{"@type":"PropertyValueSpecification","valueRequired":true,"valueName":"search_term_string"}}],"inLanguage":"en-US"},{"@type":"Organization","@id":"https:\/\/grotta.is\/#organization","name":"\u00cd\u00fer\u00f3ttaf\u00e9lagi\u00f0 Gr\u00f3tta","url":"https:\/\/grotta.is\/","logo":{"@type":"ImageObject","inLanguage":"en-US","@id":"https:\/\/grotta.is\/#\/schema\/logo\/image\/","url":"https:\/\/grotta.is\/wp-content\/uploads\/2020\/02\/ithrottafelagidgrotta_logo_512x512_transparent.png","contentUrl":"https:\/\/grotta.is\/wp-content\/uploads\/2020\/02\/ithrottafelagidgrotta_logo_512x512_transparent.png","width":512,"height":512,"caption":"\u00cd\u00fer\u00f3ttaf\u00e9lagi\u00f0 Gr\u00f3tta"},"image":{"@id":"https:\/\/grotta.is\/#\/schema\/logo\/image\/"},"sameAs":["https:\/\/www.facebook.com\/grottasport"]},{"@type":"Person","@id":"https:\/\/grotta.is\/#\/schema\/person\/08ec57bf09ee925f1b6a01540c14a5ce","name":"Grotta","url":"https:\/\/grotta.is\/en\/author\/inga\/"}]}},"_links":{"self":[{"href":"https:\/\/grotta.is\/en\/wp-json\/wp\/v2\/posts\/9740","targetHints":{"allow":["GET"]}}],"collection":[{"href":"https:\/\/grotta.is\/en\/wp-json\/wp\/v2\/posts"}],"about":[{"href":"https:\/\/grotta.is\/en\/wp-json\/wp\/v2\/types\/post"}],"author":[{"embeddable":true,"href":"https:\/\/grotta.is\/en\/wp-json\/wp\/v2\/users\/2"}],"replies":[{"embeddable":true,"href":"https:\/\/grotta.is\/en\/wp-json\/wp\/v2\/comments?post=9740"}],"version-history":[{"count":9,"href":"https:\/\/grotta.is\/en\/wp-json\/wp\/v2\/posts\/9740\/revisions"}],"predecessor-version":[{"id":9750,"href":"https:\/\/grotta.is\/en\/wp-json\/wp\/v2\/posts\/9740\/revisions\/9750"}],"wp:featuredmedia":[{"embeddable":true,"href":"https:\/\/grotta.is\/en\/wp-json\/wp\/v2\/media\/2687"}],"wp:attachment":[{"href":"https:\/\/grotta.is\/en\/wp-json\/wp\/v2\/media?parent=9740"}],"wp:term":[{"taxonomy":"category","embeddable":true,"href":"https:\/\/grotta.is\/en\/wp-json\/wp\/v2\/categories?post=9740"},{"taxonomy":"post_tag","embeddable":true,"href":"https:\/\/grotta.is\/en\/wp-json\/wp\/v2\/tags?post=9740"}],"curies":[{"name":"wp","href":"https:\/\/api.w.org\/{rel}","templated":true}]}}