{"id":9588,"date":"2020-05-27T23:37:43","date_gmt":"2020-05-27T23:37:43","guid":{"rendered":"https:\/\/grotta.is\/?p=9588"},"modified":"2020-06-08T23:43:46","modified_gmt":"2020-06-08T23:43:46","slug":"soffia-framlengir-vid-grottu","status":"publish","type":"post","link":"https:\/\/grotta.is\/en\/handknattleiksdeild\/soffia-framlengir-vid-grottu\/","title":{"rendered":"Soff\u00eda framlengir vi\u00f0 Gr\u00f3ttu"},"content":{"rendered":"<p>Markma\u00f0urinn \u00f6flugi Soff\u00eda Steingr\u00edmsd\u00f3ttir hefur framlengt samning sinn vi\u00f0 Handknattleiksdeild Gr\u00f3ttu um 2 \u00e1r.<\/p><p>Soff\u00eda sem var\u00f0 20 \u00e1ra \u00ed s\u00ed\u00f0ustu viku er uppalin hj\u00e1 f\u00e9laginu og er \u00fer\u00e1tt fyrir ungan aldur \u00e1 lei\u00f0 inn \u00ed sitt 5 keppnist\u00edmabil \u00ed meistaraflokki og er \u00fev\u00ed me\u00f0 reynslumeiri leikm\u00f6nnum li\u00f0sins.<\/p><p>\u00c1 s\u00ed\u00f0asta keppnist\u00edmabili l\u00e9k Soff\u00eda 8 leiki me\u00f0 li\u00f0inu \u00fear sem erfi\u00f0 mei\u00f0sli settu str\u00edk \u00ed reikninginn. Soff\u00eda s\u00fdndi \u00fe\u00f3 mikinn vilja og keppnisskap og \u00e6f\u00f0i vel \u00ed mei\u00f0slunum og er n\u00fa \u00feegar sn\u00fain tilbaka til \u00e6finga me\u00f0 li\u00f0inu sem eru fr\u00e1b\u00e6rar fr\u00e9ttir.<\/p><p>Handknattleiksdeildin fagnar \u00fev\u00ed mj\u00f6g a\u00f0 hafa framlengt samning sinn vi\u00f0 jafn \u00f6flugan markmann og Soff\u00edu og hl\u00f6kkum vi\u00f0 miki\u00f0 til a\u00f0 fylgjast me\u00f0 henni milli stanganna \u00ed vetur!<\/p><p>\u00c1fram Gr\u00f3tta!<\/p><figure class=\"wp-block-image size-full\"><img fetchpriority=\"high\" decoding=\"async\" width=\"828\" height=\"594\" src=\"https:\/\/grotta.is\/wp-content\/uploads\/2020\/05\/Grotta_Almennt_37.jpg\" alt=\"\" class=\"wp-image-9593\" srcset=\"https:\/\/grotta.is\/wp-content\/uploads\/2020\/05\/Grotta_Almennt_37.jpg 828w, https:\/\/grotta.is\/wp-content\/uploads\/2020\/05\/Grotta_Almennt_37-300x215.jpg 300w, https:\/\/grotta.is\/wp-content\/uploads\/2020\/05\/Grotta_Almennt_37-768x551.jpg 768w, https:\/\/grotta.is\/wp-content\/uploads\/2020\/05\/Grotta_Almennt_37-600x430.jpg 600w\" sizes=\"(max-width: 828px) 100vw, 828px\" \/><\/figure>","protected":false},"excerpt":{"rendered":"<p>Markma\u00f0urinn \u00f6flugi Soff\u00eda Steingr\u00edmsd\u00f3ttir hefur framlengt samning sinn vi\u00f0 Handknattleiksdeild Gr\u00f3ttu um 2 \u00e1r.<\/p>","protected":false},"author":2,"featured_media":9592,"comment_status":"closed","ping_status":"closed","sticky":false,"template":"","format":"standard","meta":{"footnotes":""},"categories":[12],"tags":[13,17,18],"class_list":["post-9588","post","type-post","status-publish","format-standard","has-post-thumbnail","hentry","category-handknattleiksdeild","tag-handbolti","tag-leikmenn","tag-mfl-kvk"],"yoast_head":"<!-- This site is optimized with the Yoast SEO plugin v24.3 - https:\/\/yoast.com\/wordpress\/plugins\/seo\/ -->\n<title>Soff\u00eda framlengir vi\u00f0 Gr\u00f3ttu - \u00cd\u00fer\u00f3ttaf\u00e9lagi\u00f0 Gr\u00f3tta<\/title>\n<meta name=\"robots\" content=\"index, follow, max-snippet:-1, max-image-preview:large, max-video-preview:-1\" \/>\n<link rel=\"canonical\" href=\"https:\/\/grotta.is\/en\/handknattleiksdeild\/soffia-framlengir-vid-grottu\/\" \/>\n<meta property=\"og:locale\" content=\"en_US\" \/>\n<meta property=\"og:type\" content=\"article\" \/>\n<meta property=\"og:title\" content=\"Soff\u00eda framlengir vi\u00f0 Gr\u00f3ttu - \u00cd\u00fer\u00f3ttaf\u00e9lagi\u00f0 Gr\u00f3tta\" \/>\n<meta property=\"og:description\" content=\"Markma\u00f0urinn \u00f6flugi Soff\u00eda Steingr\u00edmsd\u00f3ttir hefur framlengt samning sinn vi\u00f0 Handknattleiksdeild Gr\u00f3ttu um 2 \u00e1r.\" \/>\n<meta property=\"og:url\" content=\"https:\/\/grotta.is\/en\/handknattleiksdeild\/soffia-framlengir-vid-grottu\/\" \/>\n<meta property=\"og:site_name\" content=\"\u00cd\u00fer\u00f3ttaf\u00e9lagi\u00f0 Gr\u00f3tta\" \/>\n<meta property=\"article:publisher\" content=\"https:\/\/www.facebook.com\/grottasport\" \/>\n<meta property=\"article:published_time\" content=\"2020-05-27T23:37:43+00:00\" \/>\n<meta property=\"article:modified_time\" content=\"2020-06-08T23:43:46+00:00\" \/>\n<meta property=\"og:image\" content=\"https:\/\/grotta.is\/wp-content\/uploads\/2020\/05\/Grotta_Almennt_36.jpg\" \/>\n\t<meta property=\"og:image:width\" content=\"828\" \/>\n\t<meta property=\"og:image:height\" content=\"537\" \/>\n\t<meta property=\"og:image:type\" content=\"image\/jpeg\" \/>\n<meta name=\"author\" content=\"Grotta\" \/>\n<meta name=\"twitter:card\" content=\"summary_large_image\" \/>\n<meta name=\"twitter:label1\" content=\"Written by\" \/>\n\t<meta name=\"twitter:data1\" content=\"Grotta\" \/>\n\t<meta name=\"twitter:label2\" content=\"Est. reading time\" \/>\n\t<meta name=\"twitter:data2\" content=\"1 minute\" \/>\n<script type=\"application\/ld+json\" class=\"yoast-schema-graph\">{\"@context\":\"https:\/\/schema.org\",\"@graph\":[{\"@type\":\"Article\",\"@id\":\"https:\/\/grotta.is\/handknattleiksdeild\/soffia-framlengir-vid-grottu\/#article\",\"isPartOf\":{\"@id\":\"https:\/\/grotta.is\/handknattleiksdeild\/soffia-framlengir-vid-grottu\/\"},\"author\":{\"name\":\"Grotta\",\"@id\":\"https:\/\/grotta.is\/#\/schema\/person\/08ec57bf09ee925f1b6a01540c14a5ce\"},\"headline\":\"Soff\u00eda framlengir vi\u00f0 Gr\u00f3ttu\",\"datePublished\":\"2020-05-27T23:37:43+00:00\",\"dateModified\":\"2020-06-08T23:43:46+00:00\",\"mainEntityOfPage\":{\"@id\":\"https:\/\/grotta.is\/handknattleiksdeild\/soffia-framlengir-vid-grottu\/\"},\"wordCount\":146,\"publisher\":{\"@id\":\"https:\/\/grotta.is\/#organization\"},\"image\":{\"@id\":\"https:\/\/grotta.is\/handknattleiksdeild\/soffia-framlengir-vid-grottu\/#primaryimage\"},\"thumbnailUrl\":\"https:\/\/grotta.is\/wp-content\/uploads\/2020\/05\/Grotta_Almennt_36.jpg\",\"keywords\":[\"Handbolti\",\"Leikmenn\",\"Mfl.kvk\"],\"articleSection\":[\"Handknattleiksdeild\"],\"inLanguage\":\"en-US\"},{\"@type\":\"WebPage\",\"@id\":\"https:\/\/grotta.is\/handknattleiksdeild\/soffia-framlengir-vid-grottu\/\",\"url\":\"https:\/\/grotta.is\/handknattleiksdeild\/soffia-framlengir-vid-grottu\/\",\"name\":\"Soff\u00eda framlengir vi\u00f0 Gr\u00f3ttu - \u00cd\u00fer\u00f3ttaf\u00e9lagi\u00f0 Gr\u00f3tta\",\"isPartOf\":{\"@id\":\"https:\/\/grotta.is\/#website\"},\"primaryImageOfPage\":{\"@id\":\"https:\/\/grotta.is\/handknattleiksdeild\/soffia-framlengir-vid-grottu\/#primaryimage\"},\"image\":{\"@id\":\"https:\/\/grotta.is\/handknattleiksdeild\/soffia-framlengir-vid-grottu\/#primaryimage\"},\"thumbnailUrl\":\"https:\/\/grotta.is\/wp-content\/uploads\/2020\/05\/Grotta_Almennt_36.jpg\",\"datePublished\":\"2020-05-27T23:37:43+00:00\",\"dateModified\":\"2020-06-08T23:43:46+00:00\",\"breadcrumb\":{\"@id\":\"https:\/\/grotta.is\/handknattleiksdeild\/soffia-framlengir-vid-grottu\/#breadcrumb\"},\"inLanguage\":\"en-US\",\"potentialAction\":[{\"@type\":\"ReadAction\",\"target\":[\"https:\/\/grotta.is\/handknattleiksdeild\/soffia-framlengir-vid-grottu\/\"]}]},{\"@type\":\"ImageObject\",\"inLanguage\":\"en-US\",\"@id\":\"https:\/\/grotta.is\/handknattleiksdeild\/soffia-framlengir-vid-grottu\/#primaryimage\",\"url\":\"https:\/\/grotta.is\/wp-content\/uploads\/2020\/05\/Grotta_Almennt_36.jpg\",\"contentUrl\":\"https:\/\/grotta.is\/wp-content\/uploads\/2020\/05\/Grotta_Almennt_36.jpg\",\"width\":828,\"height\":537},{\"@type\":\"BreadcrumbList\",\"@id\":\"https:\/\/grotta.is\/handknattleiksdeild\/soffia-framlengir-vid-grottu\/#breadcrumb\",\"itemListElement\":[{\"@type\":\"ListItem\",\"position\":1,\"name\":\"Home\",\"item\":\"https:\/\/grotta.is\/\"},{\"@type\":\"ListItem\",\"position\":2,\"name\":\"Soff\u00eda framlengir vi\u00f0 Gr\u00f3ttu\"}]},{\"@type\":\"WebSite\",\"@id\":\"https:\/\/grotta.is\/#website\",\"url\":\"https:\/\/grotta.is\/\",\"name\":\"\u00cd\u00fer\u00f3ttaf\u00e9lagi\u00f0 Gr\u00f3tta\",\"description\":\"\u00e1 Seltjarnarnesi\",\"publisher\":{\"@id\":\"https:\/\/grotta.is\/#organization\"},\"potentialAction\":[{\"@type\":\"SearchAction\",\"target\":{\"@type\":\"EntryPoint\",\"urlTemplate\":\"https:\/\/grotta.is\/?s={search_term_string}\"},\"query-input\":{\"@type\":\"PropertyValueSpecification\",\"valueRequired\":true,\"valueName\":\"search_term_string\"}}],\"inLanguage\":\"en-US\"},{\"@type\":\"Organization\",\"@id\":\"https:\/\/grotta.is\/#organization\",\"name\":\"\u00cd\u00fer\u00f3ttaf\u00e9lagi\u00f0 Gr\u00f3tta\",\"url\":\"https:\/\/grotta.is\/\",\"logo\":{\"@type\":\"ImageObject\",\"inLanguage\":\"en-US\",\"@id\":\"https:\/\/grotta.is\/#\/schema\/logo\/image\/\",\"url\":\"https:\/\/grotta.is\/wp-content\/uploads\/2020\/02\/ithrottafelagidgrotta_logo_512x512_transparent.png\",\"contentUrl\":\"https:\/\/grotta.is\/wp-content\/uploads\/2020\/02\/ithrottafelagidgrotta_logo_512x512_transparent.png\",\"width\":512,\"height\":512,\"caption\":\"\u00cd\u00fer\u00f3ttaf\u00e9lagi\u00f0 Gr\u00f3tta\"},\"image\":{\"@id\":\"https:\/\/grotta.is\/#\/schema\/logo\/image\/\"},\"sameAs\":[\"https:\/\/www.facebook.com\/grottasport\"]},{\"@type\":\"Person\",\"@id\":\"https:\/\/grotta.is\/#\/schema\/person\/08ec57bf09ee925f1b6a01540c14a5ce\",\"name\":\"Grotta\",\"url\":\"https:\/\/grotta.is\/en\/author\/inga\/\"}]}<\/script>\n<!-- \/ Yoast SEO plugin. -->","yoast_head_json":{"title":"Soff\u00eda framlengir vi\u00f0 Gr\u00f3ttu - \u00cd\u00fer\u00f3ttaf\u00e9lagi\u00f0 Gr\u00f3tta","robots":{"index":"index","follow":"follow","max-snippet":"max-snippet:-1","max-image-preview":"max-image-preview:large","max-video-preview":"max-video-preview:-1"},"canonical":"https:\/\/grotta.is\/en\/handknattleiksdeild\/soffia-framlengir-vid-grottu\/","og_locale":"en_US","og_type":"article","og_title":"Soff\u00eda framlengir vi\u00f0 Gr\u00f3ttu - \u00cd\u00fer\u00f3ttaf\u00e9lagi\u00f0 Gr\u00f3tta","og_description":"Markma\u00f0urinn \u00f6flugi Soff\u00eda Steingr\u00edmsd\u00f3ttir hefur framlengt samning sinn vi\u00f0 Handknattleiksdeild Gr\u00f3ttu um 2 \u00e1r.","og_url":"https:\/\/grotta.is\/en\/handknattleiksdeild\/soffia-framlengir-vid-grottu\/","og_site_name":"\u00cd\u00fer\u00f3ttaf\u00e9lagi\u00f0 Gr\u00f3tta","article_publisher":"https:\/\/www.facebook.com\/grottasport","article_published_time":"2020-05-27T23:37:43+00:00","article_modified_time":"2020-06-08T23:43:46+00:00","og_image":[{"width":828,"height":537,"url":"https:\/\/grotta.is\/wp-content\/uploads\/2020\/05\/Grotta_Almennt_36.jpg","type":"image\/jpeg"}],"author":"Grotta","twitter_card":"summary_large_image","twitter_misc":{"Written by":"Grotta","Est. reading time":"1 minute"},"schema":{"@context":"https:\/\/schema.org","@graph":[{"@type":"Article","@id":"https:\/\/grotta.is\/handknattleiksdeild\/soffia-framlengir-vid-grottu\/#article","isPartOf":{"@id":"https:\/\/grotta.is\/handknattleiksdeild\/soffia-framlengir-vid-grottu\/"},"author":{"name":"Grotta","@id":"https:\/\/grotta.is\/#\/schema\/person\/08ec57bf09ee925f1b6a01540c14a5ce"},"headline":"Soff\u00eda framlengir vi\u00f0 Gr\u00f3ttu","datePublished":"2020-05-27T23:37:43+00:00","dateModified":"2020-06-08T23:43:46+00:00","mainEntityOfPage":{"@id":"https:\/\/grotta.is\/handknattleiksdeild\/soffia-framlengir-vid-grottu\/"},"wordCount":146,"publisher":{"@id":"https:\/\/grotta.is\/#organization"},"image":{"@id":"https:\/\/grotta.is\/handknattleiksdeild\/soffia-framlengir-vid-grottu\/#primaryimage"},"thumbnailUrl":"https:\/\/grotta.is\/wp-content\/uploads\/2020\/05\/Grotta_Almennt_36.jpg","keywords":["Handbolti","Leikmenn","Mfl.kvk"],"articleSection":["Handknattleiksdeild"],"inLanguage":"en-US"},{"@type":"WebPage","@id":"https:\/\/grotta.is\/handknattleiksdeild\/soffia-framlengir-vid-grottu\/","url":"https:\/\/grotta.is\/handknattleiksdeild\/soffia-framlengir-vid-grottu\/","name":"Soff\u00eda framlengir vi\u00f0 Gr\u00f3ttu - \u00cd\u00fer\u00f3ttaf\u00e9lagi\u00f0 Gr\u00f3tta","isPartOf":{"@id":"https:\/\/grotta.is\/#website"},"primaryImageOfPage":{"@id":"https:\/\/grotta.is\/handknattleiksdeild\/soffia-framlengir-vid-grottu\/#primaryimage"},"image":{"@id":"https:\/\/grotta.is\/handknattleiksdeild\/soffia-framlengir-vid-grottu\/#primaryimage"},"thumbnailUrl":"https:\/\/grotta.is\/wp-content\/uploads\/2020\/05\/Grotta_Almennt_36.jpg","datePublished":"2020-05-27T23:37:43+00:00","dateModified":"2020-06-08T23:43:46+00:00","breadcrumb":{"@id":"https:\/\/grotta.is\/handknattleiksdeild\/soffia-framlengir-vid-grottu\/#breadcrumb"},"inLanguage":"en-US","potentialAction":[{"@type":"ReadAction","target":["https:\/\/grotta.is\/handknattleiksdeild\/soffia-framlengir-vid-grottu\/"]}]},{"@type":"ImageObject","inLanguage":"en-US","@id":"https:\/\/grotta.is\/handknattleiksdeild\/soffia-framlengir-vid-grottu\/#primaryimage","url":"https:\/\/grotta.is\/wp-content\/uploads\/2020\/05\/Grotta_Almennt_36.jpg","contentUrl":"https:\/\/grotta.is\/wp-content\/uploads\/2020\/05\/Grotta_Almennt_36.jpg","width":828,"height":537},{"@type":"BreadcrumbList","@id":"https:\/\/grotta.is\/handknattleiksdeild\/soffia-framlengir-vid-grottu\/#breadcrumb","itemListElement":[{"@type":"ListItem","position":1,"name":"Home","item":"https:\/\/grotta.is\/"},{"@type":"ListItem","position":2,"name":"Soff\u00eda framlengir vi\u00f0 Gr\u00f3ttu"}]},{"@type":"WebSite","@id":"https:\/\/grotta.is\/#website","url":"https:\/\/grotta.is\/","name":"\u00cd\u00fer\u00f3ttaf\u00e9lagi\u00f0 Gr\u00f3tta","description":"\u00e1 Seltjarnarnesi","publisher":{"@id":"https:\/\/grotta.is\/#organization"},"potentialAction":[{"@type":"SearchAction","target":{"@type":"EntryPoint","urlTemplate":"https:\/\/grotta.is\/?s={search_term_string}"},"query-input":{"@type":"PropertyValueSpecification","valueRequired":true,"valueName":"search_term_string"}}],"inLanguage":"en-US"},{"@type":"Organization","@id":"https:\/\/grotta.is\/#organization","name":"\u00cd\u00fer\u00f3ttaf\u00e9lagi\u00f0 Gr\u00f3tta","url":"https:\/\/grotta.is\/","logo":{"@type":"ImageObject","inLanguage":"en-US","@id":"https:\/\/grotta.is\/#\/schema\/logo\/image\/","url":"https:\/\/grotta.is\/wp-content\/uploads\/2020\/02\/ithrottafelagidgrotta_logo_512x512_transparent.png","contentUrl":"https:\/\/grotta.is\/wp-content\/uploads\/2020\/02\/ithrottafelagidgrotta_logo_512x512_transparent.png","width":512,"height":512,"caption":"\u00cd\u00fer\u00f3ttaf\u00e9lagi\u00f0 Gr\u00f3tta"},"image":{"@id":"https:\/\/grotta.is\/#\/schema\/logo\/image\/"},"sameAs":["https:\/\/www.facebook.com\/grottasport"]},{"@type":"Person","@id":"https:\/\/grotta.is\/#\/schema\/person\/08ec57bf09ee925f1b6a01540c14a5ce","name":"Grotta","url":"https:\/\/grotta.is\/en\/author\/inga\/"}]}},"_links":{"self":[{"href":"https:\/\/grotta.is\/en\/wp-json\/wp\/v2\/posts\/9588","targetHints":{"allow":["GET"]}}],"collection":[{"href":"https:\/\/grotta.is\/en\/wp-json\/wp\/v2\/posts"}],"about":[{"href":"https:\/\/grotta.is\/en\/wp-json\/wp\/v2\/types\/post"}],"author":[{"embeddable":true,"href":"https:\/\/grotta.is\/en\/wp-json\/wp\/v2\/users\/2"}],"replies":[{"embeddable":true,"href":"https:\/\/grotta.is\/en\/wp-json\/wp\/v2\/comments?post=9588"}],"version-history":[{"count":2,"href":"https:\/\/grotta.is\/en\/wp-json\/wp\/v2\/posts\/9588\/revisions"}],"predecessor-version":[{"id":9594,"href":"https:\/\/grotta.is\/en\/wp-json\/wp\/v2\/posts\/9588\/revisions\/9594"}],"wp:featuredmedia":[{"embeddable":true,"href":"https:\/\/grotta.is\/en\/wp-json\/wp\/v2\/media\/9592"}],"wp:attachment":[{"href":"https:\/\/grotta.is\/en\/wp-json\/wp\/v2\/media?parent=9588"}],"wp:term":[{"taxonomy":"category","embeddable":true,"href":"https:\/\/grotta.is\/en\/wp-json\/wp\/v2\/categories?post=9588"},{"taxonomy":"post_tag","embeddable":true,"href":"https:\/\/grotta.is\/en\/wp-json\/wp\/v2\/tags?post=9588"}],"curies":[{"name":"wp","href":"https:\/\/api.w.org\/{rel}","templated":true}]}}