{"id":9553,"date":"2020-06-04T22:21:26","date_gmt":"2020-06-04T22:21:26","guid":{"rendered":"https:\/\/grotta.is\/?p=9553"},"modified":"2020-06-10T12:02:24","modified_gmt":"2020-06-10T12:02:24","slug":"uppskeruhatid-handknattleiksdeildar-grottu","status":"publish","type":"post","link":"https:\/\/grotta.is\/en\/handknattleiksdeild\/uppskeruhatid-handknattleiksdeildar-grottu\/","title":{"rendered":"Uppskeruh\u00e1t\u00ed\u00f0 handknattleiksdeildar Gr\u00f3ttu"},"content":{"rendered":"<p>Uppskeruh\u00e1t\u00ed\u00f0 handknattleiksdeildarinnar f\u00f3r fram vi\u00f0 h\u00e1t\u00ed\u00f0lega ath\u00f6fn 28. ma\u00ed s\u00ed\u00f0astli\u00f0in. \u00deetta \u00e1ri\u00f0 var h\u00fan fr\u00e1brug\u00f0in fyrri uppskeruh\u00e1t\u00ed\u00f0um en gaman var a\u00f0 sj\u00e1 g\u00f3\u00f0a m\u00e6tingu krakkanna. <\/p><p>Handknattleiksdeild Gr\u00f3ttu vill \u00feakka foreldrum k\u00e6rlega fyrir stu\u00f0ninginn \u00e1 \u00feessum erfi\u00f0u t\u00edmum.<\/p><h4 class=\"wp-block-heading\">Landsli\u00f0s\u00fartak HS\u00cd 2019<\/h4><ul class=\"wp-block-list\"><li>Ari P\u00e9tur Eir\u00edksson<\/li><li>Gunnar Hrafn P\u00e1lsson<\/li><li>Katr\u00edn Helga Sigurbergsd\u00f3ttir<\/li><li>Hrafnhildur Hekla Gr\u00edmsd\u00f3ttir<\/li><li>Patricia D\u00faa Thompson<\/li><li>Katr\u00edn Anna \u00c1smundsd\u00f3ttir<\/li><\/ul><h4 class=\"wp-block-heading\">Bjargarbikarinn<\/h4><figure class=\"wp-block-image size-large\"><img fetchpriority=\"high\" decoding=\"async\" width=\"638\" height=\"960\" src=\"https:\/\/grotta.is\/wp-content\/uploads\/2020\/06\/Grotta_Handbolti_yngriflokkar_Uppskeruhatid_2020-10.jpg\" alt=\"\" class=\"wp-image-9572\" srcset=\"https:\/\/grotta.is\/wp-content\/uploads\/2020\/06\/Grotta_Handbolti_yngriflokkar_Uppskeruhatid_2020-10.jpg 638w, https:\/\/grotta.is\/wp-content\/uploads\/2020\/06\/Grotta_Handbolti_yngriflokkar_Uppskeruhatid_2020-10-199x300.jpg 199w, https:\/\/grotta.is\/wp-content\/uploads\/2020\/06\/Grotta_Handbolti_yngriflokkar_Uppskeruhatid_2020-10-600x903.jpg 600w\" sizes=\"(max-width: 638px) 100vw, 638px\" \/><figcaption>Bjargarbikarinn &#8211; Patrekur P\u00e9tursson<\/figcaption><\/figure><h4 class=\"wp-block-heading\">3. flokkur karla <\/h4><ul class=\"wp-block-list\"><li>Efnilegastur &#8211; Gunnar Hrafn <\/li><li>Mestu framfarir &#8211; Sveinn J\u00f3nmundsson<\/li><\/ul><figure class=\"wp-block-image size-large\"><img decoding=\"async\" width=\"960\" height=\"614\" data-src=\"https:\/\/grotta.is\/wp-content\/uploads\/2020\/06\/Grotta_Handbolti_yngriflokkar_Uppskeruhatid_2020-5.jpg\" alt=\"\" class=\"wp-image-9567 lazyload\" data-srcset=\"https:\/\/grotta.is\/wp-content\/uploads\/2020\/06\/Grotta_Handbolti_yngriflokkar_Uppskeruhatid_2020-5.jpg 960w, https:\/\/grotta.is\/wp-content\/uploads\/2020\/06\/Grotta_Handbolti_yngriflokkar_Uppskeruhatid_2020-5-300x192.jpg 300w, https:\/\/grotta.is\/wp-content\/uploads\/2020\/06\/Grotta_Handbolti_yngriflokkar_Uppskeruhatid_2020-5-768x491.jpg 768w, https:\/\/grotta.is\/wp-content\/uploads\/2020\/06\/Grotta_Handbolti_yngriflokkar_Uppskeruhatid_2020-5-600x384.jpg 600w\" data-sizes=\"(max-width: 960px) 100vw, 960px\" src=\"data:image\/gif;base64,R0lGODlhAQABAAAAACH5BAEKAAEALAAAAAABAAEAAAICTAEAOw==\" style=\"--smush-placeholder-width: 960px; --smush-placeholder-aspect-ratio: 960\/614;\" \/><figcaption>3. flokkur karla &#8211; \u00fej\u00e1lfari L\u00e1rus Gunnarsson<\/figcaption><\/figure><h4 class=\"wp-block-heading\">3. flokkur kvenna <\/h4><ul class=\"wp-block-list\"><li>Efnilegust &#8211; Edda Steingr\u00edmsd\u00f3ttir<\/li><li>Besti leikma\u00f0urinn &#8211; Rut Bern\u00f3dusd\u00f3ttir<\/li><\/ul><figure class=\"wp-block-image size-large\"><img decoding=\"async\" width=\"960\" height=\"870\" data-src=\"https:\/\/grotta.is\/wp-content\/uploads\/2020\/06\/Grotta_Handbolti_yngriflokkar_Uppskeruhatid_2020-8.jpg\" alt=\"\" class=\"wp-image-9570 lazyload\" data-srcset=\"https:\/\/grotta.is\/wp-content\/uploads\/2020\/06\/Grotta_Handbolti_yngriflokkar_Uppskeruhatid_2020-8.jpg 960w, https:\/\/grotta.is\/wp-content\/uploads\/2020\/06\/Grotta_Handbolti_yngriflokkar_Uppskeruhatid_2020-8-300x272.jpg 300w, https:\/\/grotta.is\/wp-content\/uploads\/2020\/06\/Grotta_Handbolti_yngriflokkar_Uppskeruhatid_2020-8-768x696.jpg 768w, https:\/\/grotta.is\/wp-content\/uploads\/2020\/06\/Grotta_Handbolti_yngriflokkar_Uppskeruhatid_2020-8-600x544.jpg 600w\" data-sizes=\"(max-width: 960px) 100vw, 960px\" src=\"data:image\/gif;base64,R0lGODlhAQABAAAAACH5BAEKAAEALAAAAAABAAEAAAICTAEAOw==\" style=\"--smush-placeholder-width: 960px; --smush-placeholder-aspect-ratio: 960\/870;\" \/><figcaption>Framt\u00ed\u00f0arlandsli\u00f0skonur h\u00e9r \u00e1 fer\u00f0<\/figcaption><\/figure><figure class=\"wp-block-image size-large\"><img decoding=\"async\" width=\"960\" height=\"580\" data-src=\"https:\/\/grotta.is\/wp-content\/uploads\/2020\/06\/Grotta_Handbolti_yngriflokkar_Uppskeruhatid_2020-4.jpg\" alt=\"\" class=\"wp-image-9566 lazyload\" data-srcset=\"https:\/\/grotta.is\/wp-content\/uploads\/2020\/06\/Grotta_Handbolti_yngriflokkar_Uppskeruhatid_2020-4.jpg 960w, https:\/\/grotta.is\/wp-content\/uploads\/2020\/06\/Grotta_Handbolti_yngriflokkar_Uppskeruhatid_2020-4-300x181.jpg 300w, https:\/\/grotta.is\/wp-content\/uploads\/2020\/06\/Grotta_Handbolti_yngriflokkar_Uppskeruhatid_2020-4-768x464.jpg 768w, https:\/\/grotta.is\/wp-content\/uploads\/2020\/06\/Grotta_Handbolti_yngriflokkar_Uppskeruhatid_2020-4-600x363.jpg 600w\" data-sizes=\"(max-width: 960px) 100vw, 960px\" src=\"data:image\/gif;base64,R0lGODlhAQABAAAAACH5BAEKAAEALAAAAAABAAEAAAICTAEAOw==\" style=\"--smush-placeholder-width: 960px; --smush-placeholder-aspect-ratio: 960\/580;\" \/><figcaption>3. flokkur kvenna &#8211; \u00fej\u00e1lfarar: Dav\u00ed\u00f0 Hl\u00f6\u00f0versson og Agnar J\u00f3n Agnarsson<\/figcaption><\/figure><h4 class=\"wp-block-heading\">4. flokkur karla <\/h4><ul class=\"wp-block-list\"><li>Efnilegasti leikma\u00f0ur &#8211; Birgir \u00d6rn Arnarsson<\/li><li>Efnilegasti leikma\u00f0ur &#8211; Stef\u00e1n Gauti Hilmarsson<\/li><li>Mestu framfarir &#8211; Gabr\u00edel \u00d6rtenblad Bergmann<\/li><li>Mikilv\u00e6gasti leikma\u00f0ur Atli Hrafn Bernburg<\/li><li>Besta \u00e1stundun &#8211; Dav\u00ed\u00f0 Funi Stef\u00e1nsson<\/li><li>Besti li\u00f0sma\u00f0ur &#8211; Hilmir \u00d6rn Nielsen<\/li><\/ul><figure class=\"wp-block-image size-large\"><img decoding=\"async\" width=\"960\" height=\"644\" data-src=\"https:\/\/grotta.is\/wp-content\/uploads\/2020\/06\/Grotta_Handbolti_yngriflokkar_Uppskeruhatid_2020-7.jpg\" alt=\"\" class=\"wp-image-9569 lazyload\" data-srcset=\"https:\/\/grotta.is\/wp-content\/uploads\/2020\/06\/Grotta_Handbolti_yngriflokkar_Uppskeruhatid_2020-7.jpg 960w, https:\/\/grotta.is\/wp-content\/uploads\/2020\/06\/Grotta_Handbolti_yngriflokkar_Uppskeruhatid_2020-7-300x201.jpg 300w, https:\/\/grotta.is\/wp-content\/uploads\/2020\/06\/Grotta_Handbolti_yngriflokkar_Uppskeruhatid_2020-7-768x515.jpg 768w, https:\/\/grotta.is\/wp-content\/uploads\/2020\/06\/Grotta_Handbolti_yngriflokkar_Uppskeruhatid_2020-7-600x403.jpg 600w\" data-sizes=\"(max-width: 960px) 100vw, 960px\" src=\"data:image\/gif;base64,R0lGODlhAQABAAAAACH5BAEKAAEALAAAAAABAAEAAAICTAEAOw==\" style=\"--smush-placeholder-width: 960px; --smush-placeholder-aspect-ratio: 960\/644;\" \/><figcaption>4. flokkur karla &#8211; \u00fej\u00e1lfari \u00c6gir Steinsson<\/figcaption><\/figure><h4 class=\"wp-block-heading\">4. flokkur kvenna<\/h4><ul class=\"wp-block-list\"><li>Mestu framfarir &#8211; J\u00f3anna Marianova Siarova<\/li><li>Mestu framfarir &#8211; Lilja Hrund Stef\u00e1nsd\u00f3ttir<\/li><li>Mikilv\u00e6gasti leikma\u00f0ur Katr\u00edn Anna \u00c1smundsd\u00f3ttir<\/li><li>Efnilegasti leikma\u00f0ur &#8211; Katr\u00edn Scheving Thorsteinsson<\/li><\/ul><figure class=\"wp-block-image size-large\"><img decoding=\"async\" width=\"960\" height=\"672\" data-src=\"https:\/\/grotta.is\/wp-content\/uploads\/2020\/06\/Grotta_Handbolti_yngriflokkar_Uppskeruhatid_2020-3.jpg\" alt=\"\" class=\"wp-image-9565 lazyload\" data-srcset=\"https:\/\/grotta.is\/wp-content\/uploads\/2020\/06\/Grotta_Handbolti_yngriflokkar_Uppskeruhatid_2020-3.jpg 960w, https:\/\/grotta.is\/wp-content\/uploads\/2020\/06\/Grotta_Handbolti_yngriflokkar_Uppskeruhatid_2020-3-300x210.jpg 300w, https:\/\/grotta.is\/wp-content\/uploads\/2020\/06\/Grotta_Handbolti_yngriflokkar_Uppskeruhatid_2020-3-768x538.jpg 768w, https:\/\/grotta.is\/wp-content\/uploads\/2020\/06\/Grotta_Handbolti_yngriflokkar_Uppskeruhatid_2020-3-600x420.jpg 600w\" data-sizes=\"(max-width: 960px) 100vw, 960px\" src=\"data:image\/gif;base64,R0lGODlhAQABAAAAACH5BAEKAAEALAAAAAABAAEAAAICTAEAOw==\" style=\"--smush-placeholder-width: 960px; --smush-placeholder-aspect-ratio: 960\/672;\" \/><figcaption>4. flokkur kvenna &#8211; \u00fej\u00e1lfari \u00c6gir Steinarsson<\/figcaption><\/figure><h4 class=\"wp-block-heading\">5. flokkur karla<\/h4><ul class=\"wp-block-list\"><li>Besta \u00e1stundun &#8211; Vi\u00f0ar Sigurj\u00f3n Helgason<\/li><li>Mestu framfarir &#8211; Bessi Teitsson<\/li><li>Besti li\u00f0sf\u00e9laginn &#8211; Fl\u00f3ki H\u00e1konarson<\/li><\/ul><h4 class=\"wp-block-heading\">5. flokkur kvenna eldri<\/h4><ul class=\"wp-block-list\"><li>Efnilegasti leikma\u00f0ur &#8211; Rut Hei\u00f0arsd\u00f3ttir<\/li><li>Mestur framfarir &#8211; Rakel Mar\u00eda Gr\u00edmkelsd\u00f3ttir<\/li><li>Besti li\u00f0sma\u00f0ur &#8211; Rakel Mar\u00eda G\u00edslad\u00f3ttir<\/li><\/ul><figure class=\"wp-block-image size-large\"><img decoding=\"async\" width=\"960\" height=\"768\" data-src=\"https:\/\/grotta.is\/wp-content\/uploads\/2020\/06\/Grotta_Handbolti_yngriflokkar_Uppskeruhatid_2020-2.jpg\" alt=\"\" class=\"wp-image-9564 lazyload\" data-srcset=\"https:\/\/grotta.is\/wp-content\/uploads\/2020\/06\/Grotta_Handbolti_yngriflokkar_Uppskeruhatid_2020-2.jpg 960w, https:\/\/grotta.is\/wp-content\/uploads\/2020\/06\/Grotta_Handbolti_yngriflokkar_Uppskeruhatid_2020-2-300x240.jpg 300w, https:\/\/grotta.is\/wp-content\/uploads\/2020\/06\/Grotta_Handbolti_yngriflokkar_Uppskeruhatid_2020-2-768x614.jpg 768w, https:\/\/grotta.is\/wp-content\/uploads\/2020\/06\/Grotta_Handbolti_yngriflokkar_Uppskeruhatid_2020-2-600x480.jpg 600w\" data-sizes=\"(max-width: 960px) 100vw, 960px\" src=\"data:image\/gif;base64,R0lGODlhAQABAAAAACH5BAEKAAEALAAAAAABAAEAAAICTAEAOw==\" style=\"--smush-placeholder-width: 960px; --smush-placeholder-aspect-ratio: 960\/768;\" \/><figcaption>5. flokkur karla &#8211; \u00dej\u00e1lfari Ingvar<\/figcaption><\/figure><h4 class=\"wp-block-heading\">5. flokkur kvenna yngri<\/h4><ul class=\"wp-block-list\"><li>Efnilegasti leikma\u00f0ur &#8211; Arnd\u00eds \u00c1slaug Gr\u00edmsd\u00f3ttir<\/li><li>Mestu framfarir &#8211; J\u00fal\u00edana R\u00f3s Sk\u00falad\u00f3ttir<\/li><li>Besti li\u00f0sma\u00f0ur &#8211; El\u00edsabet \u00c1sa Einarsd\u00f3ttir<\/li><\/ul><figure class=\"wp-block-image size-large\"><img decoding=\"async\" width=\"960\" height=\"676\" data-src=\"https:\/\/grotta.is\/wp-content\/uploads\/2020\/06\/Grotta_Handbolti_yngriflokkar_Uppskeruhatid_2020-6.jpg\" alt=\"\" class=\"wp-image-9568 lazyload\" data-srcset=\"https:\/\/grotta.is\/wp-content\/uploads\/2020\/06\/Grotta_Handbolti_yngriflokkar_Uppskeruhatid_2020-6.jpg 960w, https:\/\/grotta.is\/wp-content\/uploads\/2020\/06\/Grotta_Handbolti_yngriflokkar_Uppskeruhatid_2020-6-300x211.jpg 300w, https:\/\/grotta.is\/wp-content\/uploads\/2020\/06\/Grotta_Handbolti_yngriflokkar_Uppskeruhatid_2020-6-768x541.jpg 768w, https:\/\/grotta.is\/wp-content\/uploads\/2020\/06\/Grotta_Handbolti_yngriflokkar_Uppskeruhatid_2020-6-600x423.jpg 600w\" data-sizes=\"(max-width: 960px) 100vw, 960px\" src=\"data:image\/gif;base64,R0lGODlhAQABAAAAACH5BAEKAAEALAAAAAABAAEAAAICTAEAOw==\" style=\"--smush-placeholder-width: 960px; --smush-placeholder-aspect-ratio: 960\/676;\" \/><figcaption>5. flokkur kvenna &#8211; \u00fej\u00e1lfari \u00c6gir Steinsson<\/figcaption><\/figure><h4 class=\"wp-block-heading\">6. flokkur karla eldri<\/h4><ul class=\"wp-block-list\"><li>Besti li\u00f0sma\u00f0ur &#8211; Kolbeinn Thors<\/li><li>Efnilegastur &#8211; \u00der\u00f6stur Bl\u00e6r Gu\u00f0mundsson<\/li><li>Framfarir &#8211; Arnar Magn\u00fas Andrason<\/li><\/ul><h4 class=\"wp-block-heading\">6. flokkur karla yngri<\/h4><ul class=\"wp-block-list\"><li>Besti li\u00f0sma\u00f0ur &#8211; Birgir Dav\u00ed\u00f0sson Scheving<\/li><li>Efnilegastur &#8211; Au\u00f0unn Beite P\u00e1lsson<\/li><li>Framfarir &#8211; Daniel Patmalnieks<\/li><\/ul><figure class=\"wp-block-image size-large\"><img decoding=\"async\" width=\"960\" height=\"828\" data-src=\"https:\/\/grotta.is\/wp-content\/uploads\/2020\/06\/Grotta_Handbolti_yngriflokkar_Uppskeruhatid_2020-13.jpg\" alt=\"\" class=\"wp-image-9575 lazyload\" data-srcset=\"https:\/\/grotta.is\/wp-content\/uploads\/2020\/06\/Grotta_Handbolti_yngriflokkar_Uppskeruhatid_2020-13.jpg 960w, https:\/\/grotta.is\/wp-content\/uploads\/2020\/06\/Grotta_Handbolti_yngriflokkar_Uppskeruhatid_2020-13-300x259.jpg 300w, https:\/\/grotta.is\/wp-content\/uploads\/2020\/06\/Grotta_Handbolti_yngriflokkar_Uppskeruhatid_2020-13-768x662.jpg 768w, https:\/\/grotta.is\/wp-content\/uploads\/2020\/06\/Grotta_Handbolti_yngriflokkar_Uppskeruhatid_2020-13-600x518.jpg 600w\" data-sizes=\"(max-width: 960px) 100vw, 960px\" src=\"data:image\/gif;base64,R0lGODlhAQABAAAAACH5BAEKAAEALAAAAAABAAEAAAICTAEAOw==\" style=\"--smush-placeholder-width: 960px; --smush-placeholder-aspect-ratio: 960\/828;\" \/><figcaption>6. flokkur karla &#8211; \u00fej\u00e1lfari Hannes Grimm<\/figcaption><\/figure><h4 class=\"wp-block-heading\">6. flokkur kvenna eldri<\/h4><ul class=\"wp-block-list\"><li>Efnilegust Arnfr\u00ed\u00f0ur Au\u00f0ur Arnarsd\u00f3ttir<\/li><li>Besti li\u00f0sma\u00f0ur Arna Katr\u00edn Vigg\u00f3sd\u00f3ttir<\/li><li>Mestu framfarir Emil\u00eda Halld\u00f3rsd\u00f3ttir<\/li><\/ul><h4 class=\"wp-block-heading\">6. flokkur kvenna yngri<\/h4><ul class=\"wp-block-list\"><li>Efnilegust A\u00feena Mist Gu\u00f0mundsd\u00f3ttir<\/li><li>Besti li\u00f0sma\u00f0ur Gu\u00f0finna Ingvad\u00f3ttir<\/li><li>Mestu framfarir \u00c1rel\u00eda Dr\u00f6fn Da\u00f0ad\u00f3ttir<\/li><\/ul><figure class=\"wp-block-image size-large\"><img decoding=\"async\" width=\"960\" height=\"606\" data-src=\"https:\/\/grotta.is\/wp-content\/uploads\/2020\/06\/Grotta_Handbolti_yngriflokkar_Uppskeruhatid_2020-14.jpg\" alt=\"\" class=\"wp-image-9562 lazyload\" data-srcset=\"https:\/\/grotta.is\/wp-content\/uploads\/2020\/06\/Grotta_Handbolti_yngriflokkar_Uppskeruhatid_2020-14.jpg 960w, https:\/\/grotta.is\/wp-content\/uploads\/2020\/06\/Grotta_Handbolti_yngriflokkar_Uppskeruhatid_2020-14-300x189.jpg 300w, https:\/\/grotta.is\/wp-content\/uploads\/2020\/06\/Grotta_Handbolti_yngriflokkar_Uppskeruhatid_2020-14-768x485.jpg 768w, https:\/\/grotta.is\/wp-content\/uploads\/2020\/06\/Grotta_Handbolti_yngriflokkar_Uppskeruhatid_2020-14-600x379.jpg 600w\" data-sizes=\"(max-width: 960px) 100vw, 960px\" src=\"data:image\/gif;base64,R0lGODlhAQABAAAAACH5BAEKAAEALAAAAAABAAEAAAICTAEAOw==\" style=\"--smush-placeholder-width: 960px; --smush-placeholder-aspect-ratio: 960\/606;\" \/><figcaption>6. flokkur kvenna &#8211; \u00fej\u00e1lfari Patrekur P\u00e9tursson<\/figcaption><\/figure><h4 class=\"wp-block-heading\">7. og 8. flokkar <\/h4><figure class=\"wp-block-image size-large\"><img decoding=\"async\" width=\"960\" height=\"616\" data-src=\"https:\/\/grotta.is\/wp-content\/uploads\/2020\/06\/Grotta_Handbolti_yngriflokkar_Uppskeruhatid_2020-12.jpg\" alt=\"\" class=\"wp-image-9574 lazyload\" data-srcset=\"https:\/\/grotta.is\/wp-content\/uploads\/2020\/06\/Grotta_Handbolti_yngriflokkar_Uppskeruhatid_2020-12.jpg 960w, https:\/\/grotta.is\/wp-content\/uploads\/2020\/06\/Grotta_Handbolti_yngriflokkar_Uppskeruhatid_2020-12-300x193.jpg 300w, https:\/\/grotta.is\/wp-content\/uploads\/2020\/06\/Grotta_Handbolti_yngriflokkar_Uppskeruhatid_2020-12-768x493.jpg 768w, https:\/\/grotta.is\/wp-content\/uploads\/2020\/06\/Grotta_Handbolti_yngriflokkar_Uppskeruhatid_2020-12-600x385.jpg 600w\" data-sizes=\"(max-width: 960px) 100vw, 960px\" src=\"data:image\/gif;base64,R0lGODlhAQABAAAAACH5BAEKAAEALAAAAAABAAEAAAICTAEAOw==\" style=\"--smush-placeholder-width: 960px; --smush-placeholder-aspect-ratio: 960\/616;\" \/><figcaption>7. flokkur karla &#8211; \u00dej\u00e1lfari Hannes Grimm<\/figcaption><\/figure><figure class=\"wp-block-image size-large\"><img decoding=\"async\" width=\"960\" height=\"576\" data-src=\"https:\/\/grotta.is\/wp-content\/uploads\/2020\/06\/Grotta_Handbolti_yngriflokkar_Uppskeruhatid_2020-9.jpg\" alt=\"\" class=\"wp-image-9571 lazyload\" data-srcset=\"https:\/\/grotta.is\/wp-content\/uploads\/2020\/06\/Grotta_Handbolti_yngriflokkar_Uppskeruhatid_2020-9.jpg 960w, https:\/\/grotta.is\/wp-content\/uploads\/2020\/06\/Grotta_Handbolti_yngriflokkar_Uppskeruhatid_2020-9-300x180.jpg 300w, https:\/\/grotta.is\/wp-content\/uploads\/2020\/06\/Grotta_Handbolti_yngriflokkar_Uppskeruhatid_2020-9-768x461.jpg 768w, https:\/\/grotta.is\/wp-content\/uploads\/2020\/06\/Grotta_Handbolti_yngriflokkar_Uppskeruhatid_2020-9-600x360.jpg 600w\" data-sizes=\"(max-width: 960px) 100vw, 960px\" src=\"data:image\/gif;base64,R0lGODlhAQABAAAAACH5BAEKAAEALAAAAAABAAEAAAICTAEAOw==\" style=\"--smush-placeholder-width: 960px; --smush-placeholder-aspect-ratio: 960\/576;\" \/><figcaption>7. flokkur kvenna &#8211; \u00fej\u00e1lfari \u00de\u00f3ra Hl\u00edf J\u00f3nsd\u00f3ttir<\/figcaption><\/figure><figure class=\"wp-block-image size-large\"><img decoding=\"async\" width=\"960\" height=\"582\" data-src=\"https:\/\/grotta.is\/wp-content\/uploads\/2020\/06\/Grotta_Handbolti_yngriflokkar_Uppskeruhatid_2020-11.jpg\" alt=\"\" class=\"wp-image-9573 lazyload\" data-srcset=\"https:\/\/grotta.is\/wp-content\/uploads\/2020\/06\/Grotta_Handbolti_yngriflokkar_Uppskeruhatid_2020-11.jpg 960w, https:\/\/grotta.is\/wp-content\/uploads\/2020\/06\/Grotta_Handbolti_yngriflokkar_Uppskeruhatid_2020-11-300x182.jpg 300w, https:\/\/grotta.is\/wp-content\/uploads\/2020\/06\/Grotta_Handbolti_yngriflokkar_Uppskeruhatid_2020-11-768x466.jpg 768w, https:\/\/grotta.is\/wp-content\/uploads\/2020\/06\/Grotta_Handbolti_yngriflokkar_Uppskeruhatid_2020-11-600x364.jpg 600w\" data-sizes=\"(max-width: 960px) 100vw, 960px\" src=\"data:image\/gif;base64,R0lGODlhAQABAAAAACH5BAEKAAEALAAAAAABAAEAAAICTAEAOw==\" style=\"--smush-placeholder-width: 960px; --smush-placeholder-aspect-ratio: 960\/582;\" \/><figcaption>8. flokkur kvenna &#8211; \u00dej\u00e1lfari Arnd\u00eds Mar\u00eda Erlingsd\u00f3ttir<\/figcaption><\/figure>","protected":false},"excerpt":{"rendered":"<p>Uppskeruh\u00e1t\u00ed\u00f0 handknattleiksdeildarinnar f\u00f3r fram vi\u00f0 h\u00e1t\u00ed\u00f0lega ath\u00f6fn 28. ma\u00ed s\u00ed\u00f0astli\u00f0in. \u00deetta \u00e1ri\u00f0 var h\u00fan fr\u00e1brug\u00f0in fyrri uppskeruh\u00e1t\u00ed\u00f0um en gaman var a\u00f0 sj\u00e1 g\u00f3\u00f0a m\u00e6tingu krakkanna. <\/p>","protected":false},"author":2,"featured_media":9569,"comment_status":"closed","ping_status":"closed","sticky":false,"template":"","format":"standard","meta":{"footnotes":""},"categories":[12],"tags":[13,34,15],"class_list":["post-9553","post","type-post","status-publish","format-standard","has-post-thumbnail","hentry","category-handknattleiksdeild","tag-handbolti","tag-myndaalbum","tag-yngri-flokkar"],"yoast_head":"<!-- This site is optimized with the Yoast SEO plugin v24.3 - https:\/\/yoast.com\/wordpress\/plugins\/seo\/ -->\n<title>Uppskeruh\u00e1t\u00ed\u00f0 handknattleiksdeildar Gr\u00f3ttu - \u00cd\u00fer\u00f3ttaf\u00e9lagi\u00f0 Gr\u00f3tta<\/title>\n<meta name=\"robots\" content=\"index, follow, max-snippet:-1, max-image-preview:large, max-video-preview:-1\" \/>\n<link rel=\"canonical\" href=\"https:\/\/grotta.is\/en\/handknattleiksdeild\/uppskeruhatid-handknattleiksdeildar-grottu\/\" \/>\n<meta property=\"og:locale\" content=\"en_US\" \/>\n<meta property=\"og:type\" content=\"article\" \/>\n<meta property=\"og:title\" content=\"Uppskeruh\u00e1t\u00ed\u00f0 handknattleiksdeildar Gr\u00f3ttu - \u00cd\u00fer\u00f3ttaf\u00e9lagi\u00f0 Gr\u00f3tta\" \/>\n<meta property=\"og:description\" content=\"Uppskeruh\u00e1t\u00ed\u00f0 handknattleiksdeildarinnar f\u00f3r fram vi\u00f0 h\u00e1t\u00ed\u00f0lega ath\u00f6fn 28. ma\u00ed s\u00ed\u00f0astli\u00f0in. \u00deetta \u00e1ri\u00f0 var h\u00fan fr\u00e1brug\u00f0in fyrri uppskeruh\u00e1t\u00ed\u00f0um en gaman var a\u00f0 sj\u00e1 g\u00f3\u00f0a m\u00e6tingu krakkanna.\" \/>\n<meta property=\"og:url\" content=\"https:\/\/grotta.is\/en\/handknattleiksdeild\/uppskeruhatid-handknattleiksdeildar-grottu\/\" \/>\n<meta property=\"og:site_name\" content=\"\u00cd\u00fer\u00f3ttaf\u00e9lagi\u00f0 Gr\u00f3tta\" \/>\n<meta property=\"article:publisher\" content=\"https:\/\/www.facebook.com\/grottasport\" \/>\n<meta property=\"article:published_time\" content=\"2020-06-04T22:21:26+00:00\" \/>\n<meta property=\"article:modified_time\" content=\"2020-06-10T12:02:24+00:00\" \/>\n<meta property=\"og:image\" content=\"https:\/\/grotta.is\/wp-content\/uploads\/2020\/06\/Grotta_Handbolti_yngriflokkar_Uppskeruhatid_2020-7.jpg\" \/>\n\t<meta property=\"og:image:width\" content=\"960\" \/>\n\t<meta property=\"og:image:height\" content=\"644\" \/>\n\t<meta property=\"og:image:type\" content=\"image\/jpeg\" \/>\n<meta name=\"author\" content=\"Grotta\" \/>\n<meta name=\"twitter:card\" content=\"summary_large_image\" \/>\n<meta name=\"twitter:label1\" content=\"Written by\" \/>\n\t<meta name=\"twitter:data1\" content=\"Grotta\" \/>\n\t<meta name=\"twitter:label2\" content=\"Est. reading time\" \/>\n\t<meta name=\"twitter:data2\" content=\"2 minutes\" \/>\n<script type=\"application\/ld+json\" class=\"yoast-schema-graph\">{\"@context\":\"https:\/\/schema.org\",\"@graph\":[{\"@type\":\"Article\",\"@id\":\"https:\/\/grotta.is\/en\/handknattleiksdeild\/uppskeruhatid-handknattleiksdeildar-grottu\/#article\",\"isPartOf\":{\"@id\":\"https:\/\/grotta.is\/en\/handknattleiksdeild\/uppskeruhatid-handknattleiksdeildar-grottu\/\"},\"author\":{\"name\":\"Grotta\",\"@id\":\"https:\/\/grotta.is\/#\/schema\/person\/08ec57bf09ee925f1b6a01540c14a5ce\"},\"headline\":\"Uppskeruh\u00e1t\u00ed\u00f0 handknattleiksdeildar Gr\u00f3ttu\",\"datePublished\":\"2020-06-04T22:21:26+00:00\",\"dateModified\":\"2020-06-10T12:02:24+00:00\",\"mainEntityOfPage\":{\"@id\":\"https:\/\/grotta.is\/en\/handknattleiksdeild\/uppskeruhatid-handknattleiksdeildar-grottu\/\"},\"wordCount\":495,\"publisher\":{\"@id\":\"https:\/\/grotta.is\/#organization\"},\"image\":{\"@id\":\"https:\/\/grotta.is\/en\/handknattleiksdeild\/uppskeruhatid-handknattleiksdeildar-grottu\/#primaryimage\"},\"thumbnailUrl\":\"https:\/\/grotta.is\/wp-content\/uploads\/2020\/06\/Grotta_Handbolti_yngriflokkar_Uppskeruhatid_2020-7.jpg\",\"keywords\":[\"Handbolti\",\"Myndaalb\u00fam\",\"Yngri flokkar\"],\"articleSection\":[\"Handknattleiksdeild\"],\"inLanguage\":\"en-US\"},{\"@type\":\"WebPage\",\"@id\":\"https:\/\/grotta.is\/en\/handknattleiksdeild\/uppskeruhatid-handknattleiksdeildar-grottu\/\",\"url\":\"https:\/\/grotta.is\/en\/handknattleiksdeild\/uppskeruhatid-handknattleiksdeildar-grottu\/\",\"name\":\"Uppskeruh\u00e1t\u00ed\u00f0 handknattleiksdeildar Gr\u00f3ttu - \u00cd\u00fer\u00f3ttaf\u00e9lagi\u00f0 Gr\u00f3tta\",\"isPartOf\":{\"@id\":\"https:\/\/grotta.is\/#website\"},\"primaryImageOfPage\":{\"@id\":\"https:\/\/grotta.is\/en\/handknattleiksdeild\/uppskeruhatid-handknattleiksdeildar-grottu\/#primaryimage\"},\"image\":{\"@id\":\"https:\/\/grotta.is\/en\/handknattleiksdeild\/uppskeruhatid-handknattleiksdeildar-grottu\/#primaryimage\"},\"thumbnailUrl\":\"https:\/\/grotta.is\/wp-content\/uploads\/2020\/06\/Grotta_Handbolti_yngriflokkar_Uppskeruhatid_2020-7.jpg\",\"datePublished\":\"2020-06-04T22:21:26+00:00\",\"dateModified\":\"2020-06-10T12:02:24+00:00\",\"breadcrumb\":{\"@id\":\"https:\/\/grotta.is\/en\/handknattleiksdeild\/uppskeruhatid-handknattleiksdeildar-grottu\/#breadcrumb\"},\"inLanguage\":\"en-US\",\"potentialAction\":[{\"@type\":\"ReadAction\",\"target\":[\"https:\/\/grotta.is\/en\/handknattleiksdeild\/uppskeruhatid-handknattleiksdeildar-grottu\/\"]}]},{\"@type\":\"ImageObject\",\"inLanguage\":\"en-US\",\"@id\":\"https:\/\/grotta.is\/en\/handknattleiksdeild\/uppskeruhatid-handknattleiksdeildar-grottu\/#primaryimage\",\"url\":\"https:\/\/grotta.is\/wp-content\/uploads\/2020\/06\/Grotta_Handbolti_yngriflokkar_Uppskeruhatid_2020-7.jpg\",\"contentUrl\":\"https:\/\/grotta.is\/wp-content\/uploads\/2020\/06\/Grotta_Handbolti_yngriflokkar_Uppskeruhatid_2020-7.jpg\",\"width\":960,\"height\":644},{\"@type\":\"BreadcrumbList\",\"@id\":\"https:\/\/grotta.is\/en\/handknattleiksdeild\/uppskeruhatid-handknattleiksdeildar-grottu\/#breadcrumb\",\"itemListElement\":[{\"@type\":\"ListItem\",\"position\":1,\"name\":\"Home\",\"item\":\"https:\/\/grotta.is\/\"},{\"@type\":\"ListItem\",\"position\":2,\"name\":\"Uppskeruh\u00e1t\u00ed\u00f0 handknattleiksdeildar Gr\u00f3ttu\"}]},{\"@type\":\"WebSite\",\"@id\":\"https:\/\/grotta.is\/#website\",\"url\":\"https:\/\/grotta.is\/\",\"name\":\"\u00cd\u00fer\u00f3ttaf\u00e9lagi\u00f0 Gr\u00f3tta\",\"description\":\"\u00e1 Seltjarnarnesi\",\"publisher\":{\"@id\":\"https:\/\/grotta.is\/#organization\"},\"potentialAction\":[{\"@type\":\"SearchAction\",\"target\":{\"@type\":\"EntryPoint\",\"urlTemplate\":\"https:\/\/grotta.is\/?s={search_term_string}\"},\"query-input\":{\"@type\":\"PropertyValueSpecification\",\"valueRequired\":true,\"valueName\":\"search_term_string\"}}],\"inLanguage\":\"en-US\"},{\"@type\":\"Organization\",\"@id\":\"https:\/\/grotta.is\/#organization\",\"name\":\"\u00cd\u00fer\u00f3ttaf\u00e9lagi\u00f0 Gr\u00f3tta\",\"url\":\"https:\/\/grotta.is\/\",\"logo\":{\"@type\":\"ImageObject\",\"inLanguage\":\"en-US\",\"@id\":\"https:\/\/grotta.is\/#\/schema\/logo\/image\/\",\"url\":\"https:\/\/grotta.is\/wp-content\/uploads\/2020\/02\/ithrottafelagidgrotta_logo_512x512_transparent.png\",\"contentUrl\":\"https:\/\/grotta.is\/wp-content\/uploads\/2020\/02\/ithrottafelagidgrotta_logo_512x512_transparent.png\",\"width\":512,\"height\":512,\"caption\":\"\u00cd\u00fer\u00f3ttaf\u00e9lagi\u00f0 Gr\u00f3tta\"},\"image\":{\"@id\":\"https:\/\/grotta.is\/#\/schema\/logo\/image\/\"},\"sameAs\":[\"https:\/\/www.facebook.com\/grottasport\"]},{\"@type\":\"Person\",\"@id\":\"https:\/\/grotta.is\/#\/schema\/person\/08ec57bf09ee925f1b6a01540c14a5ce\",\"name\":\"Grotta\",\"url\":\"https:\/\/grotta.is\/en\/author\/inga\/\"}]}<\/script>\n<!-- \/ Yoast SEO plugin. -->","yoast_head_json":{"title":"Uppskeruh\u00e1t\u00ed\u00f0 handknattleiksdeildar Gr\u00f3ttu - \u00cd\u00fer\u00f3ttaf\u00e9lagi\u00f0 Gr\u00f3tta","robots":{"index":"index","follow":"follow","max-snippet":"max-snippet:-1","max-image-preview":"max-image-preview:large","max-video-preview":"max-video-preview:-1"},"canonical":"https:\/\/grotta.is\/en\/handknattleiksdeild\/uppskeruhatid-handknattleiksdeildar-grottu\/","og_locale":"en_US","og_type":"article","og_title":"Uppskeruh\u00e1t\u00ed\u00f0 handknattleiksdeildar Gr\u00f3ttu - \u00cd\u00fer\u00f3ttaf\u00e9lagi\u00f0 Gr\u00f3tta","og_description":"Uppskeruh\u00e1t\u00ed\u00f0 handknattleiksdeildarinnar f\u00f3r fram vi\u00f0 h\u00e1t\u00ed\u00f0lega ath\u00f6fn 28. ma\u00ed s\u00ed\u00f0astli\u00f0in. \u00deetta \u00e1ri\u00f0 var h\u00fan fr\u00e1brug\u00f0in fyrri uppskeruh\u00e1t\u00ed\u00f0um en gaman var a\u00f0 sj\u00e1 g\u00f3\u00f0a m\u00e6tingu krakkanna.","og_url":"https:\/\/grotta.is\/en\/handknattleiksdeild\/uppskeruhatid-handknattleiksdeildar-grottu\/","og_site_name":"\u00cd\u00fer\u00f3ttaf\u00e9lagi\u00f0 Gr\u00f3tta","article_publisher":"https:\/\/www.facebook.com\/grottasport","article_published_time":"2020-06-04T22:21:26+00:00","article_modified_time":"2020-06-10T12:02:24+00:00","og_image":[{"width":960,"height":644,"url":"https:\/\/grotta.is\/wp-content\/uploads\/2020\/06\/Grotta_Handbolti_yngriflokkar_Uppskeruhatid_2020-7.jpg","type":"image\/jpeg"}],"author":"Grotta","twitter_card":"summary_large_image","twitter_misc":{"Written by":"Grotta","Est. reading time":"2 minutes"},"schema":{"@context":"https:\/\/schema.org","@graph":[{"@type":"Article","@id":"https:\/\/grotta.is\/en\/handknattleiksdeild\/uppskeruhatid-handknattleiksdeildar-grottu\/#article","isPartOf":{"@id":"https:\/\/grotta.is\/en\/handknattleiksdeild\/uppskeruhatid-handknattleiksdeildar-grottu\/"},"author":{"name":"Grotta","@id":"https:\/\/grotta.is\/#\/schema\/person\/08ec57bf09ee925f1b6a01540c14a5ce"},"headline":"Uppskeruh\u00e1t\u00ed\u00f0 handknattleiksdeildar Gr\u00f3ttu","datePublished":"2020-06-04T22:21:26+00:00","dateModified":"2020-06-10T12:02:24+00:00","mainEntityOfPage":{"@id":"https:\/\/grotta.is\/en\/handknattleiksdeild\/uppskeruhatid-handknattleiksdeildar-grottu\/"},"wordCount":495,"publisher":{"@id":"https:\/\/grotta.is\/#organization"},"image":{"@id":"https:\/\/grotta.is\/en\/handknattleiksdeild\/uppskeruhatid-handknattleiksdeildar-grottu\/#primaryimage"},"thumbnailUrl":"https:\/\/grotta.is\/wp-content\/uploads\/2020\/06\/Grotta_Handbolti_yngriflokkar_Uppskeruhatid_2020-7.jpg","keywords":["Handbolti","Myndaalb\u00fam","Yngri flokkar"],"articleSection":["Handknattleiksdeild"],"inLanguage":"en-US"},{"@type":"WebPage","@id":"https:\/\/grotta.is\/en\/handknattleiksdeild\/uppskeruhatid-handknattleiksdeildar-grottu\/","url":"https:\/\/grotta.is\/en\/handknattleiksdeild\/uppskeruhatid-handknattleiksdeildar-grottu\/","name":"Uppskeruh\u00e1t\u00ed\u00f0 handknattleiksdeildar Gr\u00f3ttu - \u00cd\u00fer\u00f3ttaf\u00e9lagi\u00f0 Gr\u00f3tta","isPartOf":{"@id":"https:\/\/grotta.is\/#website"},"primaryImageOfPage":{"@id":"https:\/\/grotta.is\/en\/handknattleiksdeild\/uppskeruhatid-handknattleiksdeildar-grottu\/#primaryimage"},"image":{"@id":"https:\/\/grotta.is\/en\/handknattleiksdeild\/uppskeruhatid-handknattleiksdeildar-grottu\/#primaryimage"},"thumbnailUrl":"https:\/\/grotta.is\/wp-content\/uploads\/2020\/06\/Grotta_Handbolti_yngriflokkar_Uppskeruhatid_2020-7.jpg","datePublished":"2020-06-04T22:21:26+00:00","dateModified":"2020-06-10T12:02:24+00:00","breadcrumb":{"@id":"https:\/\/grotta.is\/en\/handknattleiksdeild\/uppskeruhatid-handknattleiksdeildar-grottu\/#breadcrumb"},"inLanguage":"en-US","potentialAction":[{"@type":"ReadAction","target":["https:\/\/grotta.is\/en\/handknattleiksdeild\/uppskeruhatid-handknattleiksdeildar-grottu\/"]}]},{"@type":"ImageObject","inLanguage":"en-US","@id":"https:\/\/grotta.is\/en\/handknattleiksdeild\/uppskeruhatid-handknattleiksdeildar-grottu\/#primaryimage","url":"https:\/\/grotta.is\/wp-content\/uploads\/2020\/06\/Grotta_Handbolti_yngriflokkar_Uppskeruhatid_2020-7.jpg","contentUrl":"https:\/\/grotta.is\/wp-content\/uploads\/2020\/06\/Grotta_Handbolti_yngriflokkar_Uppskeruhatid_2020-7.jpg","width":960,"height":644},{"@type":"BreadcrumbList","@id":"https:\/\/grotta.is\/en\/handknattleiksdeild\/uppskeruhatid-handknattleiksdeildar-grottu\/#breadcrumb","itemListElement":[{"@type":"ListItem","position":1,"name":"Home","item":"https:\/\/grotta.is\/"},{"@type":"ListItem","position":2,"name":"Uppskeruh\u00e1t\u00ed\u00f0 handknattleiksdeildar Gr\u00f3ttu"}]},{"@type":"WebSite","@id":"https:\/\/grotta.is\/#website","url":"https:\/\/grotta.is\/","name":"\u00cd\u00fer\u00f3ttaf\u00e9lagi\u00f0 Gr\u00f3tta","description":"\u00e1 Seltjarnarnesi","publisher":{"@id":"https:\/\/grotta.is\/#organization"},"potentialAction":[{"@type":"SearchAction","target":{"@type":"EntryPoint","urlTemplate":"https:\/\/grotta.is\/?s={search_term_string}"},"query-input":{"@type":"PropertyValueSpecification","valueRequired":true,"valueName":"search_term_string"}}],"inLanguage":"en-US"},{"@type":"Organization","@id":"https:\/\/grotta.is\/#organization","name":"\u00cd\u00fer\u00f3ttaf\u00e9lagi\u00f0 Gr\u00f3tta","url":"https:\/\/grotta.is\/","logo":{"@type":"ImageObject","inLanguage":"en-US","@id":"https:\/\/grotta.is\/#\/schema\/logo\/image\/","url":"https:\/\/grotta.is\/wp-content\/uploads\/2020\/02\/ithrottafelagidgrotta_logo_512x512_transparent.png","contentUrl":"https:\/\/grotta.is\/wp-content\/uploads\/2020\/02\/ithrottafelagidgrotta_logo_512x512_transparent.png","width":512,"height":512,"caption":"\u00cd\u00fer\u00f3ttaf\u00e9lagi\u00f0 Gr\u00f3tta"},"image":{"@id":"https:\/\/grotta.is\/#\/schema\/logo\/image\/"},"sameAs":["https:\/\/www.facebook.com\/grottasport"]},{"@type":"Person","@id":"https:\/\/grotta.is\/#\/schema\/person\/08ec57bf09ee925f1b6a01540c14a5ce","name":"Grotta","url":"https:\/\/grotta.is\/en\/author\/inga\/"}]}},"_links":{"self":[{"href":"https:\/\/grotta.is\/en\/wp-json\/wp\/v2\/posts\/9553","targetHints":{"allow":["GET"]}}],"collection":[{"href":"https:\/\/grotta.is\/en\/wp-json\/wp\/v2\/posts"}],"about":[{"href":"https:\/\/grotta.is\/en\/wp-json\/wp\/v2\/types\/post"}],"author":[{"embeddable":true,"href":"https:\/\/grotta.is\/en\/wp-json\/wp\/v2\/users\/2"}],"replies":[{"embeddable":true,"href":"https:\/\/grotta.is\/en\/wp-json\/wp\/v2\/comments?post=9553"}],"version-history":[{"count":8,"href":"https:\/\/grotta.is\/en\/wp-json\/wp\/v2\/posts\/9553\/revisions"}],"predecessor-version":[{"id":9736,"href":"https:\/\/grotta.is\/en\/wp-json\/wp\/v2\/posts\/9553\/revisions\/9736"}],"wp:featuredmedia":[{"embeddable":true,"href":"https:\/\/grotta.is\/en\/wp-json\/wp\/v2\/media\/9569"}],"wp:attachment":[{"href":"https:\/\/grotta.is\/en\/wp-json\/wp\/v2\/media?parent=9553"}],"wp:term":[{"taxonomy":"category","embeddable":true,"href":"https:\/\/grotta.is\/en\/wp-json\/wp\/v2\/categories?post=9553"},{"taxonomy":"post_tag","embeddable":true,"href":"https:\/\/grotta.is\/en\/wp-json\/wp\/v2\/tags?post=9553"}],"curies":[{"name":"wp","href":"https:\/\/api.w.org\/{rel}","templated":true}]}}