{"id":9399,"date":"2020-06-05T15:48:22","date_gmt":"2020-06-05T15:48:22","guid":{"rendered":"https:\/\/grotta.is\/?p=9399"},"modified":"2020-06-05T16:45:53","modified_gmt":"2020-06-05T16:45:53","slug":"forskraning-fyrir-veturinn-2020-21-hafin-i-fimleikadeild-grottu","status":"publish","type":"post","link":"https:\/\/grotta.is\/en\/fimleikadeild\/forskraning-fyrir-veturinn-2020-21-hafin-i-fimleikadeild-grottu\/","title":{"rendered":"Forskr\u00e1ning fyrir veturinn 2020-21 hafin \u00ed fimleikadeild Gr\u00f3ttu"},"content":{"rendered":"<p>\u00cd dag 5. j\u00fan\u00ed hefst forskr\u00e1ning \u00ed fimleikadeild Gr\u00f3ttu fyrir veturinn 2020-2021, h\u00e6gt er a\u00f0 skr\u00e1 sig \u00e1 <a href=\"https:\/\/grotta.felog.is\">https:\/\/grotta.felog.is<\/a><\/p><p>Vi\u00f0 hvetjum ykkur til a\u00f0 skr\u00e1 i\u00f0kendur \u00ed forskr\u00e1ningu \u00fev\u00ed \u00fea\u00f0 er takmarka\u00f0 pl\u00e1ss \u00ed h\u00f3pana.<\/p><p>Greitt er <strong>10.000 kr<\/strong> skr\u00e1ningargjald me\u00f0 kreditkorti e\u00f0a grei\u00f0sluse\u00f0ill vi\u00f0 skr\u00e1ningu. Skr\u00e1ningargjaldi\u00f0 er \u00f3afturkr\u00e6ft en dregst fr\u00e1 \u00e6fingagj\u00f6ldum n\u00e6sta vetrar.<\/p><p>Athugi\u00f0 a\u00f0 bi\u00f0listinn fellur n\u00fa \u00far gildi og allir sem vilja komast a\u00f0 n\u00e6sta vetur \u00feurfa a\u00f0 forskr\u00e1 sig.<\/p><p>Eftir a\u00f0 forskr\u00e1ningu l\u00edkur ver\u00f0ur h\u00e6gt a\u00f0 skr\u00e1 \u00e1 bi\u00f0lista.<\/p><p>Skr\u00e1ning fyrir <strong>stubbafimi<\/strong> n\u00e6sta vetur hefst 15 j\u00fali og \u00fea\u00f0 ver\u00f0ur h\u00e6gt a\u00f0 skr\u00e1 sig \u00e1 <a href=\"https:\/\/grotta.felog.is\/\">https:\/\/grotta.felog.is<\/a><\/p><p>\u00de\u00e1 geta stubbar f\u00e6ddir 2016 (4 \u00e1ra), 2017 (3. \u00e1ra) og 2018 (2. \u00e1ra) skr\u00e1\u00f0 sig \u00e1 haustn\u00e1mskei\u00f0.<\/p>","protected":false},"excerpt":{"rendered":"<p>\u00cd dag 5. j\u00fan\u00ed hefst forskr\u00e1ning \u00ed fimleikadeild Gr\u00f3ttu fyrir veturinn 2020-2021. Athugi\u00f0 a\u00f0 bi\u00f0listinn fellur n\u00fa \u00far gildi og allir sem vilja komast a\u00f0 n\u00e6sta vetur \u00feurfa a\u00f0 forskr\u00e1 sig.<\/p>","protected":false},"author":2,"featured_media":935,"comment_status":"closed","ping_status":"closed","sticky":false,"template":"","format":"standard","meta":{"footnotes":""},"categories":[9],"tags":[11],"class_list":["post-9399","post","type-post","status-publish","format-standard","has-post-thumbnail","hentry","category-fimleikadeild","tag-fimleikar"],"yoast_head":"<!-- This site is optimized with the Yoast SEO plugin v24.3 - https:\/\/yoast.com\/wordpress\/plugins\/seo\/ -->\n<title>Forskr\u00e1ning fyrir veturinn 2020-21 hafin \u00ed fimleikadeild Gr\u00f3ttu - \u00cd\u00fer\u00f3ttaf\u00e9lagi\u00f0 Gr\u00f3tta<\/title>\n<meta name=\"robots\" content=\"index, follow, max-snippet:-1, max-image-preview:large, max-video-preview:-1\" \/>\n<link rel=\"canonical\" href=\"https:\/\/grotta.is\/en\/fimleikadeild\/forskraning-fyrir-veturinn-2020-21-hafin-i-fimleikadeild-grottu\/\" \/>\n<meta property=\"og:locale\" content=\"en_US\" \/>\n<meta property=\"og:type\" content=\"article\" \/>\n<meta property=\"og:title\" content=\"Forskr\u00e1ning fyrir veturinn 2020-21 hafin \u00ed fimleikadeild Gr\u00f3ttu - \u00cd\u00fer\u00f3ttaf\u00e9lagi\u00f0 Gr\u00f3tta\" \/>\n<meta property=\"og:description\" content=\"\u00cd dag 5. j\u00fan\u00ed hefst forskr\u00e1ning \u00ed fimleikadeild Gr\u00f3ttu fyrir veturinn 2020-2021. Athugi\u00f0 a\u00f0 bi\u00f0listinn fellur n\u00fa \u00far gildi og allir sem vilja komast a\u00f0 n\u00e6sta vetur \u00feurfa a\u00f0 forskr\u00e1 sig.\" \/>\n<meta property=\"og:url\" content=\"https:\/\/grotta.is\/en\/fimleikadeild\/forskraning-fyrir-veturinn-2020-21-hafin-i-fimleikadeild-grottu\/\" \/>\n<meta property=\"og:site_name\" content=\"\u00cd\u00fer\u00f3ttaf\u00e9lagi\u00f0 Gr\u00f3tta\" \/>\n<meta property=\"article:publisher\" content=\"https:\/\/www.facebook.com\/grottasport\" \/>\n<meta property=\"article:published_time\" content=\"2020-06-05T15:48:22+00:00\" \/>\n<meta property=\"article:modified_time\" content=\"2020-06-05T16:45:53+00:00\" \/>\n<meta property=\"og:image\" content=\"https:\/\/grotta.is\/wp-content\/uploads\/2020\/03\/Fimleikar_Grotta_Jolamot_2019-25.jpg\" \/>\n\t<meta property=\"og:image:width\" content=\"1846\" \/>\n\t<meta property=\"og:image:height\" content=\"1352\" \/>\n\t<meta property=\"og:image:type\" content=\"image\/jpeg\" \/>\n<meta name=\"author\" content=\"Grotta\" \/>\n<meta name=\"twitter:card\" content=\"summary_large_image\" \/>\n<meta name=\"twitter:label1\" content=\"Written by\" \/>\n\t<meta name=\"twitter:data1\" content=\"Grotta\" \/>\n\t<meta name=\"twitter:label2\" content=\"Est. reading time\" \/>\n\t<meta name=\"twitter:data2\" content=\"1 minute\" \/>\n<script type=\"application\/ld+json\" class=\"yoast-schema-graph\">{\"@context\":\"https:\/\/schema.org\",\"@graph\":[{\"@type\":\"Article\",\"@id\":\"https:\/\/grotta.is\/fimleikadeild\/forskraning-fyrir-veturinn-2020-21-hafin-i-fimleikadeild-grottu\/#article\",\"isPartOf\":{\"@id\":\"https:\/\/grotta.is\/fimleikadeild\/forskraning-fyrir-veturinn-2020-21-hafin-i-fimleikadeild-grottu\/\"},\"author\":{\"name\":\"Grotta\",\"@id\":\"https:\/\/grotta.is\/#\/schema\/person\/08ec57bf09ee925f1b6a01540c14a5ce\"},\"headline\":\"Forskr\u00e1ning fyrir veturinn 2020-21 hafin \u00ed fimleikadeild Gr\u00f3ttu\",\"datePublished\":\"2020-06-05T15:48:22+00:00\",\"dateModified\":\"2020-06-05T16:45:53+00:00\",\"mainEntityOfPage\":{\"@id\":\"https:\/\/grotta.is\/fimleikadeild\/forskraning-fyrir-veturinn-2020-21-hafin-i-fimleikadeild-grottu\/\"},\"wordCount\":147,\"publisher\":{\"@id\":\"https:\/\/grotta.is\/#organization\"},\"image\":{\"@id\":\"https:\/\/grotta.is\/fimleikadeild\/forskraning-fyrir-veturinn-2020-21-hafin-i-fimleikadeild-grottu\/#primaryimage\"},\"thumbnailUrl\":\"https:\/\/grotta.is\/wp-content\/uploads\/2020\/03\/Fimleikar_Grotta_Jolamot_2019-25.jpg\",\"keywords\":[\"Fimleikar\"],\"articleSection\":[\"Fimleikadeild\"],\"inLanguage\":\"en-US\"},{\"@type\":\"WebPage\",\"@id\":\"https:\/\/grotta.is\/fimleikadeild\/forskraning-fyrir-veturinn-2020-21-hafin-i-fimleikadeild-grottu\/\",\"url\":\"https:\/\/grotta.is\/fimleikadeild\/forskraning-fyrir-veturinn-2020-21-hafin-i-fimleikadeild-grottu\/\",\"name\":\"Forskr\u00e1ning fyrir veturinn 2020-21 hafin \u00ed fimleikadeild Gr\u00f3ttu - \u00cd\u00fer\u00f3ttaf\u00e9lagi\u00f0 Gr\u00f3tta\",\"isPartOf\":{\"@id\":\"https:\/\/grotta.is\/#website\"},\"primaryImageOfPage\":{\"@id\":\"https:\/\/grotta.is\/fimleikadeild\/forskraning-fyrir-veturinn-2020-21-hafin-i-fimleikadeild-grottu\/#primaryimage\"},\"image\":{\"@id\":\"https:\/\/grotta.is\/fimleikadeild\/forskraning-fyrir-veturinn-2020-21-hafin-i-fimleikadeild-grottu\/#primaryimage\"},\"thumbnailUrl\":\"https:\/\/grotta.is\/wp-content\/uploads\/2020\/03\/Fimleikar_Grotta_Jolamot_2019-25.jpg\",\"datePublished\":\"2020-06-05T15:48:22+00:00\",\"dateModified\":\"2020-06-05T16:45:53+00:00\",\"breadcrumb\":{\"@id\":\"https:\/\/grotta.is\/fimleikadeild\/forskraning-fyrir-veturinn-2020-21-hafin-i-fimleikadeild-grottu\/#breadcrumb\"},\"inLanguage\":\"en-US\",\"potentialAction\":[{\"@type\":\"ReadAction\",\"target\":[\"https:\/\/grotta.is\/fimleikadeild\/forskraning-fyrir-veturinn-2020-21-hafin-i-fimleikadeild-grottu\/\"]}]},{\"@type\":\"ImageObject\",\"inLanguage\":\"en-US\",\"@id\":\"https:\/\/grotta.is\/fimleikadeild\/forskraning-fyrir-veturinn-2020-21-hafin-i-fimleikadeild-grottu\/#primaryimage\",\"url\":\"https:\/\/grotta.is\/wp-content\/uploads\/2020\/03\/Fimleikar_Grotta_Jolamot_2019-25.jpg\",\"contentUrl\":\"https:\/\/grotta.is\/wp-content\/uploads\/2020\/03\/Fimleikar_Grotta_Jolamot_2019-25.jpg\",\"width\":1846,\"height\":1352},{\"@type\":\"BreadcrumbList\",\"@id\":\"https:\/\/grotta.is\/fimleikadeild\/forskraning-fyrir-veturinn-2020-21-hafin-i-fimleikadeild-grottu\/#breadcrumb\",\"itemListElement\":[{\"@type\":\"ListItem\",\"position\":1,\"name\":\"Home\",\"item\":\"https:\/\/grotta.is\/\"},{\"@type\":\"ListItem\",\"position\":2,\"name\":\"Forskr\u00e1ning fyrir veturinn 2020-21 hafin \u00ed fimleikadeild Gr\u00f3ttu\"}]},{\"@type\":\"WebSite\",\"@id\":\"https:\/\/grotta.is\/#website\",\"url\":\"https:\/\/grotta.is\/\",\"name\":\"\u00cd\u00fer\u00f3ttaf\u00e9lagi\u00f0 Gr\u00f3tta\",\"description\":\"\u00e1 Seltjarnarnesi\",\"publisher\":{\"@id\":\"https:\/\/grotta.is\/#organization\"},\"potentialAction\":[{\"@type\":\"SearchAction\",\"target\":{\"@type\":\"EntryPoint\",\"urlTemplate\":\"https:\/\/grotta.is\/?s={search_term_string}\"},\"query-input\":{\"@type\":\"PropertyValueSpecification\",\"valueRequired\":true,\"valueName\":\"search_term_string\"}}],\"inLanguage\":\"en-US\"},{\"@type\":\"Organization\",\"@id\":\"https:\/\/grotta.is\/#organization\",\"name\":\"\u00cd\u00fer\u00f3ttaf\u00e9lagi\u00f0 Gr\u00f3tta\",\"url\":\"https:\/\/grotta.is\/\",\"logo\":{\"@type\":\"ImageObject\",\"inLanguage\":\"en-US\",\"@id\":\"https:\/\/grotta.is\/#\/schema\/logo\/image\/\",\"url\":\"https:\/\/grotta.is\/wp-content\/uploads\/2020\/02\/ithrottafelagidgrotta_logo_512x512_transparent.png\",\"contentUrl\":\"https:\/\/grotta.is\/wp-content\/uploads\/2020\/02\/ithrottafelagidgrotta_logo_512x512_transparent.png\",\"width\":512,\"height\":512,\"caption\":\"\u00cd\u00fer\u00f3ttaf\u00e9lagi\u00f0 Gr\u00f3tta\"},\"image\":{\"@id\":\"https:\/\/grotta.is\/#\/schema\/logo\/image\/\"},\"sameAs\":[\"https:\/\/www.facebook.com\/grottasport\"]},{\"@type\":\"Person\",\"@id\":\"https:\/\/grotta.is\/#\/schema\/person\/08ec57bf09ee925f1b6a01540c14a5ce\",\"name\":\"Grotta\",\"url\":\"https:\/\/grotta.is\/en\/author\/inga\/\"}]}<\/script>\n<!-- \/ Yoast SEO plugin. -->","yoast_head_json":{"title":"Forskr\u00e1ning fyrir veturinn 2020-21 hafin \u00ed fimleikadeild Gr\u00f3ttu - \u00cd\u00fer\u00f3ttaf\u00e9lagi\u00f0 Gr\u00f3tta","robots":{"index":"index","follow":"follow","max-snippet":"max-snippet:-1","max-image-preview":"max-image-preview:large","max-video-preview":"max-video-preview:-1"},"canonical":"https:\/\/grotta.is\/en\/fimleikadeild\/forskraning-fyrir-veturinn-2020-21-hafin-i-fimleikadeild-grottu\/","og_locale":"en_US","og_type":"article","og_title":"Forskr\u00e1ning fyrir veturinn 2020-21 hafin \u00ed fimleikadeild Gr\u00f3ttu - \u00cd\u00fer\u00f3ttaf\u00e9lagi\u00f0 Gr\u00f3tta","og_description":"\u00cd dag 5. j\u00fan\u00ed hefst forskr\u00e1ning \u00ed fimleikadeild Gr\u00f3ttu fyrir veturinn 2020-2021. Athugi\u00f0 a\u00f0 bi\u00f0listinn fellur n\u00fa \u00far gildi og allir sem vilja komast a\u00f0 n\u00e6sta vetur \u00feurfa a\u00f0 forskr\u00e1 sig.","og_url":"https:\/\/grotta.is\/en\/fimleikadeild\/forskraning-fyrir-veturinn-2020-21-hafin-i-fimleikadeild-grottu\/","og_site_name":"\u00cd\u00fer\u00f3ttaf\u00e9lagi\u00f0 Gr\u00f3tta","article_publisher":"https:\/\/www.facebook.com\/grottasport","article_published_time":"2020-06-05T15:48:22+00:00","article_modified_time":"2020-06-05T16:45:53+00:00","og_image":[{"width":1846,"height":1352,"url":"https:\/\/grotta.is\/wp-content\/uploads\/2020\/03\/Fimleikar_Grotta_Jolamot_2019-25.jpg","type":"image\/jpeg"}],"author":"Grotta","twitter_card":"summary_large_image","twitter_misc":{"Written by":"Grotta","Est. reading time":"1 minute"},"schema":{"@context":"https:\/\/schema.org","@graph":[{"@type":"Article","@id":"https:\/\/grotta.is\/fimleikadeild\/forskraning-fyrir-veturinn-2020-21-hafin-i-fimleikadeild-grottu\/#article","isPartOf":{"@id":"https:\/\/grotta.is\/fimleikadeild\/forskraning-fyrir-veturinn-2020-21-hafin-i-fimleikadeild-grottu\/"},"author":{"name":"Grotta","@id":"https:\/\/grotta.is\/#\/schema\/person\/08ec57bf09ee925f1b6a01540c14a5ce"},"headline":"Forskr\u00e1ning fyrir veturinn 2020-21 hafin \u00ed fimleikadeild Gr\u00f3ttu","datePublished":"2020-06-05T15:48:22+00:00","dateModified":"2020-06-05T16:45:53+00:00","mainEntityOfPage":{"@id":"https:\/\/grotta.is\/fimleikadeild\/forskraning-fyrir-veturinn-2020-21-hafin-i-fimleikadeild-grottu\/"},"wordCount":147,"publisher":{"@id":"https:\/\/grotta.is\/#organization"},"image":{"@id":"https:\/\/grotta.is\/fimleikadeild\/forskraning-fyrir-veturinn-2020-21-hafin-i-fimleikadeild-grottu\/#primaryimage"},"thumbnailUrl":"https:\/\/grotta.is\/wp-content\/uploads\/2020\/03\/Fimleikar_Grotta_Jolamot_2019-25.jpg","keywords":["Fimleikar"],"articleSection":["Fimleikadeild"],"inLanguage":"en-US"},{"@type":"WebPage","@id":"https:\/\/grotta.is\/fimleikadeild\/forskraning-fyrir-veturinn-2020-21-hafin-i-fimleikadeild-grottu\/","url":"https:\/\/grotta.is\/fimleikadeild\/forskraning-fyrir-veturinn-2020-21-hafin-i-fimleikadeild-grottu\/","name":"Forskr\u00e1ning fyrir veturinn 2020-21 hafin \u00ed fimleikadeild Gr\u00f3ttu - \u00cd\u00fer\u00f3ttaf\u00e9lagi\u00f0 Gr\u00f3tta","isPartOf":{"@id":"https:\/\/grotta.is\/#website"},"primaryImageOfPage":{"@id":"https:\/\/grotta.is\/fimleikadeild\/forskraning-fyrir-veturinn-2020-21-hafin-i-fimleikadeild-grottu\/#primaryimage"},"image":{"@id":"https:\/\/grotta.is\/fimleikadeild\/forskraning-fyrir-veturinn-2020-21-hafin-i-fimleikadeild-grottu\/#primaryimage"},"thumbnailUrl":"https:\/\/grotta.is\/wp-content\/uploads\/2020\/03\/Fimleikar_Grotta_Jolamot_2019-25.jpg","datePublished":"2020-06-05T15:48:22+00:00","dateModified":"2020-06-05T16:45:53+00:00","breadcrumb":{"@id":"https:\/\/grotta.is\/fimleikadeild\/forskraning-fyrir-veturinn-2020-21-hafin-i-fimleikadeild-grottu\/#breadcrumb"},"inLanguage":"en-US","potentialAction":[{"@type":"ReadAction","target":["https:\/\/grotta.is\/fimleikadeild\/forskraning-fyrir-veturinn-2020-21-hafin-i-fimleikadeild-grottu\/"]}]},{"@type":"ImageObject","inLanguage":"en-US","@id":"https:\/\/grotta.is\/fimleikadeild\/forskraning-fyrir-veturinn-2020-21-hafin-i-fimleikadeild-grottu\/#primaryimage","url":"https:\/\/grotta.is\/wp-content\/uploads\/2020\/03\/Fimleikar_Grotta_Jolamot_2019-25.jpg","contentUrl":"https:\/\/grotta.is\/wp-content\/uploads\/2020\/03\/Fimleikar_Grotta_Jolamot_2019-25.jpg","width":1846,"height":1352},{"@type":"BreadcrumbList","@id":"https:\/\/grotta.is\/fimleikadeild\/forskraning-fyrir-veturinn-2020-21-hafin-i-fimleikadeild-grottu\/#breadcrumb","itemListElement":[{"@type":"ListItem","position":1,"name":"Home","item":"https:\/\/grotta.is\/"},{"@type":"ListItem","position":2,"name":"Forskr\u00e1ning fyrir veturinn 2020-21 hafin \u00ed fimleikadeild Gr\u00f3ttu"}]},{"@type":"WebSite","@id":"https:\/\/grotta.is\/#website","url":"https:\/\/grotta.is\/","name":"\u00cd\u00fer\u00f3ttaf\u00e9lagi\u00f0 Gr\u00f3tta","description":"\u00e1 Seltjarnarnesi","publisher":{"@id":"https:\/\/grotta.is\/#organization"},"potentialAction":[{"@type":"SearchAction","target":{"@type":"EntryPoint","urlTemplate":"https:\/\/grotta.is\/?s={search_term_string}"},"query-input":{"@type":"PropertyValueSpecification","valueRequired":true,"valueName":"search_term_string"}}],"inLanguage":"en-US"},{"@type":"Organization","@id":"https:\/\/grotta.is\/#organization","name":"\u00cd\u00fer\u00f3ttaf\u00e9lagi\u00f0 Gr\u00f3tta","url":"https:\/\/grotta.is\/","logo":{"@type":"ImageObject","inLanguage":"en-US","@id":"https:\/\/grotta.is\/#\/schema\/logo\/image\/","url":"https:\/\/grotta.is\/wp-content\/uploads\/2020\/02\/ithrottafelagidgrotta_logo_512x512_transparent.png","contentUrl":"https:\/\/grotta.is\/wp-content\/uploads\/2020\/02\/ithrottafelagidgrotta_logo_512x512_transparent.png","width":512,"height":512,"caption":"\u00cd\u00fer\u00f3ttaf\u00e9lagi\u00f0 Gr\u00f3tta"},"image":{"@id":"https:\/\/grotta.is\/#\/schema\/logo\/image\/"},"sameAs":["https:\/\/www.facebook.com\/grottasport"]},{"@type":"Person","@id":"https:\/\/grotta.is\/#\/schema\/person\/08ec57bf09ee925f1b6a01540c14a5ce","name":"Grotta","url":"https:\/\/grotta.is\/en\/author\/inga\/"}]}},"_links":{"self":[{"href":"https:\/\/grotta.is\/en\/wp-json\/wp\/v2\/posts\/9399","targetHints":{"allow":["GET"]}}],"collection":[{"href":"https:\/\/grotta.is\/en\/wp-json\/wp\/v2\/posts"}],"about":[{"href":"https:\/\/grotta.is\/en\/wp-json\/wp\/v2\/types\/post"}],"author":[{"embeddable":true,"href":"https:\/\/grotta.is\/en\/wp-json\/wp\/v2\/users\/2"}],"replies":[{"embeddable":true,"href":"https:\/\/grotta.is\/en\/wp-json\/wp\/v2\/comments?post=9399"}],"version-history":[{"count":4,"href":"https:\/\/grotta.is\/en\/wp-json\/wp\/v2\/posts\/9399\/revisions"}],"predecessor-version":[{"id":9480,"href":"https:\/\/grotta.is\/en\/wp-json\/wp\/v2\/posts\/9399\/revisions\/9480"}],"wp:featuredmedia":[{"embeddable":true,"href":"https:\/\/grotta.is\/en\/wp-json\/wp\/v2\/media\/935"}],"wp:attachment":[{"href":"https:\/\/grotta.is\/en\/wp-json\/wp\/v2\/media?parent=9399"}],"wp:term":[{"taxonomy":"category","embeddable":true,"href":"https:\/\/grotta.is\/en\/wp-json\/wp\/v2\/categories?post=9399"},{"taxonomy":"post_tag","embeddable":true,"href":"https:\/\/grotta.is\/en\/wp-json\/wp\/v2\/tags?post=9399"}],"curies":[{"name":"wp","href":"https:\/\/api.w.org\/{rel}","templated":true}]}}