{"id":9244,"date":"2016-10-31T10:24:32","date_gmt":"2016-10-31T10:24:32","guid":{"rendered":"https:\/\/grotta.is\/?p=9244"},"modified":"2020-06-12T13:02:42","modified_gmt":"2020-06-12T13:02:42","slug":"anna-ursula-adstodar-kara","status":"publish","type":"post","link":"https:\/\/grotta.is\/en\/handknattleiksdeild\/anna-ursula-adstodar-kara\/","title":{"rendered":"Anna \u00dars\u00fala a\u00f0sto\u00f0ar K\u00e1ra"},"content":{"rendered":"<p>Anna \u00dars\u00fala Gu\u00f0mundsd\u00f3ttir hefur veri\u00f0 r\u00e1\u00f0in a\u00f0sto\u00f0ar\u00fej\u00e1lfari kvennali\u00f0s Gr\u00f3ttu. \u00d6nnu \u00dars\u00falu \u00feekkja flestir sem koma a\u00f0 \u00ed\u00fer\u00f3ttum h\u00e9rlendis enda veri\u00f0 ein af m\u00e1ttarst\u00f3lpum Gr\u00f3ttuli\u00f0sins seinustu tv\u00f6 t\u00edmabilin \u00ed Ol\u00edsdeildinni. Anna var a\u00f0sto\u00f0ar\u00fej\u00e1lfari li\u00f0sins \u00ed fyrra \u00e1samt Gu\u00f0mundi \u00c1rna en mun n\u00fana koma \u00ed st\u00e6rra hlutverk \u00ed \u00feeirri vinnu. Auk \u00feess mun Anna \u00dars\u00fala draga fram sk\u00f3na eftir stutta vi\u00f0veru \u00feeirra \u00e1 sk\u00f3hillunni og leika me\u00f0 Gr\u00f3ttu n\u00e6stu tv\u00f6 keppnist\u00edmabilin.<\/p><p>Anna \u00dars\u00fala er einn reyndasti leikma\u00f0ur deildarinnar en Anna hefur leiki\u00f0 211 leiki fyrir Gr\u00f3ttu \u00e1 s\u00ednum ferli og 101 landsleik fyrir \u00cdslands h\u00f6nd. H\u00fan \u00e1tti st\u00f3ran \u00fe\u00e1tt \u00ed \u00feeim titlum sem Gr\u00f3tta hefur unni\u00f0 undanfarin tv\u00f6 \u00e1r.<\/p><blockquote class=\"wp-block-quote is-layout-flow wp-block-quote-is-layout-flow\"><p>\u201eAnna b\u00fdr yfir gr\u00ed\u00f0arlegri \u00feekkingu \u00e1 handbolta hefur g\u00f3\u00f0a yfirs\u00fdn yfir leikinn. \u00c9g er mj\u00f6g \u00e1n\u00e6g\u00f0ur me\u00f0 a\u00f0 h\u00fan haldi \u00e1fram me\u00f0 okkur, b\u00e6\u00f0i sem a\u00f0sto\u00f0ar\u00fej\u00e1lfari og leikma\u00f0ur li\u00f0sins.\u201c<\/p><cite>sag\u00f0i K\u00e1ri Gar\u00f0arsson a\u00f0al\u00fej\u00e1lfari Gr\u00f3ttu.<\/cite><\/blockquote>","protected":false},"excerpt":{"rendered":"<p>Anna \u00dars\u00fala Gu\u00f0mundsd\u00f3ttir hefur veri\u00f0 r\u00e1\u00f0in a\u00f0sto\u00f0ar\u00fej\u00e1lfari kvennali\u00f0s Gr\u00f3ttu. \u00d6nnu \u00dars\u00falu \u00feekkja flestir sem koma a\u00f0 \u00ed\u00fer\u00f3ttum h\u00e9rlendis enda veri\u00f0 ein af m\u00e1ttarst\u00f3lpum Gr\u00f3ttuli\u00f0sins seinustu tv\u00f6 t\u00edmabilin \u00ed Ol\u00edsdeildinni. <\/p>","protected":false},"author":2,"featured_media":9278,"comment_status":"closed","ping_status":"closed","sticky":false,"template":"","format":"standard","meta":{"footnotes":""},"categories":[12],"tags":[13,18,33],"class_list":["post-9244","post","type-post","status-publish","format-standard","has-post-thumbnail","hentry","category-handknattleiksdeild","tag-handbolti","tag-mfl-kvk","tag-thjalfarar"],"yoast_head":"<!-- This site is optimized with the Yoast SEO plugin v24.3 - https:\/\/yoast.com\/wordpress\/plugins\/seo\/ -->\n<title>Anna \u00dars\u00fala a\u00f0sto\u00f0ar K\u00e1ra - \u00cd\u00fer\u00f3ttaf\u00e9lagi\u00f0 Gr\u00f3tta<\/title>\n<meta name=\"robots\" content=\"index, follow, max-snippet:-1, max-image-preview:large, max-video-preview:-1\" \/>\n<link rel=\"canonical\" href=\"https:\/\/grotta.is\/en\/handknattleiksdeild\/anna-ursula-adstodar-kara\/\" \/>\n<meta property=\"og:locale\" content=\"en_US\" \/>\n<meta property=\"og:type\" content=\"article\" \/>\n<meta property=\"og:title\" content=\"Anna \u00dars\u00fala a\u00f0sto\u00f0ar K\u00e1ra - \u00cd\u00fer\u00f3ttaf\u00e9lagi\u00f0 Gr\u00f3tta\" \/>\n<meta property=\"og:description\" content=\"Anna \u00dars\u00fala Gu\u00f0mundsd\u00f3ttir hefur veri\u00f0 r\u00e1\u00f0in a\u00f0sto\u00f0ar\u00fej\u00e1lfari kvennali\u00f0s Gr\u00f3ttu. \u00d6nnu \u00dars\u00falu \u00feekkja flestir sem koma a\u00f0 \u00ed\u00fer\u00f3ttum h\u00e9rlendis enda veri\u00f0 ein af m\u00e1ttarst\u00f3lpum Gr\u00f3ttuli\u00f0sins seinustu tv\u00f6 t\u00edmabilin \u00ed Ol\u00edsdeildinni.\" \/>\n<meta property=\"og:url\" content=\"https:\/\/grotta.is\/en\/handknattleiksdeild\/anna-ursula-adstodar-kara\/\" \/>\n<meta property=\"og:site_name\" content=\"\u00cd\u00fer\u00f3ttaf\u00e9lagi\u00f0 Gr\u00f3tta\" \/>\n<meta property=\"article:publisher\" content=\"https:\/\/www.facebook.com\/grottasport\" \/>\n<meta property=\"article:published_time\" content=\"2016-10-31T10:24:32+00:00\" \/>\n<meta property=\"article:modified_time\" content=\"2020-06-12T13:02:42+00:00\" \/>\n<meta property=\"og:image\" content=\"https:\/\/grotta.is\/wp-content\/uploads\/2020\/06\/Grotta_Almennt_35.jpg\" \/>\n\t<meta property=\"og:image:width\" content=\"1600\" \/>\n\t<meta property=\"og:image:height\" content=\"1157\" \/>\n\t<meta property=\"og:image:type\" content=\"image\/jpeg\" \/>\n<meta name=\"author\" content=\"Grotta\" \/>\n<meta name=\"twitter:card\" content=\"summary_large_image\" \/>\n<meta name=\"twitter:label1\" content=\"Written by\" \/>\n\t<meta name=\"twitter:data1\" content=\"Grotta\" \/>\n\t<meta name=\"twitter:label2\" content=\"Est. reading time\" \/>\n\t<meta name=\"twitter:data2\" content=\"1 minute\" \/>\n<script type=\"application\/ld+json\" class=\"yoast-schema-graph\">{\"@context\":\"https:\/\/schema.org\",\"@graph\":[{\"@type\":\"Article\",\"@id\":\"https:\/\/grotta.is\/handknattleiksdeild\/anna-ursula-adstodar-kara\/#article\",\"isPartOf\":{\"@id\":\"https:\/\/grotta.is\/handknattleiksdeild\/anna-ursula-adstodar-kara\/\"},\"author\":{\"name\":\"Grotta\",\"@id\":\"https:\/\/grotta.is\/#\/schema\/person\/08ec57bf09ee925f1b6a01540c14a5ce\"},\"headline\":\"Anna \u00dars\u00fala a\u00f0sto\u00f0ar K\u00e1ra\",\"datePublished\":\"2016-10-31T10:24:32+00:00\",\"dateModified\":\"2020-06-12T13:02:42+00:00\",\"mainEntityOfPage\":{\"@id\":\"https:\/\/grotta.is\/handknattleiksdeild\/anna-ursula-adstodar-kara\/\"},\"wordCount\":203,\"publisher\":{\"@id\":\"https:\/\/grotta.is\/#organization\"},\"image\":{\"@id\":\"https:\/\/grotta.is\/handknattleiksdeild\/anna-ursula-adstodar-kara\/#primaryimage\"},\"thumbnailUrl\":\"https:\/\/grotta.is\/wp-content\/uploads\/2020\/06\/Grotta_Almennt_35.jpg\",\"keywords\":[\"Handbolti\",\"Mfl.kvk\",\"\u00dej\u00e1lfarar\"],\"articleSection\":[\"Handknattleiksdeild\"],\"inLanguage\":\"en-US\"},{\"@type\":\"WebPage\",\"@id\":\"https:\/\/grotta.is\/handknattleiksdeild\/anna-ursula-adstodar-kara\/\",\"url\":\"https:\/\/grotta.is\/handknattleiksdeild\/anna-ursula-adstodar-kara\/\",\"name\":\"Anna \u00dars\u00fala a\u00f0sto\u00f0ar K\u00e1ra - \u00cd\u00fer\u00f3ttaf\u00e9lagi\u00f0 Gr\u00f3tta\",\"isPartOf\":{\"@id\":\"https:\/\/grotta.is\/#website\"},\"primaryImageOfPage\":{\"@id\":\"https:\/\/grotta.is\/handknattleiksdeild\/anna-ursula-adstodar-kara\/#primaryimage\"},\"image\":{\"@id\":\"https:\/\/grotta.is\/handknattleiksdeild\/anna-ursula-adstodar-kara\/#primaryimage\"},\"thumbnailUrl\":\"https:\/\/grotta.is\/wp-content\/uploads\/2020\/06\/Grotta_Almennt_35.jpg\",\"datePublished\":\"2016-10-31T10:24:32+00:00\",\"dateModified\":\"2020-06-12T13:02:42+00:00\",\"breadcrumb\":{\"@id\":\"https:\/\/grotta.is\/handknattleiksdeild\/anna-ursula-adstodar-kara\/#breadcrumb\"},\"inLanguage\":\"en-US\",\"potentialAction\":[{\"@type\":\"ReadAction\",\"target\":[\"https:\/\/grotta.is\/handknattleiksdeild\/anna-ursula-adstodar-kara\/\"]}]},{\"@type\":\"ImageObject\",\"inLanguage\":\"en-US\",\"@id\":\"https:\/\/grotta.is\/handknattleiksdeild\/anna-ursula-adstodar-kara\/#primaryimage\",\"url\":\"https:\/\/grotta.is\/wp-content\/uploads\/2020\/06\/Grotta_Almennt_35.jpg\",\"contentUrl\":\"https:\/\/grotta.is\/wp-content\/uploads\/2020\/06\/Grotta_Almennt_35.jpg\",\"width\":1600,\"height\":1157},{\"@type\":\"BreadcrumbList\",\"@id\":\"https:\/\/grotta.is\/handknattleiksdeild\/anna-ursula-adstodar-kara\/#breadcrumb\",\"itemListElement\":[{\"@type\":\"ListItem\",\"position\":1,\"name\":\"Home\",\"item\":\"https:\/\/grotta.is\/\"},{\"@type\":\"ListItem\",\"position\":2,\"name\":\"Anna \u00dars\u00fala a\u00f0sto\u00f0ar K\u00e1ra\"}]},{\"@type\":\"WebSite\",\"@id\":\"https:\/\/grotta.is\/#website\",\"url\":\"https:\/\/grotta.is\/\",\"name\":\"\u00cd\u00fer\u00f3ttaf\u00e9lagi\u00f0 Gr\u00f3tta\",\"description\":\"\u00e1 Seltjarnarnesi\",\"publisher\":{\"@id\":\"https:\/\/grotta.is\/#organization\"},\"potentialAction\":[{\"@type\":\"SearchAction\",\"target\":{\"@type\":\"EntryPoint\",\"urlTemplate\":\"https:\/\/grotta.is\/?s={search_term_string}\"},\"query-input\":{\"@type\":\"PropertyValueSpecification\",\"valueRequired\":true,\"valueName\":\"search_term_string\"}}],\"inLanguage\":\"en-US\"},{\"@type\":\"Organization\",\"@id\":\"https:\/\/grotta.is\/#organization\",\"name\":\"\u00cd\u00fer\u00f3ttaf\u00e9lagi\u00f0 Gr\u00f3tta\",\"url\":\"https:\/\/grotta.is\/\",\"logo\":{\"@type\":\"ImageObject\",\"inLanguage\":\"en-US\",\"@id\":\"https:\/\/grotta.is\/#\/schema\/logo\/image\/\",\"url\":\"https:\/\/grotta.is\/wp-content\/uploads\/2020\/02\/ithrottafelagidgrotta_logo_512x512_transparent.png\",\"contentUrl\":\"https:\/\/grotta.is\/wp-content\/uploads\/2020\/02\/ithrottafelagidgrotta_logo_512x512_transparent.png\",\"width\":512,\"height\":512,\"caption\":\"\u00cd\u00fer\u00f3ttaf\u00e9lagi\u00f0 Gr\u00f3tta\"},\"image\":{\"@id\":\"https:\/\/grotta.is\/#\/schema\/logo\/image\/\"},\"sameAs\":[\"https:\/\/www.facebook.com\/grottasport\"]},{\"@type\":\"Person\",\"@id\":\"https:\/\/grotta.is\/#\/schema\/person\/08ec57bf09ee925f1b6a01540c14a5ce\",\"name\":\"Grotta\",\"url\":\"https:\/\/grotta.is\/en\/author\/inga\/\"}]}<\/script>\n<!-- \/ Yoast SEO plugin. -->","yoast_head_json":{"title":"Anna \u00dars\u00fala a\u00f0sto\u00f0ar K\u00e1ra - \u00cd\u00fer\u00f3ttaf\u00e9lagi\u00f0 Gr\u00f3tta","robots":{"index":"index","follow":"follow","max-snippet":"max-snippet:-1","max-image-preview":"max-image-preview:large","max-video-preview":"max-video-preview:-1"},"canonical":"https:\/\/grotta.is\/en\/handknattleiksdeild\/anna-ursula-adstodar-kara\/","og_locale":"en_US","og_type":"article","og_title":"Anna \u00dars\u00fala a\u00f0sto\u00f0ar K\u00e1ra - \u00cd\u00fer\u00f3ttaf\u00e9lagi\u00f0 Gr\u00f3tta","og_description":"Anna \u00dars\u00fala Gu\u00f0mundsd\u00f3ttir hefur veri\u00f0 r\u00e1\u00f0in a\u00f0sto\u00f0ar\u00fej\u00e1lfari kvennali\u00f0s Gr\u00f3ttu. \u00d6nnu \u00dars\u00falu \u00feekkja flestir sem koma a\u00f0 \u00ed\u00fer\u00f3ttum h\u00e9rlendis enda veri\u00f0 ein af m\u00e1ttarst\u00f3lpum Gr\u00f3ttuli\u00f0sins seinustu tv\u00f6 t\u00edmabilin \u00ed Ol\u00edsdeildinni.","og_url":"https:\/\/grotta.is\/en\/handknattleiksdeild\/anna-ursula-adstodar-kara\/","og_site_name":"\u00cd\u00fer\u00f3ttaf\u00e9lagi\u00f0 Gr\u00f3tta","article_publisher":"https:\/\/www.facebook.com\/grottasport","article_published_time":"2016-10-31T10:24:32+00:00","article_modified_time":"2020-06-12T13:02:42+00:00","og_image":[{"width":1600,"height":1157,"url":"https:\/\/grotta.is\/wp-content\/uploads\/2020\/06\/Grotta_Almennt_35.jpg","type":"image\/jpeg"}],"author":"Grotta","twitter_card":"summary_large_image","twitter_misc":{"Written by":"Grotta","Est. reading time":"1 minute"},"schema":{"@context":"https:\/\/schema.org","@graph":[{"@type":"Article","@id":"https:\/\/grotta.is\/handknattleiksdeild\/anna-ursula-adstodar-kara\/#article","isPartOf":{"@id":"https:\/\/grotta.is\/handknattleiksdeild\/anna-ursula-adstodar-kara\/"},"author":{"name":"Grotta","@id":"https:\/\/grotta.is\/#\/schema\/person\/08ec57bf09ee925f1b6a01540c14a5ce"},"headline":"Anna \u00dars\u00fala a\u00f0sto\u00f0ar K\u00e1ra","datePublished":"2016-10-31T10:24:32+00:00","dateModified":"2020-06-12T13:02:42+00:00","mainEntityOfPage":{"@id":"https:\/\/grotta.is\/handknattleiksdeild\/anna-ursula-adstodar-kara\/"},"wordCount":203,"publisher":{"@id":"https:\/\/grotta.is\/#organization"},"image":{"@id":"https:\/\/grotta.is\/handknattleiksdeild\/anna-ursula-adstodar-kara\/#primaryimage"},"thumbnailUrl":"https:\/\/grotta.is\/wp-content\/uploads\/2020\/06\/Grotta_Almennt_35.jpg","keywords":["Handbolti","Mfl.kvk","\u00dej\u00e1lfarar"],"articleSection":["Handknattleiksdeild"],"inLanguage":"en-US"},{"@type":"WebPage","@id":"https:\/\/grotta.is\/handknattleiksdeild\/anna-ursula-adstodar-kara\/","url":"https:\/\/grotta.is\/handknattleiksdeild\/anna-ursula-adstodar-kara\/","name":"Anna \u00dars\u00fala a\u00f0sto\u00f0ar K\u00e1ra - \u00cd\u00fer\u00f3ttaf\u00e9lagi\u00f0 Gr\u00f3tta","isPartOf":{"@id":"https:\/\/grotta.is\/#website"},"primaryImageOfPage":{"@id":"https:\/\/grotta.is\/handknattleiksdeild\/anna-ursula-adstodar-kara\/#primaryimage"},"image":{"@id":"https:\/\/grotta.is\/handknattleiksdeild\/anna-ursula-adstodar-kara\/#primaryimage"},"thumbnailUrl":"https:\/\/grotta.is\/wp-content\/uploads\/2020\/06\/Grotta_Almennt_35.jpg","datePublished":"2016-10-31T10:24:32+00:00","dateModified":"2020-06-12T13:02:42+00:00","breadcrumb":{"@id":"https:\/\/grotta.is\/handknattleiksdeild\/anna-ursula-adstodar-kara\/#breadcrumb"},"inLanguage":"en-US","potentialAction":[{"@type":"ReadAction","target":["https:\/\/grotta.is\/handknattleiksdeild\/anna-ursula-adstodar-kara\/"]}]},{"@type":"ImageObject","inLanguage":"en-US","@id":"https:\/\/grotta.is\/handknattleiksdeild\/anna-ursula-adstodar-kara\/#primaryimage","url":"https:\/\/grotta.is\/wp-content\/uploads\/2020\/06\/Grotta_Almennt_35.jpg","contentUrl":"https:\/\/grotta.is\/wp-content\/uploads\/2020\/06\/Grotta_Almennt_35.jpg","width":1600,"height":1157},{"@type":"BreadcrumbList","@id":"https:\/\/grotta.is\/handknattleiksdeild\/anna-ursula-adstodar-kara\/#breadcrumb","itemListElement":[{"@type":"ListItem","position":1,"name":"Home","item":"https:\/\/grotta.is\/"},{"@type":"ListItem","position":2,"name":"Anna \u00dars\u00fala a\u00f0sto\u00f0ar K\u00e1ra"}]},{"@type":"WebSite","@id":"https:\/\/grotta.is\/#website","url":"https:\/\/grotta.is\/","name":"\u00cd\u00fer\u00f3ttaf\u00e9lagi\u00f0 Gr\u00f3tta","description":"\u00e1 Seltjarnarnesi","publisher":{"@id":"https:\/\/grotta.is\/#organization"},"potentialAction":[{"@type":"SearchAction","target":{"@type":"EntryPoint","urlTemplate":"https:\/\/grotta.is\/?s={search_term_string}"},"query-input":{"@type":"PropertyValueSpecification","valueRequired":true,"valueName":"search_term_string"}}],"inLanguage":"en-US"},{"@type":"Organization","@id":"https:\/\/grotta.is\/#organization","name":"\u00cd\u00fer\u00f3ttaf\u00e9lagi\u00f0 Gr\u00f3tta","url":"https:\/\/grotta.is\/","logo":{"@type":"ImageObject","inLanguage":"en-US","@id":"https:\/\/grotta.is\/#\/schema\/logo\/image\/","url":"https:\/\/grotta.is\/wp-content\/uploads\/2020\/02\/ithrottafelagidgrotta_logo_512x512_transparent.png","contentUrl":"https:\/\/grotta.is\/wp-content\/uploads\/2020\/02\/ithrottafelagidgrotta_logo_512x512_transparent.png","width":512,"height":512,"caption":"\u00cd\u00fer\u00f3ttaf\u00e9lagi\u00f0 Gr\u00f3tta"},"image":{"@id":"https:\/\/grotta.is\/#\/schema\/logo\/image\/"},"sameAs":["https:\/\/www.facebook.com\/grottasport"]},{"@type":"Person","@id":"https:\/\/grotta.is\/#\/schema\/person\/08ec57bf09ee925f1b6a01540c14a5ce","name":"Grotta","url":"https:\/\/grotta.is\/en\/author\/inga\/"}]}},"_links":{"self":[{"href":"https:\/\/grotta.is\/en\/wp-json\/wp\/v2\/posts\/9244","targetHints":{"allow":["GET"]}}],"collection":[{"href":"https:\/\/grotta.is\/en\/wp-json\/wp\/v2\/posts"}],"about":[{"href":"https:\/\/grotta.is\/en\/wp-json\/wp\/v2\/types\/post"}],"author":[{"embeddable":true,"href":"https:\/\/grotta.is\/en\/wp-json\/wp\/v2\/users\/2"}],"replies":[{"embeddable":true,"href":"https:\/\/grotta.is\/en\/wp-json\/wp\/v2\/comments?post=9244"}],"version-history":[{"count":1,"href":"https:\/\/grotta.is\/en\/wp-json\/wp\/v2\/posts\/9244\/revisions"}],"predecessor-version":[{"id":9279,"href":"https:\/\/grotta.is\/en\/wp-json\/wp\/v2\/posts\/9244\/revisions\/9279"}],"wp:featuredmedia":[{"embeddable":true,"href":"https:\/\/grotta.is\/en\/wp-json\/wp\/v2\/media\/9278"}],"wp:attachment":[{"href":"https:\/\/grotta.is\/en\/wp-json\/wp\/v2\/media?parent=9244"}],"wp:term":[{"taxonomy":"category","embeddable":true,"href":"https:\/\/grotta.is\/en\/wp-json\/wp\/v2\/categories?post=9244"},{"taxonomy":"post_tag","embeddable":true,"href":"https:\/\/grotta.is\/en\/wp-json\/wp\/v2\/tags?post=9244"}],"curies":[{"name":"wp","href":"https:\/\/api.w.org\/{rel}","templated":true}]}}