{"id":9136,"date":"2020-06-05T10:07:11","date_gmt":"2020-06-05T10:07:11","guid":{"rendered":"https:\/\/grotta.is\/?p=9136"},"modified":"2023-12-01T15:55:18","modified_gmt":"2023-12-01T15:55:18","slug":"ithrotta-og-veislusalir-til-leigu","status":"publish","type":"post","link":"https:\/\/grotta.is\/en\/almennt\/ithrotta-og-veislusalir-til-leigu\/","title":{"rendered":"\u00cd\u00fer\u00f3tta- og veislusalir til leigu"},"content":{"rendered":"<p>\u00cd\u00fer\u00f3ttaf\u00e9lagi\u00f0 Gr\u00f3tta leigir \u00fat \u00ed\u00fer\u00f3ttasali s\u00edna til almennings eftir a\u00f0 dagskr\u00e1 f\u00e9lagsins er loki\u00f0 \u00e1 virkum kv\u00f6ldum og um helgar. Salirnir eru fr\u00e1b\u00e6rir fyrir f\u00f3tboltah\u00f3pa en einnig fyrir a\u00f0rar \u00ed\u00fer\u00f3ttir, s.s. k\u00f6rfubolta, badminton og blak. N\u00e1nari uppl\u00fdsingar um leiguver\u00f0 og lausa t\u00edma f\u00e1st hj\u00e1 <a href=\"\/en\/grotta@grotta.is\/\" target=\"_blank\" rel=\"noreferrer noopener\">grotta@grotta.is<\/a>.<\/p><p><\/p><figure class=\"wp-block-image size-large\"><img fetchpriority=\"high\" decoding=\"async\" width=\"1024\" height=\"409\" src=\"https:\/\/grotta.is\/wp-content\/uploads\/2020\/06\/Ithrottafelagid_grotta_handboltasalur_2-1024x409.jpg\" alt=\"\" class=\"wp-image-9141\" srcset=\"https:\/\/grotta.is\/wp-content\/uploads\/2020\/06\/Ithrottafelagid_grotta_handboltasalur_2-1024x409.jpg 1024w, https:\/\/grotta.is\/wp-content\/uploads\/2020\/06\/Ithrottafelagid_grotta_handboltasalur_2-300x120.jpg 300w, https:\/\/grotta.is\/wp-content\/uploads\/2020\/06\/Ithrottafelagid_grotta_handboltasalur_2-768x307.jpg 768w, https:\/\/grotta.is\/wp-content\/uploads\/2020\/06\/Ithrottafelagid_grotta_handboltasalur_2-600x240.jpg 600w, https:\/\/grotta.is\/wp-content\/uploads\/2020\/06\/Ithrottafelagid_grotta_handboltasalur_2.jpg 1500w\" sizes=\"(max-width: 1024px) 100vw, 1024px\" \/><\/figure><div style=\"height:20px\" aria-hidden=\"true\" class=\"wp-block-spacer\"><\/div><p>Vi\u00f0 bj\u00f3\u00f0um upp \u00e1 tvo st\u00f3rgl\u00e6silega sali \u00ed leigu \u00fear sem h\u00e6gt er a\u00f0 halda \u00fdmiss konar mannam\u00f3t svo sem fermingarveislur, \u00e6ttarm\u00f3t, br\u00fa\u00f0kaupsveislur, st\u00f3rafm\u00e6li og margt fleira. B\u00e1\u00f0ir salirnir eru bjartir, r\u00famg\u00f3\u00f0ir og skemmtilegir auk \u00feess sem sta\u00f0setningin er fr\u00e1b\u00e6r. <strong>Uppl\u00fdsingar fyrir b\u00f3kanir gefur Hafd\u00eds \u00ed s\u00edma 662-8289 e\u00f0a \u00ed gegnum t\u00f6lvup\u00f3st <a href=\"mailto:salur@grotta.is\">salur@grotta.is<\/a><\/strong><\/p><h4 class=\"wp-block-heading\">Vivaldisalurinn<\/h4><p>Veislusalur \u00ed vallarh\u00fasi knattspyrnudeildar Gr\u00f3ttu vi\u00f0 Vivaldiv\u00f6llinn. \u201eSalurinn tekur um 50\u201360 manns \u00ed sitjandi veislu en allt a\u00f0 90 manns \u00ed standandi veislu. Gluggarnir \u00ed salnum n\u00e1 fr\u00e1 g\u00f3lfi og upp \u00ed loft, sn\u00faa \u00ed su\u00f0ur\u00e1tt og \u00fats\u00fdni\u00f0 er gott. Salurinn hentar \u00fdmiss konar vi\u00f0bur\u00f0um: br\u00fa\u00f0kaupsveislur, fermingarveislur, afm\u00e6li, n\u00e1mskei\u00f0 og margt fleira.<\/p><ul class=\"wp-block-list\"><li>L\u00edti\u00f0 m\u00f3tt\u00f6kueldh\u00fas<\/li>\n\n<li>Hlj\u00f3\u00f0kerfi fyrir tal og t\u00f3nlist<\/li>\n\n<li>St\u00f3rt sj\u00f3nvarp<\/li>\n\n<li>Salurinn er leig\u00f0ur \u00fat \u00e1n veitinga<\/li>\n\n<li>Allt a\u00f0 60 manns \u00ed s\u00e6ti<\/li>\n\n<li>90 manns \u00ed standandi veislu<\/li><\/ul><figure class=\"wp-block-gallery has-nested-images columns-default is-cropped wp-block-gallery-1 is-layout-flex wp-block-gallery-is-layout-flex\"><figure class=\"wp-block-image size-large\"><a href=\"https:\/\/grotta.is\/wp-content\/uploads\/2020\/04\/veislusalur-gr\u00f3ttu-4-1024x683-1.jpg\"><img decoding=\"async\" width=\"1024\" height=\"683\" data-id=\"2041\" data-src=\"https:\/\/grotta.is\/wp-content\/uploads\/2020\/04\/veislusalur-gr\u00f3ttu-4-1024x683-1.jpg\" alt=\"\" class=\"wp-image-2041 lazyload\" src=\"data:image\/gif;base64,R0lGODlhAQABAAAAACH5BAEKAAEALAAAAAABAAEAAAICTAEAOw==\" style=\"--smush-placeholder-width: 1024px; --smush-placeholder-aspect-ratio: 1024\/683;\" \/><\/a><\/figure>\n\n<figure class=\"wp-block-image size-large\"><a href=\"https:\/\/grotta.is\/wp-content\/uploads\/2020\/04\/veislusalur-gr\u00f3ttu-3-1024x683-1.jpg\"><img decoding=\"async\" width=\"1024\" height=\"683\" data-id=\"2040\" data-src=\"https:\/\/grotta.is\/wp-content\/uploads\/2020\/04\/veislusalur-gr\u00f3ttu-3-1024x683-1.jpg\" alt=\"\" class=\"wp-image-2040 lazyload\" src=\"data:image\/gif;base64,R0lGODlhAQABAAAAACH5BAEKAAEALAAAAAABAAEAAAICTAEAOw==\" style=\"--smush-placeholder-width: 1024px; --smush-placeholder-aspect-ratio: 1024\/683;\" \/><\/a><\/figure>\n\n<figure class=\"wp-block-image size-large\"><a href=\"https:\/\/grotta.is\/wp-content\/uploads\/2020\/04\/veislusalur-gr\u00f3ttu-6-1024x683-1.jpg\"><img decoding=\"async\" width=\"1024\" height=\"683\" data-id=\"2043\" data-src=\"https:\/\/grotta.is\/wp-content\/uploads\/2020\/04\/veislusalur-gr\u00f3ttu-6-1024x683-1.jpg\" alt=\"\" class=\"wp-image-2043 lazyload\" src=\"data:image\/gif;base64,R0lGODlhAQABAAAAACH5BAEKAAEALAAAAAABAAEAAAICTAEAOw==\" style=\"--smush-placeholder-width: 1024px; --smush-placeholder-aspect-ratio: 1024\/683;\" \/><\/a><\/figure><\/figure><div style=\"height:20px\" aria-hidden=\"true\" class=\"wp-block-spacer\"><\/div><h4 class=\"wp-block-heading\">H\u00e1t\u00ed\u00f0arsalur Gr\u00f3ttu<\/h4><p>R\u00famg\u00f3\u00f0ur og bjartur veislusalur \u00ed \u00ed\u00fer\u00f3ttah\u00fasi Gr\u00f3ttu. Tekur um 120 manns \u00ed s\u00e6ti og allt a\u00f0 200 \u00ed standandi veislu. Salurinn er afar bjartur me\u00f0 st\u00f3rum gluggum og h\u00e1tt er til lofts. Salurinn hentar \u00fdmsum vi\u00f0bur\u00f0um svo sem fermingarveislum, br\u00fa\u00f0kaupum, \u00e6ttarm\u00f3tum, afm\u00e6lum, erfidrykkjum e\u00f0a fyrir fundi og n\u00e1mskei\u00f0.<\/p><ul class=\"wp-block-list\"><li>L\u00edti\u00f0 framrei\u00f0slueldh\u00fas<\/li>\n\n<li>Hlj\u00f3\u00f0kerfi fyrir tal og t\u00f3nlist<\/li>\n\n<li>Skj\u00e1varpi<\/li>\n\n<li>Salurinn er leig\u00f0ur \u00fat \u00e1n veitinga<\/li>\n\n<li>Barbor\u00f0 \u00ed salnum<\/li>\n\n<li>Allt a\u00f0 120 manns \u00ed s\u00e6ti<\/li>\n\n<li>200 \u00ed standandi veislu<\/li><\/ul><figure class=\"wp-block-gallery has-nested-images columns-default is-cropped wp-block-gallery-2 is-layout-flex wp-block-gallery-is-layout-flex\"><figure class=\"wp-block-image size-large\"><a href=\"https:\/\/grotta.is\/wp-content\/uploads\/2020\/04\/Salur_til_leigu_ithrottafelagid_grotta-2-1024x683-1.jpg\"><img decoding=\"async\" width=\"1024\" height=\"683\" data-id=\"1516\" data-src=\"https:\/\/grotta.is\/wp-content\/uploads\/2020\/04\/Salur_til_leigu_ithrottafelagid_grotta-2-1024x683-1.jpg\" alt=\"\" class=\"wp-image-1516 lazyload\" src=\"data:image\/gif;base64,R0lGODlhAQABAAAAACH5BAEKAAEALAAAAAABAAEAAAICTAEAOw==\" style=\"--smush-placeholder-width: 1024px; --smush-placeholder-aspect-ratio: 1024\/683;\" \/><\/a><\/figure>\n\n<figure class=\"wp-block-image size-large\"><a href=\"https:\/\/grotta.is\/wp-content\/uploads\/2020\/04\/Salur_til_leigu_ithrottafelagid_grotta-1-1024x683-1.jpg\"><img decoding=\"async\" width=\"1024\" height=\"683\" data-id=\"1515\" data-src=\"https:\/\/grotta.is\/wp-content\/uploads\/2020\/04\/Salur_til_leigu_ithrottafelagid_grotta-1-1024x683-1.jpg\" alt=\"\" class=\"wp-image-1515 lazyload\" src=\"data:image\/gif;base64,R0lGODlhAQABAAAAACH5BAEKAAEALAAAAAABAAEAAAICTAEAOw==\" style=\"--smush-placeholder-width: 1024px; --smush-placeholder-aspect-ratio: 1024\/683;\" \/><\/a><\/figure>\n\n<figure class=\"wp-block-image size-large\"><a href=\"https:\/\/grotta.is\/wp-content\/uploads\/2020\/04\/Salur_til_leigu_ithrottafelagid_grotta-5-1024x683-1.jpg\"><img decoding=\"async\" width=\"1024\" height=\"683\" data-id=\"1514\" data-src=\"https:\/\/grotta.is\/wp-content\/uploads\/2020\/04\/Salur_til_leigu_ithrottafelagid_grotta-5-1024x683-1.jpg\" alt=\"\" class=\"wp-image-1514 lazyload\" src=\"data:image\/gif;base64,R0lGODlhAQABAAAAACH5BAEKAAEALAAAAAABAAEAAAICTAEAOw==\" style=\"--smush-placeholder-width: 1024px; --smush-placeholder-aspect-ratio: 1024\/683;\" \/><\/a><\/figure><\/figure><div style=\"height:20px\" aria-hidden=\"true\" class=\"wp-block-spacer\"><\/div><h4 class=\"wp-block-heading\">Uppl\u00fdsingar fyrir b\u00f3kanir gefur Hafd\u00eds \u00ed s\u00edma 662-8289 e\u00f0a \u00ed gegnum t\u00f6lvup\u00f3st <a href=\"mailto:salur@grotta.is\">salur@grotta.is<\/a><\/h4>","protected":false},"excerpt":{"rendered":"<p>\u00cd\u00fer\u00f3ttaf\u00e9lagi\u00f0 Gr\u00f3tta leigir \u00fat \u00ed\u00fer\u00f3ttasali s\u00edna til almennings eftir a\u00f0 dagskr\u00e1 f\u00e9lagsins er loki\u00f0 \u00e1 virkum kv\u00f6ldum og um helgar. Vi\u00f0 bj\u00f3\u00f0um upp \u00e1 tvo st\u00f3rgl\u00e6silega sali \u00ed leigu \u00fear sem h\u00e6gt er a\u00f0 halda \u00fdmiss konar mannam\u00f3t svo sem fermingarveislur, \u00e6ttarm\u00f3t, br\u00fa\u00f0kaupsveislur, st\u00f3rafm\u00e6li og margt fleira.<\/p>","protected":false},"author":2,"featured_media":1516,"comment_status":"closed","ping_status":"closed","sticky":false,"template":"","format":"standard","meta":{"footnotes":""},"categories":[4],"tags":[],"class_list":["post-9136","post","type-post","status-publish","format-standard","has-post-thumbnail","hentry","category-almennt"],"yoast_head":"<!-- This site is optimized with the Yoast SEO plugin v24.3 - https:\/\/yoast.com\/wordpress\/plugins\/seo\/ -->\n<title>\u00cd\u00fer\u00f3tta- og veislusalir til leigu - \u00cd\u00fer\u00f3ttaf\u00e9lagi\u00f0 Gr\u00f3tta<\/title>\n<meta name=\"robots\" content=\"index, follow, max-snippet:-1, max-image-preview:large, max-video-preview:-1\" \/>\n<link rel=\"canonical\" href=\"https:\/\/grotta.is\/en\/almennt\/ithrotta-og-veislusalir-til-leigu\/\" \/>\n<meta property=\"og:locale\" content=\"en_US\" \/>\n<meta property=\"og:type\" content=\"article\" \/>\n<meta property=\"og:title\" content=\"\u00cd\u00fer\u00f3tta- og veislusalir til leigu - \u00cd\u00fer\u00f3ttaf\u00e9lagi\u00f0 Gr\u00f3tta\" \/>\n<meta property=\"og:description\" content=\"\u00cd\u00fer\u00f3ttaf\u00e9lagi\u00f0 Gr\u00f3tta leigir \u00fat \u00ed\u00fer\u00f3ttasali s\u00edna til almennings eftir a\u00f0 dagskr\u00e1 f\u00e9lagsins er loki\u00f0 \u00e1 virkum kv\u00f6ldum og um helgar. Vi\u00f0 bj\u00f3\u00f0um upp \u00e1 tvo st\u00f3rgl\u00e6silega sali \u00ed leigu \u00fear sem h\u00e6gt er a\u00f0 halda \u00fdmiss konar mannam\u00f3t svo sem fermingarveislur, \u00e6ttarm\u00f3t, br\u00fa\u00f0kaupsveislur, st\u00f3rafm\u00e6li og margt fleira.\" \/>\n<meta property=\"og:url\" content=\"https:\/\/grotta.is\/en\/almennt\/ithrotta-og-veislusalir-til-leigu\/\" \/>\n<meta property=\"og:site_name\" content=\"\u00cd\u00fer\u00f3ttaf\u00e9lagi\u00f0 Gr\u00f3tta\" \/>\n<meta property=\"article:publisher\" content=\"https:\/\/www.facebook.com\/grottasport\" \/>\n<meta property=\"article:published_time\" content=\"2020-06-05T10:07:11+00:00\" \/>\n<meta property=\"article:modified_time\" content=\"2023-12-01T15:55:18+00:00\" \/>\n<meta property=\"og:image\" content=\"https:\/\/grotta.is\/wp-content\/uploads\/2020\/04\/Salur_til_leigu_ithrottafelagid_grotta-2-1024x683-1.jpg\" \/>\n\t<meta property=\"og:image:width\" content=\"1024\" \/>\n\t<meta property=\"og:image:height\" content=\"683\" \/>\n\t<meta property=\"og:image:type\" content=\"image\/jpeg\" \/>\n<meta name=\"author\" content=\"Grotta\" \/>\n<meta name=\"twitter:card\" content=\"summary_large_image\" \/>\n<meta name=\"twitter:label1\" content=\"Written by\" \/>\n\t<meta name=\"twitter:data1\" content=\"Grotta\" \/>\n\t<meta name=\"twitter:label2\" content=\"Est. reading time\" \/>\n\t<meta name=\"twitter:data2\" content=\"3 minutes\" \/>\n<script type=\"application\/ld+json\" class=\"yoast-schema-graph\">{\"@context\":\"https:\/\/schema.org\",\"@graph\":[{\"@type\":\"Article\",\"@id\":\"https:\/\/grotta.is\/en\/almennt\/ithrotta-og-veislusalir-til-leigu\/#article\",\"isPartOf\":{\"@id\":\"https:\/\/grotta.is\/en\/almennt\/ithrotta-og-veislusalir-til-leigu\/\"},\"author\":{\"name\":\"Grotta\",\"@id\":\"https:\/\/grotta.is\/#\/schema\/person\/08ec57bf09ee925f1b6a01540c14a5ce\"},\"headline\":\"\u00cd\u00fer\u00f3tta- og veislusalir til leigu\",\"datePublished\":\"2020-06-05T10:07:11+00:00\",\"dateModified\":\"2023-12-01T15:55:18+00:00\",\"mainEntityOfPage\":{\"@id\":\"https:\/\/grotta.is\/en\/almennt\/ithrotta-og-veislusalir-til-leigu\/\"},\"wordCount\":347,\"publisher\":{\"@id\":\"https:\/\/grotta.is\/#organization\"},\"image\":{\"@id\":\"https:\/\/grotta.is\/en\/almennt\/ithrotta-og-veislusalir-til-leigu\/#primaryimage\"},\"thumbnailUrl\":\"https:\/\/grotta.is\/wp-content\/uploads\/2020\/04\/Salur_til_leigu_ithrottafelagid_grotta-2-1024x683-1.jpg\",\"articleSection\":[\"Almennt\"],\"inLanguage\":\"en-US\"},{\"@type\":\"WebPage\",\"@id\":\"https:\/\/grotta.is\/en\/almennt\/ithrotta-og-veislusalir-til-leigu\/\",\"url\":\"https:\/\/grotta.is\/en\/almennt\/ithrotta-og-veislusalir-til-leigu\/\",\"name\":\"\u00cd\u00fer\u00f3tta- og veislusalir til leigu - \u00cd\u00fer\u00f3ttaf\u00e9lagi\u00f0 Gr\u00f3tta\",\"isPartOf\":{\"@id\":\"https:\/\/grotta.is\/#website\"},\"primaryImageOfPage\":{\"@id\":\"https:\/\/grotta.is\/en\/almennt\/ithrotta-og-veislusalir-til-leigu\/#primaryimage\"},\"image\":{\"@id\":\"https:\/\/grotta.is\/en\/almennt\/ithrotta-og-veislusalir-til-leigu\/#primaryimage\"},\"thumbnailUrl\":\"https:\/\/grotta.is\/wp-content\/uploads\/2020\/04\/Salur_til_leigu_ithrottafelagid_grotta-2-1024x683-1.jpg\",\"datePublished\":\"2020-06-05T10:07:11+00:00\",\"dateModified\":\"2023-12-01T15:55:18+00:00\",\"breadcrumb\":{\"@id\":\"https:\/\/grotta.is\/en\/almennt\/ithrotta-og-veislusalir-til-leigu\/#breadcrumb\"},\"inLanguage\":\"en-US\",\"potentialAction\":[{\"@type\":\"ReadAction\",\"target\":[\"https:\/\/grotta.is\/en\/almennt\/ithrotta-og-veislusalir-til-leigu\/\"]}]},{\"@type\":\"ImageObject\",\"inLanguage\":\"en-US\",\"@id\":\"https:\/\/grotta.is\/en\/almennt\/ithrotta-og-veislusalir-til-leigu\/#primaryimage\",\"url\":\"https:\/\/grotta.is\/wp-content\/uploads\/2020\/04\/Salur_til_leigu_ithrottafelagid_grotta-2-1024x683-1.jpg\",\"contentUrl\":\"https:\/\/grotta.is\/wp-content\/uploads\/2020\/04\/Salur_til_leigu_ithrottafelagid_grotta-2-1024x683-1.jpg\",\"width\":1024,\"height\":683},{\"@type\":\"BreadcrumbList\",\"@id\":\"https:\/\/grotta.is\/en\/almennt\/ithrotta-og-veislusalir-til-leigu\/#breadcrumb\",\"itemListElement\":[{\"@type\":\"ListItem\",\"position\":1,\"name\":\"Home\",\"item\":\"https:\/\/grotta.is\/\"},{\"@type\":\"ListItem\",\"position\":2,\"name\":\"\u00cd\u00fer\u00f3tta- og veislusalir til leigu\"}]},{\"@type\":\"WebSite\",\"@id\":\"https:\/\/grotta.is\/#website\",\"url\":\"https:\/\/grotta.is\/\",\"name\":\"\u00cd\u00fer\u00f3ttaf\u00e9lagi\u00f0 Gr\u00f3tta\",\"description\":\"\u00e1 Seltjarnarnesi\",\"publisher\":{\"@id\":\"https:\/\/grotta.is\/#organization\"},\"potentialAction\":[{\"@type\":\"SearchAction\",\"target\":{\"@type\":\"EntryPoint\",\"urlTemplate\":\"https:\/\/grotta.is\/?s={search_term_string}\"},\"query-input\":{\"@type\":\"PropertyValueSpecification\",\"valueRequired\":true,\"valueName\":\"search_term_string\"}}],\"inLanguage\":\"en-US\"},{\"@type\":\"Organization\",\"@id\":\"https:\/\/grotta.is\/#organization\",\"name\":\"\u00cd\u00fer\u00f3ttaf\u00e9lagi\u00f0 Gr\u00f3tta\",\"url\":\"https:\/\/grotta.is\/\",\"logo\":{\"@type\":\"ImageObject\",\"inLanguage\":\"en-US\",\"@id\":\"https:\/\/grotta.is\/#\/schema\/logo\/image\/\",\"url\":\"https:\/\/grotta.is\/wp-content\/uploads\/2020\/02\/ithrottafelagidgrotta_logo_512x512_transparent.png\",\"contentUrl\":\"https:\/\/grotta.is\/wp-content\/uploads\/2020\/02\/ithrottafelagidgrotta_logo_512x512_transparent.png\",\"width\":512,\"height\":512,\"caption\":\"\u00cd\u00fer\u00f3ttaf\u00e9lagi\u00f0 Gr\u00f3tta\"},\"image\":{\"@id\":\"https:\/\/grotta.is\/#\/schema\/logo\/image\/\"},\"sameAs\":[\"https:\/\/www.facebook.com\/grottasport\"]},{\"@type\":\"Person\",\"@id\":\"https:\/\/grotta.is\/#\/schema\/person\/08ec57bf09ee925f1b6a01540c14a5ce\",\"name\":\"Grotta\",\"url\":\"https:\/\/grotta.is\/en\/author\/inga\/\"}]}<\/script>\n<!-- \/ Yoast SEO plugin. -->","yoast_head_json":{"title":"\u00cd\u00fer\u00f3tta- og veislusalir til leigu - \u00cd\u00fer\u00f3ttaf\u00e9lagi\u00f0 Gr\u00f3tta","robots":{"index":"index","follow":"follow","max-snippet":"max-snippet:-1","max-image-preview":"max-image-preview:large","max-video-preview":"max-video-preview:-1"},"canonical":"https:\/\/grotta.is\/en\/almennt\/ithrotta-og-veislusalir-til-leigu\/","og_locale":"en_US","og_type":"article","og_title":"\u00cd\u00fer\u00f3tta- og veislusalir til leigu - \u00cd\u00fer\u00f3ttaf\u00e9lagi\u00f0 Gr\u00f3tta","og_description":"\u00cd\u00fer\u00f3ttaf\u00e9lagi\u00f0 Gr\u00f3tta leigir \u00fat \u00ed\u00fer\u00f3ttasali s\u00edna til almennings eftir a\u00f0 dagskr\u00e1 f\u00e9lagsins er loki\u00f0 \u00e1 virkum kv\u00f6ldum og um helgar. Vi\u00f0 bj\u00f3\u00f0um upp \u00e1 tvo st\u00f3rgl\u00e6silega sali \u00ed leigu \u00fear sem h\u00e6gt er a\u00f0 halda \u00fdmiss konar mannam\u00f3t svo sem fermingarveislur, \u00e6ttarm\u00f3t, br\u00fa\u00f0kaupsveislur, st\u00f3rafm\u00e6li og margt fleira.","og_url":"https:\/\/grotta.is\/en\/almennt\/ithrotta-og-veislusalir-til-leigu\/","og_site_name":"\u00cd\u00fer\u00f3ttaf\u00e9lagi\u00f0 Gr\u00f3tta","article_publisher":"https:\/\/www.facebook.com\/grottasport","article_published_time":"2020-06-05T10:07:11+00:00","article_modified_time":"2023-12-01T15:55:18+00:00","og_image":[{"width":1024,"height":683,"url":"https:\/\/grotta.is\/wp-content\/uploads\/2020\/04\/Salur_til_leigu_ithrottafelagid_grotta-2-1024x683-1.jpg","type":"image\/jpeg"}],"author":"Grotta","twitter_card":"summary_large_image","twitter_misc":{"Written by":"Grotta","Est. reading time":"3 minutes"},"schema":{"@context":"https:\/\/schema.org","@graph":[{"@type":"Article","@id":"https:\/\/grotta.is\/en\/almennt\/ithrotta-og-veislusalir-til-leigu\/#article","isPartOf":{"@id":"https:\/\/grotta.is\/en\/almennt\/ithrotta-og-veislusalir-til-leigu\/"},"author":{"name":"Grotta","@id":"https:\/\/grotta.is\/#\/schema\/person\/08ec57bf09ee925f1b6a01540c14a5ce"},"headline":"\u00cd\u00fer\u00f3tta- og veislusalir til leigu","datePublished":"2020-06-05T10:07:11+00:00","dateModified":"2023-12-01T15:55:18+00:00","mainEntityOfPage":{"@id":"https:\/\/grotta.is\/en\/almennt\/ithrotta-og-veislusalir-til-leigu\/"},"wordCount":347,"publisher":{"@id":"https:\/\/grotta.is\/#organization"},"image":{"@id":"https:\/\/grotta.is\/en\/almennt\/ithrotta-og-veislusalir-til-leigu\/#primaryimage"},"thumbnailUrl":"https:\/\/grotta.is\/wp-content\/uploads\/2020\/04\/Salur_til_leigu_ithrottafelagid_grotta-2-1024x683-1.jpg","articleSection":["Almennt"],"inLanguage":"en-US"},{"@type":"WebPage","@id":"https:\/\/grotta.is\/en\/almennt\/ithrotta-og-veislusalir-til-leigu\/","url":"https:\/\/grotta.is\/en\/almennt\/ithrotta-og-veislusalir-til-leigu\/","name":"\u00cd\u00fer\u00f3tta- og veislusalir til leigu - \u00cd\u00fer\u00f3ttaf\u00e9lagi\u00f0 Gr\u00f3tta","isPartOf":{"@id":"https:\/\/grotta.is\/#website"},"primaryImageOfPage":{"@id":"https:\/\/grotta.is\/en\/almennt\/ithrotta-og-veislusalir-til-leigu\/#primaryimage"},"image":{"@id":"https:\/\/grotta.is\/en\/almennt\/ithrotta-og-veislusalir-til-leigu\/#primaryimage"},"thumbnailUrl":"https:\/\/grotta.is\/wp-content\/uploads\/2020\/04\/Salur_til_leigu_ithrottafelagid_grotta-2-1024x683-1.jpg","datePublished":"2020-06-05T10:07:11+00:00","dateModified":"2023-12-01T15:55:18+00:00","breadcrumb":{"@id":"https:\/\/grotta.is\/en\/almennt\/ithrotta-og-veislusalir-til-leigu\/#breadcrumb"},"inLanguage":"en-US","potentialAction":[{"@type":"ReadAction","target":["https:\/\/grotta.is\/en\/almennt\/ithrotta-og-veislusalir-til-leigu\/"]}]},{"@type":"ImageObject","inLanguage":"en-US","@id":"https:\/\/grotta.is\/en\/almennt\/ithrotta-og-veislusalir-til-leigu\/#primaryimage","url":"https:\/\/grotta.is\/wp-content\/uploads\/2020\/04\/Salur_til_leigu_ithrottafelagid_grotta-2-1024x683-1.jpg","contentUrl":"https:\/\/grotta.is\/wp-content\/uploads\/2020\/04\/Salur_til_leigu_ithrottafelagid_grotta-2-1024x683-1.jpg","width":1024,"height":683},{"@type":"BreadcrumbList","@id":"https:\/\/grotta.is\/en\/almennt\/ithrotta-og-veislusalir-til-leigu\/#breadcrumb","itemListElement":[{"@type":"ListItem","position":1,"name":"Home","item":"https:\/\/grotta.is\/"},{"@type":"ListItem","position":2,"name":"\u00cd\u00fer\u00f3tta- og veislusalir til leigu"}]},{"@type":"WebSite","@id":"https:\/\/grotta.is\/#website","url":"https:\/\/grotta.is\/","name":"\u00cd\u00fer\u00f3ttaf\u00e9lagi\u00f0 Gr\u00f3tta","description":"\u00e1 Seltjarnarnesi","publisher":{"@id":"https:\/\/grotta.is\/#organization"},"potentialAction":[{"@type":"SearchAction","target":{"@type":"EntryPoint","urlTemplate":"https:\/\/grotta.is\/?s={search_term_string}"},"query-input":{"@type":"PropertyValueSpecification","valueRequired":true,"valueName":"search_term_string"}}],"inLanguage":"en-US"},{"@type":"Organization","@id":"https:\/\/grotta.is\/#organization","name":"\u00cd\u00fer\u00f3ttaf\u00e9lagi\u00f0 Gr\u00f3tta","url":"https:\/\/grotta.is\/","logo":{"@type":"ImageObject","inLanguage":"en-US","@id":"https:\/\/grotta.is\/#\/schema\/logo\/image\/","url":"https:\/\/grotta.is\/wp-content\/uploads\/2020\/02\/ithrottafelagidgrotta_logo_512x512_transparent.png","contentUrl":"https:\/\/grotta.is\/wp-content\/uploads\/2020\/02\/ithrottafelagidgrotta_logo_512x512_transparent.png","width":512,"height":512,"caption":"\u00cd\u00fer\u00f3ttaf\u00e9lagi\u00f0 Gr\u00f3tta"},"image":{"@id":"https:\/\/grotta.is\/#\/schema\/logo\/image\/"},"sameAs":["https:\/\/www.facebook.com\/grottasport"]},{"@type":"Person","@id":"https:\/\/grotta.is\/#\/schema\/person\/08ec57bf09ee925f1b6a01540c14a5ce","name":"Grotta","url":"https:\/\/grotta.is\/en\/author\/inga\/"}]}},"_links":{"self":[{"href":"https:\/\/grotta.is\/en\/wp-json\/wp\/v2\/posts\/9136","targetHints":{"allow":["GET"]}}],"collection":[{"href":"https:\/\/grotta.is\/en\/wp-json\/wp\/v2\/posts"}],"about":[{"href":"https:\/\/grotta.is\/en\/wp-json\/wp\/v2\/types\/post"}],"author":[{"embeddable":true,"href":"https:\/\/grotta.is\/en\/wp-json\/wp\/v2\/users\/2"}],"replies":[{"embeddable":true,"href":"https:\/\/grotta.is\/en\/wp-json\/wp\/v2\/comments?post=9136"}],"version-history":[{"count":6,"href":"https:\/\/grotta.is\/en\/wp-json\/wp\/v2\/posts\/9136\/revisions"}],"predecessor-version":[{"id":496987,"href":"https:\/\/grotta.is\/en\/wp-json\/wp\/v2\/posts\/9136\/revisions\/496987"}],"wp:featuredmedia":[{"embeddable":true,"href":"https:\/\/grotta.is\/en\/wp-json\/wp\/v2\/media\/1516"}],"wp:attachment":[{"href":"https:\/\/grotta.is\/en\/wp-json\/wp\/v2\/media?parent=9136"}],"wp:term":[{"taxonomy":"category","embeddable":true,"href":"https:\/\/grotta.is\/en\/wp-json\/wp\/v2\/categories?post=9136"},{"taxonomy":"post_tag","embeddable":true,"href":"https:\/\/grotta.is\/en\/wp-json\/wp\/v2\/tags?post=9136"}],"curies":[{"name":"wp","href":"https:\/\/api.w.org\/{rel}","templated":true}]}}