{"id":901,"date":"2020-03-11T18:58:04","date_gmt":"2020-03-11T18:58:04","guid":{"rendered":"https:\/\/grotta.is\/?p=901"},"modified":"2020-03-11T18:58:04","modified_gmt":"2020-03-11T18:58:04","slug":"grottumot-7-flokks-karla-haldid-i-thridja-sinn-a-vivaldivellinum","status":"publish","type":"post","link":"https:\/\/grotta.is\/en\/knattspyrnudeild\/grottumot-7-flokks-karla-haldid-i-thridja-sinn-a-vivaldivellinum\/","title":{"rendered":"Gr\u00f3ttum\u00f3t 7. flokks karla haldi\u00f0 \u00ed \u00feri\u00f0ja sinn \u00e1 Vivaldivellinum"},"content":{"rendered":"<p>Gr\u00f3ttum\u00f3t 7. flokks karla var haldi\u00f0 \u00ed \u00feri\u00f0ja sinn s\u00ed\u00f0astli\u00f0inn sunnudag. S\u00f3lin skein \u00e1 Vivaldivellinum \u00feegar 250 drengir v\u00ed\u00f0svegar af landinu spilu\u00f0u f\u00f3tbolta af kappi. Gr\u00f3tta, V\u00edkingur R., KR, \u00cdR, Leiknir R., Hamar, \u00c1lftanes, Skallagr\u00edmur og KFR tefldu fram li\u00f0um \u00e1 m\u00f3tinu sem gekk vonum framar. Allir \u00fe\u00e1tttakendur f\u00f3ru gla\u00f0ir heim me\u00f0 Floridana safa, medal\u00edu og gjafabr\u00e9f \u00e1 Hamborgarafabrikkuna.<\/p><p>Benedikt Bjarnason t\u00f3k li\u00f0smyndir \u00e1 m\u00f3tinu en \u00fe\u00e6r m\u00e1 allar finna \u00e1 <a href=\"https:\/\/www.facebook.com\/pg\/grottafc\/photos\/?tab=album&amp;album_id=2620810744820286&amp;__xts__%5B0%5D=68.ARCkEVQ705s_TVw2DtKh3OjiReC9aUG1P8j54aur_6ZPus-4oeq4mDUVaubdbiQP5rT2YLVhSOwL7BhG3ejIMFxl3yiaHqJDvdXB9olXjGkTwuYDGonCXtrEWJdoXSUofilFa3ogcmOvqJEjo8aIbXzKfsBSeIuFpnRSKbpuLyWW2Ra408h8WPNYGkUyhEVzhNcXkrLAC0rgLCminLM5Z5RKBw5BwgzdOz7pA1W_Nv3gRMzifzPws06FGuq4ev8nlnwqps2HVjxf_KfvSckWYhIWJngdybn2No1cbG_u3bwMgth2Is1b4fAYFKEc7TzGZ143pOOQGh8mCNrg37iQxomGi5RHUpVdijSYvupMz_bb5ckhl8TzKjsRASpS1Jk61WagSHrrb8tj6EOd29lm_vH6q5bg4squKcbhfxXxcGqYQQIYdu2E9oE0Xe8uAeKMa4bE4RLRO2WJp__6Z9VzlMYL8g&amp;__tn__=-UC-R\">facebook s\u00ed\u00f0u knattspyrnudeildarinnar<\/a>.<\/p>","protected":false},"excerpt":{"rendered":"<p>Gr\u00f3ttum\u00f3t 7. flokks karla var haldi\u00f0 \u00ed \u00feri\u00f0ja sinn s\u00ed\u00f0astli\u00f0inn sunnudag. S\u00f3lin skein \u00e1 Vivaldivellinum \u00feegar 250 drengir v\u00ed\u00f0svegar af landinu spilu\u00f0u f\u00f3tbolta af kappi. Gr\u00f3tta, V\u00edkingur R., KR, \u00cdR, [&hellip;]<\/p>","protected":false},"author":2,"featured_media":902,"comment_status":"closed","ping_status":"closed","sticky":false,"template":"","format":"standard","meta":{"footnotes":""},"categories":[7],"tags":[6,21,15],"class_list":["post-901","post","type-post","status-publish","format-standard","has-post-thumbnail","hentry","category-knattspyrnudeild","tag-knattspyrna","tag-mot","tag-yngri-flokkar"],"yoast_head":"<!-- This site is optimized with the Yoast SEO plugin v24.3 - https:\/\/yoast.com\/wordpress\/plugins\/seo\/ -->\n<title>Gr\u00f3ttum\u00f3t 7. flokks karla haldi\u00f0 \u00ed \u00feri\u00f0ja sinn \u00e1 Vivaldivellinum - \u00cd\u00fer\u00f3ttaf\u00e9lagi\u00f0 Gr\u00f3tta<\/title>\n<meta name=\"robots\" content=\"index, follow, max-snippet:-1, max-image-preview:large, max-video-preview:-1\" \/>\n<link rel=\"canonical\" href=\"https:\/\/grotta.is\/en\/knattspyrnudeild\/grottumot-7-flokks-karla-haldid-i-thridja-sinn-a-vivaldivellinum\/\" \/>\n<meta property=\"og:locale\" content=\"en_US\" \/>\n<meta property=\"og:type\" content=\"article\" \/>\n<meta property=\"og:title\" content=\"Gr\u00f3ttum\u00f3t 7. flokks karla haldi\u00f0 \u00ed \u00feri\u00f0ja sinn \u00e1 Vivaldivellinum - \u00cd\u00fer\u00f3ttaf\u00e9lagi\u00f0 Gr\u00f3tta\" \/>\n<meta property=\"og:description\" content=\"Gr\u00f3ttum\u00f3t 7. flokks karla var haldi\u00f0 \u00ed \u00feri\u00f0ja sinn s\u00ed\u00f0astli\u00f0inn sunnudag. S\u00f3lin skein \u00e1 Vivaldivellinum \u00feegar 250 drengir v\u00ed\u00f0svegar af landinu spilu\u00f0u f\u00f3tbolta af kappi. Gr\u00f3tta, V\u00edkingur R., KR, \u00cdR, [&hellip;]\" \/>\n<meta property=\"og:url\" content=\"https:\/\/grotta.is\/en\/knattspyrnudeild\/grottumot-7-flokks-karla-haldid-i-thridja-sinn-a-vivaldivellinum\/\" \/>\n<meta property=\"og:site_name\" content=\"\u00cd\u00fer\u00f3ttaf\u00e9lagi\u00f0 Gr\u00f3tta\" \/>\n<meta property=\"article:publisher\" content=\"https:\/\/www.facebook.com\/grottasport\" \/>\n<meta property=\"article:published_time\" content=\"2020-03-11T18:58:04+00:00\" \/>\n<meta property=\"og:image\" content=\"https:\/\/grotta.is\/wp-content\/uploads\/2020\/03\/Knattspyrnudeild_grotta_Frettir_yngriflokkar_98.jpg\" \/>\n\t<meta property=\"og:image:width\" content=\"1536\" \/>\n\t<meta property=\"og:image:height\" content=\"1152\" \/>\n\t<meta property=\"og:image:type\" content=\"image\/jpeg\" \/>\n<meta name=\"author\" content=\"Grotta\" \/>\n<meta name=\"twitter:card\" content=\"summary_large_image\" \/>\n<meta name=\"twitter:label1\" content=\"Written by\" \/>\n\t<meta name=\"twitter:data1\" content=\"Grotta\" \/>\n<script type=\"application\/ld+json\" class=\"yoast-schema-graph\">{\"@context\":\"https:\/\/schema.org\",\"@graph\":[{\"@type\":\"Article\",\"@id\":\"https:\/\/grotta.is\/knattspyrnudeild\/grottumot-7-flokks-karla-haldid-i-thridja-sinn-a-vivaldivellinum\/#article\",\"isPartOf\":{\"@id\":\"https:\/\/grotta.is\/knattspyrnudeild\/grottumot-7-flokks-karla-haldid-i-thridja-sinn-a-vivaldivellinum\/\"},\"author\":{\"name\":\"Grotta\",\"@id\":\"https:\/\/grotta.is\/#\/schema\/person\/08ec57bf09ee925f1b6a01540c14a5ce\"},\"headline\":\"Gr\u00f3ttum\u00f3t 7. flokks karla haldi\u00f0 \u00ed \u00feri\u00f0ja sinn \u00e1 Vivaldivellinum\",\"datePublished\":\"2020-03-11T18:58:04+00:00\",\"dateModified\":\"2020-03-11T18:58:04+00:00\",\"mainEntityOfPage\":{\"@id\":\"https:\/\/grotta.is\/knattspyrnudeild\/grottumot-7-flokks-karla-haldid-i-thridja-sinn-a-vivaldivellinum\/\"},\"wordCount\":98,\"publisher\":{\"@id\":\"https:\/\/grotta.is\/#organization\"},\"image\":{\"@id\":\"https:\/\/grotta.is\/knattspyrnudeild\/grottumot-7-flokks-karla-haldid-i-thridja-sinn-a-vivaldivellinum\/#primaryimage\"},\"thumbnailUrl\":\"https:\/\/grotta.is\/wp-content\/uploads\/2020\/03\/Knattspyrnudeild_grotta_Frettir_yngriflokkar_98.jpg\",\"keywords\":[\"Knattspyrna\",\"M\u00f3t\",\"Yngri flokkar\"],\"articleSection\":[\"Knattspyrnudeild\"],\"inLanguage\":\"en-US\"},{\"@type\":\"WebPage\",\"@id\":\"https:\/\/grotta.is\/knattspyrnudeild\/grottumot-7-flokks-karla-haldid-i-thridja-sinn-a-vivaldivellinum\/\",\"url\":\"https:\/\/grotta.is\/knattspyrnudeild\/grottumot-7-flokks-karla-haldid-i-thridja-sinn-a-vivaldivellinum\/\",\"name\":\"Gr\u00f3ttum\u00f3t 7. flokks karla haldi\u00f0 \u00ed \u00feri\u00f0ja sinn \u00e1 Vivaldivellinum - \u00cd\u00fer\u00f3ttaf\u00e9lagi\u00f0 Gr\u00f3tta\",\"isPartOf\":{\"@id\":\"https:\/\/grotta.is\/#website\"},\"primaryImageOfPage\":{\"@id\":\"https:\/\/grotta.is\/knattspyrnudeild\/grottumot-7-flokks-karla-haldid-i-thridja-sinn-a-vivaldivellinum\/#primaryimage\"},\"image\":{\"@id\":\"https:\/\/grotta.is\/knattspyrnudeild\/grottumot-7-flokks-karla-haldid-i-thridja-sinn-a-vivaldivellinum\/#primaryimage\"},\"thumbnailUrl\":\"https:\/\/grotta.is\/wp-content\/uploads\/2020\/03\/Knattspyrnudeild_grotta_Frettir_yngriflokkar_98.jpg\",\"datePublished\":\"2020-03-11T18:58:04+00:00\",\"dateModified\":\"2020-03-11T18:58:04+00:00\",\"breadcrumb\":{\"@id\":\"https:\/\/grotta.is\/knattspyrnudeild\/grottumot-7-flokks-karla-haldid-i-thridja-sinn-a-vivaldivellinum\/#breadcrumb\"},\"inLanguage\":\"en-US\",\"potentialAction\":[{\"@type\":\"ReadAction\",\"target\":[\"https:\/\/grotta.is\/knattspyrnudeild\/grottumot-7-flokks-karla-haldid-i-thridja-sinn-a-vivaldivellinum\/\"]}]},{\"@type\":\"ImageObject\",\"inLanguage\":\"en-US\",\"@id\":\"https:\/\/grotta.is\/knattspyrnudeild\/grottumot-7-flokks-karla-haldid-i-thridja-sinn-a-vivaldivellinum\/#primaryimage\",\"url\":\"https:\/\/grotta.is\/wp-content\/uploads\/2020\/03\/Knattspyrnudeild_grotta_Frettir_yngriflokkar_98.jpg\",\"contentUrl\":\"https:\/\/grotta.is\/wp-content\/uploads\/2020\/03\/Knattspyrnudeild_grotta_Frettir_yngriflokkar_98.jpg\",\"width\":1536,\"height\":1152},{\"@type\":\"BreadcrumbList\",\"@id\":\"https:\/\/grotta.is\/knattspyrnudeild\/grottumot-7-flokks-karla-haldid-i-thridja-sinn-a-vivaldivellinum\/#breadcrumb\",\"itemListElement\":[{\"@type\":\"ListItem\",\"position\":1,\"name\":\"Home\",\"item\":\"https:\/\/grotta.is\/\"},{\"@type\":\"ListItem\",\"position\":2,\"name\":\"Gr\u00f3ttum\u00f3t 7. flokks karla haldi\u00f0 \u00ed \u00feri\u00f0ja sinn \u00e1 Vivaldivellinum\"}]},{\"@type\":\"WebSite\",\"@id\":\"https:\/\/grotta.is\/#website\",\"url\":\"https:\/\/grotta.is\/\",\"name\":\"\u00cd\u00fer\u00f3ttaf\u00e9lagi\u00f0 Gr\u00f3tta\",\"description\":\"\u00e1 Seltjarnarnesi\",\"publisher\":{\"@id\":\"https:\/\/grotta.is\/#organization\"},\"potentialAction\":[{\"@type\":\"SearchAction\",\"target\":{\"@type\":\"EntryPoint\",\"urlTemplate\":\"https:\/\/grotta.is\/?s={search_term_string}\"},\"query-input\":{\"@type\":\"PropertyValueSpecification\",\"valueRequired\":true,\"valueName\":\"search_term_string\"}}],\"inLanguage\":\"en-US\"},{\"@type\":\"Organization\",\"@id\":\"https:\/\/grotta.is\/#organization\",\"name\":\"\u00cd\u00fer\u00f3ttaf\u00e9lagi\u00f0 Gr\u00f3tta\",\"url\":\"https:\/\/grotta.is\/\",\"logo\":{\"@type\":\"ImageObject\",\"inLanguage\":\"en-US\",\"@id\":\"https:\/\/grotta.is\/#\/schema\/logo\/image\/\",\"url\":\"https:\/\/grotta.is\/wp-content\/uploads\/2020\/02\/ithrottafelagidgrotta_logo_512x512_transparent.png\",\"contentUrl\":\"https:\/\/grotta.is\/wp-content\/uploads\/2020\/02\/ithrottafelagidgrotta_logo_512x512_transparent.png\",\"width\":512,\"height\":512,\"caption\":\"\u00cd\u00fer\u00f3ttaf\u00e9lagi\u00f0 Gr\u00f3tta\"},\"image\":{\"@id\":\"https:\/\/grotta.is\/#\/schema\/logo\/image\/\"},\"sameAs\":[\"https:\/\/www.facebook.com\/grottasport\"]},{\"@type\":\"Person\",\"@id\":\"https:\/\/grotta.is\/#\/schema\/person\/08ec57bf09ee925f1b6a01540c14a5ce\",\"name\":\"Grotta\",\"url\":\"https:\/\/grotta.is\/en\/author\/inga\/\"}]}<\/script>\n<!-- \/ Yoast SEO plugin. -->","yoast_head_json":{"title":"Gr\u00f3ttum\u00f3t 7. flokks karla haldi\u00f0 \u00ed \u00feri\u00f0ja sinn \u00e1 Vivaldivellinum - \u00cd\u00fer\u00f3ttaf\u00e9lagi\u00f0 Gr\u00f3tta","robots":{"index":"index","follow":"follow","max-snippet":"max-snippet:-1","max-image-preview":"max-image-preview:large","max-video-preview":"max-video-preview:-1"},"canonical":"https:\/\/grotta.is\/en\/knattspyrnudeild\/grottumot-7-flokks-karla-haldid-i-thridja-sinn-a-vivaldivellinum\/","og_locale":"en_US","og_type":"article","og_title":"Gr\u00f3ttum\u00f3t 7. flokks karla haldi\u00f0 \u00ed \u00feri\u00f0ja sinn \u00e1 Vivaldivellinum - \u00cd\u00fer\u00f3ttaf\u00e9lagi\u00f0 Gr\u00f3tta","og_description":"Gr\u00f3ttum\u00f3t 7. flokks karla var haldi\u00f0 \u00ed \u00feri\u00f0ja sinn s\u00ed\u00f0astli\u00f0inn sunnudag. S\u00f3lin skein \u00e1 Vivaldivellinum \u00feegar 250 drengir v\u00ed\u00f0svegar af landinu spilu\u00f0u f\u00f3tbolta af kappi. Gr\u00f3tta, V\u00edkingur R., KR, \u00cdR, [&hellip;]","og_url":"https:\/\/grotta.is\/en\/knattspyrnudeild\/grottumot-7-flokks-karla-haldid-i-thridja-sinn-a-vivaldivellinum\/","og_site_name":"\u00cd\u00fer\u00f3ttaf\u00e9lagi\u00f0 Gr\u00f3tta","article_publisher":"https:\/\/www.facebook.com\/grottasport","article_published_time":"2020-03-11T18:58:04+00:00","og_image":[{"width":1536,"height":1152,"url":"https:\/\/grotta.is\/wp-content\/uploads\/2020\/03\/Knattspyrnudeild_grotta_Frettir_yngriflokkar_98.jpg","type":"image\/jpeg"}],"author":"Grotta","twitter_card":"summary_large_image","twitter_misc":{"Written by":"Grotta"},"schema":{"@context":"https:\/\/schema.org","@graph":[{"@type":"Article","@id":"https:\/\/grotta.is\/knattspyrnudeild\/grottumot-7-flokks-karla-haldid-i-thridja-sinn-a-vivaldivellinum\/#article","isPartOf":{"@id":"https:\/\/grotta.is\/knattspyrnudeild\/grottumot-7-flokks-karla-haldid-i-thridja-sinn-a-vivaldivellinum\/"},"author":{"name":"Grotta","@id":"https:\/\/grotta.is\/#\/schema\/person\/08ec57bf09ee925f1b6a01540c14a5ce"},"headline":"Gr\u00f3ttum\u00f3t 7. flokks karla haldi\u00f0 \u00ed \u00feri\u00f0ja sinn \u00e1 Vivaldivellinum","datePublished":"2020-03-11T18:58:04+00:00","dateModified":"2020-03-11T18:58:04+00:00","mainEntityOfPage":{"@id":"https:\/\/grotta.is\/knattspyrnudeild\/grottumot-7-flokks-karla-haldid-i-thridja-sinn-a-vivaldivellinum\/"},"wordCount":98,"publisher":{"@id":"https:\/\/grotta.is\/#organization"},"image":{"@id":"https:\/\/grotta.is\/knattspyrnudeild\/grottumot-7-flokks-karla-haldid-i-thridja-sinn-a-vivaldivellinum\/#primaryimage"},"thumbnailUrl":"https:\/\/grotta.is\/wp-content\/uploads\/2020\/03\/Knattspyrnudeild_grotta_Frettir_yngriflokkar_98.jpg","keywords":["Knattspyrna","M\u00f3t","Yngri flokkar"],"articleSection":["Knattspyrnudeild"],"inLanguage":"en-US"},{"@type":"WebPage","@id":"https:\/\/grotta.is\/knattspyrnudeild\/grottumot-7-flokks-karla-haldid-i-thridja-sinn-a-vivaldivellinum\/","url":"https:\/\/grotta.is\/knattspyrnudeild\/grottumot-7-flokks-karla-haldid-i-thridja-sinn-a-vivaldivellinum\/","name":"Gr\u00f3ttum\u00f3t 7. flokks karla haldi\u00f0 \u00ed \u00feri\u00f0ja sinn \u00e1 Vivaldivellinum - \u00cd\u00fer\u00f3ttaf\u00e9lagi\u00f0 Gr\u00f3tta","isPartOf":{"@id":"https:\/\/grotta.is\/#website"},"primaryImageOfPage":{"@id":"https:\/\/grotta.is\/knattspyrnudeild\/grottumot-7-flokks-karla-haldid-i-thridja-sinn-a-vivaldivellinum\/#primaryimage"},"image":{"@id":"https:\/\/grotta.is\/knattspyrnudeild\/grottumot-7-flokks-karla-haldid-i-thridja-sinn-a-vivaldivellinum\/#primaryimage"},"thumbnailUrl":"https:\/\/grotta.is\/wp-content\/uploads\/2020\/03\/Knattspyrnudeild_grotta_Frettir_yngriflokkar_98.jpg","datePublished":"2020-03-11T18:58:04+00:00","dateModified":"2020-03-11T18:58:04+00:00","breadcrumb":{"@id":"https:\/\/grotta.is\/knattspyrnudeild\/grottumot-7-flokks-karla-haldid-i-thridja-sinn-a-vivaldivellinum\/#breadcrumb"},"inLanguage":"en-US","potentialAction":[{"@type":"ReadAction","target":["https:\/\/grotta.is\/knattspyrnudeild\/grottumot-7-flokks-karla-haldid-i-thridja-sinn-a-vivaldivellinum\/"]}]},{"@type":"ImageObject","inLanguage":"en-US","@id":"https:\/\/grotta.is\/knattspyrnudeild\/grottumot-7-flokks-karla-haldid-i-thridja-sinn-a-vivaldivellinum\/#primaryimage","url":"https:\/\/grotta.is\/wp-content\/uploads\/2020\/03\/Knattspyrnudeild_grotta_Frettir_yngriflokkar_98.jpg","contentUrl":"https:\/\/grotta.is\/wp-content\/uploads\/2020\/03\/Knattspyrnudeild_grotta_Frettir_yngriflokkar_98.jpg","width":1536,"height":1152},{"@type":"BreadcrumbList","@id":"https:\/\/grotta.is\/knattspyrnudeild\/grottumot-7-flokks-karla-haldid-i-thridja-sinn-a-vivaldivellinum\/#breadcrumb","itemListElement":[{"@type":"ListItem","position":1,"name":"Home","item":"https:\/\/grotta.is\/"},{"@type":"ListItem","position":2,"name":"Gr\u00f3ttum\u00f3t 7. flokks karla haldi\u00f0 \u00ed \u00feri\u00f0ja sinn \u00e1 Vivaldivellinum"}]},{"@type":"WebSite","@id":"https:\/\/grotta.is\/#website","url":"https:\/\/grotta.is\/","name":"\u00cd\u00fer\u00f3ttaf\u00e9lagi\u00f0 Gr\u00f3tta","description":"\u00e1 Seltjarnarnesi","publisher":{"@id":"https:\/\/grotta.is\/#organization"},"potentialAction":[{"@type":"SearchAction","target":{"@type":"EntryPoint","urlTemplate":"https:\/\/grotta.is\/?s={search_term_string}"},"query-input":{"@type":"PropertyValueSpecification","valueRequired":true,"valueName":"search_term_string"}}],"inLanguage":"en-US"},{"@type":"Organization","@id":"https:\/\/grotta.is\/#organization","name":"\u00cd\u00fer\u00f3ttaf\u00e9lagi\u00f0 Gr\u00f3tta","url":"https:\/\/grotta.is\/","logo":{"@type":"ImageObject","inLanguage":"en-US","@id":"https:\/\/grotta.is\/#\/schema\/logo\/image\/","url":"https:\/\/grotta.is\/wp-content\/uploads\/2020\/02\/ithrottafelagidgrotta_logo_512x512_transparent.png","contentUrl":"https:\/\/grotta.is\/wp-content\/uploads\/2020\/02\/ithrottafelagidgrotta_logo_512x512_transparent.png","width":512,"height":512,"caption":"\u00cd\u00fer\u00f3ttaf\u00e9lagi\u00f0 Gr\u00f3tta"},"image":{"@id":"https:\/\/grotta.is\/#\/schema\/logo\/image\/"},"sameAs":["https:\/\/www.facebook.com\/grottasport"]},{"@type":"Person","@id":"https:\/\/grotta.is\/#\/schema\/person\/08ec57bf09ee925f1b6a01540c14a5ce","name":"Grotta","url":"https:\/\/grotta.is\/en\/author\/inga\/"}]}},"_links":{"self":[{"href":"https:\/\/grotta.is\/en\/wp-json\/wp\/v2\/posts\/901","targetHints":{"allow":["GET"]}}],"collection":[{"href":"https:\/\/grotta.is\/en\/wp-json\/wp\/v2\/posts"}],"about":[{"href":"https:\/\/grotta.is\/en\/wp-json\/wp\/v2\/types\/post"}],"author":[{"embeddable":true,"href":"https:\/\/grotta.is\/en\/wp-json\/wp\/v2\/users\/2"}],"replies":[{"embeddable":true,"href":"https:\/\/grotta.is\/en\/wp-json\/wp\/v2\/comments?post=901"}],"version-history":[{"count":0,"href":"https:\/\/grotta.is\/en\/wp-json\/wp\/v2\/posts\/901\/revisions"}],"wp:featuredmedia":[{"embeddable":true,"href":"https:\/\/grotta.is\/en\/wp-json\/wp\/v2\/media\/902"}],"wp:attachment":[{"href":"https:\/\/grotta.is\/en\/wp-json\/wp\/v2\/media?parent=901"}],"wp:term":[{"taxonomy":"category","embeddable":true,"href":"https:\/\/grotta.is\/en\/wp-json\/wp\/v2\/categories?post=901"},{"taxonomy":"post_tag","embeddable":true,"href":"https:\/\/grotta.is\/en\/wp-json\/wp\/v2\/tags?post=901"}],"curies":[{"name":"wp","href":"https:\/\/api.w.org\/{rel}","templated":true}]}}