{"id":8325,"date":"2017-03-19T13:25:37","date_gmt":"2017-03-19T13:25:37","guid":{"rendered":"https:\/\/grotta.is\/?p=8325"},"modified":"2020-05-27T13:28:14","modified_gmt":"2020-05-27T13:28:14","slug":"flottar-helgar-hja-5-flokki-karla","status":"publish","type":"post","link":"https:\/\/grotta.is\/en\/handknattleiksdeild\/flottar-helgar-hja-5-flokki-karla\/","title":{"rendered":"Flottar helgar hj\u00e1 5.flokki karla"},"content":{"rendered":"<p>Seinustu tv\u00e6r helgar hefur 5.flokkur karla sta\u00f0i\u00f0 \u00ed str\u00f6ngu. Yngra \u00e1r flokksins l\u00e9k \u00ed Kaplakrika \u00ed umsj\u00f3n FH-inga helgina 10. \u2013 12.mars og eldra \u00e1ri\u00f0 l\u00e9k helgina 17. \u2013 19.mars \u00ed Gar\u00f0ab\u00e6 \u00ed umsj\u00f3n Stj\u00f6rnunnar. Spilamennska drengjanna og li\u00f0anna \u00feriggja var heilt yfir mj\u00f6g g\u00f3\u00f0 \u00e1 \u00feessum tveimur m\u00f3tum.<\/p><p>Gr\u00f3tta teflir fram tveimur li\u00f0um \u00e1 yngra \u00e1ri og var anna\u00f0 li\u00f0i\u00f0 \u00ed 2. deild og hitt li\u00f0i\u00f0 \u00ed 4.deild. Gr\u00f3tta 1 l\u00e9k s\u00edna leiki \u00e1 f\u00f6studegi og laugardegi. \u00dea\u00f0 er skemmst fr\u00e1 \u00fev\u00ed a\u00f0 segja a\u00f0 allir leikir li\u00f0sins unnust og st\u00f3\u00f0 li\u00f0i\u00f0 uppi sem sigurvegari deildarinnar. Gr\u00f3tta 1 mun \u00feess vegna leika \u00ed efstu deild \u00e1 n\u00e6sta m\u00f3ti. Gr\u00f3tta 2 sem l\u00e9k \u00ed 4.deild sigra\u00f0i \u00de\u00f3r fr\u00e1 Akureyri gl\u00e6slega \u00ed fyrsta leik. N\u00e6sti leikur var gegn \u00f3gnarsterkum Haukum og muna\u00f0i h\u00e1rsbreidd a\u00f0 sigur ynnist \u00ed \u00feeim leik. N\u00e6stu tveir leikir voru \u00e1l\u00edka en \u00feeir voru gegn Stj\u00f6rnunni og aftur gegn \u00de\u00f3rsurum. \u00dev\u00ed mi\u00f0ur t\u00f6pu\u00f0ust \u00feeir en flott til\u00ferif s\u00e1ust hj\u00e1 leikm\u00f6nnum.<\/p><p>Gr\u00f3tta tefldi fram einu li\u00f0 \u00e1 eldra n\u00fana um helgina. Li\u00f0i\u00f0 l\u00e9k \u00ed 2.deild og eftir fr\u00e1b\u00e6ra frammist\u00f6\u00f0u \u00fear sem li\u00f0i\u00f0 l\u00e9k sk\u00ednandi handbolta \u00e1 k\u00f6flum, \u00fe\u00e1 st\u00f3\u00f0 li\u00f0i\u00f0 uppi sem sigurvegari deildarinnar. Li\u00f0i\u00f0 staldra\u00f0i \u00fev\u00ed stutt vi\u00f0 \u00ed 2.deildinni og leikur \u00fev\u00ed aftur \u00e1 me\u00f0al 5 bestu li\u00f0a landsins \u00e1 n\u00e6sta m\u00f3ti.<\/p><p>Eins og \u00e1\u00f0ur hefur komi\u00f0 fram st\u00f3\u00f0u drengirnir sig vel um helgina. \u00dea\u00f0 sem var einkar gle\u00f0ilegt var leikgle\u00f0i og bar\u00e1tta skein \u00far andlitum leikmanna. \u00dea\u00f0 ver\u00f0ur \u00fev\u00ed gaman a\u00f0 fylgjast me\u00f0 str\u00e1kunum \u00e1 n\u00e6sta m\u00f3ti en yngra \u00e1ri\u00f0 r\u00ed\u00f0ur \u00e1 va\u00f0i\u00f0 \u00e1 \u00cdsafir\u00f0i og Bolungarv\u00edk \u00ed lok apr\u00edl og eldra \u00e1ri\u00f0 a\u00f0 Hl\u00ed\u00f0arenda \u00ed byrjun ma\u00ed.<\/p><figure class=\"wp-block-image size-large\"><img fetchpriority=\"high\" decoding=\"async\" width=\"1024\" height=\"768\" src=\"https:\/\/grotta.is\/wp-content\/uploads\/2020\/05\/Grotta_Handbolti_06-1024x768.jpg\" alt=\"\" class=\"wp-image-8327\" srcset=\"https:\/\/grotta.is\/wp-content\/uploads\/2020\/05\/Grotta_Handbolti_06-1024x768.jpg 1024w, https:\/\/grotta.is\/wp-content\/uploads\/2020\/05\/Grotta_Handbolti_06-300x225.jpg 300w, https:\/\/grotta.is\/wp-content\/uploads\/2020\/05\/Grotta_Handbolti_06-768x576.jpg 768w, https:\/\/grotta.is\/wp-content\/uploads\/2020\/05\/Grotta_Handbolti_06-1536x1152.jpg 1536w, https:\/\/grotta.is\/wp-content\/uploads\/2020\/05\/Grotta_Handbolti_06-600x450.jpg 600w, https:\/\/grotta.is\/wp-content\/uploads\/2020\/05\/Grotta_Handbolti_06.jpg 2048w\" sizes=\"(max-width: 1024px) 100vw, 1024px\" \/><\/figure>","protected":false},"excerpt":{"rendered":"<p>Seinustu tv\u00e6r helgar hefur 5.flokkur karla sta\u00f0i\u00f0 \u00ed str\u00f6ngu. Yngra \u00e1r flokksins l\u00e9k \u00ed Kaplakrika \u00ed umsj\u00f3n FH-inga helgina 10. \u2013 12.mars og eldra \u00e1ri\u00f0 l\u00e9k helgina 17. \u2013 19.mars \u00ed Gar\u00f0ab\u00e6 \u00ed umsj\u00f3n Stj\u00f6rnunnar. Spilamennska drengjanna og li\u00f0anna \u00feriggja var heilt yfir mj\u00f6g g\u00f3\u00f0 \u00e1 \u00feessum tveimur m\u00f3tum.<\/p>","protected":false},"author":2,"featured_media":8328,"comment_status":"closed","ping_status":"closed","sticky":false,"template":"","format":"standard","meta":{"footnotes":""},"categories":[12],"tags":[13,15],"class_list":["post-8325","post","type-post","status-publish","format-standard","has-post-thumbnail","hentry","category-handknattleiksdeild","tag-handbolti","tag-yngri-flokkar"],"yoast_head":"<!-- This site is optimized with the Yoast SEO plugin v24.3 - https:\/\/yoast.com\/wordpress\/plugins\/seo\/ -->\n<title>Flottar helgar hj\u00e1 5.flokki karla - \u00cd\u00fer\u00f3ttaf\u00e9lagi\u00f0 Gr\u00f3tta<\/title>\n<meta name=\"robots\" content=\"index, follow, max-snippet:-1, max-image-preview:large, max-video-preview:-1\" \/>\n<link rel=\"canonical\" href=\"https:\/\/grotta.is\/en\/handknattleiksdeild\/flottar-helgar-hja-5-flokki-karla\/\" \/>\n<meta property=\"og:locale\" content=\"en_US\" \/>\n<meta property=\"og:type\" content=\"article\" \/>\n<meta property=\"og:title\" content=\"Flottar helgar hj\u00e1 5.flokki karla - \u00cd\u00fer\u00f3ttaf\u00e9lagi\u00f0 Gr\u00f3tta\" \/>\n<meta property=\"og:description\" content=\"Seinustu tv\u00e6r helgar hefur 5.flokkur karla sta\u00f0i\u00f0 \u00ed str\u00f6ngu. Yngra \u00e1r flokksins l\u00e9k \u00ed Kaplakrika \u00ed umsj\u00f3n FH-inga helgina 10. \u2013 12.mars og eldra \u00e1ri\u00f0 l\u00e9k helgina 17. \u2013 19.mars \u00ed Gar\u00f0ab\u00e6 \u00ed umsj\u00f3n Stj\u00f6rnunnar. Spilamennska drengjanna og li\u00f0anna \u00feriggja var heilt yfir mj\u00f6g g\u00f3\u00f0 \u00e1 \u00feessum tveimur m\u00f3tum.\" \/>\n<meta property=\"og:url\" content=\"https:\/\/grotta.is\/en\/handknattleiksdeild\/flottar-helgar-hja-5-flokki-karla\/\" \/>\n<meta property=\"og:site_name\" content=\"\u00cd\u00fer\u00f3ttaf\u00e9lagi\u00f0 Gr\u00f3tta\" \/>\n<meta property=\"article:publisher\" content=\"https:\/\/www.facebook.com\/grottasport\" \/>\n<meta property=\"article:published_time\" content=\"2017-03-19T13:25:37+00:00\" \/>\n<meta property=\"article:modified_time\" content=\"2020-05-27T13:28:14+00:00\" \/>\n<meta property=\"og:image\" content=\"https:\/\/grotta.is\/wp-content\/uploads\/2020\/05\/Grotta_Handbolti_07.jpg\" \/>\n\t<meta property=\"og:image:width\" content=\"1280\" \/>\n\t<meta property=\"og:image:height\" content=\"853\" \/>\n\t<meta property=\"og:image:type\" content=\"image\/jpeg\" \/>\n<meta name=\"author\" content=\"Grotta\" \/>\n<meta name=\"twitter:card\" content=\"summary_large_image\" \/>\n<meta name=\"twitter:label1\" content=\"Written by\" \/>\n\t<meta name=\"twitter:data1\" content=\"Grotta\" \/>\n\t<meta name=\"twitter:label2\" content=\"Est. reading time\" \/>\n\t<meta name=\"twitter:data2\" content=\"2 minutes\" \/>\n<script type=\"application\/ld+json\" class=\"yoast-schema-graph\">{\"@context\":\"https:\/\/schema.org\",\"@graph\":[{\"@type\":\"Article\",\"@id\":\"https:\/\/grotta.is\/handknattleiksdeild\/flottar-helgar-hja-5-flokki-karla\/#article\",\"isPartOf\":{\"@id\":\"https:\/\/grotta.is\/handknattleiksdeild\/flottar-helgar-hja-5-flokki-karla\/\"},\"author\":{\"name\":\"Grotta\",\"@id\":\"https:\/\/grotta.is\/#\/schema\/person\/08ec57bf09ee925f1b6a01540c14a5ce\"},\"headline\":\"Flottar helgar hj\u00e1 5.flokki karla\",\"datePublished\":\"2017-03-19T13:25:37+00:00\",\"dateModified\":\"2020-05-27T13:28:14+00:00\",\"mainEntityOfPage\":{\"@id\":\"https:\/\/grotta.is\/handknattleiksdeild\/flottar-helgar-hja-5-flokki-karla\/\"},\"wordCount\":314,\"publisher\":{\"@id\":\"https:\/\/grotta.is\/#organization\"},\"image\":{\"@id\":\"https:\/\/grotta.is\/handknattleiksdeild\/flottar-helgar-hja-5-flokki-karla\/#primaryimage\"},\"thumbnailUrl\":\"https:\/\/grotta.is\/wp-content\/uploads\/2020\/05\/Grotta_Handbolti_07.jpg\",\"keywords\":[\"Handbolti\",\"Yngri flokkar\"],\"articleSection\":[\"Handknattleiksdeild\"],\"inLanguage\":\"en-US\"},{\"@type\":\"WebPage\",\"@id\":\"https:\/\/grotta.is\/handknattleiksdeild\/flottar-helgar-hja-5-flokki-karla\/\",\"url\":\"https:\/\/grotta.is\/handknattleiksdeild\/flottar-helgar-hja-5-flokki-karla\/\",\"name\":\"Flottar helgar hj\u00e1 5.flokki karla - \u00cd\u00fer\u00f3ttaf\u00e9lagi\u00f0 Gr\u00f3tta\",\"isPartOf\":{\"@id\":\"https:\/\/grotta.is\/#website\"},\"primaryImageOfPage\":{\"@id\":\"https:\/\/grotta.is\/handknattleiksdeild\/flottar-helgar-hja-5-flokki-karla\/#primaryimage\"},\"image\":{\"@id\":\"https:\/\/grotta.is\/handknattleiksdeild\/flottar-helgar-hja-5-flokki-karla\/#primaryimage\"},\"thumbnailUrl\":\"https:\/\/grotta.is\/wp-content\/uploads\/2020\/05\/Grotta_Handbolti_07.jpg\",\"datePublished\":\"2017-03-19T13:25:37+00:00\",\"dateModified\":\"2020-05-27T13:28:14+00:00\",\"breadcrumb\":{\"@id\":\"https:\/\/grotta.is\/handknattleiksdeild\/flottar-helgar-hja-5-flokki-karla\/#breadcrumb\"},\"inLanguage\":\"en-US\",\"potentialAction\":[{\"@type\":\"ReadAction\",\"target\":[\"https:\/\/grotta.is\/handknattleiksdeild\/flottar-helgar-hja-5-flokki-karla\/\"]}]},{\"@type\":\"ImageObject\",\"inLanguage\":\"en-US\",\"@id\":\"https:\/\/grotta.is\/handknattleiksdeild\/flottar-helgar-hja-5-flokki-karla\/#primaryimage\",\"url\":\"https:\/\/grotta.is\/wp-content\/uploads\/2020\/05\/Grotta_Handbolti_07.jpg\",\"contentUrl\":\"https:\/\/grotta.is\/wp-content\/uploads\/2020\/05\/Grotta_Handbolti_07.jpg\",\"width\":1280,\"height\":853},{\"@type\":\"BreadcrumbList\",\"@id\":\"https:\/\/grotta.is\/handknattleiksdeild\/flottar-helgar-hja-5-flokki-karla\/#breadcrumb\",\"itemListElement\":[{\"@type\":\"ListItem\",\"position\":1,\"name\":\"Home\",\"item\":\"https:\/\/grotta.is\/\"},{\"@type\":\"ListItem\",\"position\":2,\"name\":\"Flottar helgar hj\u00e1 5.flokki karla\"}]},{\"@type\":\"WebSite\",\"@id\":\"https:\/\/grotta.is\/#website\",\"url\":\"https:\/\/grotta.is\/\",\"name\":\"\u00cd\u00fer\u00f3ttaf\u00e9lagi\u00f0 Gr\u00f3tta\",\"description\":\"\u00e1 Seltjarnarnesi\",\"publisher\":{\"@id\":\"https:\/\/grotta.is\/#organization\"},\"potentialAction\":[{\"@type\":\"SearchAction\",\"target\":{\"@type\":\"EntryPoint\",\"urlTemplate\":\"https:\/\/grotta.is\/?s={search_term_string}\"},\"query-input\":{\"@type\":\"PropertyValueSpecification\",\"valueRequired\":true,\"valueName\":\"search_term_string\"}}],\"inLanguage\":\"en-US\"},{\"@type\":\"Organization\",\"@id\":\"https:\/\/grotta.is\/#organization\",\"name\":\"\u00cd\u00fer\u00f3ttaf\u00e9lagi\u00f0 Gr\u00f3tta\",\"url\":\"https:\/\/grotta.is\/\",\"logo\":{\"@type\":\"ImageObject\",\"inLanguage\":\"en-US\",\"@id\":\"https:\/\/grotta.is\/#\/schema\/logo\/image\/\",\"url\":\"https:\/\/grotta.is\/wp-content\/uploads\/2020\/02\/ithrottafelagidgrotta_logo_512x512_transparent.png\",\"contentUrl\":\"https:\/\/grotta.is\/wp-content\/uploads\/2020\/02\/ithrottafelagidgrotta_logo_512x512_transparent.png\",\"width\":512,\"height\":512,\"caption\":\"\u00cd\u00fer\u00f3ttaf\u00e9lagi\u00f0 Gr\u00f3tta\"},\"image\":{\"@id\":\"https:\/\/grotta.is\/#\/schema\/logo\/image\/\"},\"sameAs\":[\"https:\/\/www.facebook.com\/grottasport\"]},{\"@type\":\"Person\",\"@id\":\"https:\/\/grotta.is\/#\/schema\/person\/08ec57bf09ee925f1b6a01540c14a5ce\",\"name\":\"Grotta\",\"url\":\"https:\/\/grotta.is\/en\/author\/inga\/\"}]}<\/script>\n<!-- \/ Yoast SEO plugin. -->","yoast_head_json":{"title":"Flottar helgar hj\u00e1 5.flokki karla - \u00cd\u00fer\u00f3ttaf\u00e9lagi\u00f0 Gr\u00f3tta","robots":{"index":"index","follow":"follow","max-snippet":"max-snippet:-1","max-image-preview":"max-image-preview:large","max-video-preview":"max-video-preview:-1"},"canonical":"https:\/\/grotta.is\/en\/handknattleiksdeild\/flottar-helgar-hja-5-flokki-karla\/","og_locale":"en_US","og_type":"article","og_title":"Flottar helgar hj\u00e1 5.flokki karla - \u00cd\u00fer\u00f3ttaf\u00e9lagi\u00f0 Gr\u00f3tta","og_description":"Seinustu tv\u00e6r helgar hefur 5.flokkur karla sta\u00f0i\u00f0 \u00ed str\u00f6ngu. Yngra \u00e1r flokksins l\u00e9k \u00ed Kaplakrika \u00ed umsj\u00f3n FH-inga helgina 10. \u2013 12.mars og eldra \u00e1ri\u00f0 l\u00e9k helgina 17. \u2013 19.mars \u00ed Gar\u00f0ab\u00e6 \u00ed umsj\u00f3n Stj\u00f6rnunnar. Spilamennska drengjanna og li\u00f0anna \u00feriggja var heilt yfir mj\u00f6g g\u00f3\u00f0 \u00e1 \u00feessum tveimur m\u00f3tum.","og_url":"https:\/\/grotta.is\/en\/handknattleiksdeild\/flottar-helgar-hja-5-flokki-karla\/","og_site_name":"\u00cd\u00fer\u00f3ttaf\u00e9lagi\u00f0 Gr\u00f3tta","article_publisher":"https:\/\/www.facebook.com\/grottasport","article_published_time":"2017-03-19T13:25:37+00:00","article_modified_time":"2020-05-27T13:28:14+00:00","og_image":[{"width":1280,"height":853,"url":"https:\/\/grotta.is\/wp-content\/uploads\/2020\/05\/Grotta_Handbolti_07.jpg","type":"image\/jpeg"}],"author":"Grotta","twitter_card":"summary_large_image","twitter_misc":{"Written by":"Grotta","Est. reading time":"2 minutes"},"schema":{"@context":"https:\/\/schema.org","@graph":[{"@type":"Article","@id":"https:\/\/grotta.is\/handknattleiksdeild\/flottar-helgar-hja-5-flokki-karla\/#article","isPartOf":{"@id":"https:\/\/grotta.is\/handknattleiksdeild\/flottar-helgar-hja-5-flokki-karla\/"},"author":{"name":"Grotta","@id":"https:\/\/grotta.is\/#\/schema\/person\/08ec57bf09ee925f1b6a01540c14a5ce"},"headline":"Flottar helgar hj\u00e1 5.flokki karla","datePublished":"2017-03-19T13:25:37+00:00","dateModified":"2020-05-27T13:28:14+00:00","mainEntityOfPage":{"@id":"https:\/\/grotta.is\/handknattleiksdeild\/flottar-helgar-hja-5-flokki-karla\/"},"wordCount":314,"publisher":{"@id":"https:\/\/grotta.is\/#organization"},"image":{"@id":"https:\/\/grotta.is\/handknattleiksdeild\/flottar-helgar-hja-5-flokki-karla\/#primaryimage"},"thumbnailUrl":"https:\/\/grotta.is\/wp-content\/uploads\/2020\/05\/Grotta_Handbolti_07.jpg","keywords":["Handbolti","Yngri flokkar"],"articleSection":["Handknattleiksdeild"],"inLanguage":"en-US"},{"@type":"WebPage","@id":"https:\/\/grotta.is\/handknattleiksdeild\/flottar-helgar-hja-5-flokki-karla\/","url":"https:\/\/grotta.is\/handknattleiksdeild\/flottar-helgar-hja-5-flokki-karla\/","name":"Flottar helgar hj\u00e1 5.flokki karla - \u00cd\u00fer\u00f3ttaf\u00e9lagi\u00f0 Gr\u00f3tta","isPartOf":{"@id":"https:\/\/grotta.is\/#website"},"primaryImageOfPage":{"@id":"https:\/\/grotta.is\/handknattleiksdeild\/flottar-helgar-hja-5-flokki-karla\/#primaryimage"},"image":{"@id":"https:\/\/grotta.is\/handknattleiksdeild\/flottar-helgar-hja-5-flokki-karla\/#primaryimage"},"thumbnailUrl":"https:\/\/grotta.is\/wp-content\/uploads\/2020\/05\/Grotta_Handbolti_07.jpg","datePublished":"2017-03-19T13:25:37+00:00","dateModified":"2020-05-27T13:28:14+00:00","breadcrumb":{"@id":"https:\/\/grotta.is\/handknattleiksdeild\/flottar-helgar-hja-5-flokki-karla\/#breadcrumb"},"inLanguage":"en-US","potentialAction":[{"@type":"ReadAction","target":["https:\/\/grotta.is\/handknattleiksdeild\/flottar-helgar-hja-5-flokki-karla\/"]}]},{"@type":"ImageObject","inLanguage":"en-US","@id":"https:\/\/grotta.is\/handknattleiksdeild\/flottar-helgar-hja-5-flokki-karla\/#primaryimage","url":"https:\/\/grotta.is\/wp-content\/uploads\/2020\/05\/Grotta_Handbolti_07.jpg","contentUrl":"https:\/\/grotta.is\/wp-content\/uploads\/2020\/05\/Grotta_Handbolti_07.jpg","width":1280,"height":853},{"@type":"BreadcrumbList","@id":"https:\/\/grotta.is\/handknattleiksdeild\/flottar-helgar-hja-5-flokki-karla\/#breadcrumb","itemListElement":[{"@type":"ListItem","position":1,"name":"Home","item":"https:\/\/grotta.is\/"},{"@type":"ListItem","position":2,"name":"Flottar helgar hj\u00e1 5.flokki karla"}]},{"@type":"WebSite","@id":"https:\/\/grotta.is\/#website","url":"https:\/\/grotta.is\/","name":"\u00cd\u00fer\u00f3ttaf\u00e9lagi\u00f0 Gr\u00f3tta","description":"\u00e1 Seltjarnarnesi","publisher":{"@id":"https:\/\/grotta.is\/#organization"},"potentialAction":[{"@type":"SearchAction","target":{"@type":"EntryPoint","urlTemplate":"https:\/\/grotta.is\/?s={search_term_string}"},"query-input":{"@type":"PropertyValueSpecification","valueRequired":true,"valueName":"search_term_string"}}],"inLanguage":"en-US"},{"@type":"Organization","@id":"https:\/\/grotta.is\/#organization","name":"\u00cd\u00fer\u00f3ttaf\u00e9lagi\u00f0 Gr\u00f3tta","url":"https:\/\/grotta.is\/","logo":{"@type":"ImageObject","inLanguage":"en-US","@id":"https:\/\/grotta.is\/#\/schema\/logo\/image\/","url":"https:\/\/grotta.is\/wp-content\/uploads\/2020\/02\/ithrottafelagidgrotta_logo_512x512_transparent.png","contentUrl":"https:\/\/grotta.is\/wp-content\/uploads\/2020\/02\/ithrottafelagidgrotta_logo_512x512_transparent.png","width":512,"height":512,"caption":"\u00cd\u00fer\u00f3ttaf\u00e9lagi\u00f0 Gr\u00f3tta"},"image":{"@id":"https:\/\/grotta.is\/#\/schema\/logo\/image\/"},"sameAs":["https:\/\/www.facebook.com\/grottasport"]},{"@type":"Person","@id":"https:\/\/grotta.is\/#\/schema\/person\/08ec57bf09ee925f1b6a01540c14a5ce","name":"Grotta","url":"https:\/\/grotta.is\/en\/author\/inga\/"}]}},"_links":{"self":[{"href":"https:\/\/grotta.is\/en\/wp-json\/wp\/v2\/posts\/8325","targetHints":{"allow":["GET"]}}],"collection":[{"href":"https:\/\/grotta.is\/en\/wp-json\/wp\/v2\/posts"}],"about":[{"href":"https:\/\/grotta.is\/en\/wp-json\/wp\/v2\/types\/post"}],"author":[{"embeddable":true,"href":"https:\/\/grotta.is\/en\/wp-json\/wp\/v2\/users\/2"}],"replies":[{"embeddable":true,"href":"https:\/\/grotta.is\/en\/wp-json\/wp\/v2\/comments?post=8325"}],"version-history":[{"count":1,"href":"https:\/\/grotta.is\/en\/wp-json\/wp\/v2\/posts\/8325\/revisions"}],"predecessor-version":[{"id":8329,"href":"https:\/\/grotta.is\/en\/wp-json\/wp\/v2\/posts\/8325\/revisions\/8329"}],"wp:featuredmedia":[{"embeddable":true,"href":"https:\/\/grotta.is\/en\/wp-json\/wp\/v2\/media\/8328"}],"wp:attachment":[{"href":"https:\/\/grotta.is\/en\/wp-json\/wp\/v2\/media?parent=8325"}],"wp:term":[{"taxonomy":"category","embeddable":true,"href":"https:\/\/grotta.is\/en\/wp-json\/wp\/v2\/categories?post=8325"},{"taxonomy":"post_tag","embeddable":true,"href":"https:\/\/grotta.is\/en\/wp-json\/wp\/v2\/tags?post=8325"}],"curies":[{"name":"wp","href":"https:\/\/api.w.org\/{rel}","templated":true}]}}