{"id":8317,"date":"2017-04-24T13:12:03","date_gmt":"2017-04-24T13:12:03","guid":{"rendered":"https:\/\/grotta.is\/?p=8317"},"modified":"2020-05-27T13:20:43","modified_gmt":"2020-05-27T13:20:43","slug":"grotta-a-afmaeli-og-ollum-er-bodid","status":"publish","type":"post","link":"https:\/\/grotta.is\/en\/almennt\/grotta-a-afmaeli-og-ollum-er-bodid\/","title":{"rendered":"Gr\u00f3tta \u00e1 afm\u00e6li og \u00f6llum er bo\u00f0i\u00f0!"},"content":{"rendered":"<p>\u00cd dag, m\u00e1nudaginn 24. apr\u00edl, \u00e1 \u00ed\u00fer\u00f3ttaf\u00e9lagi\u00f0 Gr\u00f3tta 50 \u00e1ra afm\u00e6li og \u00e6tlar a\u00f0 halda upp\u00e1 \u00fea\u00f0 \u00ed marga daga. <\/p><p>H\u00e1t\u00ed\u00f0ah\u00f6ldin hefjast me\u00f0 skemmtun \u00ed Hertz-h\u00f6llinni kl. 17 \u00e1 afm\u00e6lisdaginn. \u00dear ver\u00f0ur margt til gamans gert m.a. ver\u00f0ur fimleikadeild me\u00f0 s\u00fdningu, frums\u00fdnd ver\u00f0ur skemmtileg myndas\u00fdning \u00far starfi f\u00e9lagsins og hinn eini sanni P\u00e1ll \u00d3skar \u00e6tlar a\u00f0 m\u00e6ta og taka nokkur l\u00f6g til a\u00f0 hita afm\u00e6lisgesti upp. <\/p><p>\u00de\u00e1 ver\u00f0ur hoppukastali \u00e1 sta\u00f0num, andlitsm\u00e1lning og kaffiveitingar \u00ed bo\u00f0i. Afm\u00e6lisbarni\u00f0 vonar au\u00f0vita\u00f0 a\u00f0 sem flestir sj\u00e1i s\u00e9r f\u00e6rt a\u00f0 gle\u00f0jast me\u00f0 \u00fev\u00ed \u00e1 afm\u00e6lisdaginn og alla vikuna, en h\u00e1t\u00ed\u00f0ah\u00f6ldum l\u00fdkur me\u00f0 risa Pallaballi \u00e1 laugardagskv\u00f6ldi\u00f0 29. apr\u00edl.<\/p><figure class=\"wp-block-image size-large\"><img fetchpriority=\"high\" decoding=\"async\" width=\"731\" height=\"1024\" src=\"https:\/\/grotta.is\/wp-content\/uploads\/2020\/05\/Grotta_50_ara_afmaeli-731x1024.jpg\" alt=\"\" class=\"wp-image-8318\" srcset=\"https:\/\/grotta.is\/wp-content\/uploads\/2020\/05\/Grotta_50_ara_afmaeli-731x1024.jpg 731w, https:\/\/grotta.is\/wp-content\/uploads\/2020\/05\/Grotta_50_ara_afmaeli-214x300.jpg 214w, https:\/\/grotta.is\/wp-content\/uploads\/2020\/05\/Grotta_50_ara_afmaeli-768x1075.jpg 768w, https:\/\/grotta.is\/wp-content\/uploads\/2020\/05\/Grotta_50_ara_afmaeli-1097x1536.jpg 1097w, https:\/\/grotta.is\/wp-content\/uploads\/2020\/05\/Grotta_50_ara_afmaeli-1463x2048.jpg 1463w, https:\/\/grotta.is\/wp-content\/uploads\/2020\/05\/Grotta_50_ara_afmaeli-600x840.jpg 600w, https:\/\/grotta.is\/wp-content\/uploads\/2020\/05\/Grotta_50_ara_afmaeli-scaled.jpg 1829w\" sizes=\"(max-width: 731px) 100vw, 731px\" \/><\/figure>","protected":false},"excerpt":{"rendered":"<p>\u00cd dag, m\u00e1nudaginn 24. apr\u00edl, \u00e1 \u00ed\u00fer\u00f3ttaf\u00e9lagi\u00f0 Gr\u00f3tta 50 \u00e1ra afm\u00e6li og \u00e6tlar a\u00f0 halda upp\u00e1 \u00fea\u00f0 \u00ed marga daga. <\/p>","protected":false},"author":2,"featured_media":164,"comment_status":"closed","ping_status":"closed","sticky":false,"template":"","format":"standard","meta":{"footnotes":""},"categories":[4],"tags":[],"class_list":["post-8317","post","type-post","status-publish","format-standard","has-post-thumbnail","hentry","category-almennt"],"yoast_head":"<!-- This site is optimized with the Yoast SEO plugin v24.3 - https:\/\/yoast.com\/wordpress\/plugins\/seo\/ -->\n<title>Gr\u00f3tta \u00e1 afm\u00e6li og \u00f6llum er bo\u00f0i\u00f0! - \u00cd\u00fer\u00f3ttaf\u00e9lagi\u00f0 Gr\u00f3tta<\/title>\n<meta name=\"robots\" content=\"index, follow, max-snippet:-1, max-image-preview:large, max-video-preview:-1\" \/>\n<link rel=\"canonical\" href=\"https:\/\/grotta.is\/en\/almennt\/grotta-a-afmaeli-og-ollum-er-bodid\/\" \/>\n<meta property=\"og:locale\" content=\"en_US\" \/>\n<meta property=\"og:type\" content=\"article\" \/>\n<meta property=\"og:title\" content=\"Gr\u00f3tta \u00e1 afm\u00e6li og \u00f6llum er bo\u00f0i\u00f0! - \u00cd\u00fer\u00f3ttaf\u00e9lagi\u00f0 Gr\u00f3tta\" \/>\n<meta property=\"og:description\" content=\"\u00cd dag, m\u00e1nudaginn 24. apr\u00edl, \u00e1 \u00ed\u00fer\u00f3ttaf\u00e9lagi\u00f0 Gr\u00f3tta 50 \u00e1ra afm\u00e6li og \u00e6tlar a\u00f0 halda upp\u00e1 \u00fea\u00f0 \u00ed marga daga.\" \/>\n<meta property=\"og:url\" content=\"https:\/\/grotta.is\/en\/almennt\/grotta-a-afmaeli-og-ollum-er-bodid\/\" \/>\n<meta property=\"og:site_name\" content=\"\u00cd\u00fer\u00f3ttaf\u00e9lagi\u00f0 Gr\u00f3tta\" \/>\n<meta property=\"article:publisher\" content=\"https:\/\/www.facebook.com\/grottasport\" \/>\n<meta property=\"article:published_time\" content=\"2017-04-24T13:12:03+00:00\" \/>\n<meta property=\"article:modified_time\" content=\"2020-05-27T13:20:43+00:00\" \/>\n<meta property=\"og:image\" content=\"https:\/\/grotta.is\/wp-content\/uploads\/2020\/02\/Grotta_Almennt_1-scaled.jpg\" \/>\n\t<meta property=\"og:image:width\" content=\"2560\" \/>\n\t<meta property=\"og:image:height\" content=\"1706\" \/>\n\t<meta property=\"og:image:type\" content=\"image\/jpeg\" \/>\n<meta name=\"author\" content=\"Grotta\" \/>\n<meta name=\"twitter:card\" content=\"summary_large_image\" \/>\n<meta name=\"twitter:label1\" content=\"Written by\" \/>\n\t<meta name=\"twitter:data1\" content=\"Grotta\" \/>\n\t<meta name=\"twitter:label2\" content=\"Est. reading time\" \/>\n\t<meta name=\"twitter:data2\" content=\"1 minute\" \/>\n<script type=\"application\/ld+json\" class=\"yoast-schema-graph\">{\"@context\":\"https:\/\/schema.org\",\"@graph\":[{\"@type\":\"Article\",\"@id\":\"https:\/\/grotta.is\/almennt\/grotta-a-afmaeli-og-ollum-er-bodid\/#article\",\"isPartOf\":{\"@id\":\"https:\/\/grotta.is\/almennt\/grotta-a-afmaeli-og-ollum-er-bodid\/\"},\"author\":{\"name\":\"Grotta\",\"@id\":\"https:\/\/grotta.is\/#\/schema\/person\/08ec57bf09ee925f1b6a01540c14a5ce\"},\"headline\":\"Gr\u00f3tta \u00e1 afm\u00e6li og \u00f6llum er bo\u00f0i\u00f0!\",\"datePublished\":\"2017-04-24T13:12:03+00:00\",\"dateModified\":\"2020-05-27T13:20:43+00:00\",\"mainEntityOfPage\":{\"@id\":\"https:\/\/grotta.is\/almennt\/grotta-a-afmaeli-og-ollum-er-bodid\/\"},\"wordCount\":139,\"publisher\":{\"@id\":\"https:\/\/grotta.is\/#organization\"},\"image\":{\"@id\":\"https:\/\/grotta.is\/almennt\/grotta-a-afmaeli-og-ollum-er-bodid\/#primaryimage\"},\"thumbnailUrl\":\"https:\/\/grotta.is\/wp-content\/uploads\/2020\/02\/Grotta_Almennt_1-scaled.jpg\",\"articleSection\":[\"Almennt\"],\"inLanguage\":\"en-US\"},{\"@type\":\"WebPage\",\"@id\":\"https:\/\/grotta.is\/almennt\/grotta-a-afmaeli-og-ollum-er-bodid\/\",\"url\":\"https:\/\/grotta.is\/almennt\/grotta-a-afmaeli-og-ollum-er-bodid\/\",\"name\":\"Gr\u00f3tta \u00e1 afm\u00e6li og \u00f6llum er bo\u00f0i\u00f0! - \u00cd\u00fer\u00f3ttaf\u00e9lagi\u00f0 Gr\u00f3tta\",\"isPartOf\":{\"@id\":\"https:\/\/grotta.is\/#website\"},\"primaryImageOfPage\":{\"@id\":\"https:\/\/grotta.is\/almennt\/grotta-a-afmaeli-og-ollum-er-bodid\/#primaryimage\"},\"image\":{\"@id\":\"https:\/\/grotta.is\/almennt\/grotta-a-afmaeli-og-ollum-er-bodid\/#primaryimage\"},\"thumbnailUrl\":\"https:\/\/grotta.is\/wp-content\/uploads\/2020\/02\/Grotta_Almennt_1-scaled.jpg\",\"datePublished\":\"2017-04-24T13:12:03+00:00\",\"dateModified\":\"2020-05-27T13:20:43+00:00\",\"breadcrumb\":{\"@id\":\"https:\/\/grotta.is\/almennt\/grotta-a-afmaeli-og-ollum-er-bodid\/#breadcrumb\"},\"inLanguage\":\"en-US\",\"potentialAction\":[{\"@type\":\"ReadAction\",\"target\":[\"https:\/\/grotta.is\/almennt\/grotta-a-afmaeli-og-ollum-er-bodid\/\"]}]},{\"@type\":\"ImageObject\",\"inLanguage\":\"en-US\",\"@id\":\"https:\/\/grotta.is\/almennt\/grotta-a-afmaeli-og-ollum-er-bodid\/#primaryimage\",\"url\":\"https:\/\/grotta.is\/wp-content\/uploads\/2020\/02\/Grotta_Almennt_1-scaled.jpg\",\"contentUrl\":\"https:\/\/grotta.is\/wp-content\/uploads\/2020\/02\/Grotta_Almennt_1-scaled.jpg\",\"width\":2560,\"height\":1706},{\"@type\":\"BreadcrumbList\",\"@id\":\"https:\/\/grotta.is\/almennt\/grotta-a-afmaeli-og-ollum-er-bodid\/#breadcrumb\",\"itemListElement\":[{\"@type\":\"ListItem\",\"position\":1,\"name\":\"Home\",\"item\":\"https:\/\/grotta.is\/\"},{\"@type\":\"ListItem\",\"position\":2,\"name\":\"Gr\u00f3tta \u00e1 afm\u00e6li og \u00f6llum er bo\u00f0i\u00f0!\"}]},{\"@type\":\"WebSite\",\"@id\":\"https:\/\/grotta.is\/#website\",\"url\":\"https:\/\/grotta.is\/\",\"name\":\"\u00cd\u00fer\u00f3ttaf\u00e9lagi\u00f0 Gr\u00f3tta\",\"description\":\"\u00e1 Seltjarnarnesi\",\"publisher\":{\"@id\":\"https:\/\/grotta.is\/#organization\"},\"potentialAction\":[{\"@type\":\"SearchAction\",\"target\":{\"@type\":\"EntryPoint\",\"urlTemplate\":\"https:\/\/grotta.is\/?s={search_term_string}\"},\"query-input\":{\"@type\":\"PropertyValueSpecification\",\"valueRequired\":true,\"valueName\":\"search_term_string\"}}],\"inLanguage\":\"en-US\"},{\"@type\":\"Organization\",\"@id\":\"https:\/\/grotta.is\/#organization\",\"name\":\"\u00cd\u00fer\u00f3ttaf\u00e9lagi\u00f0 Gr\u00f3tta\",\"url\":\"https:\/\/grotta.is\/\",\"logo\":{\"@type\":\"ImageObject\",\"inLanguage\":\"en-US\",\"@id\":\"https:\/\/grotta.is\/#\/schema\/logo\/image\/\",\"url\":\"https:\/\/grotta.is\/wp-content\/uploads\/2020\/02\/ithrottafelagidgrotta_logo_512x512_transparent.png\",\"contentUrl\":\"https:\/\/grotta.is\/wp-content\/uploads\/2020\/02\/ithrottafelagidgrotta_logo_512x512_transparent.png\",\"width\":512,\"height\":512,\"caption\":\"\u00cd\u00fer\u00f3ttaf\u00e9lagi\u00f0 Gr\u00f3tta\"},\"image\":{\"@id\":\"https:\/\/grotta.is\/#\/schema\/logo\/image\/\"},\"sameAs\":[\"https:\/\/www.facebook.com\/grottasport\"]},{\"@type\":\"Person\",\"@id\":\"https:\/\/grotta.is\/#\/schema\/person\/08ec57bf09ee925f1b6a01540c14a5ce\",\"name\":\"Grotta\",\"url\":\"https:\/\/grotta.is\/en\/author\/inga\/\"}]}<\/script>\n<!-- \/ Yoast SEO plugin. -->","yoast_head_json":{"title":"Gr\u00f3tta \u00e1 afm\u00e6li og \u00f6llum er bo\u00f0i\u00f0! - \u00cd\u00fer\u00f3ttaf\u00e9lagi\u00f0 Gr\u00f3tta","robots":{"index":"index","follow":"follow","max-snippet":"max-snippet:-1","max-image-preview":"max-image-preview:large","max-video-preview":"max-video-preview:-1"},"canonical":"https:\/\/grotta.is\/en\/almennt\/grotta-a-afmaeli-og-ollum-er-bodid\/","og_locale":"en_US","og_type":"article","og_title":"Gr\u00f3tta \u00e1 afm\u00e6li og \u00f6llum er bo\u00f0i\u00f0! - \u00cd\u00fer\u00f3ttaf\u00e9lagi\u00f0 Gr\u00f3tta","og_description":"\u00cd dag, m\u00e1nudaginn 24. apr\u00edl, \u00e1 \u00ed\u00fer\u00f3ttaf\u00e9lagi\u00f0 Gr\u00f3tta 50 \u00e1ra afm\u00e6li og \u00e6tlar a\u00f0 halda upp\u00e1 \u00fea\u00f0 \u00ed marga daga.","og_url":"https:\/\/grotta.is\/en\/almennt\/grotta-a-afmaeli-og-ollum-er-bodid\/","og_site_name":"\u00cd\u00fer\u00f3ttaf\u00e9lagi\u00f0 Gr\u00f3tta","article_publisher":"https:\/\/www.facebook.com\/grottasport","article_published_time":"2017-04-24T13:12:03+00:00","article_modified_time":"2020-05-27T13:20:43+00:00","og_image":[{"width":2560,"height":1706,"url":"https:\/\/grotta.is\/wp-content\/uploads\/2020\/02\/Grotta_Almennt_1-scaled.jpg","type":"image\/jpeg"}],"author":"Grotta","twitter_card":"summary_large_image","twitter_misc":{"Written by":"Grotta","Est. reading time":"1 minute"},"schema":{"@context":"https:\/\/schema.org","@graph":[{"@type":"Article","@id":"https:\/\/grotta.is\/almennt\/grotta-a-afmaeli-og-ollum-er-bodid\/#article","isPartOf":{"@id":"https:\/\/grotta.is\/almennt\/grotta-a-afmaeli-og-ollum-er-bodid\/"},"author":{"name":"Grotta","@id":"https:\/\/grotta.is\/#\/schema\/person\/08ec57bf09ee925f1b6a01540c14a5ce"},"headline":"Gr\u00f3tta \u00e1 afm\u00e6li og \u00f6llum er bo\u00f0i\u00f0!","datePublished":"2017-04-24T13:12:03+00:00","dateModified":"2020-05-27T13:20:43+00:00","mainEntityOfPage":{"@id":"https:\/\/grotta.is\/almennt\/grotta-a-afmaeli-og-ollum-er-bodid\/"},"wordCount":139,"publisher":{"@id":"https:\/\/grotta.is\/#organization"},"image":{"@id":"https:\/\/grotta.is\/almennt\/grotta-a-afmaeli-og-ollum-er-bodid\/#primaryimage"},"thumbnailUrl":"https:\/\/grotta.is\/wp-content\/uploads\/2020\/02\/Grotta_Almennt_1-scaled.jpg","articleSection":["Almennt"],"inLanguage":"en-US"},{"@type":"WebPage","@id":"https:\/\/grotta.is\/almennt\/grotta-a-afmaeli-og-ollum-er-bodid\/","url":"https:\/\/grotta.is\/almennt\/grotta-a-afmaeli-og-ollum-er-bodid\/","name":"Gr\u00f3tta \u00e1 afm\u00e6li og \u00f6llum er bo\u00f0i\u00f0! - \u00cd\u00fer\u00f3ttaf\u00e9lagi\u00f0 Gr\u00f3tta","isPartOf":{"@id":"https:\/\/grotta.is\/#website"},"primaryImageOfPage":{"@id":"https:\/\/grotta.is\/almennt\/grotta-a-afmaeli-og-ollum-er-bodid\/#primaryimage"},"image":{"@id":"https:\/\/grotta.is\/almennt\/grotta-a-afmaeli-og-ollum-er-bodid\/#primaryimage"},"thumbnailUrl":"https:\/\/grotta.is\/wp-content\/uploads\/2020\/02\/Grotta_Almennt_1-scaled.jpg","datePublished":"2017-04-24T13:12:03+00:00","dateModified":"2020-05-27T13:20:43+00:00","breadcrumb":{"@id":"https:\/\/grotta.is\/almennt\/grotta-a-afmaeli-og-ollum-er-bodid\/#breadcrumb"},"inLanguage":"en-US","potentialAction":[{"@type":"ReadAction","target":["https:\/\/grotta.is\/almennt\/grotta-a-afmaeli-og-ollum-er-bodid\/"]}]},{"@type":"ImageObject","inLanguage":"en-US","@id":"https:\/\/grotta.is\/almennt\/grotta-a-afmaeli-og-ollum-er-bodid\/#primaryimage","url":"https:\/\/grotta.is\/wp-content\/uploads\/2020\/02\/Grotta_Almennt_1-scaled.jpg","contentUrl":"https:\/\/grotta.is\/wp-content\/uploads\/2020\/02\/Grotta_Almennt_1-scaled.jpg","width":2560,"height":1706},{"@type":"BreadcrumbList","@id":"https:\/\/grotta.is\/almennt\/grotta-a-afmaeli-og-ollum-er-bodid\/#breadcrumb","itemListElement":[{"@type":"ListItem","position":1,"name":"Home","item":"https:\/\/grotta.is\/"},{"@type":"ListItem","position":2,"name":"Gr\u00f3tta \u00e1 afm\u00e6li og \u00f6llum er bo\u00f0i\u00f0!"}]},{"@type":"WebSite","@id":"https:\/\/grotta.is\/#website","url":"https:\/\/grotta.is\/","name":"\u00cd\u00fer\u00f3ttaf\u00e9lagi\u00f0 Gr\u00f3tta","description":"\u00e1 Seltjarnarnesi","publisher":{"@id":"https:\/\/grotta.is\/#organization"},"potentialAction":[{"@type":"SearchAction","target":{"@type":"EntryPoint","urlTemplate":"https:\/\/grotta.is\/?s={search_term_string}"},"query-input":{"@type":"PropertyValueSpecification","valueRequired":true,"valueName":"search_term_string"}}],"inLanguage":"en-US"},{"@type":"Organization","@id":"https:\/\/grotta.is\/#organization","name":"\u00cd\u00fer\u00f3ttaf\u00e9lagi\u00f0 Gr\u00f3tta","url":"https:\/\/grotta.is\/","logo":{"@type":"ImageObject","inLanguage":"en-US","@id":"https:\/\/grotta.is\/#\/schema\/logo\/image\/","url":"https:\/\/grotta.is\/wp-content\/uploads\/2020\/02\/ithrottafelagidgrotta_logo_512x512_transparent.png","contentUrl":"https:\/\/grotta.is\/wp-content\/uploads\/2020\/02\/ithrottafelagidgrotta_logo_512x512_transparent.png","width":512,"height":512,"caption":"\u00cd\u00fer\u00f3ttaf\u00e9lagi\u00f0 Gr\u00f3tta"},"image":{"@id":"https:\/\/grotta.is\/#\/schema\/logo\/image\/"},"sameAs":["https:\/\/www.facebook.com\/grottasport"]},{"@type":"Person","@id":"https:\/\/grotta.is\/#\/schema\/person\/08ec57bf09ee925f1b6a01540c14a5ce","name":"Grotta","url":"https:\/\/grotta.is\/en\/author\/inga\/"}]}},"_links":{"self":[{"href":"https:\/\/grotta.is\/en\/wp-json\/wp\/v2\/posts\/8317","targetHints":{"allow":["GET"]}}],"collection":[{"href":"https:\/\/grotta.is\/en\/wp-json\/wp\/v2\/posts"}],"about":[{"href":"https:\/\/grotta.is\/en\/wp-json\/wp\/v2\/types\/post"}],"author":[{"embeddable":true,"href":"https:\/\/grotta.is\/en\/wp-json\/wp\/v2\/users\/2"}],"replies":[{"embeddable":true,"href":"https:\/\/grotta.is\/en\/wp-json\/wp\/v2\/comments?post=8317"}],"version-history":[{"count":2,"href":"https:\/\/grotta.is\/en\/wp-json\/wp\/v2\/posts\/8317\/revisions"}],"predecessor-version":[{"id":8320,"href":"https:\/\/grotta.is\/en\/wp-json\/wp\/v2\/posts\/8317\/revisions\/8320"}],"wp:featuredmedia":[{"embeddable":true,"href":"https:\/\/grotta.is\/en\/wp-json\/wp\/v2\/media\/164"}],"wp:attachment":[{"href":"https:\/\/grotta.is\/en\/wp-json\/wp\/v2\/media?parent=8317"}],"wp:term":[{"taxonomy":"category","embeddable":true,"href":"https:\/\/grotta.is\/en\/wp-json\/wp\/v2\/categories?post=8317"},{"taxonomy":"post_tag","embeddable":true,"href":"https:\/\/grotta.is\/en\/wp-json\/wp\/v2\/tags?post=8317"}],"curies":[{"name":"wp","href":"https:\/\/api.w.org\/{rel}","templated":true}]}}