{"id":8311,"date":"2017-07-05T12:48:53","date_gmt":"2017-07-05T12:48:53","guid":{"rendered":"https:\/\/grotta.is\/?p=8311"},"modified":"2020-05-27T12:51:52","modified_gmt":"2020-05-27T12:51:52","slug":"bjarki-mar-nyr-yfirthjalfari","status":"publish","type":"post","link":"https:\/\/grotta.is\/en\/knattspyrnudeild\/bjarki-mar-nyr-yfirthjalfari\/","title":{"rendered":"Bjarki M\u00e1r n\u00fdr yfir\u00fej\u00e1lfari"},"content":{"rendered":"<p>Bjarki M\u00e1r \u00d3lafsson hefur veri\u00f0 r\u00e1\u00f0inn sem yfir\u00fej\u00e1lfari yngri flokka hj\u00e1 knattspyrnudeild Gr\u00f3ttu. Bjarki tekur vi\u00f0 starfinu af Magn\u00fasi Erni Helgasyni sem mun starfa \u00e1fram vi\u00f0 \u00fej\u00e1lfun hj\u00e1 Gr\u00f3ttu en hann \u00e1 einnig s\u00e6ti \u00ed stj\u00f3rn knattspyrnudeildar. Gr\u00f3ttasport heyr\u00f0i hlj\u00f3\u00f0i\u00f0 \u00ed \u00feeim Bjarka og Magn\u00fasi.<\/p><p>Bjarki hefur \u00fej\u00e1lfa\u00f0 2. flokk karla hj\u00e1 Gr\u00f3ttu \u00e1 \u00feessu t\u00edmabili. Einnig st\u00fdrt afreksh\u00f3pi deildarinnar<\/p><p>Bjarki M\u00e1r er flestu Gr\u00f3ttuf\u00f3lki a\u00f0 g\u00f3\u00f0u kunnur. Hann l\u00e9k upp yngri flokkana me\u00f0 Gr\u00f3ttu en \u00feurfti a\u00f0 leggja sk\u00f3na \u00e1 hilluna a\u00f0eins 19 \u00e1ra gamall vegna hjartagalla. Bjarki sneri s\u00e9r a\u00f0 \u00fej\u00e1lfun sk\u00f6mmu s\u00ed\u00f0ar og hefur hann \u00fej\u00e1lfa\u00f0 hj\u00e1 Gr\u00f3ttu me\u00f0 hl\u00e9um \u00ed fj\u00f6gur \u00e1r. Fr\u00e9ttastofa Gr\u00f3ttusport heyr\u00f0i hlj\u00f3\u00f0i\u00f0 \u00ed Bjarka og spur\u00f0i hvernig \u00fea\u00f0 leg\u00f0ist \u00ed hann a\u00f0 taka vi\u00f0 \u00feessu mikilv\u00e6ga starfi a\u00f0eins 22 \u00e1ra gamall?<\/p><p>\u201eFyrst og fremst er \u00e9g g\u00edfurlega \u00feakkl\u00e1tur fyrir a\u00f0 f\u00e1 \u00feetta t\u00e6kif\u00e6ri. Maggi hefur unni\u00f0 feykilega gott starf \u00e1 s\u00ed\u00f0ustu \u00e1rum og \u00e9g g\u00e6ti ekki be\u00f0i\u00f0 um sterkari grunn til a\u00f0 byggja ofan \u00e1. Hj\u00e1 knattspyrnudeildinni er allt til alls, fr\u00e1b\u00e6r h\u00f3pur f\u00f3lks sem hj\u00e1lpast a\u00f0 vi\u00f0 b\u00faa til gott umhverfi og umgj\u00f6r\u00f0 fyrir \u00fe\u00e1 \u00e1hugas\u00f6mu krakka sem \u00e6fa hj\u00e1 okkur. A\u00f0sta\u00f0an er me\u00f0 besta m\u00f3ti og \u00fe\u00e1tttakan \u00ed yngstu flokkunum fer bara vaxandi.<\/p><p>\u00c9g er mj\u00f6g spenntur a\u00f0 taka vi\u00f0 yfir\u00fej\u00e1lfarastarfinu \u00fear sem kr\u00f6furnar eru miklar og m\u00f6rg t\u00e6kif\u00e6ri til sta\u00f0ar fyrir knattspyrnudeildina til a\u00f0 halda \u00e1fram a\u00f0 styrkjast og vaxa.\u201c<\/p><p>M\u00e1 Gr\u00f3ttuf\u00f3lk b\u00faast vi\u00f0 miklum breytingum me\u00f0 tilkomu \u00feinni \u00ed starfi\u00f0?<\/p><p>\u201eTil a\u00f0 byrja me\u00f0 mun \u00e9g vinna mig inn \u00ed starfi\u00f0 me\u00f0 Magga og hefjast handa vi\u00f0 skipulagningu n\u00e6sta t\u00edmabils. \u00deegar n\u00fdir flokkar hafa teki\u00f0 til starfa \u00ed haust mun f\u00f3lk sj\u00e1 einhverjar \u00e1herslubreytingar en vi\u00f0 munum leitast eftir \u00fev\u00ed a\u00f0 byggja ofan \u00e1 starf s\u00ed\u00f0ustu \u00e1ra me\u00f0 stefnu deildarinnar a\u00f0 lei\u00f0arlj\u00f3si. \u00dear er tengingin milli yngri flokka og meistaraflokks mikilv\u00e6g \u00fear sem yfirl\u00fdst markmi\u00f0 f\u00e9lagsins er byggja \u00e1 heimaf\u00f3lki.\u201c<\/p><p>Magn\u00fas \u00d6rn Helgason t\u00f3k vi\u00f0 sem yfir\u00fej\u00e1lfari hausti\u00f0 2014 en me\u00f0 honum kom mikill kraftur inn \u00ed starf knattspyrnudeildarinnar. \u00cd fyrra var Gr\u00f3ttulei\u00f0in, handb\u00f3k knattspyrnudeildar Gr\u00f3ttu, gefin \u00fat en Magn\u00fas og Bjarki M\u00e1r h\u00f6f\u00f0u einmitt forystu \u00ed \u00feeiri vinnu. \u00dea\u00f0 m\u00e1 \u00fev\u00ed sannarlega segja a\u00f0 knattspyrnudeildin leiti inn \u00e1 vi\u00f0 a\u00f0 forystuf\u00f3lki.<\/p><p>\u201e\u00deetta eru blendnar tilfinningar, \u00fea\u00f0 er alveg lj\u00f3st. \u00c9g \u00e1 eftir a\u00f0 sakna \u00feess miki\u00f0 a\u00f0 vera yfir\u00fej\u00e1lfari. \u00deetta er \u00f6rugglega skemmtilegasta starf \u00ed heimi \u2013 a\u00f0 f\u00e1 a\u00f0 vera yfirma\u00f0ur hj\u00e1 knattspyrnudeildinni sem \u00fe\u00fa elst upp \u00ed og hefur \u00e1str\u00ed\u00f0u fyrir a\u00f0 gangi vel. \u00c1 n\u00e1kv\u00e6mlega sama t\u00edma er \u00e9g l\u00edka \u00f3tr\u00falega gla\u00f0ur a\u00f0 Bjarki taki vi\u00f0. \u00c9g veit a\u00f0 hann mun vinna af dugna\u00f0i og metna\u00f0i og koma me\u00f0 n\u00fdja strauma inn \u00ed starfi\u00f0. Bjarki er me\u00f0 hjarta\u00f0 \u00e1 r\u00e9ttum sta\u00f0 og \u00fea\u00f0 skiptir \u00f6llu m\u00e1li\u201c sag\u00f0i Magn\u00fas \u00ed samtali vi\u00f0 Gr\u00f3ttusport og h\u00e9lt \u00e1fram:<\/p><p>\u201e\u00c9g mun halda \u00e1fram a\u00f0 vinna fyrir Gr\u00f3ttu og langar a\u00f0 koma sterkari inn \u00ed stj\u00f3rnina. \u00c9g segi \u00fea\u00f0 bara hreint \u00fat \u2013 vi\u00f0 \u00feurfum a\u00f0 st\u00e6kka fj\u00e1rhags\u00e1\u00e6tlunina ef vi\u00f0 viljum hafa topp\u00fej\u00e1lfara \u00ed vinnu hj\u00e1 okkur og setja frekari metna\u00f0 \u00ed \u00fe\u00e6tti eins og l\u00edkamlega \u00fej\u00e1lfun \u00ed b\u00e6\u00f0i yngri flokkum og meistaraflokkum. Peningam\u00e1lin eru \u00e1 \u00e1byrg\u00f0 stj\u00f3rnarinnar og vonandi get \u00e9g or\u00f0i\u00f0 a\u00f0 li\u00f0i.<\/p><p>Maggi hefur starfa\u00f0 sem yfir\u00fej\u00e1lfari \u00ed \u00ferj\u00fa \u00e1r en n\u00fa tekur annar traustur Gr\u00f3ttuma\u00f0ur vi\u00f0 stj\u00f3rnartaumunum.<\/p><p>En eru einhverjar l\u00edkur \u00e1 a\u00f0 Magn\u00fas r\u00e1\u00f0i sig sem \u00fej\u00e1lfari til annarra f\u00e9laga?<\/p><p>\u201eEins og sta\u00f0an er n\u00fana a\u00f0 \u00fe\u00e1 vil \u00e9g bara \u00fej\u00e1lfa hj\u00e1 Gr\u00f3ttu h\u00e9r \u00e1 landi. \u00dea\u00f0 er samt ekkert leyndarm\u00e1l a\u00f0 mig langar a\u00f0 vinna vi\u00f0 f\u00f3tbolta einhvers sta\u00f0ar \u00fati \u00ed heimi og fer a\u00f0 l\u00edta almennilega \u00ed kringum mig n\u00fana. Hef ekki hugmynd um hvort \u00fea\u00f0 s\u00e9 raunh\u00e6fur m\u00f6guleiki en \u00fea\u00f0 kemur bara \u00ed lj\u00f3s.<\/p><p>A\u00f0 lokum: Hvers \u00e1ttu eftir sakna mest og minnst vi\u00f0 yfir\u00fej\u00e1lfarastarfi\u00f0?<\/p><p>\u201eG\u00f3\u00f0 spurning. \u00der\u00e1tt fyrir a\u00f0 \u00fea\u00f0 hlj\u00f3mi fur\u00f0ulega a\u00f0 \u00fe\u00e1 \u00e1 \u00e9g \u00f6rugglega eftir a\u00f0 sakna \u00feess a\u00f0 f\u00e1 s\u00edmt\u00f6l seint \u00e1 kv\u00f6ldin fr\u00e1 \u00fej\u00e1lfurunum \u00fear sem upp eru komin einhver vandam\u00e1l sem \u00fearf a\u00f0 leysa. \u00dea\u00f0 er \u00fdmislegt sem kemur upp og alltaf \u00e1n\u00e6gjulegt a\u00f0 leysa m\u00e1lin fars\u00e6llega. \u201e<\/p><p>Sakna minnst? Neikv\u00e6\u00f0ra foreldra, en sem betur fer eru \u00feeir ekki margir ?<\/p><p>Fr\u00e9ttastofa Gr\u00f3ttusport \u00feakkar \u00feeim Bjarka og Magn\u00fasi k\u00e6rlega fyrir spjalli\u00f0 og \u00f3skar Bjarka velfarna\u00f0ar \u00ed n\u00fdju starfi.<\/p>","protected":false},"excerpt":{"rendered":"<p>Bjarki M\u00e1r \u00d3lafsson hefur veri\u00f0 r\u00e1\u00f0inn sem yfir\u00fej\u00e1lfari yngri flokka hj\u00e1 knattspyrnudeild Gr\u00f3ttu. Bjarki tekur vi\u00f0 starfinu af Magn\u00fasi Erni Helgasyni sem mun starfa \u00e1fram vi\u00f0 \u00fej\u00e1lfun hj\u00e1 Gr\u00f3ttu en hann \u00e1 einnig s\u00e6ti \u00ed stj\u00f3rn knattspyrnudeildar. Gr\u00f3ttasport heyr\u00f0i hlj\u00f3\u00f0i\u00f0 \u00ed \u00feeim Bjarka og Magn\u00fasi.<\/p>","protected":false},"author":2,"featured_media":8312,"comment_status":"closed","ping_status":"closed","sticky":false,"template":"","format":"standard","meta":{"footnotes":""},"categories":[7],"tags":[],"class_list":["post-8311","post","type-post","status-publish","format-standard","has-post-thumbnail","hentry","category-knattspyrnudeild"],"yoast_head":"<!-- This site is optimized with the Yoast SEO plugin v24.3 - https:\/\/yoast.com\/wordpress\/plugins\/seo\/ -->\n<title>Bjarki M\u00e1r n\u00fdr yfir\u00fej\u00e1lfari - \u00cd\u00fer\u00f3ttaf\u00e9lagi\u00f0 Gr\u00f3tta<\/title>\n<meta name=\"robots\" content=\"index, follow, max-snippet:-1, max-image-preview:large, max-video-preview:-1\" \/>\n<link rel=\"canonical\" href=\"https:\/\/grotta.is\/en\/knattspyrnudeild\/bjarki-mar-nyr-yfirthjalfari\/\" \/>\n<meta property=\"og:locale\" content=\"en_US\" \/>\n<meta property=\"og:type\" content=\"article\" \/>\n<meta property=\"og:title\" content=\"Bjarki M\u00e1r n\u00fdr yfir\u00fej\u00e1lfari - \u00cd\u00fer\u00f3ttaf\u00e9lagi\u00f0 Gr\u00f3tta\" \/>\n<meta property=\"og:description\" content=\"Bjarki M\u00e1r \u00d3lafsson hefur veri\u00f0 r\u00e1\u00f0inn sem yfir\u00fej\u00e1lfari yngri flokka hj\u00e1 knattspyrnudeild Gr\u00f3ttu. Bjarki tekur vi\u00f0 starfinu af Magn\u00fasi Erni Helgasyni sem mun starfa \u00e1fram vi\u00f0 \u00fej\u00e1lfun hj\u00e1 Gr\u00f3ttu en hann \u00e1 einnig s\u00e6ti \u00ed stj\u00f3rn knattspyrnudeildar. Gr\u00f3ttasport heyr\u00f0i hlj\u00f3\u00f0i\u00f0 \u00ed \u00feeim Bjarka og Magn\u00fasi.\" \/>\n<meta property=\"og:url\" content=\"https:\/\/grotta.is\/en\/knattspyrnudeild\/bjarki-mar-nyr-yfirthjalfari\/\" \/>\n<meta property=\"og:site_name\" content=\"\u00cd\u00fer\u00f3ttaf\u00e9lagi\u00f0 Gr\u00f3tta\" \/>\n<meta property=\"article:publisher\" content=\"https:\/\/www.facebook.com\/grottasport\" \/>\n<meta property=\"article:published_time\" content=\"2017-07-05T12:48:53+00:00\" \/>\n<meta property=\"article:modified_time\" content=\"2020-05-27T12:51:52+00:00\" \/>\n<meta property=\"og:image\" content=\"https:\/\/grotta.is\/wp-content\/uploads\/2020\/05\/Knattspyrnudeild_grotta_Frettir_stjorn_13.jpg\" \/>\n\t<meta property=\"og:image:width\" content=\"1191\" \/>\n\t<meta property=\"og:image:height\" content=\"1600\" \/>\n\t<meta property=\"og:image:type\" content=\"image\/jpeg\" \/>\n<meta name=\"author\" content=\"Grotta\" \/>\n<meta name=\"twitter:card\" content=\"summary_large_image\" \/>\n<meta name=\"twitter:label1\" content=\"Written by\" \/>\n\t<meta name=\"twitter:data1\" content=\"Grotta\" \/>\n\t<meta name=\"twitter:label2\" content=\"Est. reading time\" \/>\n\t<meta name=\"twitter:data2\" content=\"4 minutes\" \/>\n<script type=\"application\/ld+json\" class=\"yoast-schema-graph\">{\"@context\":\"https:\/\/schema.org\",\"@graph\":[{\"@type\":\"Article\",\"@id\":\"https:\/\/grotta.is\/knattspyrnudeild\/bjarki-mar-nyr-yfirthjalfari\/#article\",\"isPartOf\":{\"@id\":\"https:\/\/grotta.is\/knattspyrnudeild\/bjarki-mar-nyr-yfirthjalfari\/\"},\"author\":{\"name\":\"Grotta\",\"@id\":\"https:\/\/grotta.is\/#\/schema\/person\/08ec57bf09ee925f1b6a01540c14a5ce\"},\"headline\":\"Bjarki M\u00e1r n\u00fdr yfir\u00fej\u00e1lfari\",\"datePublished\":\"2017-07-05T12:48:53+00:00\",\"dateModified\":\"2020-05-27T12:51:52+00:00\",\"mainEntityOfPage\":{\"@id\":\"https:\/\/grotta.is\/knattspyrnudeild\/bjarki-mar-nyr-yfirthjalfari\/\"},\"wordCount\":832,\"publisher\":{\"@id\":\"https:\/\/grotta.is\/#organization\"},\"image\":{\"@id\":\"https:\/\/grotta.is\/knattspyrnudeild\/bjarki-mar-nyr-yfirthjalfari\/#primaryimage\"},\"thumbnailUrl\":\"https:\/\/grotta.is\/wp-content\/uploads\/2020\/05\/Knattspyrnudeild_grotta_Frettir_stjorn_13.jpg\",\"articleSection\":[\"Knattspyrnudeild\"],\"inLanguage\":\"en-US\"},{\"@type\":\"WebPage\",\"@id\":\"https:\/\/grotta.is\/knattspyrnudeild\/bjarki-mar-nyr-yfirthjalfari\/\",\"url\":\"https:\/\/grotta.is\/knattspyrnudeild\/bjarki-mar-nyr-yfirthjalfari\/\",\"name\":\"Bjarki M\u00e1r n\u00fdr yfir\u00fej\u00e1lfari - \u00cd\u00fer\u00f3ttaf\u00e9lagi\u00f0 Gr\u00f3tta\",\"isPartOf\":{\"@id\":\"https:\/\/grotta.is\/#website\"},\"primaryImageOfPage\":{\"@id\":\"https:\/\/grotta.is\/knattspyrnudeild\/bjarki-mar-nyr-yfirthjalfari\/#primaryimage\"},\"image\":{\"@id\":\"https:\/\/grotta.is\/knattspyrnudeild\/bjarki-mar-nyr-yfirthjalfari\/#primaryimage\"},\"thumbnailUrl\":\"https:\/\/grotta.is\/wp-content\/uploads\/2020\/05\/Knattspyrnudeild_grotta_Frettir_stjorn_13.jpg\",\"datePublished\":\"2017-07-05T12:48:53+00:00\",\"dateModified\":\"2020-05-27T12:51:52+00:00\",\"breadcrumb\":{\"@id\":\"https:\/\/grotta.is\/knattspyrnudeild\/bjarki-mar-nyr-yfirthjalfari\/#breadcrumb\"},\"inLanguage\":\"en-US\",\"potentialAction\":[{\"@type\":\"ReadAction\",\"target\":[\"https:\/\/grotta.is\/knattspyrnudeild\/bjarki-mar-nyr-yfirthjalfari\/\"]}]},{\"@type\":\"ImageObject\",\"inLanguage\":\"en-US\",\"@id\":\"https:\/\/grotta.is\/knattspyrnudeild\/bjarki-mar-nyr-yfirthjalfari\/#primaryimage\",\"url\":\"https:\/\/grotta.is\/wp-content\/uploads\/2020\/05\/Knattspyrnudeild_grotta_Frettir_stjorn_13.jpg\",\"contentUrl\":\"https:\/\/grotta.is\/wp-content\/uploads\/2020\/05\/Knattspyrnudeild_grotta_Frettir_stjorn_13.jpg\",\"width\":1191,\"height\":1600},{\"@type\":\"BreadcrumbList\",\"@id\":\"https:\/\/grotta.is\/knattspyrnudeild\/bjarki-mar-nyr-yfirthjalfari\/#breadcrumb\",\"itemListElement\":[{\"@type\":\"ListItem\",\"position\":1,\"name\":\"Home\",\"item\":\"https:\/\/grotta.is\/\"},{\"@type\":\"ListItem\",\"position\":2,\"name\":\"Bjarki M\u00e1r n\u00fdr yfir\u00fej\u00e1lfari\"}]},{\"@type\":\"WebSite\",\"@id\":\"https:\/\/grotta.is\/#website\",\"url\":\"https:\/\/grotta.is\/\",\"name\":\"\u00cd\u00fer\u00f3ttaf\u00e9lagi\u00f0 Gr\u00f3tta\",\"description\":\"\u00e1 Seltjarnarnesi\",\"publisher\":{\"@id\":\"https:\/\/grotta.is\/#organization\"},\"potentialAction\":[{\"@type\":\"SearchAction\",\"target\":{\"@type\":\"EntryPoint\",\"urlTemplate\":\"https:\/\/grotta.is\/?s={search_term_string}\"},\"query-input\":{\"@type\":\"PropertyValueSpecification\",\"valueRequired\":true,\"valueName\":\"search_term_string\"}}],\"inLanguage\":\"en-US\"},{\"@type\":\"Organization\",\"@id\":\"https:\/\/grotta.is\/#organization\",\"name\":\"\u00cd\u00fer\u00f3ttaf\u00e9lagi\u00f0 Gr\u00f3tta\",\"url\":\"https:\/\/grotta.is\/\",\"logo\":{\"@type\":\"ImageObject\",\"inLanguage\":\"en-US\",\"@id\":\"https:\/\/grotta.is\/#\/schema\/logo\/image\/\",\"url\":\"https:\/\/grotta.is\/wp-content\/uploads\/2020\/02\/ithrottafelagidgrotta_logo_512x512_transparent.png\",\"contentUrl\":\"https:\/\/grotta.is\/wp-content\/uploads\/2020\/02\/ithrottafelagidgrotta_logo_512x512_transparent.png\",\"width\":512,\"height\":512,\"caption\":\"\u00cd\u00fer\u00f3ttaf\u00e9lagi\u00f0 Gr\u00f3tta\"},\"image\":{\"@id\":\"https:\/\/grotta.is\/#\/schema\/logo\/image\/\"},\"sameAs\":[\"https:\/\/www.facebook.com\/grottasport\"]},{\"@type\":\"Person\",\"@id\":\"https:\/\/grotta.is\/#\/schema\/person\/08ec57bf09ee925f1b6a01540c14a5ce\",\"name\":\"Grotta\",\"url\":\"https:\/\/grotta.is\/en\/author\/inga\/\"}]}<\/script>\n<!-- \/ Yoast SEO plugin. -->","yoast_head_json":{"title":"Bjarki M\u00e1r n\u00fdr yfir\u00fej\u00e1lfari - \u00cd\u00fer\u00f3ttaf\u00e9lagi\u00f0 Gr\u00f3tta","robots":{"index":"index","follow":"follow","max-snippet":"max-snippet:-1","max-image-preview":"max-image-preview:large","max-video-preview":"max-video-preview:-1"},"canonical":"https:\/\/grotta.is\/en\/knattspyrnudeild\/bjarki-mar-nyr-yfirthjalfari\/","og_locale":"en_US","og_type":"article","og_title":"Bjarki M\u00e1r n\u00fdr yfir\u00fej\u00e1lfari - \u00cd\u00fer\u00f3ttaf\u00e9lagi\u00f0 Gr\u00f3tta","og_description":"Bjarki M\u00e1r \u00d3lafsson hefur veri\u00f0 r\u00e1\u00f0inn sem yfir\u00fej\u00e1lfari yngri flokka hj\u00e1 knattspyrnudeild Gr\u00f3ttu. Bjarki tekur vi\u00f0 starfinu af Magn\u00fasi Erni Helgasyni sem mun starfa \u00e1fram vi\u00f0 \u00fej\u00e1lfun hj\u00e1 Gr\u00f3ttu en hann \u00e1 einnig s\u00e6ti \u00ed stj\u00f3rn knattspyrnudeildar. Gr\u00f3ttasport heyr\u00f0i hlj\u00f3\u00f0i\u00f0 \u00ed \u00feeim Bjarka og Magn\u00fasi.","og_url":"https:\/\/grotta.is\/en\/knattspyrnudeild\/bjarki-mar-nyr-yfirthjalfari\/","og_site_name":"\u00cd\u00fer\u00f3ttaf\u00e9lagi\u00f0 Gr\u00f3tta","article_publisher":"https:\/\/www.facebook.com\/grottasport","article_published_time":"2017-07-05T12:48:53+00:00","article_modified_time":"2020-05-27T12:51:52+00:00","og_image":[{"width":1191,"height":1600,"url":"https:\/\/grotta.is\/wp-content\/uploads\/2020\/05\/Knattspyrnudeild_grotta_Frettir_stjorn_13.jpg","type":"image\/jpeg"}],"author":"Grotta","twitter_card":"summary_large_image","twitter_misc":{"Written by":"Grotta","Est. reading time":"4 minutes"},"schema":{"@context":"https:\/\/schema.org","@graph":[{"@type":"Article","@id":"https:\/\/grotta.is\/knattspyrnudeild\/bjarki-mar-nyr-yfirthjalfari\/#article","isPartOf":{"@id":"https:\/\/grotta.is\/knattspyrnudeild\/bjarki-mar-nyr-yfirthjalfari\/"},"author":{"name":"Grotta","@id":"https:\/\/grotta.is\/#\/schema\/person\/08ec57bf09ee925f1b6a01540c14a5ce"},"headline":"Bjarki M\u00e1r n\u00fdr yfir\u00fej\u00e1lfari","datePublished":"2017-07-05T12:48:53+00:00","dateModified":"2020-05-27T12:51:52+00:00","mainEntityOfPage":{"@id":"https:\/\/grotta.is\/knattspyrnudeild\/bjarki-mar-nyr-yfirthjalfari\/"},"wordCount":832,"publisher":{"@id":"https:\/\/grotta.is\/#organization"},"image":{"@id":"https:\/\/grotta.is\/knattspyrnudeild\/bjarki-mar-nyr-yfirthjalfari\/#primaryimage"},"thumbnailUrl":"https:\/\/grotta.is\/wp-content\/uploads\/2020\/05\/Knattspyrnudeild_grotta_Frettir_stjorn_13.jpg","articleSection":["Knattspyrnudeild"],"inLanguage":"en-US"},{"@type":"WebPage","@id":"https:\/\/grotta.is\/knattspyrnudeild\/bjarki-mar-nyr-yfirthjalfari\/","url":"https:\/\/grotta.is\/knattspyrnudeild\/bjarki-mar-nyr-yfirthjalfari\/","name":"Bjarki M\u00e1r n\u00fdr yfir\u00fej\u00e1lfari - \u00cd\u00fer\u00f3ttaf\u00e9lagi\u00f0 Gr\u00f3tta","isPartOf":{"@id":"https:\/\/grotta.is\/#website"},"primaryImageOfPage":{"@id":"https:\/\/grotta.is\/knattspyrnudeild\/bjarki-mar-nyr-yfirthjalfari\/#primaryimage"},"image":{"@id":"https:\/\/grotta.is\/knattspyrnudeild\/bjarki-mar-nyr-yfirthjalfari\/#primaryimage"},"thumbnailUrl":"https:\/\/grotta.is\/wp-content\/uploads\/2020\/05\/Knattspyrnudeild_grotta_Frettir_stjorn_13.jpg","datePublished":"2017-07-05T12:48:53+00:00","dateModified":"2020-05-27T12:51:52+00:00","breadcrumb":{"@id":"https:\/\/grotta.is\/knattspyrnudeild\/bjarki-mar-nyr-yfirthjalfari\/#breadcrumb"},"inLanguage":"en-US","potentialAction":[{"@type":"ReadAction","target":["https:\/\/grotta.is\/knattspyrnudeild\/bjarki-mar-nyr-yfirthjalfari\/"]}]},{"@type":"ImageObject","inLanguage":"en-US","@id":"https:\/\/grotta.is\/knattspyrnudeild\/bjarki-mar-nyr-yfirthjalfari\/#primaryimage","url":"https:\/\/grotta.is\/wp-content\/uploads\/2020\/05\/Knattspyrnudeild_grotta_Frettir_stjorn_13.jpg","contentUrl":"https:\/\/grotta.is\/wp-content\/uploads\/2020\/05\/Knattspyrnudeild_grotta_Frettir_stjorn_13.jpg","width":1191,"height":1600},{"@type":"BreadcrumbList","@id":"https:\/\/grotta.is\/knattspyrnudeild\/bjarki-mar-nyr-yfirthjalfari\/#breadcrumb","itemListElement":[{"@type":"ListItem","position":1,"name":"Home","item":"https:\/\/grotta.is\/"},{"@type":"ListItem","position":2,"name":"Bjarki M\u00e1r n\u00fdr yfir\u00fej\u00e1lfari"}]},{"@type":"WebSite","@id":"https:\/\/grotta.is\/#website","url":"https:\/\/grotta.is\/","name":"\u00cd\u00fer\u00f3ttaf\u00e9lagi\u00f0 Gr\u00f3tta","description":"\u00e1 Seltjarnarnesi","publisher":{"@id":"https:\/\/grotta.is\/#organization"},"potentialAction":[{"@type":"SearchAction","target":{"@type":"EntryPoint","urlTemplate":"https:\/\/grotta.is\/?s={search_term_string}"},"query-input":{"@type":"PropertyValueSpecification","valueRequired":true,"valueName":"search_term_string"}}],"inLanguage":"en-US"},{"@type":"Organization","@id":"https:\/\/grotta.is\/#organization","name":"\u00cd\u00fer\u00f3ttaf\u00e9lagi\u00f0 Gr\u00f3tta","url":"https:\/\/grotta.is\/","logo":{"@type":"ImageObject","inLanguage":"en-US","@id":"https:\/\/grotta.is\/#\/schema\/logo\/image\/","url":"https:\/\/grotta.is\/wp-content\/uploads\/2020\/02\/ithrottafelagidgrotta_logo_512x512_transparent.png","contentUrl":"https:\/\/grotta.is\/wp-content\/uploads\/2020\/02\/ithrottafelagidgrotta_logo_512x512_transparent.png","width":512,"height":512,"caption":"\u00cd\u00fer\u00f3ttaf\u00e9lagi\u00f0 Gr\u00f3tta"},"image":{"@id":"https:\/\/grotta.is\/#\/schema\/logo\/image\/"},"sameAs":["https:\/\/www.facebook.com\/grottasport"]},{"@type":"Person","@id":"https:\/\/grotta.is\/#\/schema\/person\/08ec57bf09ee925f1b6a01540c14a5ce","name":"Grotta","url":"https:\/\/grotta.is\/en\/author\/inga\/"}]}},"_links":{"self":[{"href":"https:\/\/grotta.is\/en\/wp-json\/wp\/v2\/posts\/8311","targetHints":{"allow":["GET"]}}],"collection":[{"href":"https:\/\/grotta.is\/en\/wp-json\/wp\/v2\/posts"}],"about":[{"href":"https:\/\/grotta.is\/en\/wp-json\/wp\/v2\/types\/post"}],"author":[{"embeddable":true,"href":"https:\/\/grotta.is\/en\/wp-json\/wp\/v2\/users\/2"}],"replies":[{"embeddable":true,"href":"https:\/\/grotta.is\/en\/wp-json\/wp\/v2\/comments?post=8311"}],"version-history":[{"count":1,"href":"https:\/\/grotta.is\/en\/wp-json\/wp\/v2\/posts\/8311\/revisions"}],"predecessor-version":[{"id":8313,"href":"https:\/\/grotta.is\/en\/wp-json\/wp\/v2\/posts\/8311\/revisions\/8313"}],"wp:featuredmedia":[{"embeddable":true,"href":"https:\/\/grotta.is\/en\/wp-json\/wp\/v2\/media\/8312"}],"wp:attachment":[{"href":"https:\/\/grotta.is\/en\/wp-json\/wp\/v2\/media?parent=8311"}],"wp:term":[{"taxonomy":"category","embeddable":true,"href":"https:\/\/grotta.is\/en\/wp-json\/wp\/v2\/categories?post=8311"},{"taxonomy":"post_tag","embeddable":true,"href":"https:\/\/grotta.is\/en\/wp-json\/wp\/v2\/tags?post=8311"}],"curies":[{"name":"wp","href":"https:\/\/api.w.org\/{rel}","templated":true}]}}