{"id":8308,"date":"2017-07-25T12:45:51","date_gmt":"2017-07-25T12:45:51","guid":{"rendered":"https:\/\/grotta.is\/?p=8308"},"modified":"2020-05-27T12:48:23","modified_gmt":"2020-05-27T12:48:23","slug":"maximilian-til-lids-vid-grottu","status":"publish","type":"post","link":"https:\/\/grotta.is\/en\/handknattleiksdeild\/maximilian-til-lids-vid-grottu\/","title":{"rendered":"Maximilian til li\u00f0s vi\u00f0 Gr\u00f3ttu"},"content":{"rendered":"<p>Handknattleiksdeild Gr\u00f3ttu hefur gert samning vi\u00f0 Sv\u00edann Maximilian Jonsson um a\u00f0 leika me\u00f0 li\u00f0inu til n\u00e6stu tveggja keppnist\u00edmabila. Maximilian e\u00f0a Max, eins og hann er jafnan kalla\u00f0ur er 195 cm \u00e1 h\u00e6\u00f0, 28 \u00e1ra gamall og spilar st\u00f6\u00f0u h\u00e6gri skyttu.<\/p><p>Maximilian hefur leiki\u00f0 seinustu \u00ferj\u00fa leikt\u00edmabil \u00ed Frakklandi fyrst me\u00f0 Nancy og n\u00fa seinustu tv\u00f6 \u00e1r me\u00f0 Istres handball \u00ed 1. deildinni. \u00dear \u00e1 undan l\u00e9k hann \u00ed me\u00f0 \u00fe\u00fdsku li\u00f0unum Leipzig og Hildesheim vi\u00f0 g\u00f3\u00f0an or\u00f0st\u00edr.<\/p><p>Koma Max til Gr\u00f3ttu er mikill hvalreki fyrir f\u00e9lagi\u00f0 og eru miklar v\u00e6ntingar bundnar vi\u00f0 leikmanninn \u00e1 n\u00e6stu \u00e1rum.<\/p><p>\u201e\u00deetta eru fr\u00e1b\u00e6r t\u00ed\u00f0indi fyrir Gr\u00f3ttu enda er Max reynslumikill leikma\u00f0ur sem vi\u00f0 teljum a\u00f0 muni n\u00fdtast li\u00f0inu vel \u00e1 komandi \u00e1rum\u201c segir K\u00e1ri Gar\u00f0arsson \u00fej\u00e1lfari li\u00f0sins.<\/p><p>Frekari t\u00ed\u00f0inda af leikmannam\u00e1lum karlali\u00f0s Gr\u00f3ttu m\u00e1 v\u00e6nta \u00e1 n\u00e6stu d\u00f6gum.<\/p>","protected":false},"excerpt":{"rendered":"<p>Handknattleiksdeild Gr\u00f3ttu hefur gert samning vi\u00f0 Sv\u00edann Maximilian Jonsson um a\u00f0 leika me\u00f0 li\u00f0inu til n\u00e6stu tveggja keppnist\u00edmabila. Maximilian e\u00f0a Max, eins og hann er jafnan kalla\u00f0ur er 195 cm \u00e1 h\u00e6\u00f0, 28 \u00e1ra gamall og spilar st\u00f6\u00f0u h\u00e6gri skyttu.<\/p>","protected":false},"author":2,"featured_media":8310,"comment_status":"closed","ping_status":"closed","sticky":false,"template":"","format":"standard","meta":{"footnotes":""},"categories":[12],"tags":[],"class_list":["post-8308","post","type-post","status-publish","format-standard","has-post-thumbnail","hentry","category-handknattleiksdeild"],"yoast_head":"<!-- This site is optimized with the Yoast SEO plugin v24.3 - https:\/\/yoast.com\/wordpress\/plugins\/seo\/ -->\n<title>Maximilian til li\u00f0s vi\u00f0 Gr\u00f3ttu - \u00cd\u00fer\u00f3ttaf\u00e9lagi\u00f0 Gr\u00f3tta<\/title>\n<meta name=\"robots\" content=\"index, follow, max-snippet:-1, max-image-preview:large, max-video-preview:-1\" \/>\n<link rel=\"canonical\" href=\"https:\/\/grotta.is\/en\/handknattleiksdeild\/maximilian-til-lids-vid-grottu\/\" \/>\n<meta property=\"og:locale\" content=\"en_US\" \/>\n<meta property=\"og:type\" content=\"article\" \/>\n<meta property=\"og:title\" content=\"Maximilian til li\u00f0s vi\u00f0 Gr\u00f3ttu - \u00cd\u00fer\u00f3ttaf\u00e9lagi\u00f0 Gr\u00f3tta\" \/>\n<meta property=\"og:description\" content=\"Handknattleiksdeild Gr\u00f3ttu hefur gert samning vi\u00f0 Sv\u00edann Maximilian Jonsson um a\u00f0 leika me\u00f0 li\u00f0inu til n\u00e6stu tveggja keppnist\u00edmabila. Maximilian e\u00f0a Max, eins og hann er jafnan kalla\u00f0ur er 195 cm \u00e1 h\u00e6\u00f0, 28 \u00e1ra gamall og spilar st\u00f6\u00f0u h\u00e6gri skyttu.\" \/>\n<meta property=\"og:url\" content=\"https:\/\/grotta.is\/en\/handknattleiksdeild\/maximilian-til-lids-vid-grottu\/\" \/>\n<meta property=\"og:site_name\" content=\"\u00cd\u00fer\u00f3ttaf\u00e9lagi\u00f0 Gr\u00f3tta\" \/>\n<meta property=\"article:publisher\" content=\"https:\/\/www.facebook.com\/grottasport\" \/>\n<meta property=\"article:published_time\" content=\"2017-07-25T12:45:51+00:00\" \/>\n<meta property=\"article:modified_time\" content=\"2020-05-27T12:48:23+00:00\" \/>\n<meta property=\"og:image\" content=\"https:\/\/grotta.is\/wp-content\/uploads\/2017\/07\/Grotta_Handbolti_mfl_kk_26.jpg\" \/>\n\t<meta property=\"og:image:width\" content=\"900\" \/>\n\t<meta property=\"og:image:height\" content=\"599\" \/>\n\t<meta property=\"og:image:type\" content=\"image\/jpeg\" \/>\n<meta name=\"author\" content=\"Grotta\" \/>\n<meta name=\"twitter:card\" content=\"summary_large_image\" \/>\n<meta name=\"twitter:label1\" content=\"Written by\" \/>\n\t<meta name=\"twitter:data1\" content=\"Grotta\" \/>\n\t<meta name=\"twitter:label2\" content=\"Est. reading time\" \/>\n\t<meta name=\"twitter:data2\" content=\"1 minute\" \/>\n<script type=\"application\/ld+json\" class=\"yoast-schema-graph\">{\"@context\":\"https:\/\/schema.org\",\"@graph\":[{\"@type\":\"Article\",\"@id\":\"https:\/\/grotta.is\/handknattleiksdeild\/maximilian-til-lids-vid-grottu\/#article\",\"isPartOf\":{\"@id\":\"https:\/\/grotta.is\/handknattleiksdeild\/maximilian-til-lids-vid-grottu\/\"},\"author\":{\"name\":\"Grotta\",\"@id\":\"https:\/\/grotta.is\/#\/schema\/person\/08ec57bf09ee925f1b6a01540c14a5ce\"},\"headline\":\"Maximilian til li\u00f0s vi\u00f0 Gr\u00f3ttu\",\"datePublished\":\"2017-07-25T12:45:51+00:00\",\"dateModified\":\"2020-05-27T12:48:23+00:00\",\"mainEntityOfPage\":{\"@id\":\"https:\/\/grotta.is\/handknattleiksdeild\/maximilian-til-lids-vid-grottu\/\"},\"wordCount\":167,\"publisher\":{\"@id\":\"https:\/\/grotta.is\/#organization\"},\"image\":{\"@id\":\"https:\/\/grotta.is\/handknattleiksdeild\/maximilian-til-lids-vid-grottu\/#primaryimage\"},\"thumbnailUrl\":\"https:\/\/grotta.is\/wp-content\/uploads\/2017\/07\/Grotta_Handbolti_mfl_kk_26.jpg\",\"articleSection\":[\"Handknattleiksdeild\"],\"inLanguage\":\"en-US\"},{\"@type\":\"WebPage\",\"@id\":\"https:\/\/grotta.is\/handknattleiksdeild\/maximilian-til-lids-vid-grottu\/\",\"url\":\"https:\/\/grotta.is\/handknattleiksdeild\/maximilian-til-lids-vid-grottu\/\",\"name\":\"Maximilian til li\u00f0s vi\u00f0 Gr\u00f3ttu - \u00cd\u00fer\u00f3ttaf\u00e9lagi\u00f0 Gr\u00f3tta\",\"isPartOf\":{\"@id\":\"https:\/\/grotta.is\/#website\"},\"primaryImageOfPage\":{\"@id\":\"https:\/\/grotta.is\/handknattleiksdeild\/maximilian-til-lids-vid-grottu\/#primaryimage\"},\"image\":{\"@id\":\"https:\/\/grotta.is\/handknattleiksdeild\/maximilian-til-lids-vid-grottu\/#primaryimage\"},\"thumbnailUrl\":\"https:\/\/grotta.is\/wp-content\/uploads\/2017\/07\/Grotta_Handbolti_mfl_kk_26.jpg\",\"datePublished\":\"2017-07-25T12:45:51+00:00\",\"dateModified\":\"2020-05-27T12:48:23+00:00\",\"breadcrumb\":{\"@id\":\"https:\/\/grotta.is\/handknattleiksdeild\/maximilian-til-lids-vid-grottu\/#breadcrumb\"},\"inLanguage\":\"en-US\",\"potentialAction\":[{\"@type\":\"ReadAction\",\"target\":[\"https:\/\/grotta.is\/handknattleiksdeild\/maximilian-til-lids-vid-grottu\/\"]}]},{\"@type\":\"ImageObject\",\"inLanguage\":\"en-US\",\"@id\":\"https:\/\/grotta.is\/handknattleiksdeild\/maximilian-til-lids-vid-grottu\/#primaryimage\",\"url\":\"https:\/\/grotta.is\/wp-content\/uploads\/2017\/07\/Grotta_Handbolti_mfl_kk_26.jpg\",\"contentUrl\":\"https:\/\/grotta.is\/wp-content\/uploads\/2017\/07\/Grotta_Handbolti_mfl_kk_26.jpg\",\"width\":900,\"height\":599},{\"@type\":\"BreadcrumbList\",\"@id\":\"https:\/\/grotta.is\/handknattleiksdeild\/maximilian-til-lids-vid-grottu\/#breadcrumb\",\"itemListElement\":[{\"@type\":\"ListItem\",\"position\":1,\"name\":\"Home\",\"item\":\"https:\/\/grotta.is\/\"},{\"@type\":\"ListItem\",\"position\":2,\"name\":\"Maximilian til li\u00f0s vi\u00f0 Gr\u00f3ttu\"}]},{\"@type\":\"WebSite\",\"@id\":\"https:\/\/grotta.is\/#website\",\"url\":\"https:\/\/grotta.is\/\",\"name\":\"\u00cd\u00fer\u00f3ttaf\u00e9lagi\u00f0 Gr\u00f3tta\",\"description\":\"\u00e1 Seltjarnarnesi\",\"publisher\":{\"@id\":\"https:\/\/grotta.is\/#organization\"},\"potentialAction\":[{\"@type\":\"SearchAction\",\"target\":{\"@type\":\"EntryPoint\",\"urlTemplate\":\"https:\/\/grotta.is\/?s={search_term_string}\"},\"query-input\":{\"@type\":\"PropertyValueSpecification\",\"valueRequired\":true,\"valueName\":\"search_term_string\"}}],\"inLanguage\":\"en-US\"},{\"@type\":\"Organization\",\"@id\":\"https:\/\/grotta.is\/#organization\",\"name\":\"\u00cd\u00fer\u00f3ttaf\u00e9lagi\u00f0 Gr\u00f3tta\",\"url\":\"https:\/\/grotta.is\/\",\"logo\":{\"@type\":\"ImageObject\",\"inLanguage\":\"en-US\",\"@id\":\"https:\/\/grotta.is\/#\/schema\/logo\/image\/\",\"url\":\"https:\/\/grotta.is\/wp-content\/uploads\/2020\/02\/ithrottafelagidgrotta_logo_512x512_transparent.png\",\"contentUrl\":\"https:\/\/grotta.is\/wp-content\/uploads\/2020\/02\/ithrottafelagidgrotta_logo_512x512_transparent.png\",\"width\":512,\"height\":512,\"caption\":\"\u00cd\u00fer\u00f3ttaf\u00e9lagi\u00f0 Gr\u00f3tta\"},\"image\":{\"@id\":\"https:\/\/grotta.is\/#\/schema\/logo\/image\/\"},\"sameAs\":[\"https:\/\/www.facebook.com\/grottasport\"]},{\"@type\":\"Person\",\"@id\":\"https:\/\/grotta.is\/#\/schema\/person\/08ec57bf09ee925f1b6a01540c14a5ce\",\"name\":\"Grotta\",\"url\":\"https:\/\/grotta.is\/en\/author\/inga\/\"}]}<\/script>\n<!-- \/ Yoast SEO plugin. -->","yoast_head_json":{"title":"Maximilian til li\u00f0s vi\u00f0 Gr\u00f3ttu - \u00cd\u00fer\u00f3ttaf\u00e9lagi\u00f0 Gr\u00f3tta","robots":{"index":"index","follow":"follow","max-snippet":"max-snippet:-1","max-image-preview":"max-image-preview:large","max-video-preview":"max-video-preview:-1"},"canonical":"https:\/\/grotta.is\/en\/handknattleiksdeild\/maximilian-til-lids-vid-grottu\/","og_locale":"en_US","og_type":"article","og_title":"Maximilian til li\u00f0s vi\u00f0 Gr\u00f3ttu - \u00cd\u00fer\u00f3ttaf\u00e9lagi\u00f0 Gr\u00f3tta","og_description":"Handknattleiksdeild Gr\u00f3ttu hefur gert samning vi\u00f0 Sv\u00edann Maximilian Jonsson um a\u00f0 leika me\u00f0 li\u00f0inu til n\u00e6stu tveggja keppnist\u00edmabila. Maximilian e\u00f0a Max, eins og hann er jafnan kalla\u00f0ur er 195 cm \u00e1 h\u00e6\u00f0, 28 \u00e1ra gamall og spilar st\u00f6\u00f0u h\u00e6gri skyttu.","og_url":"https:\/\/grotta.is\/en\/handknattleiksdeild\/maximilian-til-lids-vid-grottu\/","og_site_name":"\u00cd\u00fer\u00f3ttaf\u00e9lagi\u00f0 Gr\u00f3tta","article_publisher":"https:\/\/www.facebook.com\/grottasport","article_published_time":"2017-07-25T12:45:51+00:00","article_modified_time":"2020-05-27T12:48:23+00:00","og_image":[{"width":900,"height":599,"url":"https:\/\/grotta.is\/wp-content\/uploads\/2017\/07\/Grotta_Handbolti_mfl_kk_26.jpg","type":"image\/jpeg"}],"author":"Grotta","twitter_card":"summary_large_image","twitter_misc":{"Written by":"Grotta","Est. reading time":"1 minute"},"schema":{"@context":"https:\/\/schema.org","@graph":[{"@type":"Article","@id":"https:\/\/grotta.is\/handknattleiksdeild\/maximilian-til-lids-vid-grottu\/#article","isPartOf":{"@id":"https:\/\/grotta.is\/handknattleiksdeild\/maximilian-til-lids-vid-grottu\/"},"author":{"name":"Grotta","@id":"https:\/\/grotta.is\/#\/schema\/person\/08ec57bf09ee925f1b6a01540c14a5ce"},"headline":"Maximilian til li\u00f0s vi\u00f0 Gr\u00f3ttu","datePublished":"2017-07-25T12:45:51+00:00","dateModified":"2020-05-27T12:48:23+00:00","mainEntityOfPage":{"@id":"https:\/\/grotta.is\/handknattleiksdeild\/maximilian-til-lids-vid-grottu\/"},"wordCount":167,"publisher":{"@id":"https:\/\/grotta.is\/#organization"},"image":{"@id":"https:\/\/grotta.is\/handknattleiksdeild\/maximilian-til-lids-vid-grottu\/#primaryimage"},"thumbnailUrl":"https:\/\/grotta.is\/wp-content\/uploads\/2017\/07\/Grotta_Handbolti_mfl_kk_26.jpg","articleSection":["Handknattleiksdeild"],"inLanguage":"en-US"},{"@type":"WebPage","@id":"https:\/\/grotta.is\/handknattleiksdeild\/maximilian-til-lids-vid-grottu\/","url":"https:\/\/grotta.is\/handknattleiksdeild\/maximilian-til-lids-vid-grottu\/","name":"Maximilian til li\u00f0s vi\u00f0 Gr\u00f3ttu - \u00cd\u00fer\u00f3ttaf\u00e9lagi\u00f0 Gr\u00f3tta","isPartOf":{"@id":"https:\/\/grotta.is\/#website"},"primaryImageOfPage":{"@id":"https:\/\/grotta.is\/handknattleiksdeild\/maximilian-til-lids-vid-grottu\/#primaryimage"},"image":{"@id":"https:\/\/grotta.is\/handknattleiksdeild\/maximilian-til-lids-vid-grottu\/#primaryimage"},"thumbnailUrl":"https:\/\/grotta.is\/wp-content\/uploads\/2017\/07\/Grotta_Handbolti_mfl_kk_26.jpg","datePublished":"2017-07-25T12:45:51+00:00","dateModified":"2020-05-27T12:48:23+00:00","breadcrumb":{"@id":"https:\/\/grotta.is\/handknattleiksdeild\/maximilian-til-lids-vid-grottu\/#breadcrumb"},"inLanguage":"en-US","potentialAction":[{"@type":"ReadAction","target":["https:\/\/grotta.is\/handknattleiksdeild\/maximilian-til-lids-vid-grottu\/"]}]},{"@type":"ImageObject","inLanguage":"en-US","@id":"https:\/\/grotta.is\/handknattleiksdeild\/maximilian-til-lids-vid-grottu\/#primaryimage","url":"https:\/\/grotta.is\/wp-content\/uploads\/2017\/07\/Grotta_Handbolti_mfl_kk_26.jpg","contentUrl":"https:\/\/grotta.is\/wp-content\/uploads\/2017\/07\/Grotta_Handbolti_mfl_kk_26.jpg","width":900,"height":599},{"@type":"BreadcrumbList","@id":"https:\/\/grotta.is\/handknattleiksdeild\/maximilian-til-lids-vid-grottu\/#breadcrumb","itemListElement":[{"@type":"ListItem","position":1,"name":"Home","item":"https:\/\/grotta.is\/"},{"@type":"ListItem","position":2,"name":"Maximilian til li\u00f0s vi\u00f0 Gr\u00f3ttu"}]},{"@type":"WebSite","@id":"https:\/\/grotta.is\/#website","url":"https:\/\/grotta.is\/","name":"\u00cd\u00fer\u00f3ttaf\u00e9lagi\u00f0 Gr\u00f3tta","description":"\u00e1 Seltjarnarnesi","publisher":{"@id":"https:\/\/grotta.is\/#organization"},"potentialAction":[{"@type":"SearchAction","target":{"@type":"EntryPoint","urlTemplate":"https:\/\/grotta.is\/?s={search_term_string}"},"query-input":{"@type":"PropertyValueSpecification","valueRequired":true,"valueName":"search_term_string"}}],"inLanguage":"en-US"},{"@type":"Organization","@id":"https:\/\/grotta.is\/#organization","name":"\u00cd\u00fer\u00f3ttaf\u00e9lagi\u00f0 Gr\u00f3tta","url":"https:\/\/grotta.is\/","logo":{"@type":"ImageObject","inLanguage":"en-US","@id":"https:\/\/grotta.is\/#\/schema\/logo\/image\/","url":"https:\/\/grotta.is\/wp-content\/uploads\/2020\/02\/ithrottafelagidgrotta_logo_512x512_transparent.png","contentUrl":"https:\/\/grotta.is\/wp-content\/uploads\/2020\/02\/ithrottafelagidgrotta_logo_512x512_transparent.png","width":512,"height":512,"caption":"\u00cd\u00fer\u00f3ttaf\u00e9lagi\u00f0 Gr\u00f3tta"},"image":{"@id":"https:\/\/grotta.is\/#\/schema\/logo\/image\/"},"sameAs":["https:\/\/www.facebook.com\/grottasport"]},{"@type":"Person","@id":"https:\/\/grotta.is\/#\/schema\/person\/08ec57bf09ee925f1b6a01540c14a5ce","name":"Grotta","url":"https:\/\/grotta.is\/en\/author\/inga\/"}]}},"_links":{"self":[{"href":"https:\/\/grotta.is\/en\/wp-json\/wp\/v2\/posts\/8308","targetHints":{"allow":["GET"]}}],"collection":[{"href":"https:\/\/grotta.is\/en\/wp-json\/wp\/v2\/posts"}],"about":[{"href":"https:\/\/grotta.is\/en\/wp-json\/wp\/v2\/types\/post"}],"author":[{"embeddable":true,"href":"https:\/\/grotta.is\/en\/wp-json\/wp\/v2\/users\/2"}],"replies":[{"embeddable":true,"href":"https:\/\/grotta.is\/en\/wp-json\/wp\/v2\/comments?post=8308"}],"version-history":[{"count":1,"href":"https:\/\/grotta.is\/en\/wp-json\/wp\/v2\/posts\/8308\/revisions"}],"predecessor-version":[{"id":8309,"href":"https:\/\/grotta.is\/en\/wp-json\/wp\/v2\/posts\/8308\/revisions\/8309"}],"wp:featuredmedia":[{"embeddable":true,"href":"https:\/\/grotta.is\/en\/wp-json\/wp\/v2\/media\/8310"}],"wp:attachment":[{"href":"https:\/\/grotta.is\/en\/wp-json\/wp\/v2\/media?parent=8308"}],"wp:term":[{"taxonomy":"category","embeddable":true,"href":"https:\/\/grotta.is\/en\/wp-json\/wp\/v2\/categories?post=8308"},{"taxonomy":"post_tag","embeddable":true,"href":"https:\/\/grotta.is\/en\/wp-json\/wp\/v2\/tags?post=8308"}],"curies":[{"name":"wp","href":"https:\/\/api.w.org\/{rel}","templated":true}]}}