{"id":82747,"date":"2020-10-06T13:14:49","date_gmt":"2020-10-06T13:14:49","guid":{"rendered":"https:\/\/grotta.is\/?p=82747"},"modified":"2020-10-06T13:14:57","modified_gmt":"2020-10-06T13:14:57","slug":"2-flokkur-kvenna-deildarmeistarar-i-b-deild-islandsmotsins","status":"publish","type":"post","link":"https:\/\/grotta.is\/en\/knattspyrnudeild\/2-flokkur-kvenna-deildarmeistarar-i-b-deild-islandsmotsins\/","title":{"rendered":"2. flokkur kvenna deildarmeistarar \u00ed B deild \u00cdslandsm\u00f3tsins"},"content":{"rendered":"<p>2. flokkur Gr\u00f3ttu\/KR hefur n\u00e1\u00f0 fr\u00e1b\u00e6rum \u00e1rangri \u00ed sumar og unni\u00f0 alla s\u00edna leiki hinga\u00f0 til a\u00f0 einum fr\u00e1t\u00f6ldum. \u00de\u00e6r eru me\u00f0 27 stig eftir 10 leiki og eiga eftir a\u00f0 spila tvo leiki en t\u00f3kst a\u00f0 tryggja s\u00e9r deildarmeistaratitilinn \u00ed g\u00e6r \u00e1 KR-velli me\u00f0 6-1 sigri \u00e1 \u00cdA sem sitja \u00ed 2. s\u00e6ti deildarinnar. M\u00f6rk Gr\u00f3ttu\/KR \u00ed g\u00e6r skoru\u00f0u Mar\u00eda Lov\u00edsa J\u00f3nasd\u00f3ttir, Emel\u00eda \u00d3skarsd\u00f3ttir (3) og Margr\u00e9t Edda Lian Bjarnad\u00f3ttir (2).<br>Vi\u00f0 \u00f3skum stelpunum innilega til hamingju me\u00f0 \u00feennan gl\u00e6silega \u00e1rangur \u00ed sumar! \u00dea\u00f0 ver\u00f0ur spennandi a\u00f0 fylgjast me\u00f0 flokknum \u00ed A deild \u00e1 n\u00e6sta \u00e1ri ??<br>Mynd: Eyj\u00f3lfur Gar\u00f0arsson ?<\/p><figure class=\"wp-block-image size-large\"><img fetchpriority=\"high\" decoding=\"async\" width=\"1024\" height=\"683\" src=\"https:\/\/grotta.is\/wp-content\/uploads\/2020\/10\/deildarmeistarar-1024x683.jpg\" alt=\"\" class=\"wp-image-82750\" srcset=\"https:\/\/grotta.is\/wp-content\/uploads\/2020\/10\/deildarmeistarar-1024x683.jpg 1024w, https:\/\/grotta.is\/wp-content\/uploads\/2020\/10\/deildarmeistarar-300x200.jpg 300w, https:\/\/grotta.is\/wp-content\/uploads\/2020\/10\/deildarmeistarar-768x512.jpg 768w, https:\/\/grotta.is\/wp-content\/uploads\/2020\/10\/deildarmeistarar-1536x1024.jpg 1536w, https:\/\/grotta.is\/wp-content\/uploads\/2020\/10\/deildarmeistarar-2048x1365.jpg 2048w, https:\/\/grotta.is\/wp-content\/uploads\/2020\/10\/deildarmeistarar-600x400.jpg 600w\" sizes=\"(max-width: 1024px) 100vw, 1024px\" \/><\/figure>","protected":false},"excerpt":{"rendered":"<p>2. flokkur Gr\u00f3ttu\/KR hefur n\u00e1\u00f0 fr\u00e1b\u00e6rum \u00e1rangri \u00ed sumar og unni\u00f0 alla s\u00edna leiki hinga\u00f0 til a\u00f0 einum fr\u00e1t\u00f6ldum. \u00de\u00e6r eru me\u00f0 27 stig eftir 10 leiki og eiga eftir [&hellip;]<\/p>","protected":false},"author":4,"featured_media":82750,"comment_status":"closed","ping_status":"closed","sticky":false,"template":"","format":"standard","meta":{"footnotes":""},"categories":[7],"tags":[15],"class_list":["post-82747","post","type-post","status-publish","format-standard","has-post-thumbnail","hentry","category-knattspyrnudeild","tag-yngri-flokkar"],"yoast_head":"<!-- This site is optimized with the Yoast SEO plugin v24.3 - https:\/\/yoast.com\/wordpress\/plugins\/seo\/ -->\n<title>2. flokkur kvenna deildarmeistarar \u00ed B deild \u00cdslandsm\u00f3tsins - \u00cd\u00fer\u00f3ttaf\u00e9lagi\u00f0 Gr\u00f3tta<\/title>\n<meta name=\"robots\" content=\"index, follow, max-snippet:-1, max-image-preview:large, max-video-preview:-1\" \/>\n<link rel=\"canonical\" href=\"https:\/\/grotta.is\/en\/knattspyrnudeild\/2-flokkur-kvenna-deildarmeistarar-i-b-deild-islandsmotsins\/\" \/>\n<meta property=\"og:locale\" content=\"en_US\" \/>\n<meta property=\"og:type\" content=\"article\" \/>\n<meta property=\"og:title\" content=\"2. flokkur kvenna deildarmeistarar \u00ed B deild \u00cdslandsm\u00f3tsins - \u00cd\u00fer\u00f3ttaf\u00e9lagi\u00f0 Gr\u00f3tta\" \/>\n<meta property=\"og:description\" content=\"2. flokkur Gr\u00f3ttu\/KR hefur n\u00e1\u00f0 fr\u00e1b\u00e6rum \u00e1rangri \u00ed sumar og unni\u00f0 alla s\u00edna leiki hinga\u00f0 til a\u00f0 einum fr\u00e1t\u00f6ldum. \u00de\u00e6r eru me\u00f0 27 stig eftir 10 leiki og eiga eftir [&hellip;]\" \/>\n<meta property=\"og:url\" content=\"https:\/\/grotta.is\/en\/knattspyrnudeild\/2-flokkur-kvenna-deildarmeistarar-i-b-deild-islandsmotsins\/\" \/>\n<meta property=\"og:site_name\" content=\"\u00cd\u00fer\u00f3ttaf\u00e9lagi\u00f0 Gr\u00f3tta\" \/>\n<meta property=\"article:publisher\" content=\"https:\/\/www.facebook.com\/grottasport\" \/>\n<meta property=\"article:published_time\" content=\"2020-10-06T13:14:49+00:00\" \/>\n<meta property=\"article:modified_time\" content=\"2020-10-06T13:14:57+00:00\" \/>\n<meta property=\"og:image\" content=\"https:\/\/grotta.is\/wp-content\/uploads\/2020\/10\/deildarmeistarar.jpg\" \/>\n\t<meta property=\"og:image:width\" content=\"2400\" \/>\n\t<meta property=\"og:image:height\" content=\"1600\" \/>\n\t<meta property=\"og:image:type\" content=\"image\/jpeg\" \/>\n<meta name=\"author\" content=\"J\u00f3runn M. \u00deorsteinsd\u00f3ttir\" \/>\n<meta name=\"twitter:card\" content=\"summary_large_image\" \/>\n<meta name=\"twitter:label1\" content=\"Written by\" \/>\n\t<meta name=\"twitter:data1\" content=\"J\u00f3runn M. \u00deorsteinsd\u00f3ttir\" \/>\n\t<meta name=\"twitter:label2\" content=\"Est. reading time\" \/>\n\t<meta name=\"twitter:data2\" content=\"1 minute\" \/>\n<script type=\"application\/ld+json\" class=\"yoast-schema-graph\">{\"@context\":\"https:\/\/schema.org\",\"@graph\":[{\"@type\":\"Article\",\"@id\":\"https:\/\/grotta.is\/knattspyrnudeild\/2-flokkur-kvenna-deildarmeistarar-i-b-deild-islandsmotsins\/#article\",\"isPartOf\":{\"@id\":\"https:\/\/grotta.is\/knattspyrnudeild\/2-flokkur-kvenna-deildarmeistarar-i-b-deild-islandsmotsins\/\"},\"author\":{\"name\":\"J\u00f3runn M. \u00deorsteinsd\u00f3ttir\",\"@id\":\"https:\/\/grotta.is\/#\/schema\/person\/f1fea6a85a554e8069771c3486efbd84\"},\"headline\":\"2. flokkur kvenna deildarmeistarar \u00ed B deild \u00cdslandsm\u00f3tsins\",\"datePublished\":\"2020-10-06T13:14:49+00:00\",\"dateModified\":\"2020-10-06T13:14:57+00:00\",\"mainEntityOfPage\":{\"@id\":\"https:\/\/grotta.is\/knattspyrnudeild\/2-flokkur-kvenna-deildarmeistarar-i-b-deild-islandsmotsins\/\"},\"wordCount\":121,\"publisher\":{\"@id\":\"https:\/\/grotta.is\/#organization\"},\"image\":{\"@id\":\"https:\/\/grotta.is\/knattspyrnudeild\/2-flokkur-kvenna-deildarmeistarar-i-b-deild-islandsmotsins\/#primaryimage\"},\"thumbnailUrl\":\"https:\/\/grotta.is\/wp-content\/uploads\/2020\/10\/deildarmeistarar.jpg\",\"keywords\":[\"Yngri flokkar\"],\"articleSection\":[\"Knattspyrnudeild\"],\"inLanguage\":\"en-US\"},{\"@type\":\"WebPage\",\"@id\":\"https:\/\/grotta.is\/knattspyrnudeild\/2-flokkur-kvenna-deildarmeistarar-i-b-deild-islandsmotsins\/\",\"url\":\"https:\/\/grotta.is\/knattspyrnudeild\/2-flokkur-kvenna-deildarmeistarar-i-b-deild-islandsmotsins\/\",\"name\":\"2. flokkur kvenna deildarmeistarar \u00ed B deild \u00cdslandsm\u00f3tsins - \u00cd\u00fer\u00f3ttaf\u00e9lagi\u00f0 Gr\u00f3tta\",\"isPartOf\":{\"@id\":\"https:\/\/grotta.is\/#website\"},\"primaryImageOfPage\":{\"@id\":\"https:\/\/grotta.is\/knattspyrnudeild\/2-flokkur-kvenna-deildarmeistarar-i-b-deild-islandsmotsins\/#primaryimage\"},\"image\":{\"@id\":\"https:\/\/grotta.is\/knattspyrnudeild\/2-flokkur-kvenna-deildarmeistarar-i-b-deild-islandsmotsins\/#primaryimage\"},\"thumbnailUrl\":\"https:\/\/grotta.is\/wp-content\/uploads\/2020\/10\/deildarmeistarar.jpg\",\"datePublished\":\"2020-10-06T13:14:49+00:00\",\"dateModified\":\"2020-10-06T13:14:57+00:00\",\"breadcrumb\":{\"@id\":\"https:\/\/grotta.is\/knattspyrnudeild\/2-flokkur-kvenna-deildarmeistarar-i-b-deild-islandsmotsins\/#breadcrumb\"},\"inLanguage\":\"en-US\",\"potentialAction\":[{\"@type\":\"ReadAction\",\"target\":[\"https:\/\/grotta.is\/knattspyrnudeild\/2-flokkur-kvenna-deildarmeistarar-i-b-deild-islandsmotsins\/\"]}]},{\"@type\":\"ImageObject\",\"inLanguage\":\"en-US\",\"@id\":\"https:\/\/grotta.is\/knattspyrnudeild\/2-flokkur-kvenna-deildarmeistarar-i-b-deild-islandsmotsins\/#primaryimage\",\"url\":\"https:\/\/grotta.is\/wp-content\/uploads\/2020\/10\/deildarmeistarar.jpg\",\"contentUrl\":\"https:\/\/grotta.is\/wp-content\/uploads\/2020\/10\/deildarmeistarar.jpg\",\"width\":2400,\"height\":1600},{\"@type\":\"BreadcrumbList\",\"@id\":\"https:\/\/grotta.is\/knattspyrnudeild\/2-flokkur-kvenna-deildarmeistarar-i-b-deild-islandsmotsins\/#breadcrumb\",\"itemListElement\":[{\"@type\":\"ListItem\",\"position\":1,\"name\":\"Home\",\"item\":\"https:\/\/grotta.is\/\"},{\"@type\":\"ListItem\",\"position\":2,\"name\":\"2. flokkur kvenna deildarmeistarar \u00ed B deild \u00cdslandsm\u00f3tsins\"}]},{\"@type\":\"WebSite\",\"@id\":\"https:\/\/grotta.is\/#website\",\"url\":\"https:\/\/grotta.is\/\",\"name\":\"\u00cd\u00fer\u00f3ttaf\u00e9lagi\u00f0 Gr\u00f3tta\",\"description\":\"\u00e1 Seltjarnarnesi\",\"publisher\":{\"@id\":\"https:\/\/grotta.is\/#organization\"},\"potentialAction\":[{\"@type\":\"SearchAction\",\"target\":{\"@type\":\"EntryPoint\",\"urlTemplate\":\"https:\/\/grotta.is\/?s={search_term_string}\"},\"query-input\":{\"@type\":\"PropertyValueSpecification\",\"valueRequired\":true,\"valueName\":\"search_term_string\"}}],\"inLanguage\":\"en-US\"},{\"@type\":\"Organization\",\"@id\":\"https:\/\/grotta.is\/#organization\",\"name\":\"\u00cd\u00fer\u00f3ttaf\u00e9lagi\u00f0 Gr\u00f3tta\",\"url\":\"https:\/\/grotta.is\/\",\"logo\":{\"@type\":\"ImageObject\",\"inLanguage\":\"en-US\",\"@id\":\"https:\/\/grotta.is\/#\/schema\/logo\/image\/\",\"url\":\"https:\/\/grotta.is\/wp-content\/uploads\/2020\/02\/ithrottafelagidgrotta_logo_512x512_transparent.png\",\"contentUrl\":\"https:\/\/grotta.is\/wp-content\/uploads\/2020\/02\/ithrottafelagidgrotta_logo_512x512_transparent.png\",\"width\":512,\"height\":512,\"caption\":\"\u00cd\u00fer\u00f3ttaf\u00e9lagi\u00f0 Gr\u00f3tta\"},\"image\":{\"@id\":\"https:\/\/grotta.is\/#\/schema\/logo\/image\/\"},\"sameAs\":[\"https:\/\/www.facebook.com\/grottasport\"]},{\"@type\":\"Person\",\"@id\":\"https:\/\/grotta.is\/#\/schema\/person\/f1fea6a85a554e8069771c3486efbd84\",\"name\":\"J\u00f3runn M. \u00deorsteinsd\u00f3ttir\",\"url\":\"https:\/\/grotta.is\/en\/author\/jorunn\/\"}]}<\/script>\n<!-- \/ Yoast SEO plugin. -->","yoast_head_json":{"title":"2. flokkur kvenna deildarmeistarar \u00ed B deild \u00cdslandsm\u00f3tsins - \u00cd\u00fer\u00f3ttaf\u00e9lagi\u00f0 Gr\u00f3tta","robots":{"index":"index","follow":"follow","max-snippet":"max-snippet:-1","max-image-preview":"max-image-preview:large","max-video-preview":"max-video-preview:-1"},"canonical":"https:\/\/grotta.is\/en\/knattspyrnudeild\/2-flokkur-kvenna-deildarmeistarar-i-b-deild-islandsmotsins\/","og_locale":"en_US","og_type":"article","og_title":"2. flokkur kvenna deildarmeistarar \u00ed B deild \u00cdslandsm\u00f3tsins - \u00cd\u00fer\u00f3ttaf\u00e9lagi\u00f0 Gr\u00f3tta","og_description":"2. flokkur Gr\u00f3ttu\/KR hefur n\u00e1\u00f0 fr\u00e1b\u00e6rum \u00e1rangri \u00ed sumar og unni\u00f0 alla s\u00edna leiki hinga\u00f0 til a\u00f0 einum fr\u00e1t\u00f6ldum. \u00de\u00e6r eru me\u00f0 27 stig eftir 10 leiki og eiga eftir [&hellip;]","og_url":"https:\/\/grotta.is\/en\/knattspyrnudeild\/2-flokkur-kvenna-deildarmeistarar-i-b-deild-islandsmotsins\/","og_site_name":"\u00cd\u00fer\u00f3ttaf\u00e9lagi\u00f0 Gr\u00f3tta","article_publisher":"https:\/\/www.facebook.com\/grottasport","article_published_time":"2020-10-06T13:14:49+00:00","article_modified_time":"2020-10-06T13:14:57+00:00","og_image":[{"width":2400,"height":1600,"url":"https:\/\/grotta.is\/wp-content\/uploads\/2020\/10\/deildarmeistarar.jpg","type":"image\/jpeg"}],"author":"J\u00f3runn M. \u00deorsteinsd\u00f3ttir","twitter_card":"summary_large_image","twitter_misc":{"Written by":"J\u00f3runn M. \u00deorsteinsd\u00f3ttir","Est. reading time":"1 minute"},"schema":{"@context":"https:\/\/schema.org","@graph":[{"@type":"Article","@id":"https:\/\/grotta.is\/knattspyrnudeild\/2-flokkur-kvenna-deildarmeistarar-i-b-deild-islandsmotsins\/#article","isPartOf":{"@id":"https:\/\/grotta.is\/knattspyrnudeild\/2-flokkur-kvenna-deildarmeistarar-i-b-deild-islandsmotsins\/"},"author":{"name":"J\u00f3runn M. \u00deorsteinsd\u00f3ttir","@id":"https:\/\/grotta.is\/#\/schema\/person\/f1fea6a85a554e8069771c3486efbd84"},"headline":"2. flokkur kvenna deildarmeistarar \u00ed B deild \u00cdslandsm\u00f3tsins","datePublished":"2020-10-06T13:14:49+00:00","dateModified":"2020-10-06T13:14:57+00:00","mainEntityOfPage":{"@id":"https:\/\/grotta.is\/knattspyrnudeild\/2-flokkur-kvenna-deildarmeistarar-i-b-deild-islandsmotsins\/"},"wordCount":121,"publisher":{"@id":"https:\/\/grotta.is\/#organization"},"image":{"@id":"https:\/\/grotta.is\/knattspyrnudeild\/2-flokkur-kvenna-deildarmeistarar-i-b-deild-islandsmotsins\/#primaryimage"},"thumbnailUrl":"https:\/\/grotta.is\/wp-content\/uploads\/2020\/10\/deildarmeistarar.jpg","keywords":["Yngri flokkar"],"articleSection":["Knattspyrnudeild"],"inLanguage":"en-US"},{"@type":"WebPage","@id":"https:\/\/grotta.is\/knattspyrnudeild\/2-flokkur-kvenna-deildarmeistarar-i-b-deild-islandsmotsins\/","url":"https:\/\/grotta.is\/knattspyrnudeild\/2-flokkur-kvenna-deildarmeistarar-i-b-deild-islandsmotsins\/","name":"2. flokkur kvenna deildarmeistarar \u00ed B deild \u00cdslandsm\u00f3tsins - \u00cd\u00fer\u00f3ttaf\u00e9lagi\u00f0 Gr\u00f3tta","isPartOf":{"@id":"https:\/\/grotta.is\/#website"},"primaryImageOfPage":{"@id":"https:\/\/grotta.is\/knattspyrnudeild\/2-flokkur-kvenna-deildarmeistarar-i-b-deild-islandsmotsins\/#primaryimage"},"image":{"@id":"https:\/\/grotta.is\/knattspyrnudeild\/2-flokkur-kvenna-deildarmeistarar-i-b-deild-islandsmotsins\/#primaryimage"},"thumbnailUrl":"https:\/\/grotta.is\/wp-content\/uploads\/2020\/10\/deildarmeistarar.jpg","datePublished":"2020-10-06T13:14:49+00:00","dateModified":"2020-10-06T13:14:57+00:00","breadcrumb":{"@id":"https:\/\/grotta.is\/knattspyrnudeild\/2-flokkur-kvenna-deildarmeistarar-i-b-deild-islandsmotsins\/#breadcrumb"},"inLanguage":"en-US","potentialAction":[{"@type":"ReadAction","target":["https:\/\/grotta.is\/knattspyrnudeild\/2-flokkur-kvenna-deildarmeistarar-i-b-deild-islandsmotsins\/"]}]},{"@type":"ImageObject","inLanguage":"en-US","@id":"https:\/\/grotta.is\/knattspyrnudeild\/2-flokkur-kvenna-deildarmeistarar-i-b-deild-islandsmotsins\/#primaryimage","url":"https:\/\/grotta.is\/wp-content\/uploads\/2020\/10\/deildarmeistarar.jpg","contentUrl":"https:\/\/grotta.is\/wp-content\/uploads\/2020\/10\/deildarmeistarar.jpg","width":2400,"height":1600},{"@type":"BreadcrumbList","@id":"https:\/\/grotta.is\/knattspyrnudeild\/2-flokkur-kvenna-deildarmeistarar-i-b-deild-islandsmotsins\/#breadcrumb","itemListElement":[{"@type":"ListItem","position":1,"name":"Home","item":"https:\/\/grotta.is\/"},{"@type":"ListItem","position":2,"name":"2. flokkur kvenna deildarmeistarar \u00ed B deild \u00cdslandsm\u00f3tsins"}]},{"@type":"WebSite","@id":"https:\/\/grotta.is\/#website","url":"https:\/\/grotta.is\/","name":"\u00cd\u00fer\u00f3ttaf\u00e9lagi\u00f0 Gr\u00f3tta","description":"\u00e1 Seltjarnarnesi","publisher":{"@id":"https:\/\/grotta.is\/#organization"},"potentialAction":[{"@type":"SearchAction","target":{"@type":"EntryPoint","urlTemplate":"https:\/\/grotta.is\/?s={search_term_string}"},"query-input":{"@type":"PropertyValueSpecification","valueRequired":true,"valueName":"search_term_string"}}],"inLanguage":"en-US"},{"@type":"Organization","@id":"https:\/\/grotta.is\/#organization","name":"\u00cd\u00fer\u00f3ttaf\u00e9lagi\u00f0 Gr\u00f3tta","url":"https:\/\/grotta.is\/","logo":{"@type":"ImageObject","inLanguage":"en-US","@id":"https:\/\/grotta.is\/#\/schema\/logo\/image\/","url":"https:\/\/grotta.is\/wp-content\/uploads\/2020\/02\/ithrottafelagidgrotta_logo_512x512_transparent.png","contentUrl":"https:\/\/grotta.is\/wp-content\/uploads\/2020\/02\/ithrottafelagidgrotta_logo_512x512_transparent.png","width":512,"height":512,"caption":"\u00cd\u00fer\u00f3ttaf\u00e9lagi\u00f0 Gr\u00f3tta"},"image":{"@id":"https:\/\/grotta.is\/#\/schema\/logo\/image\/"},"sameAs":["https:\/\/www.facebook.com\/grottasport"]},{"@type":"Person","@id":"https:\/\/grotta.is\/#\/schema\/person\/f1fea6a85a554e8069771c3486efbd84","name":"J\u00f3runn M. \u00deorsteinsd\u00f3ttir","url":"https:\/\/grotta.is\/en\/author\/jorunn\/"}]}},"_links":{"self":[{"href":"https:\/\/grotta.is\/en\/wp-json\/wp\/v2\/posts\/82747","targetHints":{"allow":["GET"]}}],"collection":[{"href":"https:\/\/grotta.is\/en\/wp-json\/wp\/v2\/posts"}],"about":[{"href":"https:\/\/grotta.is\/en\/wp-json\/wp\/v2\/types\/post"}],"author":[{"embeddable":true,"href":"https:\/\/grotta.is\/en\/wp-json\/wp\/v2\/users\/4"}],"replies":[{"embeddable":true,"href":"https:\/\/grotta.is\/en\/wp-json\/wp\/v2\/comments?post=82747"}],"version-history":[{"count":1,"href":"https:\/\/grotta.is\/en\/wp-json\/wp\/v2\/posts\/82747\/revisions"}],"predecessor-version":[{"id":82753,"href":"https:\/\/grotta.is\/en\/wp-json\/wp\/v2\/posts\/82747\/revisions\/82753"}],"wp:featuredmedia":[{"embeddable":true,"href":"https:\/\/grotta.is\/en\/wp-json\/wp\/v2\/media\/82750"}],"wp:attachment":[{"href":"https:\/\/grotta.is\/en\/wp-json\/wp\/v2\/media?parent=82747"}],"wp:term":[{"taxonomy":"category","embeddable":true,"href":"https:\/\/grotta.is\/en\/wp-json\/wp\/v2\/categories?post=82747"},{"taxonomy":"post_tag","embeddable":true,"href":"https:\/\/grotta.is\/en\/wp-json\/wp\/v2\/tags?post=82747"}],"curies":[{"name":"wp","href":"https:\/\/api.w.org\/{rel}","templated":true}]}}