{"id":8099,"date":"2017-08-05T12:44:55","date_gmt":"2017-08-05T12:44:55","guid":{"rendered":"https:\/\/grotta.is\/?p=8099"},"modified":"2020-05-23T12:48:08","modified_gmt":"2020-05-23T12:48:08","slug":"bjarni-ofeigur-semur-vid-grottu","status":"publish","type":"post","link":"https:\/\/grotta.is\/en\/handknattleiksdeild\/bjarni-ofeigur-semur-vid-grottu\/","title":{"rendered":"Bjarni \u00d3feigur semur vi\u00f0 Gr\u00f3ttu"},"content":{"rendered":"<p>Gr\u00f3tta og Valur hafa komist a\u00f0 samkomulagi um a\u00f0 Bjarni \u00d3feigur Valdimarsson leikma\u00f0ur Vals ver\u00f0i l\u00e1na\u00f0ur til Gr\u00f3ttu keppnist\u00edmabili\u00f0 2017-2018. Bjarni \u00d3feigur var\u00f0 bikarmeistari me\u00f0 sterku 3. flokks li\u00f0i Vals \u00e1 n\u00fdli\u00f0num vetri auk \u00feess a\u00f0 skora 95 m\u00f6rk \u00ed 15 leikjum me\u00f0 Val-U \u00ed 1. deild karla. Bjarni sem er vinstri skytta, er einnig lykilma\u00f0ur \u00ed sterku U-19 \u00e1ra landsli\u00f0i karla sem leikur \u00e1 lokam\u00f3ti HM \u00ed Georg\u00edu \u00ed n\u00e6stu viku.<\/p><p>Handknattleiksdeild Gr\u00f3ttu l\u00fdsir yfir mikilli \u00e1n\u00e6gju me\u00f0 a\u00f0 nj\u00f3ta krafta Bjarna \u00d3feigs n\u00e6sta vetur. \u00dea\u00f0 er von deildarinnar a\u00f0 hann smelli vel vi\u00f0 leikmannah\u00f3p li\u00f0sins sem skipa\u00f0ur er ungum og efnilegum leikm\u00f6nnum \u00ed bland vi\u00f0 reyndari leikmenn.<\/p>","protected":false},"excerpt":{"rendered":"<p>Gr\u00f3tta og Valur hafa komist a\u00f0 samkomulagi um a\u00f0 Bjarni \u00d3feigur Valdimarsson leikma\u00f0ur Vals ver\u00f0i l\u00e1na\u00f0ur til Gr\u00f3ttu keppnist\u00edmabili\u00f0 2017-2018. Bjarni \u00d3feigur var\u00f0 bikarmeistari me\u00f0 sterku 3. flokks li\u00f0i Vals \u00e1 n\u00fdli\u00f0num vetri auk \u00feess a\u00f0 skora 95 m\u00f6rk \u00ed 15 leikjum me\u00f0 Val-U \u00ed 1. deild karla. Bjarni sem er vinstri skytta, er einnig lykilma\u00f0ur \u00ed sterku U-19 \u00e1ra landsli\u00f0i karla sem leikur \u00e1 lokam\u00f3ti HM \u00ed Georg\u00edu \u00ed n\u00e6stu viku.<\/p>","protected":false},"author":2,"featured_media":8100,"comment_status":"closed","ping_status":"closed","sticky":false,"template":"","format":"standard","meta":{"footnotes":""},"categories":[12],"tags":[13,17,20],"class_list":["post-8099","post","type-post","status-publish","format-standard","has-post-thumbnail","hentry","category-handknattleiksdeild","tag-handbolti","tag-leikmenn","tag-mfl-kk"],"yoast_head":"<!-- This site is optimized with the Yoast SEO plugin v24.3 - https:\/\/yoast.com\/wordpress\/plugins\/seo\/ -->\n<title>Bjarni \u00d3feigur semur vi\u00f0 Gr\u00f3ttu - \u00cd\u00fer\u00f3ttaf\u00e9lagi\u00f0 Gr\u00f3tta<\/title>\n<meta name=\"robots\" content=\"index, follow, max-snippet:-1, max-image-preview:large, max-video-preview:-1\" \/>\n<link rel=\"canonical\" href=\"https:\/\/grotta.is\/en\/handknattleiksdeild\/bjarni-ofeigur-semur-vid-grottu\/\" \/>\n<meta property=\"og:locale\" content=\"en_US\" \/>\n<meta property=\"og:type\" content=\"article\" \/>\n<meta property=\"og:title\" content=\"Bjarni \u00d3feigur semur vi\u00f0 Gr\u00f3ttu - \u00cd\u00fer\u00f3ttaf\u00e9lagi\u00f0 Gr\u00f3tta\" \/>\n<meta property=\"og:description\" content=\"Gr\u00f3tta og Valur hafa komist a\u00f0 samkomulagi um a\u00f0 Bjarni \u00d3feigur Valdimarsson leikma\u00f0ur Vals ver\u00f0i l\u00e1na\u00f0ur til Gr\u00f3ttu keppnist\u00edmabili\u00f0 2017-2018. Bjarni \u00d3feigur var\u00f0 bikarmeistari me\u00f0 sterku 3. flokks li\u00f0i Vals \u00e1 n\u00fdli\u00f0num vetri auk \u00feess a\u00f0 skora 95 m\u00f6rk \u00ed 15 leikjum me\u00f0 Val-U \u00ed 1. deild karla. Bjarni sem er vinstri skytta, er einnig lykilma\u00f0ur \u00ed sterku U-19 \u00e1ra landsli\u00f0i karla sem leikur \u00e1 lokam\u00f3ti HM \u00ed Georg\u00edu \u00ed n\u00e6stu viku.\" \/>\n<meta property=\"og:url\" content=\"https:\/\/grotta.is\/en\/handknattleiksdeild\/bjarni-ofeigur-semur-vid-grottu\/\" \/>\n<meta property=\"og:site_name\" content=\"\u00cd\u00fer\u00f3ttaf\u00e9lagi\u00f0 Gr\u00f3tta\" \/>\n<meta property=\"article:publisher\" content=\"https:\/\/www.facebook.com\/grottasport\" \/>\n<meta property=\"article:published_time\" content=\"2017-08-05T12:44:55+00:00\" \/>\n<meta property=\"article:modified_time\" content=\"2020-05-23T12:48:08+00:00\" \/>\n<meta property=\"og:image\" content=\"https:\/\/grotta.is\/wp-content\/uploads\/2020\/05\/Grotta_Handbolti_mfl_kk_24.jpg\" \/>\n\t<meta property=\"og:image:width\" content=\"960\" \/>\n\t<meta property=\"og:image:height\" content=\"695\" \/>\n\t<meta property=\"og:image:type\" content=\"image\/jpeg\" \/>\n<meta name=\"author\" content=\"Grotta\" \/>\n<meta name=\"twitter:card\" content=\"summary_large_image\" \/>\n<meta name=\"twitter:label1\" content=\"Written by\" \/>\n\t<meta name=\"twitter:data1\" content=\"Grotta\" \/>\n\t<meta name=\"twitter:label2\" content=\"Est. reading time\" \/>\n\t<meta name=\"twitter:data2\" content=\"1 minute\" \/>\n<script type=\"application\/ld+json\" class=\"yoast-schema-graph\">{\"@context\":\"https:\/\/schema.org\",\"@graph\":[{\"@type\":\"Article\",\"@id\":\"https:\/\/grotta.is\/handknattleiksdeild\/bjarni-ofeigur-semur-vid-grottu\/#article\",\"isPartOf\":{\"@id\":\"https:\/\/grotta.is\/handknattleiksdeild\/bjarni-ofeigur-semur-vid-grottu\/\"},\"author\":{\"name\":\"Grotta\",\"@id\":\"https:\/\/grotta.is\/#\/schema\/person\/08ec57bf09ee925f1b6a01540c14a5ce\"},\"headline\":\"Bjarni \u00d3feigur semur vi\u00f0 Gr\u00f3ttu\",\"datePublished\":\"2017-08-05T12:44:55+00:00\",\"dateModified\":\"2020-05-23T12:48:08+00:00\",\"mainEntityOfPage\":{\"@id\":\"https:\/\/grotta.is\/handknattleiksdeild\/bjarni-ofeigur-semur-vid-grottu\/\"},\"wordCount\":128,\"publisher\":{\"@id\":\"https:\/\/grotta.is\/#organization\"},\"image\":{\"@id\":\"https:\/\/grotta.is\/handknattleiksdeild\/bjarni-ofeigur-semur-vid-grottu\/#primaryimage\"},\"thumbnailUrl\":\"https:\/\/grotta.is\/wp-content\/uploads\/2020\/05\/Grotta_Handbolti_mfl_kk_24.jpg\",\"keywords\":[\"Handbolti\",\"Leikmenn\",\"Mfl.kk\"],\"articleSection\":[\"Handknattleiksdeild\"],\"inLanguage\":\"en-US\"},{\"@type\":\"WebPage\",\"@id\":\"https:\/\/grotta.is\/handknattleiksdeild\/bjarni-ofeigur-semur-vid-grottu\/\",\"url\":\"https:\/\/grotta.is\/handknattleiksdeild\/bjarni-ofeigur-semur-vid-grottu\/\",\"name\":\"Bjarni \u00d3feigur semur vi\u00f0 Gr\u00f3ttu - \u00cd\u00fer\u00f3ttaf\u00e9lagi\u00f0 Gr\u00f3tta\",\"isPartOf\":{\"@id\":\"https:\/\/grotta.is\/#website\"},\"primaryImageOfPage\":{\"@id\":\"https:\/\/grotta.is\/handknattleiksdeild\/bjarni-ofeigur-semur-vid-grottu\/#primaryimage\"},\"image\":{\"@id\":\"https:\/\/grotta.is\/handknattleiksdeild\/bjarni-ofeigur-semur-vid-grottu\/#primaryimage\"},\"thumbnailUrl\":\"https:\/\/grotta.is\/wp-content\/uploads\/2020\/05\/Grotta_Handbolti_mfl_kk_24.jpg\",\"datePublished\":\"2017-08-05T12:44:55+00:00\",\"dateModified\":\"2020-05-23T12:48:08+00:00\",\"breadcrumb\":{\"@id\":\"https:\/\/grotta.is\/handknattleiksdeild\/bjarni-ofeigur-semur-vid-grottu\/#breadcrumb\"},\"inLanguage\":\"en-US\",\"potentialAction\":[{\"@type\":\"ReadAction\",\"target\":[\"https:\/\/grotta.is\/handknattleiksdeild\/bjarni-ofeigur-semur-vid-grottu\/\"]}]},{\"@type\":\"ImageObject\",\"inLanguage\":\"en-US\",\"@id\":\"https:\/\/grotta.is\/handknattleiksdeild\/bjarni-ofeigur-semur-vid-grottu\/#primaryimage\",\"url\":\"https:\/\/grotta.is\/wp-content\/uploads\/2020\/05\/Grotta_Handbolti_mfl_kk_24.jpg\",\"contentUrl\":\"https:\/\/grotta.is\/wp-content\/uploads\/2020\/05\/Grotta_Handbolti_mfl_kk_24.jpg\",\"width\":960,\"height\":695},{\"@type\":\"BreadcrumbList\",\"@id\":\"https:\/\/grotta.is\/handknattleiksdeild\/bjarni-ofeigur-semur-vid-grottu\/#breadcrumb\",\"itemListElement\":[{\"@type\":\"ListItem\",\"position\":1,\"name\":\"Home\",\"item\":\"https:\/\/grotta.is\/\"},{\"@type\":\"ListItem\",\"position\":2,\"name\":\"Bjarni \u00d3feigur semur vi\u00f0 Gr\u00f3ttu\"}]},{\"@type\":\"WebSite\",\"@id\":\"https:\/\/grotta.is\/#website\",\"url\":\"https:\/\/grotta.is\/\",\"name\":\"\u00cd\u00fer\u00f3ttaf\u00e9lagi\u00f0 Gr\u00f3tta\",\"description\":\"\u00e1 Seltjarnarnesi\",\"publisher\":{\"@id\":\"https:\/\/grotta.is\/#organization\"},\"potentialAction\":[{\"@type\":\"SearchAction\",\"target\":{\"@type\":\"EntryPoint\",\"urlTemplate\":\"https:\/\/grotta.is\/?s={search_term_string}\"},\"query-input\":{\"@type\":\"PropertyValueSpecification\",\"valueRequired\":true,\"valueName\":\"search_term_string\"}}],\"inLanguage\":\"en-US\"},{\"@type\":\"Organization\",\"@id\":\"https:\/\/grotta.is\/#organization\",\"name\":\"\u00cd\u00fer\u00f3ttaf\u00e9lagi\u00f0 Gr\u00f3tta\",\"url\":\"https:\/\/grotta.is\/\",\"logo\":{\"@type\":\"ImageObject\",\"inLanguage\":\"en-US\",\"@id\":\"https:\/\/grotta.is\/#\/schema\/logo\/image\/\",\"url\":\"https:\/\/grotta.is\/wp-content\/uploads\/2020\/02\/ithrottafelagidgrotta_logo_512x512_transparent.png\",\"contentUrl\":\"https:\/\/grotta.is\/wp-content\/uploads\/2020\/02\/ithrottafelagidgrotta_logo_512x512_transparent.png\",\"width\":512,\"height\":512,\"caption\":\"\u00cd\u00fer\u00f3ttaf\u00e9lagi\u00f0 Gr\u00f3tta\"},\"image\":{\"@id\":\"https:\/\/grotta.is\/#\/schema\/logo\/image\/\"},\"sameAs\":[\"https:\/\/www.facebook.com\/grottasport\"]},{\"@type\":\"Person\",\"@id\":\"https:\/\/grotta.is\/#\/schema\/person\/08ec57bf09ee925f1b6a01540c14a5ce\",\"name\":\"Grotta\",\"url\":\"https:\/\/grotta.is\/en\/author\/inga\/\"}]}<\/script>\n<!-- \/ Yoast SEO plugin. -->","yoast_head_json":{"title":"Bjarni \u00d3feigur semur vi\u00f0 Gr\u00f3ttu - \u00cd\u00fer\u00f3ttaf\u00e9lagi\u00f0 Gr\u00f3tta","robots":{"index":"index","follow":"follow","max-snippet":"max-snippet:-1","max-image-preview":"max-image-preview:large","max-video-preview":"max-video-preview:-1"},"canonical":"https:\/\/grotta.is\/en\/handknattleiksdeild\/bjarni-ofeigur-semur-vid-grottu\/","og_locale":"en_US","og_type":"article","og_title":"Bjarni \u00d3feigur semur vi\u00f0 Gr\u00f3ttu - \u00cd\u00fer\u00f3ttaf\u00e9lagi\u00f0 Gr\u00f3tta","og_description":"Gr\u00f3tta og Valur hafa komist a\u00f0 samkomulagi um a\u00f0 Bjarni \u00d3feigur Valdimarsson leikma\u00f0ur Vals ver\u00f0i l\u00e1na\u00f0ur til Gr\u00f3ttu keppnist\u00edmabili\u00f0 2017-2018. Bjarni \u00d3feigur var\u00f0 bikarmeistari me\u00f0 sterku 3. flokks li\u00f0i Vals \u00e1 n\u00fdli\u00f0num vetri auk \u00feess a\u00f0 skora 95 m\u00f6rk \u00ed 15 leikjum me\u00f0 Val-U \u00ed 1. deild karla. Bjarni sem er vinstri skytta, er einnig lykilma\u00f0ur \u00ed sterku U-19 \u00e1ra landsli\u00f0i karla sem leikur \u00e1 lokam\u00f3ti HM \u00ed Georg\u00edu \u00ed n\u00e6stu viku.","og_url":"https:\/\/grotta.is\/en\/handknattleiksdeild\/bjarni-ofeigur-semur-vid-grottu\/","og_site_name":"\u00cd\u00fer\u00f3ttaf\u00e9lagi\u00f0 Gr\u00f3tta","article_publisher":"https:\/\/www.facebook.com\/grottasport","article_published_time":"2017-08-05T12:44:55+00:00","article_modified_time":"2020-05-23T12:48:08+00:00","og_image":[{"width":960,"height":695,"url":"https:\/\/grotta.is\/wp-content\/uploads\/2020\/05\/Grotta_Handbolti_mfl_kk_24.jpg","type":"image\/jpeg"}],"author":"Grotta","twitter_card":"summary_large_image","twitter_misc":{"Written by":"Grotta","Est. reading time":"1 minute"},"schema":{"@context":"https:\/\/schema.org","@graph":[{"@type":"Article","@id":"https:\/\/grotta.is\/handknattleiksdeild\/bjarni-ofeigur-semur-vid-grottu\/#article","isPartOf":{"@id":"https:\/\/grotta.is\/handknattleiksdeild\/bjarni-ofeigur-semur-vid-grottu\/"},"author":{"name":"Grotta","@id":"https:\/\/grotta.is\/#\/schema\/person\/08ec57bf09ee925f1b6a01540c14a5ce"},"headline":"Bjarni \u00d3feigur semur vi\u00f0 Gr\u00f3ttu","datePublished":"2017-08-05T12:44:55+00:00","dateModified":"2020-05-23T12:48:08+00:00","mainEntityOfPage":{"@id":"https:\/\/grotta.is\/handknattleiksdeild\/bjarni-ofeigur-semur-vid-grottu\/"},"wordCount":128,"publisher":{"@id":"https:\/\/grotta.is\/#organization"},"image":{"@id":"https:\/\/grotta.is\/handknattleiksdeild\/bjarni-ofeigur-semur-vid-grottu\/#primaryimage"},"thumbnailUrl":"https:\/\/grotta.is\/wp-content\/uploads\/2020\/05\/Grotta_Handbolti_mfl_kk_24.jpg","keywords":["Handbolti","Leikmenn","Mfl.kk"],"articleSection":["Handknattleiksdeild"],"inLanguage":"en-US"},{"@type":"WebPage","@id":"https:\/\/grotta.is\/handknattleiksdeild\/bjarni-ofeigur-semur-vid-grottu\/","url":"https:\/\/grotta.is\/handknattleiksdeild\/bjarni-ofeigur-semur-vid-grottu\/","name":"Bjarni \u00d3feigur semur vi\u00f0 Gr\u00f3ttu - \u00cd\u00fer\u00f3ttaf\u00e9lagi\u00f0 Gr\u00f3tta","isPartOf":{"@id":"https:\/\/grotta.is\/#website"},"primaryImageOfPage":{"@id":"https:\/\/grotta.is\/handknattleiksdeild\/bjarni-ofeigur-semur-vid-grottu\/#primaryimage"},"image":{"@id":"https:\/\/grotta.is\/handknattleiksdeild\/bjarni-ofeigur-semur-vid-grottu\/#primaryimage"},"thumbnailUrl":"https:\/\/grotta.is\/wp-content\/uploads\/2020\/05\/Grotta_Handbolti_mfl_kk_24.jpg","datePublished":"2017-08-05T12:44:55+00:00","dateModified":"2020-05-23T12:48:08+00:00","breadcrumb":{"@id":"https:\/\/grotta.is\/handknattleiksdeild\/bjarni-ofeigur-semur-vid-grottu\/#breadcrumb"},"inLanguage":"en-US","potentialAction":[{"@type":"ReadAction","target":["https:\/\/grotta.is\/handknattleiksdeild\/bjarni-ofeigur-semur-vid-grottu\/"]}]},{"@type":"ImageObject","inLanguage":"en-US","@id":"https:\/\/grotta.is\/handknattleiksdeild\/bjarni-ofeigur-semur-vid-grottu\/#primaryimage","url":"https:\/\/grotta.is\/wp-content\/uploads\/2020\/05\/Grotta_Handbolti_mfl_kk_24.jpg","contentUrl":"https:\/\/grotta.is\/wp-content\/uploads\/2020\/05\/Grotta_Handbolti_mfl_kk_24.jpg","width":960,"height":695},{"@type":"BreadcrumbList","@id":"https:\/\/grotta.is\/handknattleiksdeild\/bjarni-ofeigur-semur-vid-grottu\/#breadcrumb","itemListElement":[{"@type":"ListItem","position":1,"name":"Home","item":"https:\/\/grotta.is\/"},{"@type":"ListItem","position":2,"name":"Bjarni \u00d3feigur semur vi\u00f0 Gr\u00f3ttu"}]},{"@type":"WebSite","@id":"https:\/\/grotta.is\/#website","url":"https:\/\/grotta.is\/","name":"\u00cd\u00fer\u00f3ttaf\u00e9lagi\u00f0 Gr\u00f3tta","description":"\u00e1 Seltjarnarnesi","publisher":{"@id":"https:\/\/grotta.is\/#organization"},"potentialAction":[{"@type":"SearchAction","target":{"@type":"EntryPoint","urlTemplate":"https:\/\/grotta.is\/?s={search_term_string}"},"query-input":{"@type":"PropertyValueSpecification","valueRequired":true,"valueName":"search_term_string"}}],"inLanguage":"en-US"},{"@type":"Organization","@id":"https:\/\/grotta.is\/#organization","name":"\u00cd\u00fer\u00f3ttaf\u00e9lagi\u00f0 Gr\u00f3tta","url":"https:\/\/grotta.is\/","logo":{"@type":"ImageObject","inLanguage":"en-US","@id":"https:\/\/grotta.is\/#\/schema\/logo\/image\/","url":"https:\/\/grotta.is\/wp-content\/uploads\/2020\/02\/ithrottafelagidgrotta_logo_512x512_transparent.png","contentUrl":"https:\/\/grotta.is\/wp-content\/uploads\/2020\/02\/ithrottafelagidgrotta_logo_512x512_transparent.png","width":512,"height":512,"caption":"\u00cd\u00fer\u00f3ttaf\u00e9lagi\u00f0 Gr\u00f3tta"},"image":{"@id":"https:\/\/grotta.is\/#\/schema\/logo\/image\/"},"sameAs":["https:\/\/www.facebook.com\/grottasport"]},{"@type":"Person","@id":"https:\/\/grotta.is\/#\/schema\/person\/08ec57bf09ee925f1b6a01540c14a5ce","name":"Grotta","url":"https:\/\/grotta.is\/en\/author\/inga\/"}]}},"_links":{"self":[{"href":"https:\/\/grotta.is\/en\/wp-json\/wp\/v2\/posts\/8099","targetHints":{"allow":["GET"]}}],"collection":[{"href":"https:\/\/grotta.is\/en\/wp-json\/wp\/v2\/posts"}],"about":[{"href":"https:\/\/grotta.is\/en\/wp-json\/wp\/v2\/types\/post"}],"author":[{"embeddable":true,"href":"https:\/\/grotta.is\/en\/wp-json\/wp\/v2\/users\/2"}],"replies":[{"embeddable":true,"href":"https:\/\/grotta.is\/en\/wp-json\/wp\/v2\/comments?post=8099"}],"version-history":[{"count":1,"href":"https:\/\/grotta.is\/en\/wp-json\/wp\/v2\/posts\/8099\/revisions"}],"predecessor-version":[{"id":8101,"href":"https:\/\/grotta.is\/en\/wp-json\/wp\/v2\/posts\/8099\/revisions\/8101"}],"wp:featuredmedia":[{"embeddable":true,"href":"https:\/\/grotta.is\/en\/wp-json\/wp\/v2\/media\/8100"}],"wp:attachment":[{"href":"https:\/\/grotta.is\/en\/wp-json\/wp\/v2\/media?parent=8099"}],"wp:term":[{"taxonomy":"category","embeddable":true,"href":"https:\/\/grotta.is\/en\/wp-json\/wp\/v2\/categories?post=8099"},{"taxonomy":"post_tag","embeddable":true,"href":"https:\/\/grotta.is\/en\/wp-json\/wp\/v2\/tags?post=8099"}],"curies":[{"name":"wp","href":"https:\/\/api.w.org\/{rel}","templated":true}]}}