{"id":8094,"date":"2017-08-15T12:40:52","date_gmt":"2017-08-15T12:40:52","guid":{"rendered":"https:\/\/grotta.is\/?p=8094"},"modified":"2020-05-23T12:44:10","modified_gmt":"2020-05-23T12:44:10","slug":"finnur-ingi-stefansson-skrifar-undir-nyjan-samning-vid-grottu","status":"publish","type":"post","link":"https:\/\/grotta.is\/en\/handknattleiksdeild\/finnur-ingi-stefansson-skrifar-undir-nyjan-samning-vid-grottu\/","title":{"rendered":"Finnur Ingi Stef\u00e1nsson skrifar undir n\u00fdjan samning vi\u00f0 Gr\u00f3ttu"},"content":{"rendered":"<p>Finnur Ingi Stef\u00e1nsson hefur gert n\u00fdjan tveggja \u00e1ra samning vi\u00f0 Handknattleiksdeild Gr\u00f3ttu.<\/p><p>Finnur Ingi er \u00e1 \u00fer\u00edtugasta aldurs\u00e1ri og er uppalinn Gr\u00f3ttuma\u00f0ur. Hann hefur veri\u00f0 einn albesti h\u00e6gri hornama\u00f0ur landsins undanfarin \u00e1r og skora\u00f0i 179 m\u00f6rk \u00ed 27 deildarleikjum fyrir Gr\u00f3ttu \u00e1 n\u00fdafst\u00f6\u00f0u leikt\u00edmabili.<\/p><blockquote class=\"wp-block-quote is-layout-flow wp-block-quote-is-layout-flow\"><p>\u201e\u00deetta er fr\u00e1b\u00e6r t\u00ed\u00f0indi fyrir Gr\u00f3ttu enda er Finnur Ingi reynslumikill leikma\u00f0ur og mikill lei\u00f0togi sem vi\u00f0 l\u00f6g\u00f0um mikla \u00e1herslu \u00e1 a\u00f0 halda hj\u00e1 f\u00e9laginu\u201c<\/p><cite>segir K\u00e1ri Gar\u00f0arsson \u00fej\u00e1lfari li\u00f0sins<\/cite><\/blockquote><figure class=\"wp-block-image size-large\"><img fetchpriority=\"high\" decoding=\"async\" width=\"960\" height=\"636\" src=\"https:\/\/grotta.is\/wp-content\/uploads\/2020\/05\/Grotta_Handbolti_mfl_kk_23.jpg\" alt=\"\" class=\"wp-image-8096\" srcset=\"https:\/\/grotta.is\/wp-content\/uploads\/2020\/05\/Grotta_Handbolti_mfl_kk_23.jpg 960w, https:\/\/grotta.is\/wp-content\/uploads\/2020\/05\/Grotta_Handbolti_mfl_kk_23-300x199.jpg 300w, https:\/\/grotta.is\/wp-content\/uploads\/2020\/05\/Grotta_Handbolti_mfl_kk_23-768x509.jpg 768w, https:\/\/grotta.is\/wp-content\/uploads\/2020\/05\/Grotta_Handbolti_mfl_kk_23-600x398.jpg 600w\" sizes=\"(max-width: 960px) 100vw, 960px\" \/><\/figure>","protected":false},"excerpt":{"rendered":"<p>Finnur Ingi Stef\u00e1nsson hefur gert n\u00fdjan tveggja \u00e1ra samning vi\u00f0 Handknattleiksdeild Gr\u00f3ttu.<\/p>","protected":false},"author":2,"featured_media":8098,"comment_status":"closed","ping_status":"closed","sticky":false,"template":"","format":"standard","meta":{"footnotes":""},"categories":[12],"tags":[13,17,20],"class_list":["post-8094","post","type-post","status-publish","format-standard","has-post-thumbnail","hentry","category-handknattleiksdeild","tag-handbolti","tag-leikmenn","tag-mfl-kk"],"yoast_head":"<!-- This site is optimized with the Yoast SEO plugin v24.3 - https:\/\/yoast.com\/wordpress\/plugins\/seo\/ -->\n<title>Finnur Ingi Stef\u00e1nsson skrifar undir n\u00fdjan samning vi\u00f0 Gr\u00f3ttu - \u00cd\u00fer\u00f3ttaf\u00e9lagi\u00f0 Gr\u00f3tta<\/title>\n<meta name=\"robots\" content=\"index, follow, max-snippet:-1, max-image-preview:large, max-video-preview:-1\" \/>\n<link rel=\"canonical\" href=\"https:\/\/grotta.is\/en\/handknattleiksdeild\/finnur-ingi-stefansson-skrifar-undir-nyjan-samning-vid-grottu\/\" \/>\n<meta property=\"og:locale\" content=\"en_US\" \/>\n<meta property=\"og:type\" content=\"article\" \/>\n<meta property=\"og:title\" content=\"Finnur Ingi Stef\u00e1nsson skrifar undir n\u00fdjan samning vi\u00f0 Gr\u00f3ttu - \u00cd\u00fer\u00f3ttaf\u00e9lagi\u00f0 Gr\u00f3tta\" \/>\n<meta property=\"og:description\" content=\"Finnur Ingi Stef\u00e1nsson hefur gert n\u00fdjan tveggja \u00e1ra samning vi\u00f0 Handknattleiksdeild Gr\u00f3ttu.\" \/>\n<meta property=\"og:url\" content=\"https:\/\/grotta.is\/en\/handknattleiksdeild\/finnur-ingi-stefansson-skrifar-undir-nyjan-samning-vid-grottu\/\" \/>\n<meta property=\"og:site_name\" content=\"\u00cd\u00fer\u00f3ttaf\u00e9lagi\u00f0 Gr\u00f3tta\" \/>\n<meta property=\"article:publisher\" content=\"https:\/\/www.facebook.com\/grottasport\" \/>\n<meta property=\"article:published_time\" content=\"2017-08-15T12:40:52+00:00\" \/>\n<meta property=\"article:modified_time\" content=\"2020-05-23T12:44:10+00:00\" \/>\n<meta property=\"og:image\" content=\"https:\/\/grotta.is\/wp-content\/uploads\/2017\/08\/Grotta_Handbolti_mfl_kk_22.jpg\" \/>\n\t<meta property=\"og:image:width\" content=\"960\" \/>\n\t<meta property=\"og:image:height\" content=\"652\" \/>\n\t<meta property=\"og:image:type\" content=\"image\/jpeg\" \/>\n<meta name=\"author\" content=\"Grotta\" \/>\n<meta name=\"twitter:card\" content=\"summary_large_image\" \/>\n<meta name=\"twitter:label1\" content=\"Written by\" \/>\n\t<meta name=\"twitter:data1\" content=\"Grotta\" \/>\n<script type=\"application\/ld+json\" class=\"yoast-schema-graph\">{\"@context\":\"https:\/\/schema.org\",\"@graph\":[{\"@type\":\"Article\",\"@id\":\"https:\/\/grotta.is\/handknattleiksdeild\/finnur-ingi-stefansson-skrifar-undir-nyjan-samning-vid-grottu\/#article\",\"isPartOf\":{\"@id\":\"https:\/\/grotta.is\/handknattleiksdeild\/finnur-ingi-stefansson-skrifar-undir-nyjan-samning-vid-grottu\/\"},\"author\":{\"name\":\"Grotta\",\"@id\":\"https:\/\/grotta.is\/#\/schema\/person\/08ec57bf09ee925f1b6a01540c14a5ce\"},\"headline\":\"Finnur Ingi Stef\u00e1nsson skrifar undir n\u00fdjan samning vi\u00f0 Gr\u00f3ttu\",\"datePublished\":\"2017-08-15T12:40:52+00:00\",\"dateModified\":\"2020-05-23T12:44:10+00:00\",\"mainEntityOfPage\":{\"@id\":\"https:\/\/grotta.is\/handknattleiksdeild\/finnur-ingi-stefansson-skrifar-undir-nyjan-samning-vid-grottu\/\"},\"wordCount\":108,\"publisher\":{\"@id\":\"https:\/\/grotta.is\/#organization\"},\"image\":{\"@id\":\"https:\/\/grotta.is\/handknattleiksdeild\/finnur-ingi-stefansson-skrifar-undir-nyjan-samning-vid-grottu\/#primaryimage\"},\"thumbnailUrl\":\"https:\/\/grotta.is\/wp-content\/uploads\/2017\/08\/Grotta_Handbolti_mfl_kk_22.jpg\",\"keywords\":[\"Handbolti\",\"Leikmenn\",\"Mfl.kk\"],\"articleSection\":[\"Handknattleiksdeild\"],\"inLanguage\":\"en-US\"},{\"@type\":\"WebPage\",\"@id\":\"https:\/\/grotta.is\/handknattleiksdeild\/finnur-ingi-stefansson-skrifar-undir-nyjan-samning-vid-grottu\/\",\"url\":\"https:\/\/grotta.is\/handknattleiksdeild\/finnur-ingi-stefansson-skrifar-undir-nyjan-samning-vid-grottu\/\",\"name\":\"Finnur Ingi Stef\u00e1nsson skrifar undir n\u00fdjan samning vi\u00f0 Gr\u00f3ttu - \u00cd\u00fer\u00f3ttaf\u00e9lagi\u00f0 Gr\u00f3tta\",\"isPartOf\":{\"@id\":\"https:\/\/grotta.is\/#website\"},\"primaryImageOfPage\":{\"@id\":\"https:\/\/grotta.is\/handknattleiksdeild\/finnur-ingi-stefansson-skrifar-undir-nyjan-samning-vid-grottu\/#primaryimage\"},\"image\":{\"@id\":\"https:\/\/grotta.is\/handknattleiksdeild\/finnur-ingi-stefansson-skrifar-undir-nyjan-samning-vid-grottu\/#primaryimage\"},\"thumbnailUrl\":\"https:\/\/grotta.is\/wp-content\/uploads\/2017\/08\/Grotta_Handbolti_mfl_kk_22.jpg\",\"datePublished\":\"2017-08-15T12:40:52+00:00\",\"dateModified\":\"2020-05-23T12:44:10+00:00\",\"breadcrumb\":{\"@id\":\"https:\/\/grotta.is\/handknattleiksdeild\/finnur-ingi-stefansson-skrifar-undir-nyjan-samning-vid-grottu\/#breadcrumb\"},\"inLanguage\":\"en-US\",\"potentialAction\":[{\"@type\":\"ReadAction\",\"target\":[\"https:\/\/grotta.is\/handknattleiksdeild\/finnur-ingi-stefansson-skrifar-undir-nyjan-samning-vid-grottu\/\"]}]},{\"@type\":\"ImageObject\",\"inLanguage\":\"en-US\",\"@id\":\"https:\/\/grotta.is\/handknattleiksdeild\/finnur-ingi-stefansson-skrifar-undir-nyjan-samning-vid-grottu\/#primaryimage\",\"url\":\"https:\/\/grotta.is\/wp-content\/uploads\/2017\/08\/Grotta_Handbolti_mfl_kk_22.jpg\",\"contentUrl\":\"https:\/\/grotta.is\/wp-content\/uploads\/2017\/08\/Grotta_Handbolti_mfl_kk_22.jpg\",\"width\":960,\"height\":652},{\"@type\":\"BreadcrumbList\",\"@id\":\"https:\/\/grotta.is\/handknattleiksdeild\/finnur-ingi-stefansson-skrifar-undir-nyjan-samning-vid-grottu\/#breadcrumb\",\"itemListElement\":[{\"@type\":\"ListItem\",\"position\":1,\"name\":\"Home\",\"item\":\"https:\/\/grotta.is\/\"},{\"@type\":\"ListItem\",\"position\":2,\"name\":\"Finnur Ingi Stef\u00e1nsson skrifar undir n\u00fdjan samning vi\u00f0 Gr\u00f3ttu\"}]},{\"@type\":\"WebSite\",\"@id\":\"https:\/\/grotta.is\/#website\",\"url\":\"https:\/\/grotta.is\/\",\"name\":\"\u00cd\u00fer\u00f3ttaf\u00e9lagi\u00f0 Gr\u00f3tta\",\"description\":\"\u00e1 Seltjarnarnesi\",\"publisher\":{\"@id\":\"https:\/\/grotta.is\/#organization\"},\"potentialAction\":[{\"@type\":\"SearchAction\",\"target\":{\"@type\":\"EntryPoint\",\"urlTemplate\":\"https:\/\/grotta.is\/?s={search_term_string}\"},\"query-input\":{\"@type\":\"PropertyValueSpecification\",\"valueRequired\":true,\"valueName\":\"search_term_string\"}}],\"inLanguage\":\"en-US\"},{\"@type\":\"Organization\",\"@id\":\"https:\/\/grotta.is\/#organization\",\"name\":\"\u00cd\u00fer\u00f3ttaf\u00e9lagi\u00f0 Gr\u00f3tta\",\"url\":\"https:\/\/grotta.is\/\",\"logo\":{\"@type\":\"ImageObject\",\"inLanguage\":\"en-US\",\"@id\":\"https:\/\/grotta.is\/#\/schema\/logo\/image\/\",\"url\":\"https:\/\/grotta.is\/wp-content\/uploads\/2020\/02\/ithrottafelagidgrotta_logo_512x512_transparent.png\",\"contentUrl\":\"https:\/\/grotta.is\/wp-content\/uploads\/2020\/02\/ithrottafelagidgrotta_logo_512x512_transparent.png\",\"width\":512,\"height\":512,\"caption\":\"\u00cd\u00fer\u00f3ttaf\u00e9lagi\u00f0 Gr\u00f3tta\"},\"image\":{\"@id\":\"https:\/\/grotta.is\/#\/schema\/logo\/image\/\"},\"sameAs\":[\"https:\/\/www.facebook.com\/grottasport\"]},{\"@type\":\"Person\",\"@id\":\"https:\/\/grotta.is\/#\/schema\/person\/08ec57bf09ee925f1b6a01540c14a5ce\",\"name\":\"Grotta\",\"url\":\"https:\/\/grotta.is\/en\/author\/inga\/\"}]}<\/script>\n<!-- \/ Yoast SEO plugin. -->","yoast_head_json":{"title":"Finnur Ingi Stef\u00e1nsson skrifar undir n\u00fdjan samning vi\u00f0 Gr\u00f3ttu - \u00cd\u00fer\u00f3ttaf\u00e9lagi\u00f0 Gr\u00f3tta","robots":{"index":"index","follow":"follow","max-snippet":"max-snippet:-1","max-image-preview":"max-image-preview:large","max-video-preview":"max-video-preview:-1"},"canonical":"https:\/\/grotta.is\/en\/handknattleiksdeild\/finnur-ingi-stefansson-skrifar-undir-nyjan-samning-vid-grottu\/","og_locale":"en_US","og_type":"article","og_title":"Finnur Ingi Stef\u00e1nsson skrifar undir n\u00fdjan samning vi\u00f0 Gr\u00f3ttu - \u00cd\u00fer\u00f3ttaf\u00e9lagi\u00f0 Gr\u00f3tta","og_description":"Finnur Ingi Stef\u00e1nsson hefur gert n\u00fdjan tveggja \u00e1ra samning vi\u00f0 Handknattleiksdeild Gr\u00f3ttu.","og_url":"https:\/\/grotta.is\/en\/handknattleiksdeild\/finnur-ingi-stefansson-skrifar-undir-nyjan-samning-vid-grottu\/","og_site_name":"\u00cd\u00fer\u00f3ttaf\u00e9lagi\u00f0 Gr\u00f3tta","article_publisher":"https:\/\/www.facebook.com\/grottasport","article_published_time":"2017-08-15T12:40:52+00:00","article_modified_time":"2020-05-23T12:44:10+00:00","og_image":[{"width":960,"height":652,"url":"https:\/\/grotta.is\/wp-content\/uploads\/2017\/08\/Grotta_Handbolti_mfl_kk_22.jpg","type":"image\/jpeg"}],"author":"Grotta","twitter_card":"summary_large_image","twitter_misc":{"Written by":"Grotta"},"schema":{"@context":"https:\/\/schema.org","@graph":[{"@type":"Article","@id":"https:\/\/grotta.is\/handknattleiksdeild\/finnur-ingi-stefansson-skrifar-undir-nyjan-samning-vid-grottu\/#article","isPartOf":{"@id":"https:\/\/grotta.is\/handknattleiksdeild\/finnur-ingi-stefansson-skrifar-undir-nyjan-samning-vid-grottu\/"},"author":{"name":"Grotta","@id":"https:\/\/grotta.is\/#\/schema\/person\/08ec57bf09ee925f1b6a01540c14a5ce"},"headline":"Finnur Ingi Stef\u00e1nsson skrifar undir n\u00fdjan samning vi\u00f0 Gr\u00f3ttu","datePublished":"2017-08-15T12:40:52+00:00","dateModified":"2020-05-23T12:44:10+00:00","mainEntityOfPage":{"@id":"https:\/\/grotta.is\/handknattleiksdeild\/finnur-ingi-stefansson-skrifar-undir-nyjan-samning-vid-grottu\/"},"wordCount":108,"publisher":{"@id":"https:\/\/grotta.is\/#organization"},"image":{"@id":"https:\/\/grotta.is\/handknattleiksdeild\/finnur-ingi-stefansson-skrifar-undir-nyjan-samning-vid-grottu\/#primaryimage"},"thumbnailUrl":"https:\/\/grotta.is\/wp-content\/uploads\/2017\/08\/Grotta_Handbolti_mfl_kk_22.jpg","keywords":["Handbolti","Leikmenn","Mfl.kk"],"articleSection":["Handknattleiksdeild"],"inLanguage":"en-US"},{"@type":"WebPage","@id":"https:\/\/grotta.is\/handknattleiksdeild\/finnur-ingi-stefansson-skrifar-undir-nyjan-samning-vid-grottu\/","url":"https:\/\/grotta.is\/handknattleiksdeild\/finnur-ingi-stefansson-skrifar-undir-nyjan-samning-vid-grottu\/","name":"Finnur Ingi Stef\u00e1nsson skrifar undir n\u00fdjan samning vi\u00f0 Gr\u00f3ttu - \u00cd\u00fer\u00f3ttaf\u00e9lagi\u00f0 Gr\u00f3tta","isPartOf":{"@id":"https:\/\/grotta.is\/#website"},"primaryImageOfPage":{"@id":"https:\/\/grotta.is\/handknattleiksdeild\/finnur-ingi-stefansson-skrifar-undir-nyjan-samning-vid-grottu\/#primaryimage"},"image":{"@id":"https:\/\/grotta.is\/handknattleiksdeild\/finnur-ingi-stefansson-skrifar-undir-nyjan-samning-vid-grottu\/#primaryimage"},"thumbnailUrl":"https:\/\/grotta.is\/wp-content\/uploads\/2017\/08\/Grotta_Handbolti_mfl_kk_22.jpg","datePublished":"2017-08-15T12:40:52+00:00","dateModified":"2020-05-23T12:44:10+00:00","breadcrumb":{"@id":"https:\/\/grotta.is\/handknattleiksdeild\/finnur-ingi-stefansson-skrifar-undir-nyjan-samning-vid-grottu\/#breadcrumb"},"inLanguage":"en-US","potentialAction":[{"@type":"ReadAction","target":["https:\/\/grotta.is\/handknattleiksdeild\/finnur-ingi-stefansson-skrifar-undir-nyjan-samning-vid-grottu\/"]}]},{"@type":"ImageObject","inLanguage":"en-US","@id":"https:\/\/grotta.is\/handknattleiksdeild\/finnur-ingi-stefansson-skrifar-undir-nyjan-samning-vid-grottu\/#primaryimage","url":"https:\/\/grotta.is\/wp-content\/uploads\/2017\/08\/Grotta_Handbolti_mfl_kk_22.jpg","contentUrl":"https:\/\/grotta.is\/wp-content\/uploads\/2017\/08\/Grotta_Handbolti_mfl_kk_22.jpg","width":960,"height":652},{"@type":"BreadcrumbList","@id":"https:\/\/grotta.is\/handknattleiksdeild\/finnur-ingi-stefansson-skrifar-undir-nyjan-samning-vid-grottu\/#breadcrumb","itemListElement":[{"@type":"ListItem","position":1,"name":"Home","item":"https:\/\/grotta.is\/"},{"@type":"ListItem","position":2,"name":"Finnur Ingi Stef\u00e1nsson skrifar undir n\u00fdjan samning vi\u00f0 Gr\u00f3ttu"}]},{"@type":"WebSite","@id":"https:\/\/grotta.is\/#website","url":"https:\/\/grotta.is\/","name":"\u00cd\u00fer\u00f3ttaf\u00e9lagi\u00f0 Gr\u00f3tta","description":"\u00e1 Seltjarnarnesi","publisher":{"@id":"https:\/\/grotta.is\/#organization"},"potentialAction":[{"@type":"SearchAction","target":{"@type":"EntryPoint","urlTemplate":"https:\/\/grotta.is\/?s={search_term_string}"},"query-input":{"@type":"PropertyValueSpecification","valueRequired":true,"valueName":"search_term_string"}}],"inLanguage":"en-US"},{"@type":"Organization","@id":"https:\/\/grotta.is\/#organization","name":"\u00cd\u00fer\u00f3ttaf\u00e9lagi\u00f0 Gr\u00f3tta","url":"https:\/\/grotta.is\/","logo":{"@type":"ImageObject","inLanguage":"en-US","@id":"https:\/\/grotta.is\/#\/schema\/logo\/image\/","url":"https:\/\/grotta.is\/wp-content\/uploads\/2020\/02\/ithrottafelagidgrotta_logo_512x512_transparent.png","contentUrl":"https:\/\/grotta.is\/wp-content\/uploads\/2020\/02\/ithrottafelagidgrotta_logo_512x512_transparent.png","width":512,"height":512,"caption":"\u00cd\u00fer\u00f3ttaf\u00e9lagi\u00f0 Gr\u00f3tta"},"image":{"@id":"https:\/\/grotta.is\/#\/schema\/logo\/image\/"},"sameAs":["https:\/\/www.facebook.com\/grottasport"]},{"@type":"Person","@id":"https:\/\/grotta.is\/#\/schema\/person\/08ec57bf09ee925f1b6a01540c14a5ce","name":"Grotta","url":"https:\/\/grotta.is\/en\/author\/inga\/"}]}},"_links":{"self":[{"href":"https:\/\/grotta.is\/en\/wp-json\/wp\/v2\/posts\/8094","targetHints":{"allow":["GET"]}}],"collection":[{"href":"https:\/\/grotta.is\/en\/wp-json\/wp\/v2\/posts"}],"about":[{"href":"https:\/\/grotta.is\/en\/wp-json\/wp\/v2\/types\/post"}],"author":[{"embeddable":true,"href":"https:\/\/grotta.is\/en\/wp-json\/wp\/v2\/users\/2"}],"replies":[{"embeddable":true,"href":"https:\/\/grotta.is\/en\/wp-json\/wp\/v2\/comments?post=8094"}],"version-history":[{"count":2,"href":"https:\/\/grotta.is\/en\/wp-json\/wp\/v2\/posts\/8094\/revisions"}],"predecessor-version":[{"id":8097,"href":"https:\/\/grotta.is\/en\/wp-json\/wp\/v2\/posts\/8094\/revisions\/8097"}],"wp:featuredmedia":[{"embeddable":true,"href":"https:\/\/grotta.is\/en\/wp-json\/wp\/v2\/media\/8098"}],"wp:attachment":[{"href":"https:\/\/grotta.is\/en\/wp-json\/wp\/v2\/media?parent=8094"}],"wp:term":[{"taxonomy":"category","embeddable":true,"href":"https:\/\/grotta.is\/en\/wp-json\/wp\/v2\/categories?post=8094"},{"taxonomy":"post_tag","embeddable":true,"href":"https:\/\/grotta.is\/en\/wp-json\/wp\/v2\/tags?post=8094"}],"curies":[{"name":"wp","href":"https:\/\/api.w.org\/{rel}","templated":true}]}}