{"id":8089,"date":"2017-08-23T12:36:00","date_gmt":"2017-08-23T12:36:00","guid":{"rendered":"https:\/\/grotta.is\/?p=8089"},"modified":"2020-05-23T12:39:48","modified_gmt":"2020-05-23T12:39:48","slug":"thrir-nyir-leikmenn-semja-vid-mfl-kvk-i-grottu","status":"publish","type":"post","link":"https:\/\/grotta.is\/en\/handknattleiksdeild\/thrir-nyir-leikmenn-semja-vid-mfl-kvk-i-grottu\/","title":{"rendered":"\u00der\u00edr n\u00fdir leikmenn semja vi\u00f0 mfl.kvk \u00ed Gr\u00f3ttu"},"content":{"rendered":"<p>\u00c1 d\u00f6gunum skrifu\u00f0u \u00fer\u00edr n\u00fdir leikmenn undir samning vi\u00f0 hanknattleiksdeild Gr\u00f3ttu.<\/p><p>Elva Bj\u00f6rg Arnarsd\u00f3ttir er fj\u00f6lh\u00e6fur leikma\u00f0ur sem getur leyst flestar st\u00f6\u00f0ur. Elva, sem er \u00fer\u00edtug, kemur a\u00f0 nor\u00f0an en hefur leiki\u00f0 me\u00f0 HK og Fram \u00e1 H\u00f6fu\u00f0borgarsv\u00e6\u00f0inu.<\/p><p>Kristjana Bj\u00f6rk Steinarsd\u00f3ttir er 22 \u00e1ra vinstri hornama\u00f0ur og kemur fr\u00e1 Fylki. H\u00fan var fastama\u00f0ur \u00ed li\u00f0i Fylkis \u00ed \u00farvalsdeildinni s\u00ed\u00f0asta t\u00edmabil og skora\u00f0i 19 m\u00f6rk \u00ed 21 leik.<\/p><p>\u00de\u00f3ra Gu\u00f0n\u00fd Arnarsd\u00f3ttir er 18 \u00e1ra l\u00ednuma\u00f0ur \u00far Vestmannaeyjum. \u00de\u00f3ra l\u00e9k 20 leiki fyrir \u00cdBV \u00ed fyrra og skora\u00f0i 13 m\u00f6rk, auk \u00feess a\u00f0 leika st\u00f3rt hlutverk \u00ed varnarleiknum. \u00de\u00f3ra Gu\u00f0n\u00fd er gr\u00ed\u00f0arlega efnilegur leikma\u00f0ur sem hefur unni\u00f0 s\u00e9r sess sem fastama\u00f0ur \u00ed U19 \u00e1ra li\u00f0i \u00cdslands.<\/p><p>Handknattleiksdeild Gr\u00f3ttu b\u00fd\u00f0ur st\u00falkurnar s\u00e9rstaklega velkomnar og hlakkar til a\u00f0 vinna me\u00f0 \u00feeim \u00ed vetur!<\/p><figure class=\"wp-block-gallery columns-2 is-cropped wp-block-gallery-1 is-layout-flex wp-block-gallery-is-layout-flex\"><ul class=\"blocks-gallery-grid\"><li class=\"blocks-gallery-item\"><figure><img fetchpriority=\"high\" decoding=\"async\" width=\"720\" height=\"960\" src=\"https:\/\/grotta.is\/wp-content\/uploads\/2020\/05\/Grotta_Handbolti_mfl_kvk_8.jpg\" alt=\"\" data-id=\"8091\" data-full-url=\"https:\/\/grotta.is\/wp-content\/uploads\/2020\/05\/Grotta_Handbolti_mfl_kvk_8.jpg\" data-link=\"https:\/\/grotta.is\/?attachment_id=8091\" class=\"wp-image-8091\" srcset=\"https:\/\/grotta.is\/wp-content\/uploads\/2020\/05\/Grotta_Handbolti_mfl_kvk_8.jpg 720w, https:\/\/grotta.is\/wp-content\/uploads\/2020\/05\/Grotta_Handbolti_mfl_kvk_8-225x300.jpg 225w, https:\/\/grotta.is\/wp-content\/uploads\/2020\/05\/Grotta_Handbolti_mfl_kvk_8-600x800.jpg 600w\" sizes=\"(max-width: 720px) 100vw, 720px\" \/><\/figure><\/li><li class=\"blocks-gallery-item\"><figure><img decoding=\"async\" width=\"720\" height=\"960\" data-src=\"https:\/\/grotta.is\/wp-content\/uploads\/2020\/05\/Grotta_Handbolti_mfl_kvk_10.jpg\" alt=\"\" data-id=\"8090\" data-full-url=\"https:\/\/grotta.is\/wp-content\/uploads\/2020\/05\/Grotta_Handbolti_mfl_kvk_10.jpg\" data-link=\"https:\/\/grotta.is\/?attachment_id=8090\" class=\"wp-image-8090 lazyload\" data-srcset=\"https:\/\/grotta.is\/wp-content\/uploads\/2020\/05\/Grotta_Handbolti_mfl_kvk_10.jpg 720w, https:\/\/grotta.is\/wp-content\/uploads\/2020\/05\/Grotta_Handbolti_mfl_kvk_10-225x300.jpg 225w, https:\/\/grotta.is\/wp-content\/uploads\/2020\/05\/Grotta_Handbolti_mfl_kvk_10-600x800.jpg 600w\" data-sizes=\"(max-width: 720px) 100vw, 720px\" src=\"data:image\/gif;base64,R0lGODlhAQABAAAAACH5BAEKAAEALAAAAAABAAEAAAICTAEAOw==\" style=\"--smush-placeholder-width: 720px; --smush-placeholder-aspect-ratio: 720\/960;\" \/><\/figure><\/li><\/ul><\/figure>","protected":false},"excerpt":{"rendered":"<p>\u00c1 d\u00f6gunum skrifu\u00f0u \u00fer\u00edr n\u00fdir leikmenn undir samning vi\u00f0 hanknattleiksdeild Gr\u00f3ttu.<\/p>","protected":false},"author":2,"featured_media":8092,"comment_status":"closed","ping_status":"closed","sticky":false,"template":"","format":"standard","meta":{"footnotes":""},"categories":[12],"tags":[13,18],"class_list":["post-8089","post","type-post","status-publish","format-standard","has-post-thumbnail","hentry","category-handknattleiksdeild","tag-handbolti","tag-mfl-kvk"],"yoast_head":"<!-- This site is optimized with the Yoast SEO plugin v24.3 - https:\/\/yoast.com\/wordpress\/plugins\/seo\/ -->\n<title>\u00der\u00edr n\u00fdir leikmenn semja vi\u00f0 mfl.kvk \u00ed Gr\u00f3ttu - \u00cd\u00fer\u00f3ttaf\u00e9lagi\u00f0 Gr\u00f3tta<\/title>\n<meta name=\"robots\" content=\"index, follow, max-snippet:-1, max-image-preview:large, max-video-preview:-1\" \/>\n<link rel=\"canonical\" href=\"https:\/\/grotta.is\/en\/handknattleiksdeild\/thrir-nyir-leikmenn-semja-vid-mfl-kvk-i-grottu\/\" \/>\n<meta property=\"og:locale\" content=\"en_US\" \/>\n<meta property=\"og:type\" content=\"article\" \/>\n<meta property=\"og:title\" content=\"\u00der\u00edr n\u00fdir leikmenn semja vi\u00f0 mfl.kvk \u00ed Gr\u00f3ttu - \u00cd\u00fer\u00f3ttaf\u00e9lagi\u00f0 Gr\u00f3tta\" \/>\n<meta property=\"og:description\" content=\"\u00c1 d\u00f6gunum skrifu\u00f0u \u00fer\u00edr n\u00fdir leikmenn undir samning vi\u00f0 hanknattleiksdeild Gr\u00f3ttu.\" \/>\n<meta property=\"og:url\" content=\"https:\/\/grotta.is\/en\/handknattleiksdeild\/thrir-nyir-leikmenn-semja-vid-mfl-kvk-i-grottu\/\" \/>\n<meta property=\"og:site_name\" content=\"\u00cd\u00fer\u00f3ttaf\u00e9lagi\u00f0 Gr\u00f3tta\" \/>\n<meta property=\"article:publisher\" content=\"https:\/\/www.facebook.com\/grottasport\" \/>\n<meta property=\"article:published_time\" content=\"2017-08-23T12:36:00+00:00\" \/>\n<meta property=\"article:modified_time\" content=\"2020-05-23T12:39:48+00:00\" \/>\n<meta property=\"og:image\" content=\"https:\/\/grotta.is\/wp-content\/uploads\/2020\/05\/Grotta_Handbolti_mfl_kvk_9.jpg\" \/>\n\t<meta property=\"og:image:width\" content=\"720\" \/>\n\t<meta property=\"og:image:height\" content=\"960\" \/>\n\t<meta property=\"og:image:type\" content=\"image\/jpeg\" \/>\n<meta name=\"author\" content=\"Grotta\" \/>\n<meta name=\"twitter:card\" content=\"summary_large_image\" \/>\n<meta name=\"twitter:label1\" content=\"Written by\" \/>\n\t<meta name=\"twitter:data1\" content=\"Grotta\" \/>\n\t<meta name=\"twitter:label2\" content=\"Est. reading time\" \/>\n\t<meta name=\"twitter:data2\" content=\"1 minute\" \/>\n<script type=\"application\/ld+json\" class=\"yoast-schema-graph\">{\"@context\":\"https:\/\/schema.org\",\"@graph\":[{\"@type\":\"Article\",\"@id\":\"https:\/\/grotta.is\/handknattleiksdeild\/thrir-nyir-leikmenn-semja-vid-mfl-kvk-i-grottu\/#article\",\"isPartOf\":{\"@id\":\"https:\/\/grotta.is\/handknattleiksdeild\/thrir-nyir-leikmenn-semja-vid-mfl-kvk-i-grottu\/\"},\"author\":{\"name\":\"Grotta\",\"@id\":\"https:\/\/grotta.is\/#\/schema\/person\/08ec57bf09ee925f1b6a01540c14a5ce\"},\"headline\":\"\u00der\u00edr n\u00fdir leikmenn semja vi\u00f0 mfl.kvk \u00ed Gr\u00f3ttu\",\"datePublished\":\"2017-08-23T12:36:00+00:00\",\"dateModified\":\"2020-05-23T12:39:48+00:00\",\"mainEntityOfPage\":{\"@id\":\"https:\/\/grotta.is\/handknattleiksdeild\/thrir-nyir-leikmenn-semja-vid-mfl-kvk-i-grottu\/\"},\"wordCount\":169,\"publisher\":{\"@id\":\"https:\/\/grotta.is\/#organization\"},\"image\":{\"@id\":\"https:\/\/grotta.is\/handknattleiksdeild\/thrir-nyir-leikmenn-semja-vid-mfl-kvk-i-grottu\/#primaryimage\"},\"thumbnailUrl\":\"https:\/\/grotta.is\/wp-content\/uploads\/2020\/05\/Grotta_Handbolti_mfl_kvk_9.jpg\",\"keywords\":[\"Handbolti\",\"Mfl.kvk\"],\"articleSection\":[\"Handknattleiksdeild\"],\"inLanguage\":\"en-US\"},{\"@type\":\"WebPage\",\"@id\":\"https:\/\/grotta.is\/handknattleiksdeild\/thrir-nyir-leikmenn-semja-vid-mfl-kvk-i-grottu\/\",\"url\":\"https:\/\/grotta.is\/handknattleiksdeild\/thrir-nyir-leikmenn-semja-vid-mfl-kvk-i-grottu\/\",\"name\":\"\u00der\u00edr n\u00fdir leikmenn semja vi\u00f0 mfl.kvk \u00ed Gr\u00f3ttu - \u00cd\u00fer\u00f3ttaf\u00e9lagi\u00f0 Gr\u00f3tta\",\"isPartOf\":{\"@id\":\"https:\/\/grotta.is\/#website\"},\"primaryImageOfPage\":{\"@id\":\"https:\/\/grotta.is\/handknattleiksdeild\/thrir-nyir-leikmenn-semja-vid-mfl-kvk-i-grottu\/#primaryimage\"},\"image\":{\"@id\":\"https:\/\/grotta.is\/handknattleiksdeild\/thrir-nyir-leikmenn-semja-vid-mfl-kvk-i-grottu\/#primaryimage\"},\"thumbnailUrl\":\"https:\/\/grotta.is\/wp-content\/uploads\/2020\/05\/Grotta_Handbolti_mfl_kvk_9.jpg\",\"datePublished\":\"2017-08-23T12:36:00+00:00\",\"dateModified\":\"2020-05-23T12:39:48+00:00\",\"breadcrumb\":{\"@id\":\"https:\/\/grotta.is\/handknattleiksdeild\/thrir-nyir-leikmenn-semja-vid-mfl-kvk-i-grottu\/#breadcrumb\"},\"inLanguage\":\"en-US\",\"potentialAction\":[{\"@type\":\"ReadAction\",\"target\":[\"https:\/\/grotta.is\/handknattleiksdeild\/thrir-nyir-leikmenn-semja-vid-mfl-kvk-i-grottu\/\"]}]},{\"@type\":\"ImageObject\",\"inLanguage\":\"en-US\",\"@id\":\"https:\/\/grotta.is\/handknattleiksdeild\/thrir-nyir-leikmenn-semja-vid-mfl-kvk-i-grottu\/#primaryimage\",\"url\":\"https:\/\/grotta.is\/wp-content\/uploads\/2020\/05\/Grotta_Handbolti_mfl_kvk_9.jpg\",\"contentUrl\":\"https:\/\/grotta.is\/wp-content\/uploads\/2020\/05\/Grotta_Handbolti_mfl_kvk_9.jpg\",\"width\":720,\"height\":960},{\"@type\":\"BreadcrumbList\",\"@id\":\"https:\/\/grotta.is\/handknattleiksdeild\/thrir-nyir-leikmenn-semja-vid-mfl-kvk-i-grottu\/#breadcrumb\",\"itemListElement\":[{\"@type\":\"ListItem\",\"position\":1,\"name\":\"Home\",\"item\":\"https:\/\/grotta.is\/\"},{\"@type\":\"ListItem\",\"position\":2,\"name\":\"\u00der\u00edr n\u00fdir leikmenn semja vi\u00f0 mfl.kvk \u00ed Gr\u00f3ttu\"}]},{\"@type\":\"WebSite\",\"@id\":\"https:\/\/grotta.is\/#website\",\"url\":\"https:\/\/grotta.is\/\",\"name\":\"\u00cd\u00fer\u00f3ttaf\u00e9lagi\u00f0 Gr\u00f3tta\",\"description\":\"\u00e1 Seltjarnarnesi\",\"publisher\":{\"@id\":\"https:\/\/grotta.is\/#organization\"},\"potentialAction\":[{\"@type\":\"SearchAction\",\"target\":{\"@type\":\"EntryPoint\",\"urlTemplate\":\"https:\/\/grotta.is\/?s={search_term_string}\"},\"query-input\":{\"@type\":\"PropertyValueSpecification\",\"valueRequired\":true,\"valueName\":\"search_term_string\"}}],\"inLanguage\":\"en-US\"},{\"@type\":\"Organization\",\"@id\":\"https:\/\/grotta.is\/#organization\",\"name\":\"\u00cd\u00fer\u00f3ttaf\u00e9lagi\u00f0 Gr\u00f3tta\",\"url\":\"https:\/\/grotta.is\/\",\"logo\":{\"@type\":\"ImageObject\",\"inLanguage\":\"en-US\",\"@id\":\"https:\/\/grotta.is\/#\/schema\/logo\/image\/\",\"url\":\"https:\/\/grotta.is\/wp-content\/uploads\/2020\/02\/ithrottafelagidgrotta_logo_512x512_transparent.png\",\"contentUrl\":\"https:\/\/grotta.is\/wp-content\/uploads\/2020\/02\/ithrottafelagidgrotta_logo_512x512_transparent.png\",\"width\":512,\"height\":512,\"caption\":\"\u00cd\u00fer\u00f3ttaf\u00e9lagi\u00f0 Gr\u00f3tta\"},\"image\":{\"@id\":\"https:\/\/grotta.is\/#\/schema\/logo\/image\/\"},\"sameAs\":[\"https:\/\/www.facebook.com\/grottasport\"]},{\"@type\":\"Person\",\"@id\":\"https:\/\/grotta.is\/#\/schema\/person\/08ec57bf09ee925f1b6a01540c14a5ce\",\"name\":\"Grotta\",\"url\":\"https:\/\/grotta.is\/en\/author\/inga\/\"}]}<\/script>\n<!-- \/ Yoast SEO plugin. -->","yoast_head_json":{"title":"\u00der\u00edr n\u00fdir leikmenn semja vi\u00f0 mfl.kvk \u00ed Gr\u00f3ttu - \u00cd\u00fer\u00f3ttaf\u00e9lagi\u00f0 Gr\u00f3tta","robots":{"index":"index","follow":"follow","max-snippet":"max-snippet:-1","max-image-preview":"max-image-preview:large","max-video-preview":"max-video-preview:-1"},"canonical":"https:\/\/grotta.is\/en\/handknattleiksdeild\/thrir-nyir-leikmenn-semja-vid-mfl-kvk-i-grottu\/","og_locale":"en_US","og_type":"article","og_title":"\u00der\u00edr n\u00fdir leikmenn semja vi\u00f0 mfl.kvk \u00ed Gr\u00f3ttu - \u00cd\u00fer\u00f3ttaf\u00e9lagi\u00f0 Gr\u00f3tta","og_description":"\u00c1 d\u00f6gunum skrifu\u00f0u \u00fer\u00edr n\u00fdir leikmenn undir samning vi\u00f0 hanknattleiksdeild Gr\u00f3ttu.","og_url":"https:\/\/grotta.is\/en\/handknattleiksdeild\/thrir-nyir-leikmenn-semja-vid-mfl-kvk-i-grottu\/","og_site_name":"\u00cd\u00fer\u00f3ttaf\u00e9lagi\u00f0 Gr\u00f3tta","article_publisher":"https:\/\/www.facebook.com\/grottasport","article_published_time":"2017-08-23T12:36:00+00:00","article_modified_time":"2020-05-23T12:39:48+00:00","og_image":[{"width":720,"height":960,"url":"https:\/\/grotta.is\/wp-content\/uploads\/2020\/05\/Grotta_Handbolti_mfl_kvk_9.jpg","type":"image\/jpeg"}],"author":"Grotta","twitter_card":"summary_large_image","twitter_misc":{"Written by":"Grotta","Est. reading time":"1 minute"},"schema":{"@context":"https:\/\/schema.org","@graph":[{"@type":"Article","@id":"https:\/\/grotta.is\/handknattleiksdeild\/thrir-nyir-leikmenn-semja-vid-mfl-kvk-i-grottu\/#article","isPartOf":{"@id":"https:\/\/grotta.is\/handknattleiksdeild\/thrir-nyir-leikmenn-semja-vid-mfl-kvk-i-grottu\/"},"author":{"name":"Grotta","@id":"https:\/\/grotta.is\/#\/schema\/person\/08ec57bf09ee925f1b6a01540c14a5ce"},"headline":"\u00der\u00edr n\u00fdir leikmenn semja vi\u00f0 mfl.kvk \u00ed Gr\u00f3ttu","datePublished":"2017-08-23T12:36:00+00:00","dateModified":"2020-05-23T12:39:48+00:00","mainEntityOfPage":{"@id":"https:\/\/grotta.is\/handknattleiksdeild\/thrir-nyir-leikmenn-semja-vid-mfl-kvk-i-grottu\/"},"wordCount":169,"publisher":{"@id":"https:\/\/grotta.is\/#organization"},"image":{"@id":"https:\/\/grotta.is\/handknattleiksdeild\/thrir-nyir-leikmenn-semja-vid-mfl-kvk-i-grottu\/#primaryimage"},"thumbnailUrl":"https:\/\/grotta.is\/wp-content\/uploads\/2020\/05\/Grotta_Handbolti_mfl_kvk_9.jpg","keywords":["Handbolti","Mfl.kvk"],"articleSection":["Handknattleiksdeild"],"inLanguage":"en-US"},{"@type":"WebPage","@id":"https:\/\/grotta.is\/handknattleiksdeild\/thrir-nyir-leikmenn-semja-vid-mfl-kvk-i-grottu\/","url":"https:\/\/grotta.is\/handknattleiksdeild\/thrir-nyir-leikmenn-semja-vid-mfl-kvk-i-grottu\/","name":"\u00der\u00edr n\u00fdir leikmenn semja vi\u00f0 mfl.kvk \u00ed Gr\u00f3ttu - \u00cd\u00fer\u00f3ttaf\u00e9lagi\u00f0 Gr\u00f3tta","isPartOf":{"@id":"https:\/\/grotta.is\/#website"},"primaryImageOfPage":{"@id":"https:\/\/grotta.is\/handknattleiksdeild\/thrir-nyir-leikmenn-semja-vid-mfl-kvk-i-grottu\/#primaryimage"},"image":{"@id":"https:\/\/grotta.is\/handknattleiksdeild\/thrir-nyir-leikmenn-semja-vid-mfl-kvk-i-grottu\/#primaryimage"},"thumbnailUrl":"https:\/\/grotta.is\/wp-content\/uploads\/2020\/05\/Grotta_Handbolti_mfl_kvk_9.jpg","datePublished":"2017-08-23T12:36:00+00:00","dateModified":"2020-05-23T12:39:48+00:00","breadcrumb":{"@id":"https:\/\/grotta.is\/handknattleiksdeild\/thrir-nyir-leikmenn-semja-vid-mfl-kvk-i-grottu\/#breadcrumb"},"inLanguage":"en-US","potentialAction":[{"@type":"ReadAction","target":["https:\/\/grotta.is\/handknattleiksdeild\/thrir-nyir-leikmenn-semja-vid-mfl-kvk-i-grottu\/"]}]},{"@type":"ImageObject","inLanguage":"en-US","@id":"https:\/\/grotta.is\/handknattleiksdeild\/thrir-nyir-leikmenn-semja-vid-mfl-kvk-i-grottu\/#primaryimage","url":"https:\/\/grotta.is\/wp-content\/uploads\/2020\/05\/Grotta_Handbolti_mfl_kvk_9.jpg","contentUrl":"https:\/\/grotta.is\/wp-content\/uploads\/2020\/05\/Grotta_Handbolti_mfl_kvk_9.jpg","width":720,"height":960},{"@type":"BreadcrumbList","@id":"https:\/\/grotta.is\/handknattleiksdeild\/thrir-nyir-leikmenn-semja-vid-mfl-kvk-i-grottu\/#breadcrumb","itemListElement":[{"@type":"ListItem","position":1,"name":"Home","item":"https:\/\/grotta.is\/"},{"@type":"ListItem","position":2,"name":"\u00der\u00edr n\u00fdir leikmenn semja vi\u00f0 mfl.kvk \u00ed Gr\u00f3ttu"}]},{"@type":"WebSite","@id":"https:\/\/grotta.is\/#website","url":"https:\/\/grotta.is\/","name":"\u00cd\u00fer\u00f3ttaf\u00e9lagi\u00f0 Gr\u00f3tta","description":"\u00e1 Seltjarnarnesi","publisher":{"@id":"https:\/\/grotta.is\/#organization"},"potentialAction":[{"@type":"SearchAction","target":{"@type":"EntryPoint","urlTemplate":"https:\/\/grotta.is\/?s={search_term_string}"},"query-input":{"@type":"PropertyValueSpecification","valueRequired":true,"valueName":"search_term_string"}}],"inLanguage":"en-US"},{"@type":"Organization","@id":"https:\/\/grotta.is\/#organization","name":"\u00cd\u00fer\u00f3ttaf\u00e9lagi\u00f0 Gr\u00f3tta","url":"https:\/\/grotta.is\/","logo":{"@type":"ImageObject","inLanguage":"en-US","@id":"https:\/\/grotta.is\/#\/schema\/logo\/image\/","url":"https:\/\/grotta.is\/wp-content\/uploads\/2020\/02\/ithrottafelagidgrotta_logo_512x512_transparent.png","contentUrl":"https:\/\/grotta.is\/wp-content\/uploads\/2020\/02\/ithrottafelagidgrotta_logo_512x512_transparent.png","width":512,"height":512,"caption":"\u00cd\u00fer\u00f3ttaf\u00e9lagi\u00f0 Gr\u00f3tta"},"image":{"@id":"https:\/\/grotta.is\/#\/schema\/logo\/image\/"},"sameAs":["https:\/\/www.facebook.com\/grottasport"]},{"@type":"Person","@id":"https:\/\/grotta.is\/#\/schema\/person\/08ec57bf09ee925f1b6a01540c14a5ce","name":"Grotta","url":"https:\/\/grotta.is\/en\/author\/inga\/"}]}},"_links":{"self":[{"href":"https:\/\/grotta.is\/en\/wp-json\/wp\/v2\/posts\/8089","targetHints":{"allow":["GET"]}}],"collection":[{"href":"https:\/\/grotta.is\/en\/wp-json\/wp\/v2\/posts"}],"about":[{"href":"https:\/\/grotta.is\/en\/wp-json\/wp\/v2\/types\/post"}],"author":[{"embeddable":true,"href":"https:\/\/grotta.is\/en\/wp-json\/wp\/v2\/users\/2"}],"replies":[{"embeddable":true,"href":"https:\/\/grotta.is\/en\/wp-json\/wp\/v2\/comments?post=8089"}],"version-history":[{"count":1,"href":"https:\/\/grotta.is\/en\/wp-json\/wp\/v2\/posts\/8089\/revisions"}],"predecessor-version":[{"id":8093,"href":"https:\/\/grotta.is\/en\/wp-json\/wp\/v2\/posts\/8089\/revisions\/8093"}],"wp:featuredmedia":[{"embeddable":true,"href":"https:\/\/grotta.is\/en\/wp-json\/wp\/v2\/media\/8092"}],"wp:attachment":[{"href":"https:\/\/grotta.is\/en\/wp-json\/wp\/v2\/media?parent=8089"}],"wp:term":[{"taxonomy":"category","embeddable":true,"href":"https:\/\/grotta.is\/en\/wp-json\/wp\/v2\/categories?post=8089"},{"taxonomy":"post_tag","embeddable":true,"href":"https:\/\/grotta.is\/en\/wp-json\/wp\/v2\/tags?post=8089"}],"curies":[{"name":"wp","href":"https:\/\/api.w.org\/{rel}","templated":true}]}}