{"id":8085,"date":"2017-08-24T12:29:18","date_gmt":"2017-08-24T12:29:18","guid":{"rendered":"https:\/\/grotta.is\/?p=8085"},"modified":"2020-05-23T12:35:40","modified_gmt":"2020-05-23T12:35:40","slug":"bjorgvin-thor-nyr-adstodarthjalfari-mfl-kk-grottu","status":"publish","type":"post","link":"https:\/\/grotta.is\/en\/handknattleiksdeild\/bjorgvin-thor-nyr-adstodarthjalfari-mfl-kk-grottu\/","title":{"rendered":"Bj\u00f6rgvin \u00de\u00f3r n\u00fdr a\u00f0sto\u00f0ar\u00fej\u00e1lfari mfl.kk Gr\u00f3ttu"},"content":{"rendered":"<p>Handknattleiksdeild Gr\u00f3ttu hefur gengi\u00f0 fr\u00e1 r\u00e1\u00f0ningu a\u00f0sto\u00f0ar\u00fej\u00e1lfara meistaraflokks karla fyrir n\u00e6sta vetur. Vi\u00f0 starfinu tekur Bj\u00f6rgvin \u00de\u00f3r R\u00fanarsson en hann er handbolta\u00e1hugam\u00f6nnum a\u00f0 g\u00f3\u00f0u kunnur enda var hann \u00e1 s\u00ednum t\u00edma gr\u00ed\u00f0arlega \u00f6flugur leikma\u00f0ur.<\/p><p>Bj\u00f6rgvin mun auk \u00feess koma a\u00f0 \u00fej\u00e1lfun Gr\u00f3ttu U \u00ed 2. deildinni \u00e1 \u00cdslandsm\u00f3tinu. Bj\u00f6rgvin hefur b\u00e6\u00f0i mikla reynslu sem leikma\u00f0ur og \u00fej\u00e1lfari. Hann l\u00e9k me\u00f0 \u00cdBV, Selfossi, V\u00edkingi og FH \u00e1 s\u00ednum ferli en auk \u00feess hann l\u00e9k hann einn A-landsli\u00f0sleik. Bj\u00f6rgvin \u00fej\u00e1lfa\u00f0i \u00ed Noregi og Ol\u00edsdeildarli\u00f0 \u00cdR keppnist\u00edmabili\u00f0 2014-2015 vi\u00f0 g\u00f3\u00f0an or\u00f0st\u00edr.<\/p><p>\u00cd fyrra var hann a\u00f0sto\u00f0ar\u00fej\u00e1lfari KR sem eftirminnilega trygg\u00f0i s\u00e9r s\u00e6ti \u00ed Ol\u00edsdeildinni en dr\u00f3 \u00fe\u00e1ttt\u00f6ku s\u00edna til baka.<\/p><p>Vi\u00f0 bj\u00f3\u00f0um Bj\u00f6rgvin \u00de\u00f3r hjartanlega velkominn \u00e1 Nesi\u00f0 og v\u00e6ntum mikils af hans starfi !<\/p>","protected":false},"excerpt":{"rendered":"<p>Handknattleiksdeild Gr\u00f3ttu hefur gengi\u00f0 fr\u00e1 r\u00e1\u00f0ningu a\u00f0sto\u00f0ar\u00fej\u00e1lfara meistaraflokks karla fyrir n\u00e6sta vetur. Vi\u00f0 starfinu tekur Bj\u00f6rgvin \u00de\u00f3r R\u00fanarsson en hann er handbolta\u00e1hugam\u00f6nnum a\u00f0 g\u00f3\u00f0u kunnur enda var hann \u00e1 s\u00ednum t\u00edma gr\u00ed\u00f0arlega \u00f6flugur leikma\u00f0ur.<\/p>","protected":false},"author":2,"featured_media":8087,"comment_status":"closed","ping_status":"closed","sticky":false,"template":"","format":"standard","meta":{"footnotes":""},"categories":[12],"tags":[13,20,33],"class_list":["post-8085","post","type-post","status-publish","format-standard","has-post-thumbnail","hentry","category-handknattleiksdeild","tag-handbolti","tag-mfl-kk","tag-thjalfarar"],"yoast_head":"<!-- This site is optimized with the Yoast SEO plugin v24.3 - https:\/\/yoast.com\/wordpress\/plugins\/seo\/ -->\n<title>Bj\u00f6rgvin \u00de\u00f3r n\u00fdr a\u00f0sto\u00f0ar\u00fej\u00e1lfari mfl.kk Gr\u00f3ttu - \u00cd\u00fer\u00f3ttaf\u00e9lagi\u00f0 Gr\u00f3tta<\/title>\n<meta name=\"robots\" content=\"index, follow, max-snippet:-1, max-image-preview:large, max-video-preview:-1\" \/>\n<link rel=\"canonical\" href=\"https:\/\/grotta.is\/en\/handknattleiksdeild\/bjorgvin-thor-nyr-adstodarthjalfari-mfl-kk-grottu\/\" \/>\n<meta property=\"og:locale\" content=\"en_US\" \/>\n<meta property=\"og:type\" content=\"article\" \/>\n<meta property=\"og:title\" content=\"Bj\u00f6rgvin \u00de\u00f3r n\u00fdr a\u00f0sto\u00f0ar\u00fej\u00e1lfari mfl.kk Gr\u00f3ttu - \u00cd\u00fer\u00f3ttaf\u00e9lagi\u00f0 Gr\u00f3tta\" \/>\n<meta property=\"og:description\" content=\"Handknattleiksdeild Gr\u00f3ttu hefur gengi\u00f0 fr\u00e1 r\u00e1\u00f0ningu a\u00f0sto\u00f0ar\u00fej\u00e1lfara meistaraflokks karla fyrir n\u00e6sta vetur. Vi\u00f0 starfinu tekur Bj\u00f6rgvin \u00de\u00f3r R\u00fanarsson en hann er handbolta\u00e1hugam\u00f6nnum a\u00f0 g\u00f3\u00f0u kunnur enda var hann \u00e1 s\u00ednum t\u00edma gr\u00ed\u00f0arlega \u00f6flugur leikma\u00f0ur.\" \/>\n<meta property=\"og:url\" content=\"https:\/\/grotta.is\/en\/handknattleiksdeild\/bjorgvin-thor-nyr-adstodarthjalfari-mfl-kk-grottu\/\" \/>\n<meta property=\"og:site_name\" content=\"\u00cd\u00fer\u00f3ttaf\u00e9lagi\u00f0 Gr\u00f3tta\" \/>\n<meta property=\"article:publisher\" content=\"https:\/\/www.facebook.com\/grottasport\" \/>\n<meta property=\"article:published_time\" content=\"2017-08-24T12:29:18+00:00\" \/>\n<meta property=\"article:modified_time\" content=\"2020-05-23T12:35:40+00:00\" \/>\n<meta property=\"og:image\" content=\"https:\/\/grotta.is\/wp-content\/uploads\/2017\/08\/Grotta_Handbolti_04.jpg\" \/>\n\t<meta property=\"og:image:width\" content=\"2048\" \/>\n\t<meta property=\"og:image:height\" content=\"1250\" \/>\n\t<meta property=\"og:image:type\" content=\"image\/jpeg\" \/>\n<meta name=\"author\" content=\"Grotta\" \/>\n<meta name=\"twitter:card\" content=\"summary_large_image\" \/>\n<meta name=\"twitter:label1\" content=\"Written by\" \/>\n\t<meta name=\"twitter:data1\" content=\"Grotta\" \/>\n\t<meta name=\"twitter:label2\" content=\"Est. reading time\" \/>\n\t<meta name=\"twitter:data2\" content=\"1 minute\" \/>\n<script type=\"application\/ld+json\" class=\"yoast-schema-graph\">{\"@context\":\"https:\/\/schema.org\",\"@graph\":[{\"@type\":\"Article\",\"@id\":\"https:\/\/grotta.is\/handknattleiksdeild\/bjorgvin-thor-nyr-adstodarthjalfari-mfl-kk-grottu\/#article\",\"isPartOf\":{\"@id\":\"https:\/\/grotta.is\/handknattleiksdeild\/bjorgvin-thor-nyr-adstodarthjalfari-mfl-kk-grottu\/\"},\"author\":{\"name\":\"Grotta\",\"@id\":\"https:\/\/grotta.is\/#\/schema\/person\/08ec57bf09ee925f1b6a01540c14a5ce\"},\"headline\":\"Bj\u00f6rgvin \u00de\u00f3r n\u00fdr a\u00f0sto\u00f0ar\u00fej\u00e1lfari mfl.kk Gr\u00f3ttu\",\"datePublished\":\"2017-08-24T12:29:18+00:00\",\"dateModified\":\"2020-05-23T12:35:40+00:00\",\"mainEntityOfPage\":{\"@id\":\"https:\/\/grotta.is\/handknattleiksdeild\/bjorgvin-thor-nyr-adstodarthjalfari-mfl-kk-grottu\/\"},\"wordCount\":176,\"publisher\":{\"@id\":\"https:\/\/grotta.is\/#organization\"},\"image\":{\"@id\":\"https:\/\/grotta.is\/handknattleiksdeild\/bjorgvin-thor-nyr-adstodarthjalfari-mfl-kk-grottu\/#primaryimage\"},\"thumbnailUrl\":\"https:\/\/grotta.is\/wp-content\/uploads\/2017\/08\/Grotta_Handbolti_04.jpg\",\"keywords\":[\"Handbolti\",\"Mfl.kk\",\"\u00dej\u00e1lfarar\"],\"articleSection\":[\"Handknattleiksdeild\"],\"inLanguage\":\"en-US\"},{\"@type\":\"WebPage\",\"@id\":\"https:\/\/grotta.is\/handknattleiksdeild\/bjorgvin-thor-nyr-adstodarthjalfari-mfl-kk-grottu\/\",\"url\":\"https:\/\/grotta.is\/handknattleiksdeild\/bjorgvin-thor-nyr-adstodarthjalfari-mfl-kk-grottu\/\",\"name\":\"Bj\u00f6rgvin \u00de\u00f3r n\u00fdr a\u00f0sto\u00f0ar\u00fej\u00e1lfari mfl.kk Gr\u00f3ttu - \u00cd\u00fer\u00f3ttaf\u00e9lagi\u00f0 Gr\u00f3tta\",\"isPartOf\":{\"@id\":\"https:\/\/grotta.is\/#website\"},\"primaryImageOfPage\":{\"@id\":\"https:\/\/grotta.is\/handknattleiksdeild\/bjorgvin-thor-nyr-adstodarthjalfari-mfl-kk-grottu\/#primaryimage\"},\"image\":{\"@id\":\"https:\/\/grotta.is\/handknattleiksdeild\/bjorgvin-thor-nyr-adstodarthjalfari-mfl-kk-grottu\/#primaryimage\"},\"thumbnailUrl\":\"https:\/\/grotta.is\/wp-content\/uploads\/2017\/08\/Grotta_Handbolti_04.jpg\",\"datePublished\":\"2017-08-24T12:29:18+00:00\",\"dateModified\":\"2020-05-23T12:35:40+00:00\",\"breadcrumb\":{\"@id\":\"https:\/\/grotta.is\/handknattleiksdeild\/bjorgvin-thor-nyr-adstodarthjalfari-mfl-kk-grottu\/#breadcrumb\"},\"inLanguage\":\"en-US\",\"potentialAction\":[{\"@type\":\"ReadAction\",\"target\":[\"https:\/\/grotta.is\/handknattleiksdeild\/bjorgvin-thor-nyr-adstodarthjalfari-mfl-kk-grottu\/\"]}]},{\"@type\":\"ImageObject\",\"inLanguage\":\"en-US\",\"@id\":\"https:\/\/grotta.is\/handknattleiksdeild\/bjorgvin-thor-nyr-adstodarthjalfari-mfl-kk-grottu\/#primaryimage\",\"url\":\"https:\/\/grotta.is\/wp-content\/uploads\/2017\/08\/Grotta_Handbolti_04.jpg\",\"contentUrl\":\"https:\/\/grotta.is\/wp-content\/uploads\/2017\/08\/Grotta_Handbolti_04.jpg\",\"width\":2048,\"height\":1250},{\"@type\":\"BreadcrumbList\",\"@id\":\"https:\/\/grotta.is\/handknattleiksdeild\/bjorgvin-thor-nyr-adstodarthjalfari-mfl-kk-grottu\/#breadcrumb\",\"itemListElement\":[{\"@type\":\"ListItem\",\"position\":1,\"name\":\"Home\",\"item\":\"https:\/\/grotta.is\/\"},{\"@type\":\"ListItem\",\"position\":2,\"name\":\"Bj\u00f6rgvin \u00de\u00f3r n\u00fdr a\u00f0sto\u00f0ar\u00fej\u00e1lfari mfl.kk Gr\u00f3ttu\"}]},{\"@type\":\"WebSite\",\"@id\":\"https:\/\/grotta.is\/#website\",\"url\":\"https:\/\/grotta.is\/\",\"name\":\"\u00cd\u00fer\u00f3ttaf\u00e9lagi\u00f0 Gr\u00f3tta\",\"description\":\"\u00e1 Seltjarnarnesi\",\"publisher\":{\"@id\":\"https:\/\/grotta.is\/#organization\"},\"potentialAction\":[{\"@type\":\"SearchAction\",\"target\":{\"@type\":\"EntryPoint\",\"urlTemplate\":\"https:\/\/grotta.is\/?s={search_term_string}\"},\"query-input\":{\"@type\":\"PropertyValueSpecification\",\"valueRequired\":true,\"valueName\":\"search_term_string\"}}],\"inLanguage\":\"en-US\"},{\"@type\":\"Organization\",\"@id\":\"https:\/\/grotta.is\/#organization\",\"name\":\"\u00cd\u00fer\u00f3ttaf\u00e9lagi\u00f0 Gr\u00f3tta\",\"url\":\"https:\/\/grotta.is\/\",\"logo\":{\"@type\":\"ImageObject\",\"inLanguage\":\"en-US\",\"@id\":\"https:\/\/grotta.is\/#\/schema\/logo\/image\/\",\"url\":\"https:\/\/grotta.is\/wp-content\/uploads\/2020\/02\/ithrottafelagidgrotta_logo_512x512_transparent.png\",\"contentUrl\":\"https:\/\/grotta.is\/wp-content\/uploads\/2020\/02\/ithrottafelagidgrotta_logo_512x512_transparent.png\",\"width\":512,\"height\":512,\"caption\":\"\u00cd\u00fer\u00f3ttaf\u00e9lagi\u00f0 Gr\u00f3tta\"},\"image\":{\"@id\":\"https:\/\/grotta.is\/#\/schema\/logo\/image\/\"},\"sameAs\":[\"https:\/\/www.facebook.com\/grottasport\"]},{\"@type\":\"Person\",\"@id\":\"https:\/\/grotta.is\/#\/schema\/person\/08ec57bf09ee925f1b6a01540c14a5ce\",\"name\":\"Grotta\",\"url\":\"https:\/\/grotta.is\/en\/author\/inga\/\"}]}<\/script>\n<!-- \/ Yoast SEO plugin. -->","yoast_head_json":{"title":"Bj\u00f6rgvin \u00de\u00f3r n\u00fdr a\u00f0sto\u00f0ar\u00fej\u00e1lfari mfl.kk Gr\u00f3ttu - \u00cd\u00fer\u00f3ttaf\u00e9lagi\u00f0 Gr\u00f3tta","robots":{"index":"index","follow":"follow","max-snippet":"max-snippet:-1","max-image-preview":"max-image-preview:large","max-video-preview":"max-video-preview:-1"},"canonical":"https:\/\/grotta.is\/en\/handknattleiksdeild\/bjorgvin-thor-nyr-adstodarthjalfari-mfl-kk-grottu\/","og_locale":"en_US","og_type":"article","og_title":"Bj\u00f6rgvin \u00de\u00f3r n\u00fdr a\u00f0sto\u00f0ar\u00fej\u00e1lfari mfl.kk Gr\u00f3ttu - \u00cd\u00fer\u00f3ttaf\u00e9lagi\u00f0 Gr\u00f3tta","og_description":"Handknattleiksdeild Gr\u00f3ttu hefur gengi\u00f0 fr\u00e1 r\u00e1\u00f0ningu a\u00f0sto\u00f0ar\u00fej\u00e1lfara meistaraflokks karla fyrir n\u00e6sta vetur. Vi\u00f0 starfinu tekur Bj\u00f6rgvin \u00de\u00f3r R\u00fanarsson en hann er handbolta\u00e1hugam\u00f6nnum a\u00f0 g\u00f3\u00f0u kunnur enda var hann \u00e1 s\u00ednum t\u00edma gr\u00ed\u00f0arlega \u00f6flugur leikma\u00f0ur.","og_url":"https:\/\/grotta.is\/en\/handknattleiksdeild\/bjorgvin-thor-nyr-adstodarthjalfari-mfl-kk-grottu\/","og_site_name":"\u00cd\u00fer\u00f3ttaf\u00e9lagi\u00f0 Gr\u00f3tta","article_publisher":"https:\/\/www.facebook.com\/grottasport","article_published_time":"2017-08-24T12:29:18+00:00","article_modified_time":"2020-05-23T12:35:40+00:00","og_image":[{"width":2048,"height":1250,"url":"https:\/\/grotta.is\/wp-content\/uploads\/2017\/08\/Grotta_Handbolti_04.jpg","type":"image\/jpeg"}],"author":"Grotta","twitter_card":"summary_large_image","twitter_misc":{"Written by":"Grotta","Est. reading time":"1 minute"},"schema":{"@context":"https:\/\/schema.org","@graph":[{"@type":"Article","@id":"https:\/\/grotta.is\/handknattleiksdeild\/bjorgvin-thor-nyr-adstodarthjalfari-mfl-kk-grottu\/#article","isPartOf":{"@id":"https:\/\/grotta.is\/handknattleiksdeild\/bjorgvin-thor-nyr-adstodarthjalfari-mfl-kk-grottu\/"},"author":{"name":"Grotta","@id":"https:\/\/grotta.is\/#\/schema\/person\/08ec57bf09ee925f1b6a01540c14a5ce"},"headline":"Bj\u00f6rgvin \u00de\u00f3r n\u00fdr a\u00f0sto\u00f0ar\u00fej\u00e1lfari mfl.kk Gr\u00f3ttu","datePublished":"2017-08-24T12:29:18+00:00","dateModified":"2020-05-23T12:35:40+00:00","mainEntityOfPage":{"@id":"https:\/\/grotta.is\/handknattleiksdeild\/bjorgvin-thor-nyr-adstodarthjalfari-mfl-kk-grottu\/"},"wordCount":176,"publisher":{"@id":"https:\/\/grotta.is\/#organization"},"image":{"@id":"https:\/\/grotta.is\/handknattleiksdeild\/bjorgvin-thor-nyr-adstodarthjalfari-mfl-kk-grottu\/#primaryimage"},"thumbnailUrl":"https:\/\/grotta.is\/wp-content\/uploads\/2017\/08\/Grotta_Handbolti_04.jpg","keywords":["Handbolti","Mfl.kk","\u00dej\u00e1lfarar"],"articleSection":["Handknattleiksdeild"],"inLanguage":"en-US"},{"@type":"WebPage","@id":"https:\/\/grotta.is\/handknattleiksdeild\/bjorgvin-thor-nyr-adstodarthjalfari-mfl-kk-grottu\/","url":"https:\/\/grotta.is\/handknattleiksdeild\/bjorgvin-thor-nyr-adstodarthjalfari-mfl-kk-grottu\/","name":"Bj\u00f6rgvin \u00de\u00f3r n\u00fdr a\u00f0sto\u00f0ar\u00fej\u00e1lfari mfl.kk Gr\u00f3ttu - \u00cd\u00fer\u00f3ttaf\u00e9lagi\u00f0 Gr\u00f3tta","isPartOf":{"@id":"https:\/\/grotta.is\/#website"},"primaryImageOfPage":{"@id":"https:\/\/grotta.is\/handknattleiksdeild\/bjorgvin-thor-nyr-adstodarthjalfari-mfl-kk-grottu\/#primaryimage"},"image":{"@id":"https:\/\/grotta.is\/handknattleiksdeild\/bjorgvin-thor-nyr-adstodarthjalfari-mfl-kk-grottu\/#primaryimage"},"thumbnailUrl":"https:\/\/grotta.is\/wp-content\/uploads\/2017\/08\/Grotta_Handbolti_04.jpg","datePublished":"2017-08-24T12:29:18+00:00","dateModified":"2020-05-23T12:35:40+00:00","breadcrumb":{"@id":"https:\/\/grotta.is\/handknattleiksdeild\/bjorgvin-thor-nyr-adstodarthjalfari-mfl-kk-grottu\/#breadcrumb"},"inLanguage":"en-US","potentialAction":[{"@type":"ReadAction","target":["https:\/\/grotta.is\/handknattleiksdeild\/bjorgvin-thor-nyr-adstodarthjalfari-mfl-kk-grottu\/"]}]},{"@type":"ImageObject","inLanguage":"en-US","@id":"https:\/\/grotta.is\/handknattleiksdeild\/bjorgvin-thor-nyr-adstodarthjalfari-mfl-kk-grottu\/#primaryimage","url":"https:\/\/grotta.is\/wp-content\/uploads\/2017\/08\/Grotta_Handbolti_04.jpg","contentUrl":"https:\/\/grotta.is\/wp-content\/uploads\/2017\/08\/Grotta_Handbolti_04.jpg","width":2048,"height":1250},{"@type":"BreadcrumbList","@id":"https:\/\/grotta.is\/handknattleiksdeild\/bjorgvin-thor-nyr-adstodarthjalfari-mfl-kk-grottu\/#breadcrumb","itemListElement":[{"@type":"ListItem","position":1,"name":"Home","item":"https:\/\/grotta.is\/"},{"@type":"ListItem","position":2,"name":"Bj\u00f6rgvin \u00de\u00f3r n\u00fdr a\u00f0sto\u00f0ar\u00fej\u00e1lfari mfl.kk Gr\u00f3ttu"}]},{"@type":"WebSite","@id":"https:\/\/grotta.is\/#website","url":"https:\/\/grotta.is\/","name":"\u00cd\u00fer\u00f3ttaf\u00e9lagi\u00f0 Gr\u00f3tta","description":"\u00e1 Seltjarnarnesi","publisher":{"@id":"https:\/\/grotta.is\/#organization"},"potentialAction":[{"@type":"SearchAction","target":{"@type":"EntryPoint","urlTemplate":"https:\/\/grotta.is\/?s={search_term_string}"},"query-input":{"@type":"PropertyValueSpecification","valueRequired":true,"valueName":"search_term_string"}}],"inLanguage":"en-US"},{"@type":"Organization","@id":"https:\/\/grotta.is\/#organization","name":"\u00cd\u00fer\u00f3ttaf\u00e9lagi\u00f0 Gr\u00f3tta","url":"https:\/\/grotta.is\/","logo":{"@type":"ImageObject","inLanguage":"en-US","@id":"https:\/\/grotta.is\/#\/schema\/logo\/image\/","url":"https:\/\/grotta.is\/wp-content\/uploads\/2020\/02\/ithrottafelagidgrotta_logo_512x512_transparent.png","contentUrl":"https:\/\/grotta.is\/wp-content\/uploads\/2020\/02\/ithrottafelagidgrotta_logo_512x512_transparent.png","width":512,"height":512,"caption":"\u00cd\u00fer\u00f3ttaf\u00e9lagi\u00f0 Gr\u00f3tta"},"image":{"@id":"https:\/\/grotta.is\/#\/schema\/logo\/image\/"},"sameAs":["https:\/\/www.facebook.com\/grottasport"]},{"@type":"Person","@id":"https:\/\/grotta.is\/#\/schema\/person\/08ec57bf09ee925f1b6a01540c14a5ce","name":"Grotta","url":"https:\/\/grotta.is\/en\/author\/inga\/"}]}},"_links":{"self":[{"href":"https:\/\/grotta.is\/en\/wp-json\/wp\/v2\/posts\/8085","targetHints":{"allow":["GET"]}}],"collection":[{"href":"https:\/\/grotta.is\/en\/wp-json\/wp\/v2\/posts"}],"about":[{"href":"https:\/\/grotta.is\/en\/wp-json\/wp\/v2\/types\/post"}],"author":[{"embeddable":true,"href":"https:\/\/grotta.is\/en\/wp-json\/wp\/v2\/users\/2"}],"replies":[{"embeddable":true,"href":"https:\/\/grotta.is\/en\/wp-json\/wp\/v2\/comments?post=8085"}],"version-history":[{"count":2,"href":"https:\/\/grotta.is\/en\/wp-json\/wp\/v2\/posts\/8085\/revisions"}],"predecessor-version":[{"id":8088,"href":"https:\/\/grotta.is\/en\/wp-json\/wp\/v2\/posts\/8085\/revisions\/8088"}],"wp:featuredmedia":[{"embeddable":true,"href":"https:\/\/grotta.is\/en\/wp-json\/wp\/v2\/media\/8087"}],"wp:attachment":[{"href":"https:\/\/grotta.is\/en\/wp-json\/wp\/v2\/media?parent=8085"}],"wp:term":[{"taxonomy":"category","embeddable":true,"href":"https:\/\/grotta.is\/en\/wp-json\/wp\/v2\/categories?post=8085"},{"taxonomy":"post_tag","embeddable":true,"href":"https:\/\/grotta.is\/en\/wp-json\/wp\/v2\/tags?post=8085"}],"curies":[{"name":"wp","href":"https:\/\/api.w.org\/{rel}","templated":true}]}}