{"id":8075,"date":"2017-10-23T12:17:00","date_gmt":"2017-10-23T12:17:00","guid":{"rendered":"https:\/\/grotta.is\/?p=8075"},"modified":"2020-05-23T12:19:14","modified_gmt":"2020-05-23T12:19:14","slug":"frettatilkynning-fra-knattspyrnudeild","status":"publish","type":"post","link":"https:\/\/grotta.is\/en\/knattspyrnudeild\/frettatilkynning-fra-knattspyrnudeild\/","title":{"rendered":"Fr\u00e9ttatilkynning fr\u00e1 knattspyrnudeild"},"content":{"rendered":"<p>Stj\u00f3rn knattspyrnudeildar Gr\u00f3ttu hefur gengi\u00f0 fr\u00e1 starfslokum \u00de\u00f3rhalls Dan J\u00f3hannssonar, \u00fej\u00e1lfara meistaraflokks karla. \u00de\u00f3rhalli var \u00fer\u00f6ngt sni\u00f0inn stakkur \u00feegar hann t\u00f3k vi\u00f0 li\u00f0inu hausti\u00f0 2016, \u00fe\u00e1 n\u00fdskri\u00f0unu upp \u00ed fyrstu deild. L\u00edtil fj\u00e1rr\u00e1\u00f0 og kr\u00f6fur stj\u00f3rnar um forgang og aukinn t\u00e6kif\u00e6ri fyrir uppalda Gr\u00f3ttumenn voru \u00fea\u00f0 veganesti sem honum var \u00fathluta\u00f0. \u00dea\u00f0 er samd\u00f3ma \u00e1lit stj\u00f3rnar a\u00f0 \u00de\u00f3rhallur hafi sinnt s\u00ednu starfi vel og allt samstarf vi\u00f0 hann innan f\u00e9lags veri\u00f0 til mikillar fyrirmyndar. Knattspyrnudeild Gr\u00f3ttu kann honum miklar \u00feakkir fyrir sitt framlag og \u00f3skar honum alls hins besta \u00ed framt\u00ed\u00f0inni.<\/p>","protected":false},"excerpt":{"rendered":"<p>Stj\u00f3rn knattspyrnudeildar Gr\u00f3ttu hefur gengi\u00f0 fr\u00e1 starfslokum \u00de\u00f3rhalls Dan J\u00f3hannssonar, \u00fej\u00e1lfara meistaraflokks karla. \u00de\u00f3rhalli var \u00fer\u00f6ngt sni\u00f0inn stakkur \u00feegar hann t\u00f3k vi\u00f0 li\u00f0inu hausti\u00f0 2016, \u00fe\u00e1 n\u00fdskri\u00f0unu upp \u00ed fyrstu deild. <\/p>","protected":false},"author":2,"featured_media":3078,"comment_status":"closed","ping_status":"closed","sticky":false,"template":"","format":"standard","meta":{"footnotes":""},"categories":[7],"tags":[],"class_list":["post-8075","post","type-post","status-publish","format-standard","has-post-thumbnail","hentry","category-knattspyrnudeild"],"yoast_head":"<!-- This site is optimized with the Yoast SEO plugin v24.3 - https:\/\/yoast.com\/wordpress\/plugins\/seo\/ -->\n<title>Fr\u00e9ttatilkynning fr\u00e1 knattspyrnudeild - \u00cd\u00fer\u00f3ttaf\u00e9lagi\u00f0 Gr\u00f3tta<\/title>\n<meta name=\"robots\" content=\"index, follow, max-snippet:-1, max-image-preview:large, max-video-preview:-1\" \/>\n<link rel=\"canonical\" href=\"https:\/\/grotta.is\/en\/knattspyrnudeild\/frettatilkynning-fra-knattspyrnudeild\/\" \/>\n<meta property=\"og:locale\" content=\"en_US\" \/>\n<meta property=\"og:type\" content=\"article\" \/>\n<meta property=\"og:title\" content=\"Fr\u00e9ttatilkynning fr\u00e1 knattspyrnudeild - \u00cd\u00fer\u00f3ttaf\u00e9lagi\u00f0 Gr\u00f3tta\" \/>\n<meta property=\"og:description\" content=\"Stj\u00f3rn knattspyrnudeildar Gr\u00f3ttu hefur gengi\u00f0 fr\u00e1 starfslokum \u00de\u00f3rhalls Dan J\u00f3hannssonar, \u00fej\u00e1lfara meistaraflokks karla. \u00de\u00f3rhalli var \u00fer\u00f6ngt sni\u00f0inn stakkur \u00feegar hann t\u00f3k vi\u00f0 li\u00f0inu hausti\u00f0 2016, \u00fe\u00e1 n\u00fdskri\u00f0unu upp \u00ed fyrstu deild.\" \/>\n<meta property=\"og:url\" content=\"https:\/\/grotta.is\/en\/knattspyrnudeild\/frettatilkynning-fra-knattspyrnudeild\/\" \/>\n<meta property=\"og:site_name\" content=\"\u00cd\u00fer\u00f3ttaf\u00e9lagi\u00f0 Gr\u00f3tta\" \/>\n<meta property=\"article:publisher\" content=\"https:\/\/www.facebook.com\/grottasport\" \/>\n<meta property=\"article:published_time\" content=\"2017-10-23T12:17:00+00:00\" \/>\n<meta property=\"article:modified_time\" content=\"2020-05-23T12:19:14+00:00\" \/>\n<meta property=\"og:image\" content=\"https:\/\/grotta.is\/wp-content\/uploads\/2020\/04\/Knattspyrnudeild_grotta_Frettir_yngriflokkar_162-scaled.jpg\" \/>\n\t<meta property=\"og:image:width\" content=\"2560\" \/>\n\t<meta property=\"og:image:height\" content=\"1920\" \/>\n\t<meta property=\"og:image:type\" content=\"image\/jpeg\" \/>\n<meta name=\"author\" content=\"Grotta\" \/>\n<meta name=\"twitter:card\" content=\"summary_large_image\" \/>\n<meta name=\"twitter:label1\" content=\"Written by\" \/>\n\t<meta name=\"twitter:data1\" content=\"Grotta\" \/>\n\t<meta name=\"twitter:label2\" content=\"Est. reading time\" \/>\n\t<meta name=\"twitter:data2\" content=\"1 minute\" \/>\n<script type=\"application\/ld+json\" class=\"yoast-schema-graph\">{\"@context\":\"https:\/\/schema.org\",\"@graph\":[{\"@type\":\"Article\",\"@id\":\"https:\/\/grotta.is\/knattspyrnudeild\/frettatilkynning-fra-knattspyrnudeild\/#article\",\"isPartOf\":{\"@id\":\"https:\/\/grotta.is\/knattspyrnudeild\/frettatilkynning-fra-knattspyrnudeild\/\"},\"author\":{\"name\":\"Grotta\",\"@id\":\"https:\/\/grotta.is\/#\/schema\/person\/08ec57bf09ee925f1b6a01540c14a5ce\"},\"headline\":\"Fr\u00e9ttatilkynning fr\u00e1 knattspyrnudeild\",\"datePublished\":\"2017-10-23T12:17:00+00:00\",\"dateModified\":\"2020-05-23T12:19:14+00:00\",\"mainEntityOfPage\":{\"@id\":\"https:\/\/grotta.is\/knattspyrnudeild\/frettatilkynning-fra-knattspyrnudeild\/\"},\"wordCount\":114,\"publisher\":{\"@id\":\"https:\/\/grotta.is\/#organization\"},\"image\":{\"@id\":\"https:\/\/grotta.is\/knattspyrnudeild\/frettatilkynning-fra-knattspyrnudeild\/#primaryimage\"},\"thumbnailUrl\":\"https:\/\/grotta.is\/wp-content\/uploads\/2020\/04\/Knattspyrnudeild_grotta_Frettir_yngriflokkar_162-scaled.jpg\",\"articleSection\":[\"Knattspyrnudeild\"],\"inLanguage\":\"en-US\"},{\"@type\":\"WebPage\",\"@id\":\"https:\/\/grotta.is\/knattspyrnudeild\/frettatilkynning-fra-knattspyrnudeild\/\",\"url\":\"https:\/\/grotta.is\/knattspyrnudeild\/frettatilkynning-fra-knattspyrnudeild\/\",\"name\":\"Fr\u00e9ttatilkynning fr\u00e1 knattspyrnudeild - \u00cd\u00fer\u00f3ttaf\u00e9lagi\u00f0 Gr\u00f3tta\",\"isPartOf\":{\"@id\":\"https:\/\/grotta.is\/#website\"},\"primaryImageOfPage\":{\"@id\":\"https:\/\/grotta.is\/knattspyrnudeild\/frettatilkynning-fra-knattspyrnudeild\/#primaryimage\"},\"image\":{\"@id\":\"https:\/\/grotta.is\/knattspyrnudeild\/frettatilkynning-fra-knattspyrnudeild\/#primaryimage\"},\"thumbnailUrl\":\"https:\/\/grotta.is\/wp-content\/uploads\/2020\/04\/Knattspyrnudeild_grotta_Frettir_yngriflokkar_162-scaled.jpg\",\"datePublished\":\"2017-10-23T12:17:00+00:00\",\"dateModified\":\"2020-05-23T12:19:14+00:00\",\"breadcrumb\":{\"@id\":\"https:\/\/grotta.is\/knattspyrnudeild\/frettatilkynning-fra-knattspyrnudeild\/#breadcrumb\"},\"inLanguage\":\"en-US\",\"potentialAction\":[{\"@type\":\"ReadAction\",\"target\":[\"https:\/\/grotta.is\/knattspyrnudeild\/frettatilkynning-fra-knattspyrnudeild\/\"]}]},{\"@type\":\"ImageObject\",\"inLanguage\":\"en-US\",\"@id\":\"https:\/\/grotta.is\/knattspyrnudeild\/frettatilkynning-fra-knattspyrnudeild\/#primaryimage\",\"url\":\"https:\/\/grotta.is\/wp-content\/uploads\/2020\/04\/Knattspyrnudeild_grotta_Frettir_yngriflokkar_162-scaled.jpg\",\"contentUrl\":\"https:\/\/grotta.is\/wp-content\/uploads\/2020\/04\/Knattspyrnudeild_grotta_Frettir_yngriflokkar_162-scaled.jpg\",\"width\":2560,\"height\":1920},{\"@type\":\"BreadcrumbList\",\"@id\":\"https:\/\/grotta.is\/knattspyrnudeild\/frettatilkynning-fra-knattspyrnudeild\/#breadcrumb\",\"itemListElement\":[{\"@type\":\"ListItem\",\"position\":1,\"name\":\"Home\",\"item\":\"https:\/\/grotta.is\/\"},{\"@type\":\"ListItem\",\"position\":2,\"name\":\"Fr\u00e9ttatilkynning fr\u00e1 knattspyrnudeild\"}]},{\"@type\":\"WebSite\",\"@id\":\"https:\/\/grotta.is\/#website\",\"url\":\"https:\/\/grotta.is\/\",\"name\":\"\u00cd\u00fer\u00f3ttaf\u00e9lagi\u00f0 Gr\u00f3tta\",\"description\":\"\u00e1 Seltjarnarnesi\",\"publisher\":{\"@id\":\"https:\/\/grotta.is\/#organization\"},\"potentialAction\":[{\"@type\":\"SearchAction\",\"target\":{\"@type\":\"EntryPoint\",\"urlTemplate\":\"https:\/\/grotta.is\/?s={search_term_string}\"},\"query-input\":{\"@type\":\"PropertyValueSpecification\",\"valueRequired\":true,\"valueName\":\"search_term_string\"}}],\"inLanguage\":\"en-US\"},{\"@type\":\"Organization\",\"@id\":\"https:\/\/grotta.is\/#organization\",\"name\":\"\u00cd\u00fer\u00f3ttaf\u00e9lagi\u00f0 Gr\u00f3tta\",\"url\":\"https:\/\/grotta.is\/\",\"logo\":{\"@type\":\"ImageObject\",\"inLanguage\":\"en-US\",\"@id\":\"https:\/\/grotta.is\/#\/schema\/logo\/image\/\",\"url\":\"https:\/\/grotta.is\/wp-content\/uploads\/2020\/02\/ithrottafelagidgrotta_logo_512x512_transparent.png\",\"contentUrl\":\"https:\/\/grotta.is\/wp-content\/uploads\/2020\/02\/ithrottafelagidgrotta_logo_512x512_transparent.png\",\"width\":512,\"height\":512,\"caption\":\"\u00cd\u00fer\u00f3ttaf\u00e9lagi\u00f0 Gr\u00f3tta\"},\"image\":{\"@id\":\"https:\/\/grotta.is\/#\/schema\/logo\/image\/\"},\"sameAs\":[\"https:\/\/www.facebook.com\/grottasport\"]},{\"@type\":\"Person\",\"@id\":\"https:\/\/grotta.is\/#\/schema\/person\/08ec57bf09ee925f1b6a01540c14a5ce\",\"name\":\"Grotta\",\"url\":\"https:\/\/grotta.is\/en\/author\/inga\/\"}]}<\/script>\n<!-- \/ Yoast SEO plugin. -->","yoast_head_json":{"title":"Fr\u00e9ttatilkynning fr\u00e1 knattspyrnudeild - \u00cd\u00fer\u00f3ttaf\u00e9lagi\u00f0 Gr\u00f3tta","robots":{"index":"index","follow":"follow","max-snippet":"max-snippet:-1","max-image-preview":"max-image-preview:large","max-video-preview":"max-video-preview:-1"},"canonical":"https:\/\/grotta.is\/en\/knattspyrnudeild\/frettatilkynning-fra-knattspyrnudeild\/","og_locale":"en_US","og_type":"article","og_title":"Fr\u00e9ttatilkynning fr\u00e1 knattspyrnudeild - \u00cd\u00fer\u00f3ttaf\u00e9lagi\u00f0 Gr\u00f3tta","og_description":"Stj\u00f3rn knattspyrnudeildar Gr\u00f3ttu hefur gengi\u00f0 fr\u00e1 starfslokum \u00de\u00f3rhalls Dan J\u00f3hannssonar, \u00fej\u00e1lfara meistaraflokks karla. \u00de\u00f3rhalli var \u00fer\u00f6ngt sni\u00f0inn stakkur \u00feegar hann t\u00f3k vi\u00f0 li\u00f0inu hausti\u00f0 2016, \u00fe\u00e1 n\u00fdskri\u00f0unu upp \u00ed fyrstu deild.","og_url":"https:\/\/grotta.is\/en\/knattspyrnudeild\/frettatilkynning-fra-knattspyrnudeild\/","og_site_name":"\u00cd\u00fer\u00f3ttaf\u00e9lagi\u00f0 Gr\u00f3tta","article_publisher":"https:\/\/www.facebook.com\/grottasport","article_published_time":"2017-10-23T12:17:00+00:00","article_modified_time":"2020-05-23T12:19:14+00:00","og_image":[{"width":2560,"height":1920,"url":"https:\/\/grotta.is\/wp-content\/uploads\/2020\/04\/Knattspyrnudeild_grotta_Frettir_yngriflokkar_162-scaled.jpg","type":"image\/jpeg"}],"author":"Grotta","twitter_card":"summary_large_image","twitter_misc":{"Written by":"Grotta","Est. reading time":"1 minute"},"schema":{"@context":"https:\/\/schema.org","@graph":[{"@type":"Article","@id":"https:\/\/grotta.is\/knattspyrnudeild\/frettatilkynning-fra-knattspyrnudeild\/#article","isPartOf":{"@id":"https:\/\/grotta.is\/knattspyrnudeild\/frettatilkynning-fra-knattspyrnudeild\/"},"author":{"name":"Grotta","@id":"https:\/\/grotta.is\/#\/schema\/person\/08ec57bf09ee925f1b6a01540c14a5ce"},"headline":"Fr\u00e9ttatilkynning fr\u00e1 knattspyrnudeild","datePublished":"2017-10-23T12:17:00+00:00","dateModified":"2020-05-23T12:19:14+00:00","mainEntityOfPage":{"@id":"https:\/\/grotta.is\/knattspyrnudeild\/frettatilkynning-fra-knattspyrnudeild\/"},"wordCount":114,"publisher":{"@id":"https:\/\/grotta.is\/#organization"},"image":{"@id":"https:\/\/grotta.is\/knattspyrnudeild\/frettatilkynning-fra-knattspyrnudeild\/#primaryimage"},"thumbnailUrl":"https:\/\/grotta.is\/wp-content\/uploads\/2020\/04\/Knattspyrnudeild_grotta_Frettir_yngriflokkar_162-scaled.jpg","articleSection":["Knattspyrnudeild"],"inLanguage":"en-US"},{"@type":"WebPage","@id":"https:\/\/grotta.is\/knattspyrnudeild\/frettatilkynning-fra-knattspyrnudeild\/","url":"https:\/\/grotta.is\/knattspyrnudeild\/frettatilkynning-fra-knattspyrnudeild\/","name":"Fr\u00e9ttatilkynning fr\u00e1 knattspyrnudeild - \u00cd\u00fer\u00f3ttaf\u00e9lagi\u00f0 Gr\u00f3tta","isPartOf":{"@id":"https:\/\/grotta.is\/#website"},"primaryImageOfPage":{"@id":"https:\/\/grotta.is\/knattspyrnudeild\/frettatilkynning-fra-knattspyrnudeild\/#primaryimage"},"image":{"@id":"https:\/\/grotta.is\/knattspyrnudeild\/frettatilkynning-fra-knattspyrnudeild\/#primaryimage"},"thumbnailUrl":"https:\/\/grotta.is\/wp-content\/uploads\/2020\/04\/Knattspyrnudeild_grotta_Frettir_yngriflokkar_162-scaled.jpg","datePublished":"2017-10-23T12:17:00+00:00","dateModified":"2020-05-23T12:19:14+00:00","breadcrumb":{"@id":"https:\/\/grotta.is\/knattspyrnudeild\/frettatilkynning-fra-knattspyrnudeild\/#breadcrumb"},"inLanguage":"en-US","potentialAction":[{"@type":"ReadAction","target":["https:\/\/grotta.is\/knattspyrnudeild\/frettatilkynning-fra-knattspyrnudeild\/"]}]},{"@type":"ImageObject","inLanguage":"en-US","@id":"https:\/\/grotta.is\/knattspyrnudeild\/frettatilkynning-fra-knattspyrnudeild\/#primaryimage","url":"https:\/\/grotta.is\/wp-content\/uploads\/2020\/04\/Knattspyrnudeild_grotta_Frettir_yngriflokkar_162-scaled.jpg","contentUrl":"https:\/\/grotta.is\/wp-content\/uploads\/2020\/04\/Knattspyrnudeild_grotta_Frettir_yngriflokkar_162-scaled.jpg","width":2560,"height":1920},{"@type":"BreadcrumbList","@id":"https:\/\/grotta.is\/knattspyrnudeild\/frettatilkynning-fra-knattspyrnudeild\/#breadcrumb","itemListElement":[{"@type":"ListItem","position":1,"name":"Home","item":"https:\/\/grotta.is\/"},{"@type":"ListItem","position":2,"name":"Fr\u00e9ttatilkynning fr\u00e1 knattspyrnudeild"}]},{"@type":"WebSite","@id":"https:\/\/grotta.is\/#website","url":"https:\/\/grotta.is\/","name":"\u00cd\u00fer\u00f3ttaf\u00e9lagi\u00f0 Gr\u00f3tta","description":"\u00e1 Seltjarnarnesi","publisher":{"@id":"https:\/\/grotta.is\/#organization"},"potentialAction":[{"@type":"SearchAction","target":{"@type":"EntryPoint","urlTemplate":"https:\/\/grotta.is\/?s={search_term_string}"},"query-input":{"@type":"PropertyValueSpecification","valueRequired":true,"valueName":"search_term_string"}}],"inLanguage":"en-US"},{"@type":"Organization","@id":"https:\/\/grotta.is\/#organization","name":"\u00cd\u00fer\u00f3ttaf\u00e9lagi\u00f0 Gr\u00f3tta","url":"https:\/\/grotta.is\/","logo":{"@type":"ImageObject","inLanguage":"en-US","@id":"https:\/\/grotta.is\/#\/schema\/logo\/image\/","url":"https:\/\/grotta.is\/wp-content\/uploads\/2020\/02\/ithrottafelagidgrotta_logo_512x512_transparent.png","contentUrl":"https:\/\/grotta.is\/wp-content\/uploads\/2020\/02\/ithrottafelagidgrotta_logo_512x512_transparent.png","width":512,"height":512,"caption":"\u00cd\u00fer\u00f3ttaf\u00e9lagi\u00f0 Gr\u00f3tta"},"image":{"@id":"https:\/\/grotta.is\/#\/schema\/logo\/image\/"},"sameAs":["https:\/\/www.facebook.com\/grottasport"]},{"@type":"Person","@id":"https:\/\/grotta.is\/#\/schema\/person\/08ec57bf09ee925f1b6a01540c14a5ce","name":"Grotta","url":"https:\/\/grotta.is\/en\/author\/inga\/"}]}},"_links":{"self":[{"href":"https:\/\/grotta.is\/en\/wp-json\/wp\/v2\/posts\/8075","targetHints":{"allow":["GET"]}}],"collection":[{"href":"https:\/\/grotta.is\/en\/wp-json\/wp\/v2\/posts"}],"about":[{"href":"https:\/\/grotta.is\/en\/wp-json\/wp\/v2\/types\/post"}],"author":[{"embeddable":true,"href":"https:\/\/grotta.is\/en\/wp-json\/wp\/v2\/users\/2"}],"replies":[{"embeddable":true,"href":"https:\/\/grotta.is\/en\/wp-json\/wp\/v2\/comments?post=8075"}],"version-history":[{"count":2,"href":"https:\/\/grotta.is\/en\/wp-json\/wp\/v2\/posts\/8075\/revisions"}],"predecessor-version":[{"id":8077,"href":"https:\/\/grotta.is\/en\/wp-json\/wp\/v2\/posts\/8075\/revisions\/8077"}],"wp:featuredmedia":[{"embeddable":true,"href":"https:\/\/grotta.is\/en\/wp-json\/wp\/v2\/media\/3078"}],"wp:attachment":[{"href":"https:\/\/grotta.is\/en\/wp-json\/wp\/v2\/media?parent=8075"}],"wp:term":[{"taxonomy":"category","embeddable":true,"href":"https:\/\/grotta.is\/en\/wp-json\/wp\/v2\/categories?post=8075"},{"taxonomy":"post_tag","embeddable":true,"href":"https:\/\/grotta.is\/en\/wp-json\/wp\/v2\/tags?post=8075"}],"curies":[{"name":"wp","href":"https:\/\/api.w.org\/{rel}","templated":true}]}}