{"id":8063,"date":"2017-10-23T23:59:00","date_gmt":"2017-10-23T23:59:00","guid":{"rendered":"https:\/\/grotta.is\/?p=8063"},"modified":"2020-05-23T12:04:01","modified_gmt":"2020-05-23T12:04:01","slug":"dadi-laxdal-kominn-aftur-i-grottu","status":"publish","type":"post","link":"https:\/\/grotta.is\/en\/handknattleiksdeild\/dadi-laxdal-kominn-aftur-i-grottu\/","title":{"rendered":"Da\u00f0i Laxdal kominn aftur \u00ed Gr\u00f3ttu"},"content":{"rendered":"<p>Da\u00f0i Laxdal Gautason hefur skrifa\u00f0 undir tveggja \u00e1ra samning vi\u00f0 Handknattleiksdeild Gr\u00f3ttu. Da\u00f0i sem kemur fr\u00e1 norska \u00farvalsdeildarf\u00e9laginu Kolstad \u00fearf ekki a\u00f0 kynna fyrir Gr\u00f3ttuf\u00f3lki enda uppalinn \u00ed f\u00e9laginu og leikur sem skytta.<\/p><p>Da\u00f0i l\u00e9k seinast me\u00f0 Gr\u00f3ttu t\u00edmabili\u00f0 2015-2016 \u00feegar hann skora\u00f0i 93 m\u00f6rk fyrir Gr\u00f3ttu \u00feegar li\u00f0i\u00f0 enda\u00f0i \u00ed 5.s\u00e6ti deildarinnar og komst \u00ed bikar\u00farslit.<\/p><p>Koma Da\u00f0a til Gr\u00f3ttu er mikill hvalreki fyrir f\u00e9lagi\u00f0 sem stendur \u00ed str\u00f6ngu \u00feessa dagana \u00ed Ol\u00edsdeildinni. A\u00f0 s\u00f6gn K\u00e1ra Gar\u00f0arssonar \u00fej\u00e1lfara Gr\u00f3ttu b\u00e1ru \u00feessar fr\u00e9ttir br\u00e1tt a\u00f0. Hann er himinlifandi me\u00f0 vistaskipti Da\u00f0a og v\u00e6ntir mikils af honum \u00ed Gr\u00f3ttutreyjunni.<\/p>","protected":false},"excerpt":{"rendered":"<p>Da\u00f0i Laxdal Gautason hefur skrifa\u00f0 undir tveggja \u00e1ra samning vi\u00f0 Handknattleiksdeild Gr\u00f3ttu. Da\u00f0i sem kemur fr\u00e1 norska \u00farvalsdeildarf\u00e9laginu Kolstad \u00fearf ekki a\u00f0 kynna fyrir Gr\u00f3ttuf\u00f3lki enda uppalinn \u00ed f\u00e9laginu og leikur sem skytta.<\/p>","protected":false},"author":2,"featured_media":8066,"comment_status":"closed","ping_status":"closed","sticky":false,"template":"","format":"standard","meta":{"footnotes":""},"categories":[12],"tags":[13,17,20],"class_list":["post-8063","post","type-post","status-publish","format-standard","has-post-thumbnail","hentry","category-handknattleiksdeild","tag-handbolti","tag-leikmenn","tag-mfl-kk"],"yoast_head":"<!-- This site is optimized with the Yoast SEO plugin v24.3 - https:\/\/yoast.com\/wordpress\/plugins\/seo\/ -->\n<title>Da\u00f0i Laxdal kominn aftur \u00ed Gr\u00f3ttu - \u00cd\u00fer\u00f3ttaf\u00e9lagi\u00f0 Gr\u00f3tta<\/title>\n<meta name=\"robots\" content=\"index, follow, max-snippet:-1, max-image-preview:large, max-video-preview:-1\" \/>\n<link rel=\"canonical\" href=\"https:\/\/grotta.is\/en\/handknattleiksdeild\/dadi-laxdal-kominn-aftur-i-grottu\/\" \/>\n<meta property=\"og:locale\" content=\"en_US\" \/>\n<meta property=\"og:type\" content=\"article\" \/>\n<meta property=\"og:title\" content=\"Da\u00f0i Laxdal kominn aftur \u00ed Gr\u00f3ttu - \u00cd\u00fer\u00f3ttaf\u00e9lagi\u00f0 Gr\u00f3tta\" \/>\n<meta property=\"og:description\" content=\"Da\u00f0i Laxdal Gautason hefur skrifa\u00f0 undir tveggja \u00e1ra samning vi\u00f0 Handknattleiksdeild Gr\u00f3ttu. Da\u00f0i sem kemur fr\u00e1 norska \u00farvalsdeildarf\u00e9laginu Kolstad \u00fearf ekki a\u00f0 kynna fyrir Gr\u00f3ttuf\u00f3lki enda uppalinn \u00ed f\u00e9laginu og leikur sem skytta.\" \/>\n<meta property=\"og:url\" content=\"https:\/\/grotta.is\/en\/handknattleiksdeild\/dadi-laxdal-kominn-aftur-i-grottu\/\" \/>\n<meta property=\"og:site_name\" content=\"\u00cd\u00fer\u00f3ttaf\u00e9lagi\u00f0 Gr\u00f3tta\" \/>\n<meta property=\"article:publisher\" content=\"https:\/\/www.facebook.com\/grottasport\" \/>\n<meta property=\"article:published_time\" content=\"2017-10-23T23:59:00+00:00\" \/>\n<meta property=\"article:modified_time\" content=\"2020-05-23T12:04:01+00:00\" \/>\n<meta property=\"og:image\" content=\"https:\/\/grotta.is\/wp-content\/uploads\/2020\/05\/Grotta_Handbolti_03.jpg\" \/>\n\t<meta property=\"og:image:width\" content=\"960\" \/>\n\t<meta property=\"og:image:height\" content=\"565\" \/>\n\t<meta property=\"og:image:type\" content=\"image\/jpeg\" \/>\n<meta name=\"author\" content=\"Grotta\" \/>\n<meta name=\"twitter:card\" content=\"summary_large_image\" \/>\n<meta name=\"twitter:label1\" content=\"Written by\" \/>\n\t<meta name=\"twitter:data1\" content=\"Grotta\" \/>\n\t<meta name=\"twitter:label2\" content=\"Est. reading time\" \/>\n\t<meta name=\"twitter:data2\" content=\"1 minute\" \/>\n<script type=\"application\/ld+json\" class=\"yoast-schema-graph\">{\"@context\":\"https:\/\/schema.org\",\"@graph\":[{\"@type\":\"Article\",\"@id\":\"https:\/\/grotta.is\/handknattleiksdeild\/dadi-laxdal-kominn-aftur-i-grottu\/#article\",\"isPartOf\":{\"@id\":\"https:\/\/grotta.is\/handknattleiksdeild\/dadi-laxdal-kominn-aftur-i-grottu\/\"},\"author\":{\"name\":\"Grotta\",\"@id\":\"https:\/\/grotta.is\/#\/schema\/person\/08ec57bf09ee925f1b6a01540c14a5ce\"},\"headline\":\"Da\u00f0i Laxdal kominn aftur \u00ed Gr\u00f3ttu\",\"datePublished\":\"2017-10-23T23:59:00+00:00\",\"dateModified\":\"2020-05-23T12:04:01+00:00\",\"mainEntityOfPage\":{\"@id\":\"https:\/\/grotta.is\/handknattleiksdeild\/dadi-laxdal-kominn-aftur-i-grottu\/\"},\"wordCount\":132,\"publisher\":{\"@id\":\"https:\/\/grotta.is\/#organization\"},\"image\":{\"@id\":\"https:\/\/grotta.is\/handknattleiksdeild\/dadi-laxdal-kominn-aftur-i-grottu\/#primaryimage\"},\"thumbnailUrl\":\"https:\/\/grotta.is\/wp-content\/uploads\/2020\/05\/Grotta_Handbolti_03.jpg\",\"keywords\":[\"Handbolti\",\"Leikmenn\",\"Mfl.kk\"],\"articleSection\":[\"Handknattleiksdeild\"],\"inLanguage\":\"en-US\"},{\"@type\":\"WebPage\",\"@id\":\"https:\/\/grotta.is\/handknattleiksdeild\/dadi-laxdal-kominn-aftur-i-grottu\/\",\"url\":\"https:\/\/grotta.is\/handknattleiksdeild\/dadi-laxdal-kominn-aftur-i-grottu\/\",\"name\":\"Da\u00f0i Laxdal kominn aftur \u00ed Gr\u00f3ttu - \u00cd\u00fer\u00f3ttaf\u00e9lagi\u00f0 Gr\u00f3tta\",\"isPartOf\":{\"@id\":\"https:\/\/grotta.is\/#website\"},\"primaryImageOfPage\":{\"@id\":\"https:\/\/grotta.is\/handknattleiksdeild\/dadi-laxdal-kominn-aftur-i-grottu\/#primaryimage\"},\"image\":{\"@id\":\"https:\/\/grotta.is\/handknattleiksdeild\/dadi-laxdal-kominn-aftur-i-grottu\/#primaryimage\"},\"thumbnailUrl\":\"https:\/\/grotta.is\/wp-content\/uploads\/2020\/05\/Grotta_Handbolti_03.jpg\",\"datePublished\":\"2017-10-23T23:59:00+00:00\",\"dateModified\":\"2020-05-23T12:04:01+00:00\",\"breadcrumb\":{\"@id\":\"https:\/\/grotta.is\/handknattleiksdeild\/dadi-laxdal-kominn-aftur-i-grottu\/#breadcrumb\"},\"inLanguage\":\"en-US\",\"potentialAction\":[{\"@type\":\"ReadAction\",\"target\":[\"https:\/\/grotta.is\/handknattleiksdeild\/dadi-laxdal-kominn-aftur-i-grottu\/\"]}]},{\"@type\":\"ImageObject\",\"inLanguage\":\"en-US\",\"@id\":\"https:\/\/grotta.is\/handknattleiksdeild\/dadi-laxdal-kominn-aftur-i-grottu\/#primaryimage\",\"url\":\"https:\/\/grotta.is\/wp-content\/uploads\/2020\/05\/Grotta_Handbolti_03.jpg\",\"contentUrl\":\"https:\/\/grotta.is\/wp-content\/uploads\/2020\/05\/Grotta_Handbolti_03.jpg\",\"width\":960,\"height\":565},{\"@type\":\"BreadcrumbList\",\"@id\":\"https:\/\/grotta.is\/handknattleiksdeild\/dadi-laxdal-kominn-aftur-i-grottu\/#breadcrumb\",\"itemListElement\":[{\"@type\":\"ListItem\",\"position\":1,\"name\":\"Home\",\"item\":\"https:\/\/grotta.is\/\"},{\"@type\":\"ListItem\",\"position\":2,\"name\":\"Da\u00f0i Laxdal kominn aftur \u00ed Gr\u00f3ttu\"}]},{\"@type\":\"WebSite\",\"@id\":\"https:\/\/grotta.is\/#website\",\"url\":\"https:\/\/grotta.is\/\",\"name\":\"\u00cd\u00fer\u00f3ttaf\u00e9lagi\u00f0 Gr\u00f3tta\",\"description\":\"\u00e1 Seltjarnarnesi\",\"publisher\":{\"@id\":\"https:\/\/grotta.is\/#organization\"},\"potentialAction\":[{\"@type\":\"SearchAction\",\"target\":{\"@type\":\"EntryPoint\",\"urlTemplate\":\"https:\/\/grotta.is\/?s={search_term_string}\"},\"query-input\":{\"@type\":\"PropertyValueSpecification\",\"valueRequired\":true,\"valueName\":\"search_term_string\"}}],\"inLanguage\":\"en-US\"},{\"@type\":\"Organization\",\"@id\":\"https:\/\/grotta.is\/#organization\",\"name\":\"\u00cd\u00fer\u00f3ttaf\u00e9lagi\u00f0 Gr\u00f3tta\",\"url\":\"https:\/\/grotta.is\/\",\"logo\":{\"@type\":\"ImageObject\",\"inLanguage\":\"en-US\",\"@id\":\"https:\/\/grotta.is\/#\/schema\/logo\/image\/\",\"url\":\"https:\/\/grotta.is\/wp-content\/uploads\/2020\/02\/ithrottafelagidgrotta_logo_512x512_transparent.png\",\"contentUrl\":\"https:\/\/grotta.is\/wp-content\/uploads\/2020\/02\/ithrottafelagidgrotta_logo_512x512_transparent.png\",\"width\":512,\"height\":512,\"caption\":\"\u00cd\u00fer\u00f3ttaf\u00e9lagi\u00f0 Gr\u00f3tta\"},\"image\":{\"@id\":\"https:\/\/grotta.is\/#\/schema\/logo\/image\/\"},\"sameAs\":[\"https:\/\/www.facebook.com\/grottasport\"]},{\"@type\":\"Person\",\"@id\":\"https:\/\/grotta.is\/#\/schema\/person\/08ec57bf09ee925f1b6a01540c14a5ce\",\"name\":\"Grotta\",\"url\":\"https:\/\/grotta.is\/en\/author\/inga\/\"}]}<\/script>\n<!-- \/ Yoast SEO plugin. -->","yoast_head_json":{"title":"Da\u00f0i Laxdal kominn aftur \u00ed Gr\u00f3ttu - \u00cd\u00fer\u00f3ttaf\u00e9lagi\u00f0 Gr\u00f3tta","robots":{"index":"index","follow":"follow","max-snippet":"max-snippet:-1","max-image-preview":"max-image-preview:large","max-video-preview":"max-video-preview:-1"},"canonical":"https:\/\/grotta.is\/en\/handknattleiksdeild\/dadi-laxdal-kominn-aftur-i-grottu\/","og_locale":"en_US","og_type":"article","og_title":"Da\u00f0i Laxdal kominn aftur \u00ed Gr\u00f3ttu - \u00cd\u00fer\u00f3ttaf\u00e9lagi\u00f0 Gr\u00f3tta","og_description":"Da\u00f0i Laxdal Gautason hefur skrifa\u00f0 undir tveggja \u00e1ra samning vi\u00f0 Handknattleiksdeild Gr\u00f3ttu. Da\u00f0i sem kemur fr\u00e1 norska \u00farvalsdeildarf\u00e9laginu Kolstad \u00fearf ekki a\u00f0 kynna fyrir Gr\u00f3ttuf\u00f3lki enda uppalinn \u00ed f\u00e9laginu og leikur sem skytta.","og_url":"https:\/\/grotta.is\/en\/handknattleiksdeild\/dadi-laxdal-kominn-aftur-i-grottu\/","og_site_name":"\u00cd\u00fer\u00f3ttaf\u00e9lagi\u00f0 Gr\u00f3tta","article_publisher":"https:\/\/www.facebook.com\/grottasport","article_published_time":"2017-10-23T23:59:00+00:00","article_modified_time":"2020-05-23T12:04:01+00:00","og_image":[{"width":960,"height":565,"url":"https:\/\/grotta.is\/wp-content\/uploads\/2020\/05\/Grotta_Handbolti_03.jpg","type":"image\/jpeg"}],"author":"Grotta","twitter_card":"summary_large_image","twitter_misc":{"Written by":"Grotta","Est. reading time":"1 minute"},"schema":{"@context":"https:\/\/schema.org","@graph":[{"@type":"Article","@id":"https:\/\/grotta.is\/handknattleiksdeild\/dadi-laxdal-kominn-aftur-i-grottu\/#article","isPartOf":{"@id":"https:\/\/grotta.is\/handknattleiksdeild\/dadi-laxdal-kominn-aftur-i-grottu\/"},"author":{"name":"Grotta","@id":"https:\/\/grotta.is\/#\/schema\/person\/08ec57bf09ee925f1b6a01540c14a5ce"},"headline":"Da\u00f0i Laxdal kominn aftur \u00ed Gr\u00f3ttu","datePublished":"2017-10-23T23:59:00+00:00","dateModified":"2020-05-23T12:04:01+00:00","mainEntityOfPage":{"@id":"https:\/\/grotta.is\/handknattleiksdeild\/dadi-laxdal-kominn-aftur-i-grottu\/"},"wordCount":132,"publisher":{"@id":"https:\/\/grotta.is\/#organization"},"image":{"@id":"https:\/\/grotta.is\/handknattleiksdeild\/dadi-laxdal-kominn-aftur-i-grottu\/#primaryimage"},"thumbnailUrl":"https:\/\/grotta.is\/wp-content\/uploads\/2020\/05\/Grotta_Handbolti_03.jpg","keywords":["Handbolti","Leikmenn","Mfl.kk"],"articleSection":["Handknattleiksdeild"],"inLanguage":"en-US"},{"@type":"WebPage","@id":"https:\/\/grotta.is\/handknattleiksdeild\/dadi-laxdal-kominn-aftur-i-grottu\/","url":"https:\/\/grotta.is\/handknattleiksdeild\/dadi-laxdal-kominn-aftur-i-grottu\/","name":"Da\u00f0i Laxdal kominn aftur \u00ed Gr\u00f3ttu - \u00cd\u00fer\u00f3ttaf\u00e9lagi\u00f0 Gr\u00f3tta","isPartOf":{"@id":"https:\/\/grotta.is\/#website"},"primaryImageOfPage":{"@id":"https:\/\/grotta.is\/handknattleiksdeild\/dadi-laxdal-kominn-aftur-i-grottu\/#primaryimage"},"image":{"@id":"https:\/\/grotta.is\/handknattleiksdeild\/dadi-laxdal-kominn-aftur-i-grottu\/#primaryimage"},"thumbnailUrl":"https:\/\/grotta.is\/wp-content\/uploads\/2020\/05\/Grotta_Handbolti_03.jpg","datePublished":"2017-10-23T23:59:00+00:00","dateModified":"2020-05-23T12:04:01+00:00","breadcrumb":{"@id":"https:\/\/grotta.is\/handknattleiksdeild\/dadi-laxdal-kominn-aftur-i-grottu\/#breadcrumb"},"inLanguage":"en-US","potentialAction":[{"@type":"ReadAction","target":["https:\/\/grotta.is\/handknattleiksdeild\/dadi-laxdal-kominn-aftur-i-grottu\/"]}]},{"@type":"ImageObject","inLanguage":"en-US","@id":"https:\/\/grotta.is\/handknattleiksdeild\/dadi-laxdal-kominn-aftur-i-grottu\/#primaryimage","url":"https:\/\/grotta.is\/wp-content\/uploads\/2020\/05\/Grotta_Handbolti_03.jpg","contentUrl":"https:\/\/grotta.is\/wp-content\/uploads\/2020\/05\/Grotta_Handbolti_03.jpg","width":960,"height":565},{"@type":"BreadcrumbList","@id":"https:\/\/grotta.is\/handknattleiksdeild\/dadi-laxdal-kominn-aftur-i-grottu\/#breadcrumb","itemListElement":[{"@type":"ListItem","position":1,"name":"Home","item":"https:\/\/grotta.is\/"},{"@type":"ListItem","position":2,"name":"Da\u00f0i Laxdal kominn aftur \u00ed Gr\u00f3ttu"}]},{"@type":"WebSite","@id":"https:\/\/grotta.is\/#website","url":"https:\/\/grotta.is\/","name":"\u00cd\u00fer\u00f3ttaf\u00e9lagi\u00f0 Gr\u00f3tta","description":"\u00e1 Seltjarnarnesi","publisher":{"@id":"https:\/\/grotta.is\/#organization"},"potentialAction":[{"@type":"SearchAction","target":{"@type":"EntryPoint","urlTemplate":"https:\/\/grotta.is\/?s={search_term_string}"},"query-input":{"@type":"PropertyValueSpecification","valueRequired":true,"valueName":"search_term_string"}}],"inLanguage":"en-US"},{"@type":"Organization","@id":"https:\/\/grotta.is\/#organization","name":"\u00cd\u00fer\u00f3ttaf\u00e9lagi\u00f0 Gr\u00f3tta","url":"https:\/\/grotta.is\/","logo":{"@type":"ImageObject","inLanguage":"en-US","@id":"https:\/\/grotta.is\/#\/schema\/logo\/image\/","url":"https:\/\/grotta.is\/wp-content\/uploads\/2020\/02\/ithrottafelagidgrotta_logo_512x512_transparent.png","contentUrl":"https:\/\/grotta.is\/wp-content\/uploads\/2020\/02\/ithrottafelagidgrotta_logo_512x512_transparent.png","width":512,"height":512,"caption":"\u00cd\u00fer\u00f3ttaf\u00e9lagi\u00f0 Gr\u00f3tta"},"image":{"@id":"https:\/\/grotta.is\/#\/schema\/logo\/image\/"},"sameAs":["https:\/\/www.facebook.com\/grottasport"]},{"@type":"Person","@id":"https:\/\/grotta.is\/#\/schema\/person\/08ec57bf09ee925f1b6a01540c14a5ce","name":"Grotta","url":"https:\/\/grotta.is\/en\/author\/inga\/"}]}},"_links":{"self":[{"href":"https:\/\/grotta.is\/en\/wp-json\/wp\/v2\/posts\/8063","targetHints":{"allow":["GET"]}}],"collection":[{"href":"https:\/\/grotta.is\/en\/wp-json\/wp\/v2\/posts"}],"about":[{"href":"https:\/\/grotta.is\/en\/wp-json\/wp\/v2\/types\/post"}],"author":[{"embeddable":true,"href":"https:\/\/grotta.is\/en\/wp-json\/wp\/v2\/users\/2"}],"replies":[{"embeddable":true,"href":"https:\/\/grotta.is\/en\/wp-json\/wp\/v2\/comments?post=8063"}],"version-history":[{"count":1,"href":"https:\/\/grotta.is\/en\/wp-json\/wp\/v2\/posts\/8063\/revisions"}],"predecessor-version":[{"id":8067,"href":"https:\/\/grotta.is\/en\/wp-json\/wp\/v2\/posts\/8063\/revisions\/8067"}],"wp:featuredmedia":[{"embeddable":true,"href":"https:\/\/grotta.is\/en\/wp-json\/wp\/v2\/media\/8066"}],"wp:attachment":[{"href":"https:\/\/grotta.is\/en\/wp-json\/wp\/v2\/media?parent=8063"}],"wp:term":[{"taxonomy":"category","embeddable":true,"href":"https:\/\/grotta.is\/en\/wp-json\/wp\/v2\/categories?post=8063"},{"taxonomy":"post_tag","embeddable":true,"href":"https:\/\/grotta.is\/en\/wp-json\/wp\/v2\/tags?post=8063"}],"curies":[{"name":"wp","href":"https:\/\/api.w.org\/{rel}","templated":true}]}}