{"id":8057,"date":"2017-11-20T23:50:55","date_gmt":"2017-11-20T23:50:55","guid":{"rendered":"https:\/\/grotta.is\/?p=8057"},"modified":"2020-05-23T11:55:37","modified_gmt":"2020-05-23T11:55:37","slug":"afram-gakk-pistill-fra-magnusi-erni-helgasyni","status":"publish","type":"post","link":"https:\/\/grotta.is\/en\/knattspyrnudeild\/afram-gakk-pistill-fra-magnusi-erni-helgasyni\/","title":{"rendered":"\u00c1fram gakk \u2013 Pistill fr\u00e1 Magn\u00fasi Erni Helgasyni"},"content":{"rendered":"<p>Endurb\u00e6tur \u00e1 \u00ed\u00fer\u00f3ttah\u00fasi okkar Seltirninga eru \u00e1 n\u00e6sta leyti. Gr\u00f3tta og b\u00e6jaryfirv\u00f6ld hafa sta\u00f0i\u00f0 \u00ed str\u00f6ngu vi\u00f0 undirb\u00faningsvinnu s\u00ed\u00f0ustu misseri en stefnt er a\u00f0 \u00fev\u00ed a\u00f0 framkv\u00e6mdum ver\u00f0i loki\u00f0 \u00ed desember \u00e1 n\u00e6sta \u00e1ri.<\/p><p>\u00dea\u00f0 er lj\u00f3st a\u00f0 endurb\u00e6turnar munu gj\u00f6rbreyta starfi fimleikadeildar Gr\u00f3ttu til hins betra. N\u00fdr salur mun bj\u00f3\u00f0a upp \u00e1 \u00f3tal m\u00f6guleika sem \u00fev\u00ed mi\u00f0ur voru ekki til sta\u00f0ar \u00ed gamla salnum. Vissulega eru a\u00f0eins 18 \u00e1r s\u00ed\u00f0an salurinn var tekinn \u00ed notkun (11-12 \u00e1r s\u00ed\u00f0an Gerpla og \u00c1rmann v\u00edg\u00f0u s\u00edna sali) og au\u00f0vita\u00f0 hef\u00f0i \u00fe\u00e1 \u00e1tt a\u00f0 byggja st\u00e6rri og flottari sal sem hef\u00f0i n\u00fdst fimleikadeildinni \u00ed lengri t\u00edma.<\/p><p>En g\u00e6rdagurinn er li\u00f0inn og kemur ekki aftur. N\u00fa er horft fram \u00e1 veginn og reynt a\u00f0 gera eins miki\u00f0 \u00far \u00fev\u00ed sv\u00e6\u00f0i sem er til sta\u00f0ar.<\/p><p>Vi\u00f0 \u00ed knattspyrnudeildinni f\u00f6gnum \u00feessum framkv\u00e6mdum innilega. \u00dea\u00f0 eru j\u00fa allar deildir sem nj\u00f3ta g\u00f3\u00f0s af, ekki bara fimleikarnir.<\/p><p>Anna\u00f0 af yfirmarkmi\u00f0um knattspyrnudeildar Gr\u00f3ttu er \u201eA\u00f0 knattspyrnudeild Gr\u00f3ttu b\u00fai a\u00f0 fram\u00farskarandi yngri flokka starfi og meistaraflokki sem s\u00e9 a\u00f0 mestu leyti skipa\u00f0ur leikm\u00f6nnum upp\u00f6ldum \u00ed f\u00e9laginu.\u201c \u00cd raun dreymir okkur um a\u00f0 \u00fea\u00f0 s\u00e9 hvergi betra a\u00f0 vera \u00e1 \u00cdslandi sem ungur leikma\u00f0ur en einmitt \u00ed Gr\u00f3ttu. Me\u00f0 \u00f6flugu og samstilltu \u00fej\u00e1lfarateymi, g\u00f3\u00f0u skipulagi, dugna\u00f0i, j\u00e1kv\u00e6\u00f0ni og umhyggjusemi teljum vi\u00f0 a\u00f0 \u00fea\u00f0 s\u00e9 h\u00e6gt. Og vi\u00f0 erum b\u00fain a\u00f0 st\u00edga m\u00f6rg skref \u00ed r\u00e9tta \u00e1tt s\u00ed\u00f0ustu \u00e1r.<\/p><p>Sta\u00f0reyndin er s\u00fa a\u00f0 l\u00edkamleg \u00fej\u00e1lfun er st\u00f3r hluti af knattspyrnu\u00fej\u00e1lfun n\u00fat\u00edmans. \u00dea\u00f0 er ekki bara n\u00f3g a\u00f0 vera leikin\/n me\u00f0 boltann og vita hvert \u00e1 spila heldur \u00fearf l\u00edkaminn a\u00f0 geta h\u00f6ndla\u00f0 \u00feau \u00e1t\u00f6k sem eiga s\u00e9r sta\u00f0 inni \u00e1 vellinum \u00ed l\u00f6ngum leik. Sterkir v\u00f6\u00f0var verja li\u00f0i fyrir mei\u00f0slum, gott jafnv\u00e6gi skiptir sk\u00f6pum og s\u00e1\/s\u00fa sem hleypur hratt og hoppar h\u00e1tt er l\u00edklegri en a\u00f0rir til afreka. L\u00edkamsstyrkur er ennfremur forv\u00f6rn fyrir kvilla eins og bein\u00feynningu og \u00fdmis sto\u00f0kerfisvandam\u00e1l \u00e1 fullor\u00f0ins\u00e1rum.<\/p><p>\u00c1 myndunum h\u00e9r a\u00f0 ne\u00f0an m\u00e1 sj\u00e1 n\u00faverandi styrktarsal Gr\u00f3ttu \u00e1samt a\u00f0st\u00f6\u00f0unni sem n\u00e1grannaf\u00e9l\u00f6g okkar, KR og Valur, r\u00e1\u00f0a yfir. Myndirnar tala s\u00ednu m\u00e1li.<\/p><p>\u00cd endurb\u00e6ttu \u00ed\u00fer\u00f3ttah\u00fasi ver\u00f0ur gl\u00e6silegur lyftingasalur sem mun n\u00fdtast \u00f6llum deildum. Vi\u00f0 \u00ed knattspyrnudeildinni getum ekki be\u00f0i\u00f0 eftir \u00fev\u00ed a\u00f0 geta bo\u00f0i\u00f0 i\u00f0kendum okkar upp \u00e1 fram\u00farskarandi styrktar\u00fej\u00e1lfun \u00e1n \u00feess a\u00f0 \u00feurfa a\u00f0 leigja a\u00f0st\u00f6\u00f0u \u00fati \u00ed b\u00e6 e\u00f0a b\u00ed\u00f0a eftir \u00fev\u00ed a\u00f0 ungir leikmenn kaupi \u00fej\u00f3nustu einka\u00fej\u00e1lfara \u00ed l\u00edkamsr\u00e6ktarst\u00f6\u00f0.<\/p><p>Hitt yfirmarkmi\u00f0 okkar \u00ed knattspyrnudeildinni er: \u201eA\u00f0 i\u00f0kendum l\u00ed\u00f0i vel og a\u00f0 \u00fea\u00f0 s\u00e9 gaman a\u00f0 stunda f\u00f3tbolta hj\u00e1 Gr\u00f3ttu.\u201c Yfir h\u00f6r\u00f0ustu vetrarm\u00e1nu\u00f0ina s\u00fdna krakkarnir sem \u00e6fa hj\u00e1 okkur \u00f3tr\u00falega \u00ferautseigju og dugna\u00f0 vi\u00f0 \u00e6fingar \u00ed kulda og rysj\u00f3ttu ve\u00f0ri. \u00deau eru tilb\u00fain til a\u00f0 leggja miki\u00f0 \u00e1 sig og l\u00e1ta ve\u00f0ri\u00f0 sjaldnast stoppa sig. Hins vegar hefur ve\u00f0ri\u00f0 mest \u00e1hrif \u00e1 yngstu i\u00f0kendurna en vegna fimleika- og handbolta\u00e6finga \u00ed \u00ed\u00fer\u00f3ttas\u00f6lunum tveimur hefur knattspyrnudeildin takmarka\u00f0an a\u00f0gang fyrir f\u00f3tbolta\u00e6fingar innanh\u00fass. \u00deegar framkv\u00e6mdum l\u00fdkur \u00feurfa fimleikarnir ekki a\u00f0 nota \u00ed\u00fer\u00f3ttasalina og \u00fev\u00ed opnast t\u00e6kif\u00e6ri fyrir 7. flokk karla og kvenna til a\u00f0 \u00e6fa inni a\u00f0 miklu leyti yfir veturinn.<\/p><p>Framkv\u00e6mdirnar sn\u00faast ekki bara um fimleika heldur allar \u00ferj\u00e1r deildir Gr\u00f3ttu. \u00dear me\u00f0 st\u00f3ran hluta fj\u00f6lskyldna \u00e1 Seltjarnarnesi enda er \u00ed\u00fer\u00f3tta\u00fe\u00e1tttaka barna \u00ed b\u00e6num eftirtektarver\u00f0 og vi\u00f0 hlj\u00f3tum a\u00f0 vilja halda \u00fev\u00ed \u00feannig. B\u00e6jarb\u00faar \u00e6ttu a\u00f0 fagna \u00fev\u00ed a\u00f0 eiga metna\u00f0arfullt \u00ed\u00fer\u00f3ttaf\u00e9lag sem \u00ed g\u00f3\u00f0u samstarfi vi\u00f0 b\u00e6jaryfirv\u00f6ld gerir sitt besta til a\u00f0 vera \u00ed fremstu r\u00f6\u00f0.<\/p><p>L\u00e1tum ekki \u00fart\u00f6luraddir afvegalei\u00f0a okkur \u2013 \u00e1fram veginn, \u00e1fram Gr\u00f3tta!<\/p><p>Magn\u00fas \u00d6rn Helgason, \u00fej\u00e1lfari og stj\u00f3rnarma\u00f0ur hj\u00e1 knattspyrnudeild Gr\u00f3ttu<\/p>","protected":false},"excerpt":{"rendered":"<p>Endurb\u00e6tur \u00e1 \u00ed\u00fer\u00f3ttah\u00fasi okkar Seltirninga eru \u00e1 n\u00e6sta leyti. Gr\u00f3tta og b\u00e6jaryfirv\u00f6ld hafa sta\u00f0i\u00f0 \u00ed str\u00f6ngu vi\u00f0 undirb\u00faningsvinnu s\u00ed\u00f0ustu misseri en stefnt er a\u00f0 \u00fev\u00ed a\u00f0 framkv\u00e6mdum ver\u00f0i loki\u00f0 \u00ed desember \u00e1 n\u00e6sta \u00e1ri.<\/p>","protected":false},"author":2,"featured_media":2687,"comment_status":"closed","ping_status":"closed","sticky":false,"template":"","format":"standard","meta":{"footnotes":""},"categories":[7],"tags":[6],"class_list":["post-8057","post","type-post","status-publish","format-standard","has-post-thumbnail","hentry","category-knattspyrnudeild","tag-knattspyrna"],"yoast_head":"<!-- This site is optimized with the Yoast SEO plugin v24.3 - https:\/\/yoast.com\/wordpress\/plugins\/seo\/ -->\n<title>\u00c1fram gakk \u2013 Pistill fr\u00e1 Magn\u00fasi Erni Helgasyni - \u00cd\u00fer\u00f3ttaf\u00e9lagi\u00f0 Gr\u00f3tta<\/title>\n<meta name=\"robots\" content=\"index, follow, max-snippet:-1, max-image-preview:large, max-video-preview:-1\" \/>\n<link rel=\"canonical\" href=\"https:\/\/grotta.is\/en\/knattspyrnudeild\/afram-gakk-pistill-fra-magnusi-erni-helgasyni\/\" \/>\n<meta property=\"og:locale\" content=\"en_US\" \/>\n<meta property=\"og:type\" content=\"article\" \/>\n<meta property=\"og:title\" content=\"\u00c1fram gakk \u2013 Pistill fr\u00e1 Magn\u00fasi Erni Helgasyni - \u00cd\u00fer\u00f3ttaf\u00e9lagi\u00f0 Gr\u00f3tta\" \/>\n<meta property=\"og:description\" content=\"Endurb\u00e6tur \u00e1 \u00ed\u00fer\u00f3ttah\u00fasi okkar Seltirninga eru \u00e1 n\u00e6sta leyti. Gr\u00f3tta og b\u00e6jaryfirv\u00f6ld hafa sta\u00f0i\u00f0 \u00ed str\u00f6ngu vi\u00f0 undirb\u00faningsvinnu s\u00ed\u00f0ustu misseri en stefnt er a\u00f0 \u00fev\u00ed a\u00f0 framkv\u00e6mdum ver\u00f0i loki\u00f0 \u00ed desember \u00e1 n\u00e6sta \u00e1ri.\" \/>\n<meta property=\"og:url\" content=\"https:\/\/grotta.is\/en\/knattspyrnudeild\/afram-gakk-pistill-fra-magnusi-erni-helgasyni\/\" \/>\n<meta property=\"og:site_name\" content=\"\u00cd\u00fer\u00f3ttaf\u00e9lagi\u00f0 Gr\u00f3tta\" \/>\n<meta property=\"article:publisher\" content=\"https:\/\/www.facebook.com\/grottasport\" \/>\n<meta property=\"article:published_time\" content=\"2017-11-20T23:50:55+00:00\" \/>\n<meta property=\"article:modified_time\" content=\"2020-05-23T11:55:37+00:00\" \/>\n<meta property=\"og:image\" content=\"https:\/\/grotta.is\/wp-content\/uploads\/2020\/04\/Knattspyrnudeild_grotta_Frettir_mflkk_2018_inkasso_8.jpg\" \/>\n\t<meta property=\"og:image:width\" content=\"2048\" \/>\n\t<meta property=\"og:image:height\" content=\"1365\" \/>\n\t<meta property=\"og:image:type\" content=\"image\/jpeg\" \/>\n<meta name=\"author\" content=\"Grotta\" \/>\n<meta name=\"twitter:card\" content=\"summary_large_image\" \/>\n<meta name=\"twitter:label1\" content=\"Written by\" \/>\n\t<meta name=\"twitter:data1\" content=\"Grotta\" \/>\n\t<meta name=\"twitter:label2\" content=\"Est. reading time\" \/>\n\t<meta name=\"twitter:data2\" content=\"4 minutes\" \/>\n<script type=\"application\/ld+json\" class=\"yoast-schema-graph\">{\"@context\":\"https:\/\/schema.org\",\"@graph\":[{\"@type\":\"Article\",\"@id\":\"https:\/\/grotta.is\/knattspyrnudeild\/afram-gakk-pistill-fra-magnusi-erni-helgasyni\/#article\",\"isPartOf\":{\"@id\":\"https:\/\/grotta.is\/knattspyrnudeild\/afram-gakk-pistill-fra-magnusi-erni-helgasyni\/\"},\"author\":{\"name\":\"Grotta\",\"@id\":\"https:\/\/grotta.is\/#\/schema\/person\/08ec57bf09ee925f1b6a01540c14a5ce\"},\"headline\":\"\u00c1fram gakk \u2013 Pistill fr\u00e1 Magn\u00fasi Erni Helgasyni\",\"datePublished\":\"2017-11-20T23:50:55+00:00\",\"dateModified\":\"2020-05-23T11:55:37+00:00\",\"mainEntityOfPage\":{\"@id\":\"https:\/\/grotta.is\/knattspyrnudeild\/afram-gakk-pistill-fra-magnusi-erni-helgasyni\/\"},\"wordCount\":722,\"publisher\":{\"@id\":\"https:\/\/grotta.is\/#organization\"},\"image\":{\"@id\":\"https:\/\/grotta.is\/knattspyrnudeild\/afram-gakk-pistill-fra-magnusi-erni-helgasyni\/#primaryimage\"},\"thumbnailUrl\":\"https:\/\/grotta.is\/wp-content\/uploads\/2020\/04\/Knattspyrnudeild_grotta_Frettir_mflkk_2018_inkasso_8.jpg\",\"keywords\":[\"Knattspyrna\"],\"articleSection\":[\"Knattspyrnudeild\"],\"inLanguage\":\"en-US\"},{\"@type\":\"WebPage\",\"@id\":\"https:\/\/grotta.is\/knattspyrnudeild\/afram-gakk-pistill-fra-magnusi-erni-helgasyni\/\",\"url\":\"https:\/\/grotta.is\/knattspyrnudeild\/afram-gakk-pistill-fra-magnusi-erni-helgasyni\/\",\"name\":\"\u00c1fram gakk \u2013 Pistill fr\u00e1 Magn\u00fasi Erni Helgasyni - \u00cd\u00fer\u00f3ttaf\u00e9lagi\u00f0 Gr\u00f3tta\",\"isPartOf\":{\"@id\":\"https:\/\/grotta.is\/#website\"},\"primaryImageOfPage\":{\"@id\":\"https:\/\/grotta.is\/knattspyrnudeild\/afram-gakk-pistill-fra-magnusi-erni-helgasyni\/#primaryimage\"},\"image\":{\"@id\":\"https:\/\/grotta.is\/knattspyrnudeild\/afram-gakk-pistill-fra-magnusi-erni-helgasyni\/#primaryimage\"},\"thumbnailUrl\":\"https:\/\/grotta.is\/wp-content\/uploads\/2020\/04\/Knattspyrnudeild_grotta_Frettir_mflkk_2018_inkasso_8.jpg\",\"datePublished\":\"2017-11-20T23:50:55+00:00\",\"dateModified\":\"2020-05-23T11:55:37+00:00\",\"breadcrumb\":{\"@id\":\"https:\/\/grotta.is\/knattspyrnudeild\/afram-gakk-pistill-fra-magnusi-erni-helgasyni\/#breadcrumb\"},\"inLanguage\":\"en-US\",\"potentialAction\":[{\"@type\":\"ReadAction\",\"target\":[\"https:\/\/grotta.is\/knattspyrnudeild\/afram-gakk-pistill-fra-magnusi-erni-helgasyni\/\"]}]},{\"@type\":\"ImageObject\",\"inLanguage\":\"en-US\",\"@id\":\"https:\/\/grotta.is\/knattspyrnudeild\/afram-gakk-pistill-fra-magnusi-erni-helgasyni\/#primaryimage\",\"url\":\"https:\/\/grotta.is\/wp-content\/uploads\/2020\/04\/Knattspyrnudeild_grotta_Frettir_mflkk_2018_inkasso_8.jpg\",\"contentUrl\":\"https:\/\/grotta.is\/wp-content\/uploads\/2020\/04\/Knattspyrnudeild_grotta_Frettir_mflkk_2018_inkasso_8.jpg\",\"width\":2048,\"height\":1365},{\"@type\":\"BreadcrumbList\",\"@id\":\"https:\/\/grotta.is\/knattspyrnudeild\/afram-gakk-pistill-fra-magnusi-erni-helgasyni\/#breadcrumb\",\"itemListElement\":[{\"@type\":\"ListItem\",\"position\":1,\"name\":\"Home\",\"item\":\"https:\/\/grotta.is\/\"},{\"@type\":\"ListItem\",\"position\":2,\"name\":\"\u00c1fram gakk \u2013 Pistill fr\u00e1 Magn\u00fasi Erni Helgasyni\"}]},{\"@type\":\"WebSite\",\"@id\":\"https:\/\/grotta.is\/#website\",\"url\":\"https:\/\/grotta.is\/\",\"name\":\"\u00cd\u00fer\u00f3ttaf\u00e9lagi\u00f0 Gr\u00f3tta\",\"description\":\"\u00e1 Seltjarnarnesi\",\"publisher\":{\"@id\":\"https:\/\/grotta.is\/#organization\"},\"potentialAction\":[{\"@type\":\"SearchAction\",\"target\":{\"@type\":\"EntryPoint\",\"urlTemplate\":\"https:\/\/grotta.is\/?s={search_term_string}\"},\"query-input\":{\"@type\":\"PropertyValueSpecification\",\"valueRequired\":true,\"valueName\":\"search_term_string\"}}],\"inLanguage\":\"en-US\"},{\"@type\":\"Organization\",\"@id\":\"https:\/\/grotta.is\/#organization\",\"name\":\"\u00cd\u00fer\u00f3ttaf\u00e9lagi\u00f0 Gr\u00f3tta\",\"url\":\"https:\/\/grotta.is\/\",\"logo\":{\"@type\":\"ImageObject\",\"inLanguage\":\"en-US\",\"@id\":\"https:\/\/grotta.is\/#\/schema\/logo\/image\/\",\"url\":\"https:\/\/grotta.is\/wp-content\/uploads\/2020\/02\/ithrottafelagidgrotta_logo_512x512_transparent.png\",\"contentUrl\":\"https:\/\/grotta.is\/wp-content\/uploads\/2020\/02\/ithrottafelagidgrotta_logo_512x512_transparent.png\",\"width\":512,\"height\":512,\"caption\":\"\u00cd\u00fer\u00f3ttaf\u00e9lagi\u00f0 Gr\u00f3tta\"},\"image\":{\"@id\":\"https:\/\/grotta.is\/#\/schema\/logo\/image\/\"},\"sameAs\":[\"https:\/\/www.facebook.com\/grottasport\"]},{\"@type\":\"Person\",\"@id\":\"https:\/\/grotta.is\/#\/schema\/person\/08ec57bf09ee925f1b6a01540c14a5ce\",\"name\":\"Grotta\",\"url\":\"https:\/\/grotta.is\/en\/author\/inga\/\"}]}<\/script>\n<!-- \/ Yoast SEO plugin. -->","yoast_head_json":{"title":"\u00c1fram gakk \u2013 Pistill fr\u00e1 Magn\u00fasi Erni Helgasyni - \u00cd\u00fer\u00f3ttaf\u00e9lagi\u00f0 Gr\u00f3tta","robots":{"index":"index","follow":"follow","max-snippet":"max-snippet:-1","max-image-preview":"max-image-preview:large","max-video-preview":"max-video-preview:-1"},"canonical":"https:\/\/grotta.is\/en\/knattspyrnudeild\/afram-gakk-pistill-fra-magnusi-erni-helgasyni\/","og_locale":"en_US","og_type":"article","og_title":"\u00c1fram gakk \u2013 Pistill fr\u00e1 Magn\u00fasi Erni Helgasyni - \u00cd\u00fer\u00f3ttaf\u00e9lagi\u00f0 Gr\u00f3tta","og_description":"Endurb\u00e6tur \u00e1 \u00ed\u00fer\u00f3ttah\u00fasi okkar Seltirninga eru \u00e1 n\u00e6sta leyti. Gr\u00f3tta og b\u00e6jaryfirv\u00f6ld hafa sta\u00f0i\u00f0 \u00ed str\u00f6ngu vi\u00f0 undirb\u00faningsvinnu s\u00ed\u00f0ustu misseri en stefnt er a\u00f0 \u00fev\u00ed a\u00f0 framkv\u00e6mdum ver\u00f0i loki\u00f0 \u00ed desember \u00e1 n\u00e6sta \u00e1ri.","og_url":"https:\/\/grotta.is\/en\/knattspyrnudeild\/afram-gakk-pistill-fra-magnusi-erni-helgasyni\/","og_site_name":"\u00cd\u00fer\u00f3ttaf\u00e9lagi\u00f0 Gr\u00f3tta","article_publisher":"https:\/\/www.facebook.com\/grottasport","article_published_time":"2017-11-20T23:50:55+00:00","article_modified_time":"2020-05-23T11:55:37+00:00","og_image":[{"width":2048,"height":1365,"url":"https:\/\/grotta.is\/wp-content\/uploads\/2020\/04\/Knattspyrnudeild_grotta_Frettir_mflkk_2018_inkasso_8.jpg","type":"image\/jpeg"}],"author":"Grotta","twitter_card":"summary_large_image","twitter_misc":{"Written by":"Grotta","Est. reading time":"4 minutes"},"schema":{"@context":"https:\/\/schema.org","@graph":[{"@type":"Article","@id":"https:\/\/grotta.is\/knattspyrnudeild\/afram-gakk-pistill-fra-magnusi-erni-helgasyni\/#article","isPartOf":{"@id":"https:\/\/grotta.is\/knattspyrnudeild\/afram-gakk-pistill-fra-magnusi-erni-helgasyni\/"},"author":{"name":"Grotta","@id":"https:\/\/grotta.is\/#\/schema\/person\/08ec57bf09ee925f1b6a01540c14a5ce"},"headline":"\u00c1fram gakk \u2013 Pistill fr\u00e1 Magn\u00fasi Erni Helgasyni","datePublished":"2017-11-20T23:50:55+00:00","dateModified":"2020-05-23T11:55:37+00:00","mainEntityOfPage":{"@id":"https:\/\/grotta.is\/knattspyrnudeild\/afram-gakk-pistill-fra-magnusi-erni-helgasyni\/"},"wordCount":722,"publisher":{"@id":"https:\/\/grotta.is\/#organization"},"image":{"@id":"https:\/\/grotta.is\/knattspyrnudeild\/afram-gakk-pistill-fra-magnusi-erni-helgasyni\/#primaryimage"},"thumbnailUrl":"https:\/\/grotta.is\/wp-content\/uploads\/2020\/04\/Knattspyrnudeild_grotta_Frettir_mflkk_2018_inkasso_8.jpg","keywords":["Knattspyrna"],"articleSection":["Knattspyrnudeild"],"inLanguage":"en-US"},{"@type":"WebPage","@id":"https:\/\/grotta.is\/knattspyrnudeild\/afram-gakk-pistill-fra-magnusi-erni-helgasyni\/","url":"https:\/\/grotta.is\/knattspyrnudeild\/afram-gakk-pistill-fra-magnusi-erni-helgasyni\/","name":"\u00c1fram gakk \u2013 Pistill fr\u00e1 Magn\u00fasi Erni Helgasyni - \u00cd\u00fer\u00f3ttaf\u00e9lagi\u00f0 Gr\u00f3tta","isPartOf":{"@id":"https:\/\/grotta.is\/#website"},"primaryImageOfPage":{"@id":"https:\/\/grotta.is\/knattspyrnudeild\/afram-gakk-pistill-fra-magnusi-erni-helgasyni\/#primaryimage"},"image":{"@id":"https:\/\/grotta.is\/knattspyrnudeild\/afram-gakk-pistill-fra-magnusi-erni-helgasyni\/#primaryimage"},"thumbnailUrl":"https:\/\/grotta.is\/wp-content\/uploads\/2020\/04\/Knattspyrnudeild_grotta_Frettir_mflkk_2018_inkasso_8.jpg","datePublished":"2017-11-20T23:50:55+00:00","dateModified":"2020-05-23T11:55:37+00:00","breadcrumb":{"@id":"https:\/\/grotta.is\/knattspyrnudeild\/afram-gakk-pistill-fra-magnusi-erni-helgasyni\/#breadcrumb"},"inLanguage":"en-US","potentialAction":[{"@type":"ReadAction","target":["https:\/\/grotta.is\/knattspyrnudeild\/afram-gakk-pistill-fra-magnusi-erni-helgasyni\/"]}]},{"@type":"ImageObject","inLanguage":"en-US","@id":"https:\/\/grotta.is\/knattspyrnudeild\/afram-gakk-pistill-fra-magnusi-erni-helgasyni\/#primaryimage","url":"https:\/\/grotta.is\/wp-content\/uploads\/2020\/04\/Knattspyrnudeild_grotta_Frettir_mflkk_2018_inkasso_8.jpg","contentUrl":"https:\/\/grotta.is\/wp-content\/uploads\/2020\/04\/Knattspyrnudeild_grotta_Frettir_mflkk_2018_inkasso_8.jpg","width":2048,"height":1365},{"@type":"BreadcrumbList","@id":"https:\/\/grotta.is\/knattspyrnudeild\/afram-gakk-pistill-fra-magnusi-erni-helgasyni\/#breadcrumb","itemListElement":[{"@type":"ListItem","position":1,"name":"Home","item":"https:\/\/grotta.is\/"},{"@type":"ListItem","position":2,"name":"\u00c1fram gakk \u2013 Pistill fr\u00e1 Magn\u00fasi Erni Helgasyni"}]},{"@type":"WebSite","@id":"https:\/\/grotta.is\/#website","url":"https:\/\/grotta.is\/","name":"\u00cd\u00fer\u00f3ttaf\u00e9lagi\u00f0 Gr\u00f3tta","description":"\u00e1 Seltjarnarnesi","publisher":{"@id":"https:\/\/grotta.is\/#organization"},"potentialAction":[{"@type":"SearchAction","target":{"@type":"EntryPoint","urlTemplate":"https:\/\/grotta.is\/?s={search_term_string}"},"query-input":{"@type":"PropertyValueSpecification","valueRequired":true,"valueName":"search_term_string"}}],"inLanguage":"en-US"},{"@type":"Organization","@id":"https:\/\/grotta.is\/#organization","name":"\u00cd\u00fer\u00f3ttaf\u00e9lagi\u00f0 Gr\u00f3tta","url":"https:\/\/grotta.is\/","logo":{"@type":"ImageObject","inLanguage":"en-US","@id":"https:\/\/grotta.is\/#\/schema\/logo\/image\/","url":"https:\/\/grotta.is\/wp-content\/uploads\/2020\/02\/ithrottafelagidgrotta_logo_512x512_transparent.png","contentUrl":"https:\/\/grotta.is\/wp-content\/uploads\/2020\/02\/ithrottafelagidgrotta_logo_512x512_transparent.png","width":512,"height":512,"caption":"\u00cd\u00fer\u00f3ttaf\u00e9lagi\u00f0 Gr\u00f3tta"},"image":{"@id":"https:\/\/grotta.is\/#\/schema\/logo\/image\/"},"sameAs":["https:\/\/www.facebook.com\/grottasport"]},{"@type":"Person","@id":"https:\/\/grotta.is\/#\/schema\/person\/08ec57bf09ee925f1b6a01540c14a5ce","name":"Grotta","url":"https:\/\/grotta.is\/en\/author\/inga\/"}]}},"_links":{"self":[{"href":"https:\/\/grotta.is\/en\/wp-json\/wp\/v2\/posts\/8057","targetHints":{"allow":["GET"]}}],"collection":[{"href":"https:\/\/grotta.is\/en\/wp-json\/wp\/v2\/posts"}],"about":[{"href":"https:\/\/grotta.is\/en\/wp-json\/wp\/v2\/types\/post"}],"author":[{"embeddable":true,"href":"https:\/\/grotta.is\/en\/wp-json\/wp\/v2\/users\/2"}],"replies":[{"embeddable":true,"href":"https:\/\/grotta.is\/en\/wp-json\/wp\/v2\/comments?post=8057"}],"version-history":[{"count":1,"href":"https:\/\/grotta.is\/en\/wp-json\/wp\/v2\/posts\/8057\/revisions"}],"predecessor-version":[{"id":8058,"href":"https:\/\/grotta.is\/en\/wp-json\/wp\/v2\/posts\/8057\/revisions\/8058"}],"wp:featuredmedia":[{"embeddable":true,"href":"https:\/\/grotta.is\/en\/wp-json\/wp\/v2\/media\/2687"}],"wp:attachment":[{"href":"https:\/\/grotta.is\/en\/wp-json\/wp\/v2\/media?parent=8057"}],"wp:term":[{"taxonomy":"category","embeddable":true,"href":"https:\/\/grotta.is\/en\/wp-json\/wp\/v2\/categories?post=8057"},{"taxonomy":"post_tag","embeddable":true,"href":"https:\/\/grotta.is\/en\/wp-json\/wp\/v2\/tags?post=8057"}],"curies":[{"name":"wp","href":"https:\/\/api.w.org\/{rel}","templated":true}]}}