{"id":8022,"date":"2020-05-22T13:59:12","date_gmt":"2020-05-22T13:59:12","guid":{"rendered":"https:\/\/grotta.is\/?p=8022"},"modified":"2020-05-22T13:59:14","modified_gmt":"2020-05-22T13:59:14","slug":"johann-reynir-framlengir-vid-grottu","status":"publish","type":"post","link":"https:\/\/grotta.is\/en\/handknattleiksdeild\/johann-reynir-framlengir-vid-grottu\/","title":{"rendered":"J\u00f3hann Reynir framlengir vi\u00f0 Gr\u00f3ttu"},"content":{"rendered":"<p>St\u00f3rskyttan J\u00f3hann Reynir Gunnlaugsson hefur framlengt samning sinn vi\u00f0 handknattleiksdeildina um 2 \u00e1r og mun \u00fev\u00ed leika me\u00f0 li\u00f0inu \u00ed Ol\u00eds-deildinni \u00e1 komandi keppnist\u00edmabili. J\u00f3hann sem ver\u00f0ur 31 \u00e1rs \u00e1 \u00e1rinu \u00e1 a\u00f0 baki langan feril b\u00e6\u00f0i h\u00e9r heima og erlendis og hefur veri\u00f0 lykilma\u00f0ur \u00ed Gr\u00f3ttu-li\u00f0inu undanfarin 2 keppnist\u00edmabil.<\/p><p>J\u00f3hann sem kom til Gr\u00f3ttu \u00e1ri\u00f0 2018 var a\u00f0 kl\u00e1ra sitt anna\u00f0 t\u00edmabil hj\u00e1 li\u00f0inu og hefur \u00e1 \u00feeim t\u00edma veri\u00f0 algj\u00f6r lykilma\u00f0ur li\u00f0sins og var \u00e1 yfirstandandi keppnist\u00edmabili lang markah\u00e6sti leikma\u00f0ur li\u00f0sins me\u00f0 123 m\u00f6rk \u00ed 15 leikjum.<\/p><p>Handknattleiksdeildin l\u00fdsir yfir mikilli \u00e1n\u00e6gju me\u00f0 a\u00f0 samningar hafi n\u00e1\u00f0st vi\u00f0 J\u00f3a um a\u00f0 leika \u00e1fram me\u00f0 li\u00f0inu og lj\u00f3st a\u00f0 miki\u00f0 mun m\u00e6\u00f0a \u00e1 honum \u00ed ungu og efnilegu Gr\u00f3ttu-li\u00f0i \u00ed Ol\u00eds-deildinni \u00e1 n\u00e6sta keppnist\u00edmabili.<\/p><p>Vi\u00f0 hl\u00f6kkum til a\u00f0 fylgjast me\u00f0 J\u00f3a \u00e1 n\u00e6sta t\u00edmabili og v\u00e6ntumst til mikils af honum \u00ed bar\u00e1ttunni \u00ed deild \u00feeirra bestu!<\/p><figure class=\"wp-block-gallery columns-2 is-cropped wp-block-gallery-1 is-layout-flex wp-block-gallery-is-layout-flex\"><ul class=\"blocks-gallery-grid\"><li class=\"blocks-gallery-item\"><figure><img fetchpriority=\"high\" decoding=\"async\" width=\"635\" height=\"889\" src=\"https:\/\/grotta.is\/wp-content\/uploads\/2020\/05\/Handbolti_Grotta_johannreynir_mfl_kk_4.jpg\" alt=\"\" data-id=\"8027\" data-full-url=\"https:\/\/grotta.is\/wp-content\/uploads\/2020\/05\/Handbolti_Grotta_johannreynir_mfl_kk_4.jpg\" data-link=\"https:\/\/grotta.is\/?attachment_id=8027\" class=\"wp-image-8027\" srcset=\"https:\/\/grotta.is\/wp-content\/uploads\/2020\/05\/Handbolti_Grotta_johannreynir_mfl_kk_4.jpg 635w, https:\/\/grotta.is\/wp-content\/uploads\/2020\/05\/Handbolti_Grotta_johannreynir_mfl_kk_4-214x300.jpg 214w, https:\/\/grotta.is\/wp-content\/uploads\/2020\/05\/Handbolti_Grotta_johannreynir_mfl_kk_4-600x840.jpg 600w\" sizes=\"(max-width: 635px) 100vw, 635px\" \/><\/figure><\/li><li class=\"blocks-gallery-item\"><figure><img decoding=\"async\" width=\"1707\" height=\"2560\" data-src=\"https:\/\/grotta.is\/wp-content\/uploads\/2020\/05\/Handbolti_Grotta_johannreynir_mfl_kk_3-scaled.jpg\" alt=\"\" data-id=\"8026\" data-full-url=\"https:\/\/grotta.is\/wp-content\/uploads\/2020\/05\/Handbolti_Grotta_johannreynir_mfl_kk_3-scaled.jpg\" data-link=\"https:\/\/grotta.is\/?attachment_id=8026\" class=\"wp-image-8026 lazyload\" data-srcset=\"https:\/\/grotta.is\/wp-content\/uploads\/2020\/05\/Handbolti_Grotta_johannreynir_mfl_kk_3-scaled.jpg 1707w, https:\/\/grotta.is\/wp-content\/uploads\/2020\/05\/Handbolti_Grotta_johannreynir_mfl_kk_3-200x300.jpg 200w, https:\/\/grotta.is\/wp-content\/uploads\/2020\/05\/Handbolti_Grotta_johannreynir_mfl_kk_3-683x1024.jpg 683w, https:\/\/grotta.is\/wp-content\/uploads\/2020\/05\/Handbolti_Grotta_johannreynir_mfl_kk_3-768x1152.jpg 768w, https:\/\/grotta.is\/wp-content\/uploads\/2020\/05\/Handbolti_Grotta_johannreynir_mfl_kk_3-1024x1536.jpg 1024w, https:\/\/grotta.is\/wp-content\/uploads\/2020\/05\/Handbolti_Grotta_johannreynir_mfl_kk_3-1365x2048.jpg 1365w, https:\/\/grotta.is\/wp-content\/uploads\/2020\/05\/Handbolti_Grotta_johannreynir_mfl_kk_3-600x900.jpg 600w\" data-sizes=\"(max-width: 1707px) 100vw, 1707px\" src=\"data:image\/gif;base64,R0lGODlhAQABAAAAACH5BAEKAAEALAAAAAABAAEAAAICTAEAOw==\" style=\"--smush-placeholder-width: 1707px; --smush-placeholder-aspect-ratio: 1707\/2560;\" \/><\/figure><\/li><li class=\"blocks-gallery-item\"><figure><img decoding=\"async\" width=\"640\" height=\"960\" data-src=\"https:\/\/grotta.is\/wp-content\/uploads\/2020\/05\/Handbolti_Grotta_johannreynir_mfl_kk_1.jpg\" alt=\"\" data-id=\"8024\" data-full-url=\"https:\/\/grotta.is\/wp-content\/uploads\/2020\/05\/Handbolti_Grotta_johannreynir_mfl_kk_1.jpg\" data-link=\"https:\/\/grotta.is\/?attachment_id=8024\" class=\"wp-image-8024 lazyload\" data-srcset=\"https:\/\/grotta.is\/wp-content\/uploads\/2020\/05\/Handbolti_Grotta_johannreynir_mfl_kk_1.jpg 640w, https:\/\/grotta.is\/wp-content\/uploads\/2020\/05\/Handbolti_Grotta_johannreynir_mfl_kk_1-200x300.jpg 200w, https:\/\/grotta.is\/wp-content\/uploads\/2020\/05\/Handbolti_Grotta_johannreynir_mfl_kk_1-600x900.jpg 600w\" data-sizes=\"(max-width: 640px) 100vw, 640px\" src=\"data:image\/gif;base64,R0lGODlhAQABAAAAACH5BAEKAAEALAAAAAABAAEAAAICTAEAOw==\" style=\"--smush-placeholder-width: 640px; --smush-placeholder-aspect-ratio: 640\/960;\" \/><\/figure><\/li><\/ul><\/figure>","protected":false},"excerpt":{"rendered":"<p>St\u00f3rskyttan J\u00f3hann Reynir Gunnlaugsson hefur framlengt samning sinn vi\u00f0 handknattleiksdeildina um 2 \u00e1r og mun \u00fev\u00ed leika me\u00f0 li\u00f0inu \u00ed Ol\u00eds-deildinni \u00e1 komandi keppnist\u00edmabili. J\u00f3hann sem ver\u00f0ur 31 \u00e1rs \u00e1 \u00e1rinu \u00e1 a\u00f0 baki langan feril b\u00e6\u00f0i h\u00e9r heima og erlendis og hefur veri\u00f0 lykilma\u00f0ur \u00ed Gr\u00f3ttu-li\u00f0inu undanfarin 2 keppnist\u00edmabil.<\/p>","protected":false},"author":2,"featured_media":8025,"comment_status":"closed","ping_status":"closed","sticky":false,"template":"","format":"standard","meta":{"footnotes":""},"categories":[12],"tags":[13,17,20],"class_list":["post-8022","post","type-post","status-publish","format-standard","has-post-thumbnail","hentry","category-handknattleiksdeild","tag-handbolti","tag-leikmenn","tag-mfl-kk"],"yoast_head":"<!-- This site is optimized with the Yoast SEO plugin v24.3 - https:\/\/yoast.com\/wordpress\/plugins\/seo\/ -->\n<title>J\u00f3hann Reynir framlengir vi\u00f0 Gr\u00f3ttu - \u00cd\u00fer\u00f3ttaf\u00e9lagi\u00f0 Gr\u00f3tta<\/title>\n<meta name=\"robots\" content=\"index, follow, max-snippet:-1, max-image-preview:large, max-video-preview:-1\" \/>\n<link rel=\"canonical\" href=\"https:\/\/grotta.is\/en\/handknattleiksdeild\/johann-reynir-framlengir-vid-grottu\/\" \/>\n<meta property=\"og:locale\" content=\"en_US\" \/>\n<meta property=\"og:type\" content=\"article\" \/>\n<meta property=\"og:title\" content=\"J\u00f3hann Reynir framlengir vi\u00f0 Gr\u00f3ttu - \u00cd\u00fer\u00f3ttaf\u00e9lagi\u00f0 Gr\u00f3tta\" \/>\n<meta property=\"og:description\" content=\"St\u00f3rskyttan J\u00f3hann Reynir Gunnlaugsson hefur framlengt samning sinn vi\u00f0 handknattleiksdeildina um 2 \u00e1r og mun \u00fev\u00ed leika me\u00f0 li\u00f0inu \u00ed Ol\u00eds-deildinni \u00e1 komandi keppnist\u00edmabili. J\u00f3hann sem ver\u00f0ur 31 \u00e1rs \u00e1 \u00e1rinu \u00e1 a\u00f0 baki langan feril b\u00e6\u00f0i h\u00e9r heima og erlendis og hefur veri\u00f0 lykilma\u00f0ur \u00ed Gr\u00f3ttu-li\u00f0inu undanfarin 2 keppnist\u00edmabil.\" \/>\n<meta property=\"og:url\" content=\"https:\/\/grotta.is\/en\/handknattleiksdeild\/johann-reynir-framlengir-vid-grottu\/\" \/>\n<meta property=\"og:site_name\" content=\"\u00cd\u00fer\u00f3ttaf\u00e9lagi\u00f0 Gr\u00f3tta\" \/>\n<meta property=\"article:publisher\" content=\"https:\/\/www.facebook.com\/grottasport\" \/>\n<meta property=\"article:published_time\" content=\"2020-05-22T13:59:12+00:00\" \/>\n<meta property=\"article:modified_time\" content=\"2020-05-22T13:59:14+00:00\" \/>\n<meta property=\"og:image\" content=\"https:\/\/grotta.is\/wp-content\/uploads\/2020\/05\/Handbolti_Grotta_johannreynir_mfl_kk_2.jpg\" \/>\n\t<meta property=\"og:image:width\" content=\"1231\" \/>\n\t<meta property=\"og:image:height\" content=\"879\" \/>\n\t<meta property=\"og:image:type\" content=\"image\/jpeg\" \/>\n<meta name=\"author\" content=\"Grotta\" \/>\n<meta name=\"twitter:card\" content=\"summary_large_image\" \/>\n<meta name=\"twitter:label1\" content=\"Written by\" \/>\n\t<meta name=\"twitter:data1\" content=\"Grotta\" \/>\n\t<meta name=\"twitter:label2\" content=\"Est. reading time\" \/>\n\t<meta name=\"twitter:data2\" content=\"1 minute\" \/>\n<script type=\"application\/ld+json\" class=\"yoast-schema-graph\">{\"@context\":\"https:\/\/schema.org\",\"@graph\":[{\"@type\":\"Article\",\"@id\":\"https:\/\/grotta.is\/handknattleiksdeild\/johann-reynir-framlengir-vid-grottu\/#article\",\"isPartOf\":{\"@id\":\"https:\/\/grotta.is\/handknattleiksdeild\/johann-reynir-framlengir-vid-grottu\/\"},\"author\":{\"name\":\"Grotta\",\"@id\":\"https:\/\/grotta.is\/#\/schema\/person\/08ec57bf09ee925f1b6a01540c14a5ce\"},\"headline\":\"J\u00f3hann Reynir framlengir vi\u00f0 Gr\u00f3ttu\",\"datePublished\":\"2020-05-22T13:59:12+00:00\",\"dateModified\":\"2020-05-22T13:59:14+00:00\",\"mainEntityOfPage\":{\"@id\":\"https:\/\/grotta.is\/handknattleiksdeild\/johann-reynir-framlengir-vid-grottu\/\"},\"wordCount\":178,\"publisher\":{\"@id\":\"https:\/\/grotta.is\/#organization\"},\"image\":{\"@id\":\"https:\/\/grotta.is\/handknattleiksdeild\/johann-reynir-framlengir-vid-grottu\/#primaryimage\"},\"thumbnailUrl\":\"https:\/\/grotta.is\/wp-content\/uploads\/2020\/05\/Handbolti_Grotta_johannreynir_mfl_kk_2.jpg\",\"keywords\":[\"Handbolti\",\"Leikmenn\",\"Mfl.kk\"],\"articleSection\":[\"Handknattleiksdeild\"],\"inLanguage\":\"en-US\"},{\"@type\":\"WebPage\",\"@id\":\"https:\/\/grotta.is\/handknattleiksdeild\/johann-reynir-framlengir-vid-grottu\/\",\"url\":\"https:\/\/grotta.is\/handknattleiksdeild\/johann-reynir-framlengir-vid-grottu\/\",\"name\":\"J\u00f3hann Reynir framlengir vi\u00f0 Gr\u00f3ttu - \u00cd\u00fer\u00f3ttaf\u00e9lagi\u00f0 Gr\u00f3tta\",\"isPartOf\":{\"@id\":\"https:\/\/grotta.is\/#website\"},\"primaryImageOfPage\":{\"@id\":\"https:\/\/grotta.is\/handknattleiksdeild\/johann-reynir-framlengir-vid-grottu\/#primaryimage\"},\"image\":{\"@id\":\"https:\/\/grotta.is\/handknattleiksdeild\/johann-reynir-framlengir-vid-grottu\/#primaryimage\"},\"thumbnailUrl\":\"https:\/\/grotta.is\/wp-content\/uploads\/2020\/05\/Handbolti_Grotta_johannreynir_mfl_kk_2.jpg\",\"datePublished\":\"2020-05-22T13:59:12+00:00\",\"dateModified\":\"2020-05-22T13:59:14+00:00\",\"breadcrumb\":{\"@id\":\"https:\/\/grotta.is\/handknattleiksdeild\/johann-reynir-framlengir-vid-grottu\/#breadcrumb\"},\"inLanguage\":\"en-US\",\"potentialAction\":[{\"@type\":\"ReadAction\",\"target\":[\"https:\/\/grotta.is\/handknattleiksdeild\/johann-reynir-framlengir-vid-grottu\/\"]}]},{\"@type\":\"ImageObject\",\"inLanguage\":\"en-US\",\"@id\":\"https:\/\/grotta.is\/handknattleiksdeild\/johann-reynir-framlengir-vid-grottu\/#primaryimage\",\"url\":\"https:\/\/grotta.is\/wp-content\/uploads\/2020\/05\/Handbolti_Grotta_johannreynir_mfl_kk_2.jpg\",\"contentUrl\":\"https:\/\/grotta.is\/wp-content\/uploads\/2020\/05\/Handbolti_Grotta_johannreynir_mfl_kk_2.jpg\",\"width\":1231,\"height\":879},{\"@type\":\"BreadcrumbList\",\"@id\":\"https:\/\/grotta.is\/handknattleiksdeild\/johann-reynir-framlengir-vid-grottu\/#breadcrumb\",\"itemListElement\":[{\"@type\":\"ListItem\",\"position\":1,\"name\":\"Home\",\"item\":\"https:\/\/grotta.is\/\"},{\"@type\":\"ListItem\",\"position\":2,\"name\":\"J\u00f3hann Reynir framlengir vi\u00f0 Gr\u00f3ttu\"}]},{\"@type\":\"WebSite\",\"@id\":\"https:\/\/grotta.is\/#website\",\"url\":\"https:\/\/grotta.is\/\",\"name\":\"\u00cd\u00fer\u00f3ttaf\u00e9lagi\u00f0 Gr\u00f3tta\",\"description\":\"\u00e1 Seltjarnarnesi\",\"publisher\":{\"@id\":\"https:\/\/grotta.is\/#organization\"},\"potentialAction\":[{\"@type\":\"SearchAction\",\"target\":{\"@type\":\"EntryPoint\",\"urlTemplate\":\"https:\/\/grotta.is\/?s={search_term_string}\"},\"query-input\":{\"@type\":\"PropertyValueSpecification\",\"valueRequired\":true,\"valueName\":\"search_term_string\"}}],\"inLanguage\":\"en-US\"},{\"@type\":\"Organization\",\"@id\":\"https:\/\/grotta.is\/#organization\",\"name\":\"\u00cd\u00fer\u00f3ttaf\u00e9lagi\u00f0 Gr\u00f3tta\",\"url\":\"https:\/\/grotta.is\/\",\"logo\":{\"@type\":\"ImageObject\",\"inLanguage\":\"en-US\",\"@id\":\"https:\/\/grotta.is\/#\/schema\/logo\/image\/\",\"url\":\"https:\/\/grotta.is\/wp-content\/uploads\/2020\/02\/ithrottafelagidgrotta_logo_512x512_transparent.png\",\"contentUrl\":\"https:\/\/grotta.is\/wp-content\/uploads\/2020\/02\/ithrottafelagidgrotta_logo_512x512_transparent.png\",\"width\":512,\"height\":512,\"caption\":\"\u00cd\u00fer\u00f3ttaf\u00e9lagi\u00f0 Gr\u00f3tta\"},\"image\":{\"@id\":\"https:\/\/grotta.is\/#\/schema\/logo\/image\/\"},\"sameAs\":[\"https:\/\/www.facebook.com\/grottasport\"]},{\"@type\":\"Person\",\"@id\":\"https:\/\/grotta.is\/#\/schema\/person\/08ec57bf09ee925f1b6a01540c14a5ce\",\"name\":\"Grotta\",\"url\":\"https:\/\/grotta.is\/en\/author\/inga\/\"}]}<\/script>\n<!-- \/ Yoast SEO plugin. -->","yoast_head_json":{"title":"J\u00f3hann Reynir framlengir vi\u00f0 Gr\u00f3ttu - \u00cd\u00fer\u00f3ttaf\u00e9lagi\u00f0 Gr\u00f3tta","robots":{"index":"index","follow":"follow","max-snippet":"max-snippet:-1","max-image-preview":"max-image-preview:large","max-video-preview":"max-video-preview:-1"},"canonical":"https:\/\/grotta.is\/en\/handknattleiksdeild\/johann-reynir-framlengir-vid-grottu\/","og_locale":"en_US","og_type":"article","og_title":"J\u00f3hann Reynir framlengir vi\u00f0 Gr\u00f3ttu - \u00cd\u00fer\u00f3ttaf\u00e9lagi\u00f0 Gr\u00f3tta","og_description":"St\u00f3rskyttan J\u00f3hann Reynir Gunnlaugsson hefur framlengt samning sinn vi\u00f0 handknattleiksdeildina um 2 \u00e1r og mun \u00fev\u00ed leika me\u00f0 li\u00f0inu \u00ed Ol\u00eds-deildinni \u00e1 komandi keppnist\u00edmabili. J\u00f3hann sem ver\u00f0ur 31 \u00e1rs \u00e1 \u00e1rinu \u00e1 a\u00f0 baki langan feril b\u00e6\u00f0i h\u00e9r heima og erlendis og hefur veri\u00f0 lykilma\u00f0ur \u00ed Gr\u00f3ttu-li\u00f0inu undanfarin 2 keppnist\u00edmabil.","og_url":"https:\/\/grotta.is\/en\/handknattleiksdeild\/johann-reynir-framlengir-vid-grottu\/","og_site_name":"\u00cd\u00fer\u00f3ttaf\u00e9lagi\u00f0 Gr\u00f3tta","article_publisher":"https:\/\/www.facebook.com\/grottasport","article_published_time":"2020-05-22T13:59:12+00:00","article_modified_time":"2020-05-22T13:59:14+00:00","og_image":[{"width":1231,"height":879,"url":"https:\/\/grotta.is\/wp-content\/uploads\/2020\/05\/Handbolti_Grotta_johannreynir_mfl_kk_2.jpg","type":"image\/jpeg"}],"author":"Grotta","twitter_card":"summary_large_image","twitter_misc":{"Written by":"Grotta","Est. reading time":"1 minute"},"schema":{"@context":"https:\/\/schema.org","@graph":[{"@type":"Article","@id":"https:\/\/grotta.is\/handknattleiksdeild\/johann-reynir-framlengir-vid-grottu\/#article","isPartOf":{"@id":"https:\/\/grotta.is\/handknattleiksdeild\/johann-reynir-framlengir-vid-grottu\/"},"author":{"name":"Grotta","@id":"https:\/\/grotta.is\/#\/schema\/person\/08ec57bf09ee925f1b6a01540c14a5ce"},"headline":"J\u00f3hann Reynir framlengir vi\u00f0 Gr\u00f3ttu","datePublished":"2020-05-22T13:59:12+00:00","dateModified":"2020-05-22T13:59:14+00:00","mainEntityOfPage":{"@id":"https:\/\/grotta.is\/handknattleiksdeild\/johann-reynir-framlengir-vid-grottu\/"},"wordCount":178,"publisher":{"@id":"https:\/\/grotta.is\/#organization"},"image":{"@id":"https:\/\/grotta.is\/handknattleiksdeild\/johann-reynir-framlengir-vid-grottu\/#primaryimage"},"thumbnailUrl":"https:\/\/grotta.is\/wp-content\/uploads\/2020\/05\/Handbolti_Grotta_johannreynir_mfl_kk_2.jpg","keywords":["Handbolti","Leikmenn","Mfl.kk"],"articleSection":["Handknattleiksdeild"],"inLanguage":"en-US"},{"@type":"WebPage","@id":"https:\/\/grotta.is\/handknattleiksdeild\/johann-reynir-framlengir-vid-grottu\/","url":"https:\/\/grotta.is\/handknattleiksdeild\/johann-reynir-framlengir-vid-grottu\/","name":"J\u00f3hann Reynir framlengir vi\u00f0 Gr\u00f3ttu - \u00cd\u00fer\u00f3ttaf\u00e9lagi\u00f0 Gr\u00f3tta","isPartOf":{"@id":"https:\/\/grotta.is\/#website"},"primaryImageOfPage":{"@id":"https:\/\/grotta.is\/handknattleiksdeild\/johann-reynir-framlengir-vid-grottu\/#primaryimage"},"image":{"@id":"https:\/\/grotta.is\/handknattleiksdeild\/johann-reynir-framlengir-vid-grottu\/#primaryimage"},"thumbnailUrl":"https:\/\/grotta.is\/wp-content\/uploads\/2020\/05\/Handbolti_Grotta_johannreynir_mfl_kk_2.jpg","datePublished":"2020-05-22T13:59:12+00:00","dateModified":"2020-05-22T13:59:14+00:00","breadcrumb":{"@id":"https:\/\/grotta.is\/handknattleiksdeild\/johann-reynir-framlengir-vid-grottu\/#breadcrumb"},"inLanguage":"en-US","potentialAction":[{"@type":"ReadAction","target":["https:\/\/grotta.is\/handknattleiksdeild\/johann-reynir-framlengir-vid-grottu\/"]}]},{"@type":"ImageObject","inLanguage":"en-US","@id":"https:\/\/grotta.is\/handknattleiksdeild\/johann-reynir-framlengir-vid-grottu\/#primaryimage","url":"https:\/\/grotta.is\/wp-content\/uploads\/2020\/05\/Handbolti_Grotta_johannreynir_mfl_kk_2.jpg","contentUrl":"https:\/\/grotta.is\/wp-content\/uploads\/2020\/05\/Handbolti_Grotta_johannreynir_mfl_kk_2.jpg","width":1231,"height":879},{"@type":"BreadcrumbList","@id":"https:\/\/grotta.is\/handknattleiksdeild\/johann-reynir-framlengir-vid-grottu\/#breadcrumb","itemListElement":[{"@type":"ListItem","position":1,"name":"Home","item":"https:\/\/grotta.is\/"},{"@type":"ListItem","position":2,"name":"J\u00f3hann Reynir framlengir vi\u00f0 Gr\u00f3ttu"}]},{"@type":"WebSite","@id":"https:\/\/grotta.is\/#website","url":"https:\/\/grotta.is\/","name":"\u00cd\u00fer\u00f3ttaf\u00e9lagi\u00f0 Gr\u00f3tta","description":"\u00e1 Seltjarnarnesi","publisher":{"@id":"https:\/\/grotta.is\/#organization"},"potentialAction":[{"@type":"SearchAction","target":{"@type":"EntryPoint","urlTemplate":"https:\/\/grotta.is\/?s={search_term_string}"},"query-input":{"@type":"PropertyValueSpecification","valueRequired":true,"valueName":"search_term_string"}}],"inLanguage":"en-US"},{"@type":"Organization","@id":"https:\/\/grotta.is\/#organization","name":"\u00cd\u00fer\u00f3ttaf\u00e9lagi\u00f0 Gr\u00f3tta","url":"https:\/\/grotta.is\/","logo":{"@type":"ImageObject","inLanguage":"en-US","@id":"https:\/\/grotta.is\/#\/schema\/logo\/image\/","url":"https:\/\/grotta.is\/wp-content\/uploads\/2020\/02\/ithrottafelagidgrotta_logo_512x512_transparent.png","contentUrl":"https:\/\/grotta.is\/wp-content\/uploads\/2020\/02\/ithrottafelagidgrotta_logo_512x512_transparent.png","width":512,"height":512,"caption":"\u00cd\u00fer\u00f3ttaf\u00e9lagi\u00f0 Gr\u00f3tta"},"image":{"@id":"https:\/\/grotta.is\/#\/schema\/logo\/image\/"},"sameAs":["https:\/\/www.facebook.com\/grottasport"]},{"@type":"Person","@id":"https:\/\/grotta.is\/#\/schema\/person\/08ec57bf09ee925f1b6a01540c14a5ce","name":"Grotta","url":"https:\/\/grotta.is\/en\/author\/inga\/"}]}},"_links":{"self":[{"href":"https:\/\/grotta.is\/en\/wp-json\/wp\/v2\/posts\/8022","targetHints":{"allow":["GET"]}}],"collection":[{"href":"https:\/\/grotta.is\/en\/wp-json\/wp\/v2\/posts"}],"about":[{"href":"https:\/\/grotta.is\/en\/wp-json\/wp\/v2\/types\/post"}],"author":[{"embeddable":true,"href":"https:\/\/grotta.is\/en\/wp-json\/wp\/v2\/users\/2"}],"replies":[{"embeddable":true,"href":"https:\/\/grotta.is\/en\/wp-json\/wp\/v2\/comments?post=8022"}],"version-history":[{"count":2,"href":"https:\/\/grotta.is\/en\/wp-json\/wp\/v2\/posts\/8022\/revisions"}],"predecessor-version":[{"id":8028,"href":"https:\/\/grotta.is\/en\/wp-json\/wp\/v2\/posts\/8022\/revisions\/8028"}],"wp:featuredmedia":[{"embeddable":true,"href":"https:\/\/grotta.is\/en\/wp-json\/wp\/v2\/media\/8025"}],"wp:attachment":[{"href":"https:\/\/grotta.is\/en\/wp-json\/wp\/v2\/media?parent=8022"}],"wp:term":[{"taxonomy":"category","embeddable":true,"href":"https:\/\/grotta.is\/en\/wp-json\/wp\/v2\/categories?post=8022"},{"taxonomy":"post_tag","embeddable":true,"href":"https:\/\/grotta.is\/en\/wp-json\/wp\/v2\/tags?post=8022"}],"curies":[{"name":"wp","href":"https:\/\/api.w.org\/{rel}","templated":true}]}}