{"id":7904,"date":"2020-05-18T11:07:53","date_gmt":"2020-05-18T11:07:53","guid":{"rendered":"https:\/\/grotta.is\/?p=7904"},"modified":"2020-05-18T11:14:23","modified_gmt":"2020-05-18T11:14:23","slug":"karl-fridleifur-til-grottu","status":"publish","type":"post","link":"https:\/\/grotta.is\/en\/knattspyrnudeild\/karl-fridleifur-til-grottu\/","title":{"rendered":"Karl Fri\u00f0leifur til Gr\u00f3ttu"},"content":{"rendered":"<p>Gr\u00f3tta hefur n\u00e1\u00f0 samkomulagi vi\u00f0 Brei\u00f0ablik um a\u00f0 f\u00e1 Karl Fri\u00f0leif Gunnarsson a\u00f0 l\u00e1ni fyrir \u00e1t\u00f6kin \u00ed Pepsi max deildinni \u00e1 komandi keppnist\u00edmabili. Karl Fri\u00f0leifur er st\u00f3refnilegur knattspyrnuma\u00f0ur, f\u00e6ddur \u00e1ri\u00f0 2001 og uppalinn \u00ed K\u00f3pavoginum hj\u00e1 Brei\u00f0abliki. Hann hefur veri\u00f0 fastama\u00f0ur \u00ed yngri landsli\u00f0um \u00cdslands \u00ed gegnum t\u00ed\u00f0ina, en hann hefur leiki\u00f0 samtals\u00a027 landsleiki fyrir \u00cdslands h\u00f6nd og skora\u00f0 \u00ed \u00feeim 7 m\u00f6rk. Karl steig s\u00edn fyrstu skref \u00ed efstu deild sumari\u00f0 2018 undir stj\u00f3rn \u00c1g\u00fastar Gylfasonar. Karl Fri\u00f0leifur er fr\u00e1b\u00e6r vi\u00f0b\u00f3t vi\u00f0 ungt og spennandi li\u00f0 Gr\u00f3ttu, sem hefur leik \u00ed Pepsi\u00a0max\u00a0deild karla \u00feann 14. j\u00fan\u00ed n\u00e6stkomandi, \u00ed fyrsta sinn \u00ed s\u00f6gu f\u00e9lagsins.<\/p><figure class=\"wp-block-gallery columns-1 is-cropped wp-block-gallery-1 is-layout-flex wp-block-gallery-is-layout-flex\"><ul class=\"blocks-gallery-grid\"><li class=\"blocks-gallery-item\"><figure><img fetchpriority=\"high\" decoding=\"async\" width=\"768\" height=\"1024\" src=\"https:\/\/grotta.is\/wp-content\/uploads\/2020\/05\/karl-fri\u00f0leifur-i\u0301-gro\u0301ttu-768x1024.jpg\" alt=\"\" data-id=\"7906\" data-full-url=\"https:\/\/grotta.is\/wp-content\/uploads\/2020\/05\/karl-fri\u00f0leifur-i\u0301-gro\u0301ttu-scaled.jpg\" data-link=\"https:\/\/grotta.is\/?attachment_id=7906\" class=\"wp-image-7906\" srcset=\"https:\/\/grotta.is\/wp-content\/uploads\/2020\/05\/karl-fri\u00f0leifur-i\u0301-gro\u0301ttu-768x1024.jpg 768w, https:\/\/grotta.is\/wp-content\/uploads\/2020\/05\/karl-fri\u00f0leifur-i\u0301-gro\u0301ttu-225x300.jpg 225w, https:\/\/grotta.is\/wp-content\/uploads\/2020\/05\/karl-fri\u00f0leifur-i\u0301-gro\u0301ttu-1152x1536.jpg 1152w, https:\/\/grotta.is\/wp-content\/uploads\/2020\/05\/karl-fri\u00f0leifur-i\u0301-gro\u0301ttu-1536x2048.jpg 1536w, https:\/\/grotta.is\/wp-content\/uploads\/2020\/05\/karl-fri\u00f0leifur-i\u0301-gro\u0301ttu-600x800.jpg 600w, https:\/\/grotta.is\/wp-content\/uploads\/2020\/05\/karl-fri\u00f0leifur-i\u0301-gro\u0301ttu-scaled.jpg 1920w\" sizes=\"(max-width: 768px) 100vw, 768px\" \/><\/figure><\/li><\/ul><\/figure>","protected":false},"excerpt":{"rendered":"<p>Gr\u00f3tta hefur n\u00e1\u00f0 samkomulagi vi\u00f0 Brei\u00f0ablik um a\u00f0 f\u00e1 Karl Fri\u00f0leif Gunnarsson a\u00f0 l\u00e1ni fyrir \u00e1t\u00f6kin \u00ed Pepsi max deildinni \u00e1 komandi keppnist\u00edmabili. Karl Fri\u00f0leifur er st\u00f3refnilegur knattspyrnuma\u00f0ur, f\u00e6ddur \u00e1ri\u00f0 [&hellip;]<\/p>","protected":false},"author":4,"featured_media":7905,"comment_status":"closed","ping_status":"closed","sticky":false,"template":"","format":"standard","meta":{"footnotes":""},"categories":[7],"tags":[79],"class_list":["post-7904","post","type-post","status-publish","format-standard","has-post-thumbnail","hentry","category-knattspyrnudeild","tag-pepsi-max"],"yoast_head":"<!-- This site is optimized with the Yoast SEO plugin v24.3 - https:\/\/yoast.com\/wordpress\/plugins\/seo\/ -->\n<title>Karl Fri\u00f0leifur til Gr\u00f3ttu - \u00cd\u00fer\u00f3ttaf\u00e9lagi\u00f0 Gr\u00f3tta<\/title>\n<meta name=\"robots\" content=\"index, follow, max-snippet:-1, max-image-preview:large, max-video-preview:-1\" \/>\n<link rel=\"canonical\" href=\"https:\/\/grotta.is\/en\/knattspyrnudeild\/karl-fridleifur-til-grottu\/\" \/>\n<meta property=\"og:locale\" content=\"en_US\" \/>\n<meta property=\"og:type\" content=\"article\" \/>\n<meta property=\"og:title\" content=\"Karl Fri\u00f0leifur til Gr\u00f3ttu - \u00cd\u00fer\u00f3ttaf\u00e9lagi\u00f0 Gr\u00f3tta\" \/>\n<meta property=\"og:description\" content=\"Gr\u00f3tta hefur n\u00e1\u00f0 samkomulagi vi\u00f0 Brei\u00f0ablik um a\u00f0 f\u00e1 Karl Fri\u00f0leif Gunnarsson a\u00f0 l\u00e1ni fyrir \u00e1t\u00f6kin \u00ed Pepsi max deildinni \u00e1 komandi keppnist\u00edmabili. Karl Fri\u00f0leifur er st\u00f3refnilegur knattspyrnuma\u00f0ur, f\u00e6ddur \u00e1ri\u00f0 [&hellip;]\" \/>\n<meta property=\"og:url\" content=\"https:\/\/grotta.is\/en\/knattspyrnudeild\/karl-fridleifur-til-grottu\/\" \/>\n<meta property=\"og:site_name\" content=\"\u00cd\u00fer\u00f3ttaf\u00e9lagi\u00f0 Gr\u00f3tta\" \/>\n<meta property=\"article:publisher\" content=\"https:\/\/www.facebook.com\/grottasport\" \/>\n<meta property=\"article:published_time\" content=\"2020-05-18T11:07:53+00:00\" \/>\n<meta property=\"article:modified_time\" content=\"2020-05-18T11:14:23+00:00\" \/>\n<meta property=\"og:image\" content=\"https:\/\/grotta.is\/wp-content\/uploads\/2020\/05\/karl-fri\u00f0leifur-i\u0301-gro\u0301ttu-pepsi-max-scaled.jpg\" \/>\n\t<meta property=\"og:image:width\" content=\"1920\" \/>\n\t<meta property=\"og:image:height\" content=\"2560\" \/>\n\t<meta property=\"og:image:type\" content=\"image\/jpeg\" \/>\n<meta name=\"author\" content=\"J\u00f3runn M. \u00deorsteinsd\u00f3ttir\" \/>\n<meta name=\"twitter:card\" content=\"summary_large_image\" \/>\n<meta name=\"twitter:label1\" content=\"Written by\" \/>\n\t<meta name=\"twitter:data1\" content=\"J\u00f3runn M. \u00deorsteinsd\u00f3ttir\" \/>\n\t<meta name=\"twitter:label2\" content=\"Est. reading time\" \/>\n\t<meta name=\"twitter:data2\" content=\"1 minute\" \/>\n<script type=\"application\/ld+json\" class=\"yoast-schema-graph\">{\"@context\":\"https:\/\/schema.org\",\"@graph\":[{\"@type\":\"Article\",\"@id\":\"https:\/\/grotta.is\/knattspyrnudeild\/karl-fridleifur-til-grottu\/#article\",\"isPartOf\":{\"@id\":\"https:\/\/grotta.is\/knattspyrnudeild\/karl-fridleifur-til-grottu\/\"},\"author\":{\"name\":\"J\u00f3runn M. \u00deorsteinsd\u00f3ttir\",\"@id\":\"https:\/\/grotta.is\/#\/schema\/person\/f1fea6a85a554e8069771c3486efbd84\"},\"headline\":\"Karl Fri\u00f0leifur til Gr\u00f3ttu\",\"datePublished\":\"2020-05-18T11:07:53+00:00\",\"dateModified\":\"2020-05-18T11:14:23+00:00\",\"mainEntityOfPage\":{\"@id\":\"https:\/\/grotta.is\/knattspyrnudeild\/karl-fridleifur-til-grottu\/\"},\"wordCount\":128,\"publisher\":{\"@id\":\"https:\/\/grotta.is\/#organization\"},\"image\":{\"@id\":\"https:\/\/grotta.is\/knattspyrnudeild\/karl-fridleifur-til-grottu\/#primaryimage\"},\"thumbnailUrl\":\"https:\/\/grotta.is\/wp-content\/uploads\/2020\/05\/karl-fri\u00f0leifur-i\u0301-gro\u0301ttu-pepsi-max-scaled.jpg\",\"keywords\":[\"Pepsi Max\"],\"articleSection\":[\"Knattspyrnudeild\"],\"inLanguage\":\"en-US\"},{\"@type\":\"WebPage\",\"@id\":\"https:\/\/grotta.is\/knattspyrnudeild\/karl-fridleifur-til-grottu\/\",\"url\":\"https:\/\/grotta.is\/knattspyrnudeild\/karl-fridleifur-til-grottu\/\",\"name\":\"Karl Fri\u00f0leifur til Gr\u00f3ttu - \u00cd\u00fer\u00f3ttaf\u00e9lagi\u00f0 Gr\u00f3tta\",\"isPartOf\":{\"@id\":\"https:\/\/grotta.is\/#website\"},\"primaryImageOfPage\":{\"@id\":\"https:\/\/grotta.is\/knattspyrnudeild\/karl-fridleifur-til-grottu\/#primaryimage\"},\"image\":{\"@id\":\"https:\/\/grotta.is\/knattspyrnudeild\/karl-fridleifur-til-grottu\/#primaryimage\"},\"thumbnailUrl\":\"https:\/\/grotta.is\/wp-content\/uploads\/2020\/05\/karl-fri\u00f0leifur-i\u0301-gro\u0301ttu-pepsi-max-scaled.jpg\",\"datePublished\":\"2020-05-18T11:07:53+00:00\",\"dateModified\":\"2020-05-18T11:14:23+00:00\",\"breadcrumb\":{\"@id\":\"https:\/\/grotta.is\/knattspyrnudeild\/karl-fridleifur-til-grottu\/#breadcrumb\"},\"inLanguage\":\"en-US\",\"potentialAction\":[{\"@type\":\"ReadAction\",\"target\":[\"https:\/\/grotta.is\/knattspyrnudeild\/karl-fridleifur-til-grottu\/\"]}]},{\"@type\":\"ImageObject\",\"inLanguage\":\"en-US\",\"@id\":\"https:\/\/grotta.is\/knattspyrnudeild\/karl-fridleifur-til-grottu\/#primaryimage\",\"url\":\"https:\/\/grotta.is\/wp-content\/uploads\/2020\/05\/karl-fri\u00f0leifur-i\u0301-gro\u0301ttu-pepsi-max-scaled.jpg\",\"contentUrl\":\"https:\/\/grotta.is\/wp-content\/uploads\/2020\/05\/karl-fri\u00f0leifur-i\u0301-gro\u0301ttu-pepsi-max-scaled.jpg\",\"width\":1920,\"height\":2560},{\"@type\":\"BreadcrumbList\",\"@id\":\"https:\/\/grotta.is\/knattspyrnudeild\/karl-fridleifur-til-grottu\/#breadcrumb\",\"itemListElement\":[{\"@type\":\"ListItem\",\"position\":1,\"name\":\"Home\",\"item\":\"https:\/\/grotta.is\/\"},{\"@type\":\"ListItem\",\"position\":2,\"name\":\"Karl Fri\u00f0leifur til Gr\u00f3ttu\"}]},{\"@type\":\"WebSite\",\"@id\":\"https:\/\/grotta.is\/#website\",\"url\":\"https:\/\/grotta.is\/\",\"name\":\"\u00cd\u00fer\u00f3ttaf\u00e9lagi\u00f0 Gr\u00f3tta\",\"description\":\"\u00e1 Seltjarnarnesi\",\"publisher\":{\"@id\":\"https:\/\/grotta.is\/#organization\"},\"potentialAction\":[{\"@type\":\"SearchAction\",\"target\":{\"@type\":\"EntryPoint\",\"urlTemplate\":\"https:\/\/grotta.is\/?s={search_term_string}\"},\"query-input\":{\"@type\":\"PropertyValueSpecification\",\"valueRequired\":true,\"valueName\":\"search_term_string\"}}],\"inLanguage\":\"en-US\"},{\"@type\":\"Organization\",\"@id\":\"https:\/\/grotta.is\/#organization\",\"name\":\"\u00cd\u00fer\u00f3ttaf\u00e9lagi\u00f0 Gr\u00f3tta\",\"url\":\"https:\/\/grotta.is\/\",\"logo\":{\"@type\":\"ImageObject\",\"inLanguage\":\"en-US\",\"@id\":\"https:\/\/grotta.is\/#\/schema\/logo\/image\/\",\"url\":\"https:\/\/grotta.is\/wp-content\/uploads\/2020\/02\/ithrottafelagidgrotta_logo_512x512_transparent.png\",\"contentUrl\":\"https:\/\/grotta.is\/wp-content\/uploads\/2020\/02\/ithrottafelagidgrotta_logo_512x512_transparent.png\",\"width\":512,\"height\":512,\"caption\":\"\u00cd\u00fer\u00f3ttaf\u00e9lagi\u00f0 Gr\u00f3tta\"},\"image\":{\"@id\":\"https:\/\/grotta.is\/#\/schema\/logo\/image\/\"},\"sameAs\":[\"https:\/\/www.facebook.com\/grottasport\"]},{\"@type\":\"Person\",\"@id\":\"https:\/\/grotta.is\/#\/schema\/person\/f1fea6a85a554e8069771c3486efbd84\",\"name\":\"J\u00f3runn M. \u00deorsteinsd\u00f3ttir\",\"url\":\"https:\/\/grotta.is\/en\/author\/jorunn\/\"}]}<\/script>\n<!-- \/ Yoast SEO plugin. -->","yoast_head_json":{"title":"Karl Fri\u00f0leifur til Gr\u00f3ttu - \u00cd\u00fer\u00f3ttaf\u00e9lagi\u00f0 Gr\u00f3tta","robots":{"index":"index","follow":"follow","max-snippet":"max-snippet:-1","max-image-preview":"max-image-preview:large","max-video-preview":"max-video-preview:-1"},"canonical":"https:\/\/grotta.is\/en\/knattspyrnudeild\/karl-fridleifur-til-grottu\/","og_locale":"en_US","og_type":"article","og_title":"Karl Fri\u00f0leifur til Gr\u00f3ttu - \u00cd\u00fer\u00f3ttaf\u00e9lagi\u00f0 Gr\u00f3tta","og_description":"Gr\u00f3tta hefur n\u00e1\u00f0 samkomulagi vi\u00f0 Brei\u00f0ablik um a\u00f0 f\u00e1 Karl Fri\u00f0leif Gunnarsson a\u00f0 l\u00e1ni fyrir \u00e1t\u00f6kin \u00ed Pepsi max deildinni \u00e1 komandi keppnist\u00edmabili. Karl Fri\u00f0leifur er st\u00f3refnilegur knattspyrnuma\u00f0ur, f\u00e6ddur \u00e1ri\u00f0 [&hellip;]","og_url":"https:\/\/grotta.is\/en\/knattspyrnudeild\/karl-fridleifur-til-grottu\/","og_site_name":"\u00cd\u00fer\u00f3ttaf\u00e9lagi\u00f0 Gr\u00f3tta","article_publisher":"https:\/\/www.facebook.com\/grottasport","article_published_time":"2020-05-18T11:07:53+00:00","article_modified_time":"2020-05-18T11:14:23+00:00","og_image":[{"width":1920,"height":2560,"url":"https:\/\/grotta.is\/wp-content\/uploads\/2020\/05\/karl-fri\u00f0leifur-i\u0301-gro\u0301ttu-pepsi-max-scaled.jpg","type":"image\/jpeg"}],"author":"J\u00f3runn M. \u00deorsteinsd\u00f3ttir","twitter_card":"summary_large_image","twitter_misc":{"Written by":"J\u00f3runn M. \u00deorsteinsd\u00f3ttir","Est. reading time":"1 minute"},"schema":{"@context":"https:\/\/schema.org","@graph":[{"@type":"Article","@id":"https:\/\/grotta.is\/knattspyrnudeild\/karl-fridleifur-til-grottu\/#article","isPartOf":{"@id":"https:\/\/grotta.is\/knattspyrnudeild\/karl-fridleifur-til-grottu\/"},"author":{"name":"J\u00f3runn M. \u00deorsteinsd\u00f3ttir","@id":"https:\/\/grotta.is\/#\/schema\/person\/f1fea6a85a554e8069771c3486efbd84"},"headline":"Karl Fri\u00f0leifur til Gr\u00f3ttu","datePublished":"2020-05-18T11:07:53+00:00","dateModified":"2020-05-18T11:14:23+00:00","mainEntityOfPage":{"@id":"https:\/\/grotta.is\/knattspyrnudeild\/karl-fridleifur-til-grottu\/"},"wordCount":128,"publisher":{"@id":"https:\/\/grotta.is\/#organization"},"image":{"@id":"https:\/\/grotta.is\/knattspyrnudeild\/karl-fridleifur-til-grottu\/#primaryimage"},"thumbnailUrl":"https:\/\/grotta.is\/wp-content\/uploads\/2020\/05\/karl-fri\u00f0leifur-i\u0301-gro\u0301ttu-pepsi-max-scaled.jpg","keywords":["Pepsi Max"],"articleSection":["Knattspyrnudeild"],"inLanguage":"en-US"},{"@type":"WebPage","@id":"https:\/\/grotta.is\/knattspyrnudeild\/karl-fridleifur-til-grottu\/","url":"https:\/\/grotta.is\/knattspyrnudeild\/karl-fridleifur-til-grottu\/","name":"Karl Fri\u00f0leifur til Gr\u00f3ttu - \u00cd\u00fer\u00f3ttaf\u00e9lagi\u00f0 Gr\u00f3tta","isPartOf":{"@id":"https:\/\/grotta.is\/#website"},"primaryImageOfPage":{"@id":"https:\/\/grotta.is\/knattspyrnudeild\/karl-fridleifur-til-grottu\/#primaryimage"},"image":{"@id":"https:\/\/grotta.is\/knattspyrnudeild\/karl-fridleifur-til-grottu\/#primaryimage"},"thumbnailUrl":"https:\/\/grotta.is\/wp-content\/uploads\/2020\/05\/karl-fri\u00f0leifur-i\u0301-gro\u0301ttu-pepsi-max-scaled.jpg","datePublished":"2020-05-18T11:07:53+00:00","dateModified":"2020-05-18T11:14:23+00:00","breadcrumb":{"@id":"https:\/\/grotta.is\/knattspyrnudeild\/karl-fridleifur-til-grottu\/#breadcrumb"},"inLanguage":"en-US","potentialAction":[{"@type":"ReadAction","target":["https:\/\/grotta.is\/knattspyrnudeild\/karl-fridleifur-til-grottu\/"]}]},{"@type":"ImageObject","inLanguage":"en-US","@id":"https:\/\/grotta.is\/knattspyrnudeild\/karl-fridleifur-til-grottu\/#primaryimage","url":"https:\/\/grotta.is\/wp-content\/uploads\/2020\/05\/karl-fri\u00f0leifur-i\u0301-gro\u0301ttu-pepsi-max-scaled.jpg","contentUrl":"https:\/\/grotta.is\/wp-content\/uploads\/2020\/05\/karl-fri\u00f0leifur-i\u0301-gro\u0301ttu-pepsi-max-scaled.jpg","width":1920,"height":2560},{"@type":"BreadcrumbList","@id":"https:\/\/grotta.is\/knattspyrnudeild\/karl-fridleifur-til-grottu\/#breadcrumb","itemListElement":[{"@type":"ListItem","position":1,"name":"Home","item":"https:\/\/grotta.is\/"},{"@type":"ListItem","position":2,"name":"Karl Fri\u00f0leifur til Gr\u00f3ttu"}]},{"@type":"WebSite","@id":"https:\/\/grotta.is\/#website","url":"https:\/\/grotta.is\/","name":"\u00cd\u00fer\u00f3ttaf\u00e9lagi\u00f0 Gr\u00f3tta","description":"\u00e1 Seltjarnarnesi","publisher":{"@id":"https:\/\/grotta.is\/#organization"},"potentialAction":[{"@type":"SearchAction","target":{"@type":"EntryPoint","urlTemplate":"https:\/\/grotta.is\/?s={search_term_string}"},"query-input":{"@type":"PropertyValueSpecification","valueRequired":true,"valueName":"search_term_string"}}],"inLanguage":"en-US"},{"@type":"Organization","@id":"https:\/\/grotta.is\/#organization","name":"\u00cd\u00fer\u00f3ttaf\u00e9lagi\u00f0 Gr\u00f3tta","url":"https:\/\/grotta.is\/","logo":{"@type":"ImageObject","inLanguage":"en-US","@id":"https:\/\/grotta.is\/#\/schema\/logo\/image\/","url":"https:\/\/grotta.is\/wp-content\/uploads\/2020\/02\/ithrottafelagidgrotta_logo_512x512_transparent.png","contentUrl":"https:\/\/grotta.is\/wp-content\/uploads\/2020\/02\/ithrottafelagidgrotta_logo_512x512_transparent.png","width":512,"height":512,"caption":"\u00cd\u00fer\u00f3ttaf\u00e9lagi\u00f0 Gr\u00f3tta"},"image":{"@id":"https:\/\/grotta.is\/#\/schema\/logo\/image\/"},"sameAs":["https:\/\/www.facebook.com\/grottasport"]},{"@type":"Person","@id":"https:\/\/grotta.is\/#\/schema\/person\/f1fea6a85a554e8069771c3486efbd84","name":"J\u00f3runn M. \u00deorsteinsd\u00f3ttir","url":"https:\/\/grotta.is\/en\/author\/jorunn\/"}]}},"_links":{"self":[{"href":"https:\/\/grotta.is\/en\/wp-json\/wp\/v2\/posts\/7904","targetHints":{"allow":["GET"]}}],"collection":[{"href":"https:\/\/grotta.is\/en\/wp-json\/wp\/v2\/posts"}],"about":[{"href":"https:\/\/grotta.is\/en\/wp-json\/wp\/v2\/types\/post"}],"author":[{"embeddable":true,"href":"https:\/\/grotta.is\/en\/wp-json\/wp\/v2\/users\/4"}],"replies":[{"embeddable":true,"href":"https:\/\/grotta.is\/en\/wp-json\/wp\/v2\/comments?post=7904"}],"version-history":[{"count":2,"href":"https:\/\/grotta.is\/en\/wp-json\/wp\/v2\/posts\/7904\/revisions"}],"predecessor-version":[{"id":7909,"href":"https:\/\/grotta.is\/en\/wp-json\/wp\/v2\/posts\/7904\/revisions\/7909"}],"wp:featuredmedia":[{"embeddable":true,"href":"https:\/\/grotta.is\/en\/wp-json\/wp\/v2\/media\/7905"}],"wp:attachment":[{"href":"https:\/\/grotta.is\/en\/wp-json\/wp\/v2\/media?parent=7904"}],"wp:term":[{"taxonomy":"category","embeddable":true,"href":"https:\/\/grotta.is\/en\/wp-json\/wp\/v2\/categories?post=7904"},{"taxonomy":"post_tag","embeddable":true,"href":"https:\/\/grotta.is\/en\/wp-json\/wp\/v2\/tags?post=7904"}],"curies":[{"name":"wp","href":"https:\/\/api.w.org\/{rel}","templated":true}]}}