{"id":722,"date":"2019-05-16T17:35:00","date_gmt":"2019-05-16T17:35:00","guid":{"rendered":"https:\/\/grotta.is\/?p=722"},"modified":"2020-03-02T17:39:54","modified_gmt":"2020-03-02T17:39:54","slug":"arnar-dadi-tekur-vid-grottu-og-dadi-laxdal-framlengir","status":"publish","type":"post","link":"https:\/\/grotta.is\/en\/handknattleiksdeild\/arnar-dadi-tekur-vid-grottu-og-dadi-laxdal-framlengir\/","title":{"rendered":"Arnar Da\u00f0i tekur vi\u00f0 Gr\u00f3ttu og Da\u00f0i Laxdal framlengir!"},"content":{"rendered":"<p>Arnar Da\u00f0i Arnarsson var \u00ed dag r\u00e1\u00f0inn \u00fej\u00e1lfari meistaraflokks karla \u00ed handbolta hj\u00e1 f\u00e9laginu til n\u00e6stu \u00feriggja \u00e1ra. Einnig var framlengdur samningur vi\u00f0 Da\u00f0a Laxdal sem er Gr\u00f3ttu-f\u00f3lki vel kunnugur.<\/p><p>Arnar, sem tekur vi\u00f0 li\u00f0inu af Einari J\u00f3nssyni, kemur fr\u00e1 Val \u00fear sem hann hefur \u00fej\u00e1lfa\u00f0 yngri flokka f\u00e9lagsins undanfarin \u00e1r auk \u00feess a\u00f0 hafa veri\u00f0 a\u00f0sto\u00f0ar\u00fej\u00e1lfari meistaraflokks kvenna um t\u00edma og st\u00fdrt ungmennali\u00f0i f\u00e9lagsins. <\/p><p>Handknattleiksdeildin er gr\u00ed\u00f0arlega \u00e1n\u00e6g\u00f0 me\u00f0 a\u00f0 samningar hafa n\u00e1\u00f0st vi\u00f0 Arnar og binda miklar vonir vi\u00f0 komu hans til f\u00e9lagsins. <\/p><p>Da\u00f0i Laxdal er eins og \u00e1\u00f0ur segir Gr\u00f3ttu-f\u00f3lki vel kunnugur og fagnar handknattleiksdeildin \u00fev\u00ed a\u00f0 hann hafi \u00e1kve\u00f0i\u00f0 a\u00f0 framlengja samning sinn og taka slaginn me\u00f0 li\u00f0inu \u00ed Grill-66 deildinni. <\/p><p>\u00de\u00f3rir J\u00f6kull Finnbogason, \u00far stj\u00f3rn handkd. Gr\u00f3ttu, sag\u00f0ist vi\u00f0 undirskriftina vera mj\u00f6g \u00e1n\u00e6g\u00f0ur me\u00f0 r\u00e1\u00f0ninguna \u00e1 Arnari Da\u00f0a, hann hafi smell passa\u00f0 \u00ed \u00feann pr\u00f3f\u00edl \u00fej\u00e1lfara sem f\u00e9lagi\u00f0 var a\u00f0 leitast eftir til a\u00f0 taka vi\u00f0 ungu Gr\u00f3ttu-li\u00f0i og lei\u00f0a \u00fe\u00e1 uppbyggingu sem n\u00fa er a\u00f0 hefjast hj\u00e1 deildinni eftir fall li\u00f0sins \u00ed Grill-66 deildina. Da\u00f0i er svo Gr\u00f3ttu ma\u00f0ur og erum vi\u00f0 mj\u00f6g \u00e1n\u00e6g\u00f0 me\u00f0 a\u00f0 halda honum hj\u00e1 okkur.<\/p><p>Arnar Da\u00f0i haf\u00f0i \u00feetta a\u00f0 segja vi\u00f0 undirritunina: \u201c\u00c9g er gr\u00ed\u00f0arlega spenntur fyrir \u00feessu verkefni og \u00feakkl\u00e1tur a\u00f0 hafa fengi\u00f0 \u00fea\u00f0 t\u00e6kif\u00e6ri a\u00f0 taka vi\u00f0 Gr\u00f3ttu.<\/p><p>\u00c9g t\u00f3k \u00fe\u00e1 \u00e1kv\u00f6r\u00f0un um tv\u00edtugt \u00feegar \u00e9g \u00feurfti a\u00f0 h\u00e6tta handknattleiksi\u00f0kun vegna \u00fer\u00e1\u00f0l\u00e1trar mei\u00f0sla a\u00f0 stefna a\u00f0 \u00fev\u00ed a\u00f0 gerast \u00fej\u00e1lfari. \u00c9g tel \u00feetta vera gott skref \u00e1 m\u00ednum \u00fej\u00e1lfaraferli og \u00e9g tel mig vera tilb\u00fainn a\u00f0 takast \u00e1 vi\u00f0 \u00feetta spennandi en jafnframt krefjandi verkefni\u201d.<\/p><p>Da\u00f0i Laxdal segist spenntur fyrir komandi t\u00edmabili: \u201e\u00c9g t\u00f3k m\u00e9r \u00e1rs fr\u00ed vegna anna \u00ed vinnu og til a\u00f0 jafna mig \u00e1 \u00fdmsum mei\u00f0slum \u00ed fyrra. \u00c9g mun \u00fev\u00ed koma tv\u00edefldur \u00ed bar\u00e1ttuna \u00ed Grillinu \u00e1 n\u00e6sta \u00e1ri. \u00c9g er jafnframt gr\u00ed\u00f0arlega spenntur a\u00f0 vinna me\u00f0 Arnari Da\u00f0a og held a\u00f0 hann eigi eftir a\u00f0 gera flotta hluti me\u00f0 ungt Gr\u00f3ttuli\u00f0 \u00e1 n\u00e6sta \u00e1ri.\u201c<\/p><p>Frekari fregna af leikmanna m\u00e1lum mfl.karla er a\u00f0 v\u00e6nta \u00e1 n\u00e6stu d\u00f6gum.<\/p>","protected":false},"excerpt":{"rendered":"<p>Arnar Da\u00f0i Arnarsson var \u00ed dag r\u00e1\u00f0inn \u00fej\u00e1lfari meistaraflokks karla \u00ed handbolta hj\u00e1 f\u00e9laginu til n\u00e6stu \u00feriggja \u00e1ra. Einnig var framlengdur samningur vi\u00f0 Da\u00f0a Laxdal sem er Gr\u00f3ttu-f\u00f3lki vel kunnugur.<\/p>","protected":false},"author":2,"featured_media":723,"comment_status":"closed","ping_status":"closed","sticky":false,"template":"","format":"standard","meta":{"footnotes":""},"categories":[12],"tags":[13,17,20,33],"class_list":["post-722","post","type-post","status-publish","format-standard","has-post-thumbnail","hentry","category-handknattleiksdeild","tag-handbolti","tag-leikmenn","tag-mfl-kk","tag-thjalfarar"],"yoast_head":"<!-- This site is optimized with the Yoast SEO plugin v24.3 - https:\/\/yoast.com\/wordpress\/plugins\/seo\/ -->\n<title>Arnar Da\u00f0i tekur vi\u00f0 Gr\u00f3ttu og Da\u00f0i Laxdal framlengir! - \u00cd\u00fer\u00f3ttaf\u00e9lagi\u00f0 Gr\u00f3tta<\/title>\n<meta name=\"robots\" content=\"index, follow, max-snippet:-1, max-image-preview:large, max-video-preview:-1\" \/>\n<link rel=\"canonical\" href=\"https:\/\/grotta.is\/en\/handknattleiksdeild\/arnar-dadi-tekur-vid-grottu-og-dadi-laxdal-framlengir\/\" \/>\n<meta property=\"og:locale\" content=\"en_US\" \/>\n<meta property=\"og:type\" content=\"article\" \/>\n<meta property=\"og:title\" content=\"Arnar Da\u00f0i tekur vi\u00f0 Gr\u00f3ttu og Da\u00f0i Laxdal framlengir! - \u00cd\u00fer\u00f3ttaf\u00e9lagi\u00f0 Gr\u00f3tta\" \/>\n<meta property=\"og:description\" content=\"Arnar Da\u00f0i Arnarsson var \u00ed dag r\u00e1\u00f0inn \u00fej\u00e1lfari meistaraflokks karla \u00ed handbolta hj\u00e1 f\u00e9laginu til n\u00e6stu \u00feriggja \u00e1ra. Einnig var framlengdur samningur vi\u00f0 Da\u00f0a Laxdal sem er Gr\u00f3ttu-f\u00f3lki vel kunnugur.\" \/>\n<meta property=\"og:url\" content=\"https:\/\/grotta.is\/en\/handknattleiksdeild\/arnar-dadi-tekur-vid-grottu-og-dadi-laxdal-framlengir\/\" \/>\n<meta property=\"og:site_name\" content=\"\u00cd\u00fer\u00f3ttaf\u00e9lagi\u00f0 Gr\u00f3tta\" \/>\n<meta property=\"article:publisher\" content=\"https:\/\/www.facebook.com\/grottasport\" \/>\n<meta property=\"article:published_time\" content=\"2019-05-16T17:35:00+00:00\" \/>\n<meta property=\"article:modified_time\" content=\"2020-03-02T17:39:54+00:00\" \/>\n<meta property=\"og:image\" content=\"https:\/\/grotta.is\/wp-content\/uploads\/2020\/03\/Grotta_Handbolti_mfl_kk_0-scaled.jpg\" \/>\n\t<meta property=\"og:image:width\" content=\"2560\" \/>\n\t<meta property=\"og:image:height\" content=\"1920\" \/>\n\t<meta property=\"og:image:type\" content=\"image\/jpeg\" \/>\n<meta name=\"author\" content=\"Grotta\" \/>\n<meta name=\"twitter:card\" content=\"summary_large_image\" \/>\n<meta name=\"twitter:label1\" content=\"Written by\" \/>\n\t<meta name=\"twitter:data1\" content=\"Grotta\" \/>\n\t<meta name=\"twitter:label2\" content=\"Est. reading time\" \/>\n\t<meta name=\"twitter:data2\" content=\"2 minutes\" \/>\n<script type=\"application\/ld+json\" class=\"yoast-schema-graph\">{\"@context\":\"https:\/\/schema.org\",\"@graph\":[{\"@type\":\"Article\",\"@id\":\"https:\/\/grotta.is\/handknattleiksdeild\/arnar-dadi-tekur-vid-grottu-og-dadi-laxdal-framlengir\/#article\",\"isPartOf\":{\"@id\":\"https:\/\/grotta.is\/handknattleiksdeild\/arnar-dadi-tekur-vid-grottu-og-dadi-laxdal-framlengir\/\"},\"author\":{\"name\":\"Grotta\",\"@id\":\"https:\/\/grotta.is\/#\/schema\/person\/08ec57bf09ee925f1b6a01540c14a5ce\"},\"headline\":\"Arnar Da\u00f0i tekur vi\u00f0 Gr\u00f3ttu og Da\u00f0i Laxdal framlengir!\",\"datePublished\":\"2019-05-16T17:35:00+00:00\",\"dateModified\":\"2020-03-02T17:39:54+00:00\",\"mainEntityOfPage\":{\"@id\":\"https:\/\/grotta.is\/handknattleiksdeild\/arnar-dadi-tekur-vid-grottu-og-dadi-laxdal-framlengir\/\"},\"wordCount\":417,\"publisher\":{\"@id\":\"https:\/\/grotta.is\/#organization\"},\"image\":{\"@id\":\"https:\/\/grotta.is\/handknattleiksdeild\/arnar-dadi-tekur-vid-grottu-og-dadi-laxdal-framlengir\/#primaryimage\"},\"thumbnailUrl\":\"https:\/\/grotta.is\/wp-content\/uploads\/2020\/03\/Grotta_Handbolti_mfl_kk_0-scaled.jpg\",\"keywords\":[\"Handbolti\",\"Leikmenn\",\"Mfl.kk\",\"\u00dej\u00e1lfarar\"],\"articleSection\":[\"Handknattleiksdeild\"],\"inLanguage\":\"en-US\"},{\"@type\":\"WebPage\",\"@id\":\"https:\/\/grotta.is\/handknattleiksdeild\/arnar-dadi-tekur-vid-grottu-og-dadi-laxdal-framlengir\/\",\"url\":\"https:\/\/grotta.is\/handknattleiksdeild\/arnar-dadi-tekur-vid-grottu-og-dadi-laxdal-framlengir\/\",\"name\":\"Arnar Da\u00f0i tekur vi\u00f0 Gr\u00f3ttu og Da\u00f0i Laxdal framlengir! - \u00cd\u00fer\u00f3ttaf\u00e9lagi\u00f0 Gr\u00f3tta\",\"isPartOf\":{\"@id\":\"https:\/\/grotta.is\/#website\"},\"primaryImageOfPage\":{\"@id\":\"https:\/\/grotta.is\/handknattleiksdeild\/arnar-dadi-tekur-vid-grottu-og-dadi-laxdal-framlengir\/#primaryimage\"},\"image\":{\"@id\":\"https:\/\/grotta.is\/handknattleiksdeild\/arnar-dadi-tekur-vid-grottu-og-dadi-laxdal-framlengir\/#primaryimage\"},\"thumbnailUrl\":\"https:\/\/grotta.is\/wp-content\/uploads\/2020\/03\/Grotta_Handbolti_mfl_kk_0-scaled.jpg\",\"datePublished\":\"2019-05-16T17:35:00+00:00\",\"dateModified\":\"2020-03-02T17:39:54+00:00\",\"breadcrumb\":{\"@id\":\"https:\/\/grotta.is\/handknattleiksdeild\/arnar-dadi-tekur-vid-grottu-og-dadi-laxdal-framlengir\/#breadcrumb\"},\"inLanguage\":\"en-US\",\"potentialAction\":[{\"@type\":\"ReadAction\",\"target\":[\"https:\/\/grotta.is\/handknattleiksdeild\/arnar-dadi-tekur-vid-grottu-og-dadi-laxdal-framlengir\/\"]}]},{\"@type\":\"ImageObject\",\"inLanguage\":\"en-US\",\"@id\":\"https:\/\/grotta.is\/handknattleiksdeild\/arnar-dadi-tekur-vid-grottu-og-dadi-laxdal-framlengir\/#primaryimage\",\"url\":\"https:\/\/grotta.is\/wp-content\/uploads\/2020\/03\/Grotta_Handbolti_mfl_kk_0-scaled.jpg\",\"contentUrl\":\"https:\/\/grotta.is\/wp-content\/uploads\/2020\/03\/Grotta_Handbolti_mfl_kk_0-scaled.jpg\",\"width\":2560,\"height\":1920},{\"@type\":\"BreadcrumbList\",\"@id\":\"https:\/\/grotta.is\/handknattleiksdeild\/arnar-dadi-tekur-vid-grottu-og-dadi-laxdal-framlengir\/#breadcrumb\",\"itemListElement\":[{\"@type\":\"ListItem\",\"position\":1,\"name\":\"Home\",\"item\":\"https:\/\/grotta.is\/\"},{\"@type\":\"ListItem\",\"position\":2,\"name\":\"Arnar Da\u00f0i tekur vi\u00f0 Gr\u00f3ttu og Da\u00f0i Laxdal framlengir!\"}]},{\"@type\":\"WebSite\",\"@id\":\"https:\/\/grotta.is\/#website\",\"url\":\"https:\/\/grotta.is\/\",\"name\":\"\u00cd\u00fer\u00f3ttaf\u00e9lagi\u00f0 Gr\u00f3tta\",\"description\":\"\u00e1 Seltjarnarnesi\",\"publisher\":{\"@id\":\"https:\/\/grotta.is\/#organization\"},\"potentialAction\":[{\"@type\":\"SearchAction\",\"target\":{\"@type\":\"EntryPoint\",\"urlTemplate\":\"https:\/\/grotta.is\/?s={search_term_string}\"},\"query-input\":{\"@type\":\"PropertyValueSpecification\",\"valueRequired\":true,\"valueName\":\"search_term_string\"}}],\"inLanguage\":\"en-US\"},{\"@type\":\"Organization\",\"@id\":\"https:\/\/grotta.is\/#organization\",\"name\":\"\u00cd\u00fer\u00f3ttaf\u00e9lagi\u00f0 Gr\u00f3tta\",\"url\":\"https:\/\/grotta.is\/\",\"logo\":{\"@type\":\"ImageObject\",\"inLanguage\":\"en-US\",\"@id\":\"https:\/\/grotta.is\/#\/schema\/logo\/image\/\",\"url\":\"https:\/\/grotta.is\/wp-content\/uploads\/2020\/02\/ithrottafelagidgrotta_logo_512x512_transparent.png\",\"contentUrl\":\"https:\/\/grotta.is\/wp-content\/uploads\/2020\/02\/ithrottafelagidgrotta_logo_512x512_transparent.png\",\"width\":512,\"height\":512,\"caption\":\"\u00cd\u00fer\u00f3ttaf\u00e9lagi\u00f0 Gr\u00f3tta\"},\"image\":{\"@id\":\"https:\/\/grotta.is\/#\/schema\/logo\/image\/\"},\"sameAs\":[\"https:\/\/www.facebook.com\/grottasport\"]},{\"@type\":\"Person\",\"@id\":\"https:\/\/grotta.is\/#\/schema\/person\/08ec57bf09ee925f1b6a01540c14a5ce\",\"name\":\"Grotta\",\"url\":\"https:\/\/grotta.is\/en\/author\/inga\/\"}]}<\/script>\n<!-- \/ Yoast SEO plugin. -->","yoast_head_json":{"title":"Arnar Da\u00f0i tekur vi\u00f0 Gr\u00f3ttu og Da\u00f0i Laxdal framlengir! - \u00cd\u00fer\u00f3ttaf\u00e9lagi\u00f0 Gr\u00f3tta","robots":{"index":"index","follow":"follow","max-snippet":"max-snippet:-1","max-image-preview":"max-image-preview:large","max-video-preview":"max-video-preview:-1"},"canonical":"https:\/\/grotta.is\/en\/handknattleiksdeild\/arnar-dadi-tekur-vid-grottu-og-dadi-laxdal-framlengir\/","og_locale":"en_US","og_type":"article","og_title":"Arnar Da\u00f0i tekur vi\u00f0 Gr\u00f3ttu og Da\u00f0i Laxdal framlengir! - \u00cd\u00fer\u00f3ttaf\u00e9lagi\u00f0 Gr\u00f3tta","og_description":"Arnar Da\u00f0i Arnarsson var \u00ed dag r\u00e1\u00f0inn \u00fej\u00e1lfari meistaraflokks karla \u00ed handbolta hj\u00e1 f\u00e9laginu til n\u00e6stu \u00feriggja \u00e1ra. Einnig var framlengdur samningur vi\u00f0 Da\u00f0a Laxdal sem er Gr\u00f3ttu-f\u00f3lki vel kunnugur.","og_url":"https:\/\/grotta.is\/en\/handknattleiksdeild\/arnar-dadi-tekur-vid-grottu-og-dadi-laxdal-framlengir\/","og_site_name":"\u00cd\u00fer\u00f3ttaf\u00e9lagi\u00f0 Gr\u00f3tta","article_publisher":"https:\/\/www.facebook.com\/grottasport","article_published_time":"2019-05-16T17:35:00+00:00","article_modified_time":"2020-03-02T17:39:54+00:00","og_image":[{"width":2560,"height":1920,"url":"https:\/\/grotta.is\/wp-content\/uploads\/2020\/03\/Grotta_Handbolti_mfl_kk_0-scaled.jpg","type":"image\/jpeg"}],"author":"Grotta","twitter_card":"summary_large_image","twitter_misc":{"Written by":"Grotta","Est. reading time":"2 minutes"},"schema":{"@context":"https:\/\/schema.org","@graph":[{"@type":"Article","@id":"https:\/\/grotta.is\/handknattleiksdeild\/arnar-dadi-tekur-vid-grottu-og-dadi-laxdal-framlengir\/#article","isPartOf":{"@id":"https:\/\/grotta.is\/handknattleiksdeild\/arnar-dadi-tekur-vid-grottu-og-dadi-laxdal-framlengir\/"},"author":{"name":"Grotta","@id":"https:\/\/grotta.is\/#\/schema\/person\/08ec57bf09ee925f1b6a01540c14a5ce"},"headline":"Arnar Da\u00f0i tekur vi\u00f0 Gr\u00f3ttu og Da\u00f0i Laxdal framlengir!","datePublished":"2019-05-16T17:35:00+00:00","dateModified":"2020-03-02T17:39:54+00:00","mainEntityOfPage":{"@id":"https:\/\/grotta.is\/handknattleiksdeild\/arnar-dadi-tekur-vid-grottu-og-dadi-laxdal-framlengir\/"},"wordCount":417,"publisher":{"@id":"https:\/\/grotta.is\/#organization"},"image":{"@id":"https:\/\/grotta.is\/handknattleiksdeild\/arnar-dadi-tekur-vid-grottu-og-dadi-laxdal-framlengir\/#primaryimage"},"thumbnailUrl":"https:\/\/grotta.is\/wp-content\/uploads\/2020\/03\/Grotta_Handbolti_mfl_kk_0-scaled.jpg","keywords":["Handbolti","Leikmenn","Mfl.kk","\u00dej\u00e1lfarar"],"articleSection":["Handknattleiksdeild"],"inLanguage":"en-US"},{"@type":"WebPage","@id":"https:\/\/grotta.is\/handknattleiksdeild\/arnar-dadi-tekur-vid-grottu-og-dadi-laxdal-framlengir\/","url":"https:\/\/grotta.is\/handknattleiksdeild\/arnar-dadi-tekur-vid-grottu-og-dadi-laxdal-framlengir\/","name":"Arnar Da\u00f0i tekur vi\u00f0 Gr\u00f3ttu og Da\u00f0i Laxdal framlengir! - \u00cd\u00fer\u00f3ttaf\u00e9lagi\u00f0 Gr\u00f3tta","isPartOf":{"@id":"https:\/\/grotta.is\/#website"},"primaryImageOfPage":{"@id":"https:\/\/grotta.is\/handknattleiksdeild\/arnar-dadi-tekur-vid-grottu-og-dadi-laxdal-framlengir\/#primaryimage"},"image":{"@id":"https:\/\/grotta.is\/handknattleiksdeild\/arnar-dadi-tekur-vid-grottu-og-dadi-laxdal-framlengir\/#primaryimage"},"thumbnailUrl":"https:\/\/grotta.is\/wp-content\/uploads\/2020\/03\/Grotta_Handbolti_mfl_kk_0-scaled.jpg","datePublished":"2019-05-16T17:35:00+00:00","dateModified":"2020-03-02T17:39:54+00:00","breadcrumb":{"@id":"https:\/\/grotta.is\/handknattleiksdeild\/arnar-dadi-tekur-vid-grottu-og-dadi-laxdal-framlengir\/#breadcrumb"},"inLanguage":"en-US","potentialAction":[{"@type":"ReadAction","target":["https:\/\/grotta.is\/handknattleiksdeild\/arnar-dadi-tekur-vid-grottu-og-dadi-laxdal-framlengir\/"]}]},{"@type":"ImageObject","inLanguage":"en-US","@id":"https:\/\/grotta.is\/handknattleiksdeild\/arnar-dadi-tekur-vid-grottu-og-dadi-laxdal-framlengir\/#primaryimage","url":"https:\/\/grotta.is\/wp-content\/uploads\/2020\/03\/Grotta_Handbolti_mfl_kk_0-scaled.jpg","contentUrl":"https:\/\/grotta.is\/wp-content\/uploads\/2020\/03\/Grotta_Handbolti_mfl_kk_0-scaled.jpg","width":2560,"height":1920},{"@type":"BreadcrumbList","@id":"https:\/\/grotta.is\/handknattleiksdeild\/arnar-dadi-tekur-vid-grottu-og-dadi-laxdal-framlengir\/#breadcrumb","itemListElement":[{"@type":"ListItem","position":1,"name":"Home","item":"https:\/\/grotta.is\/"},{"@type":"ListItem","position":2,"name":"Arnar Da\u00f0i tekur vi\u00f0 Gr\u00f3ttu og Da\u00f0i Laxdal framlengir!"}]},{"@type":"WebSite","@id":"https:\/\/grotta.is\/#website","url":"https:\/\/grotta.is\/","name":"\u00cd\u00fer\u00f3ttaf\u00e9lagi\u00f0 Gr\u00f3tta","description":"\u00e1 Seltjarnarnesi","publisher":{"@id":"https:\/\/grotta.is\/#organization"},"potentialAction":[{"@type":"SearchAction","target":{"@type":"EntryPoint","urlTemplate":"https:\/\/grotta.is\/?s={search_term_string}"},"query-input":{"@type":"PropertyValueSpecification","valueRequired":true,"valueName":"search_term_string"}}],"inLanguage":"en-US"},{"@type":"Organization","@id":"https:\/\/grotta.is\/#organization","name":"\u00cd\u00fer\u00f3ttaf\u00e9lagi\u00f0 Gr\u00f3tta","url":"https:\/\/grotta.is\/","logo":{"@type":"ImageObject","inLanguage":"en-US","@id":"https:\/\/grotta.is\/#\/schema\/logo\/image\/","url":"https:\/\/grotta.is\/wp-content\/uploads\/2020\/02\/ithrottafelagidgrotta_logo_512x512_transparent.png","contentUrl":"https:\/\/grotta.is\/wp-content\/uploads\/2020\/02\/ithrottafelagidgrotta_logo_512x512_transparent.png","width":512,"height":512,"caption":"\u00cd\u00fer\u00f3ttaf\u00e9lagi\u00f0 Gr\u00f3tta"},"image":{"@id":"https:\/\/grotta.is\/#\/schema\/logo\/image\/"},"sameAs":["https:\/\/www.facebook.com\/grottasport"]},{"@type":"Person","@id":"https:\/\/grotta.is\/#\/schema\/person\/08ec57bf09ee925f1b6a01540c14a5ce","name":"Grotta","url":"https:\/\/grotta.is\/en\/author\/inga\/"}]}},"_links":{"self":[{"href":"https:\/\/grotta.is\/en\/wp-json\/wp\/v2\/posts\/722","targetHints":{"allow":["GET"]}}],"collection":[{"href":"https:\/\/grotta.is\/en\/wp-json\/wp\/v2\/posts"}],"about":[{"href":"https:\/\/grotta.is\/en\/wp-json\/wp\/v2\/types\/post"}],"author":[{"embeddable":true,"href":"https:\/\/grotta.is\/en\/wp-json\/wp\/v2\/users\/2"}],"replies":[{"embeddable":true,"href":"https:\/\/grotta.is\/en\/wp-json\/wp\/v2\/comments?post=722"}],"version-history":[{"count":0,"href":"https:\/\/grotta.is\/en\/wp-json\/wp\/v2\/posts\/722\/revisions"}],"wp:featuredmedia":[{"embeddable":true,"href":"https:\/\/grotta.is\/en\/wp-json\/wp\/v2\/media\/723"}],"wp:attachment":[{"href":"https:\/\/grotta.is\/en\/wp-json\/wp\/v2\/media?parent=722"}],"wp:term":[{"taxonomy":"category","embeddable":true,"href":"https:\/\/grotta.is\/en\/wp-json\/wp\/v2\/categories?post=722"},{"taxonomy":"post_tag","embeddable":true,"href":"https:\/\/grotta.is\/en\/wp-json\/wp\/v2\/tags?post=722"}],"curies":[{"name":"wp","href":"https:\/\/api.w.org\/{rel}","templated":true}]}}