{"id":702,"date":"2019-05-22T23:17:48","date_gmt":"2019-05-22T23:17:48","guid":{"rendered":"https:\/\/grotta.is\/?p=702"},"modified":"2020-02-23T23:21:41","modified_gmt":"2020-02-23T23:21:41","slug":"aaetlanir-gegn-areitni-einelti-og-ofbeldi-samthykktar","status":"publish","type":"post","link":"https:\/\/grotta.is\/en\/almennt\/aaetlanir-gegn-areitni-einelti-og-ofbeldi-samthykktar\/","title":{"rendered":"\u00c1\u00e6tlanir gegn \u00e1reitni, einelti og ofbeldi sam\u00feykktar"},"content":{"rendered":"<p>\u00c1 s\u00ed\u00f0asta a\u00f0alstj\u00f3rnarfundi Gr\u00f3ttu sem fram f\u00f3r \u00ed upphafi ma\u00edm\u00e1na\u00f0ar sam\u00feykkti stj\u00f3rn f\u00e9lagsins endursko\u00f0a\u00f0ar vi\u00f0brag\u00f0s- og a\u00f0ger\u00f0ar\u00e1\u00e6tlanir gegn \u00e1reitni, einelti og ofbeldi.<\/p><p>\u00c1 undanf\u00f6rnum \u00e1rum hefur starfsemi f\u00e9lagsins breyst umtalsvert me\u00f0al annars me\u00f0 tilkomu \u00feess a\u00f0 Gr\u00f3tta rekur n\u00fa \u00f6ll \u00ed\u00fer\u00f3ttamannvirki Seltjarnarnesb\u00e6jar. Vegna \u00feessa og \u00ed kj\u00f6lfar Metoo-byltingarinnar var \u00e1kve\u00f0i\u00f0 a\u00f0 \u00fe\u00f6rf v\u00e6ri \u00e1 a\u00f0 endursko\u00f0a \u00fe\u00e6r \u00e1\u00e6tlanir sem f\u00e9lagi\u00f0 haf\u00f0i starfa\u00f0 eftir.<\/p><p>Fengnir voru utana\u00f0komandi s\u00e9rfr\u00e6\u00f0ingar til r\u00e1\u00f0gjafar vi\u00f0 \u00feessa vinnu auk \u00feess sem stj\u00f3rnarf\u00f3lk hj\u00e1 f\u00e9laginu kom me\u00f0 nytsamlegar athugasemdir. A\u00f0ger\u00f0ar\u00e1\u00e6tlunina m\u00e1 finna me\u00f0 \u00fev\u00ed a\u00f0 smella h\u00e9r og vi\u00f0brag\u00f0s\u00e1\u00e6tlunina me\u00f0 \u00fev\u00ed a\u00f0 smella h\u00e9r. Gert er r\u00e1\u00f0 fyrir a\u00f0 n\u00fdjar \u00e1\u00e6tlanir ver\u00f0i kynntar fyrir stj\u00f3rnarf\u00f3lki, starfsf\u00f3lki og \u00fej\u00e1lfurum vi\u00f0 fyrsta t\u00e6kif\u00e6ri.<\/p>","protected":false},"excerpt":{"rendered":"<p>\u00c1 s\u00ed\u00f0asta a\u00f0alstj\u00f3rnarfundi Gr\u00f3ttu sem fram f\u00f3r \u00ed upphafi ma\u00edm\u00e1na\u00f0ar sam\u00feykkti stj\u00f3rn f\u00e9lagsins endursko\u00f0a\u00f0ar vi\u00f0brag\u00f0s- og a\u00f0ger\u00f0ar\u00e1\u00e6tlanir gegn \u00e1reitni, einelti og ofbeldi.<\/p>","protected":false},"author":2,"featured_media":165,"comment_status":"closed","ping_status":"closed","sticky":false,"template":"","format":"standard","meta":{"footnotes":""},"categories":[4],"tags":[],"class_list":["post-702","post","type-post","status-publish","format-standard","has-post-thumbnail","hentry","category-almennt"],"yoast_head":"<!-- This site is optimized with the Yoast SEO plugin v24.3 - https:\/\/yoast.com\/wordpress\/plugins\/seo\/ -->\n<title>\u00c1\u00e6tlanir gegn \u00e1reitni, einelti og ofbeldi sam\u00feykktar - \u00cd\u00fer\u00f3ttaf\u00e9lagi\u00f0 Gr\u00f3tta<\/title>\n<meta name=\"robots\" content=\"index, follow, max-snippet:-1, max-image-preview:large, max-video-preview:-1\" \/>\n<link rel=\"canonical\" href=\"https:\/\/grotta.is\/en\/almennt\/aaetlanir-gegn-areitni-einelti-og-ofbeldi-samthykktar\/\" \/>\n<meta property=\"og:locale\" content=\"en_US\" \/>\n<meta property=\"og:type\" content=\"article\" \/>\n<meta property=\"og:title\" content=\"\u00c1\u00e6tlanir gegn \u00e1reitni, einelti og ofbeldi sam\u00feykktar - \u00cd\u00fer\u00f3ttaf\u00e9lagi\u00f0 Gr\u00f3tta\" \/>\n<meta property=\"og:description\" content=\"\u00c1 s\u00ed\u00f0asta a\u00f0alstj\u00f3rnarfundi Gr\u00f3ttu sem fram f\u00f3r \u00ed upphafi ma\u00edm\u00e1na\u00f0ar sam\u00feykkti stj\u00f3rn f\u00e9lagsins endursko\u00f0a\u00f0ar vi\u00f0brag\u00f0s- og a\u00f0ger\u00f0ar\u00e1\u00e6tlanir gegn \u00e1reitni, einelti og ofbeldi.\" \/>\n<meta property=\"og:url\" content=\"https:\/\/grotta.is\/en\/almennt\/aaetlanir-gegn-areitni-einelti-og-ofbeldi-samthykktar\/\" \/>\n<meta property=\"og:site_name\" content=\"\u00cd\u00fer\u00f3ttaf\u00e9lagi\u00f0 Gr\u00f3tta\" \/>\n<meta property=\"article:publisher\" content=\"https:\/\/www.facebook.com\/grottasport\" \/>\n<meta property=\"article:published_time\" content=\"2019-05-22T23:17:48+00:00\" \/>\n<meta property=\"article:modified_time\" content=\"2020-02-23T23:21:41+00:00\" \/>\n<meta property=\"og:image\" content=\"https:\/\/grotta.is\/wp-content\/uploads\/2020\/02\/Grotta_Almennt_2-scaled.jpg\" \/>\n\t<meta property=\"og:image:width\" content=\"2560\" \/>\n\t<meta property=\"og:image:height\" content=\"1707\" \/>\n\t<meta property=\"og:image:type\" content=\"image\/jpeg\" \/>\n<meta name=\"author\" content=\"Grotta\" \/>\n<meta name=\"twitter:card\" content=\"summary_large_image\" \/>\n<meta name=\"twitter:label1\" content=\"Written by\" \/>\n\t<meta name=\"twitter:data1\" content=\"Grotta\" \/>\n\t<meta name=\"twitter:label2\" content=\"Est. reading time\" \/>\n\t<meta name=\"twitter:data2\" content=\"1 minute\" \/>\n<script type=\"application\/ld+json\" class=\"yoast-schema-graph\">{\"@context\":\"https:\/\/schema.org\",\"@graph\":[{\"@type\":\"Article\",\"@id\":\"https:\/\/grotta.is\/almennt\/aaetlanir-gegn-areitni-einelti-og-ofbeldi-samthykktar\/#article\",\"isPartOf\":{\"@id\":\"https:\/\/grotta.is\/almennt\/aaetlanir-gegn-areitni-einelti-og-ofbeldi-samthykktar\/\"},\"author\":{\"name\":\"Grotta\",\"@id\":\"https:\/\/grotta.is\/#\/schema\/person\/08ec57bf09ee925f1b6a01540c14a5ce\"},\"headline\":\"\u00c1\u00e6tlanir gegn \u00e1reitni, einelti og ofbeldi sam\u00feykktar\",\"datePublished\":\"2019-05-22T23:17:48+00:00\",\"dateModified\":\"2020-02-23T23:21:41+00:00\",\"mainEntityOfPage\":{\"@id\":\"https:\/\/grotta.is\/almennt\/aaetlanir-gegn-areitni-einelti-og-ofbeldi-samthykktar\/\"},\"wordCount\":170,\"publisher\":{\"@id\":\"https:\/\/grotta.is\/#organization\"},\"image\":{\"@id\":\"https:\/\/grotta.is\/almennt\/aaetlanir-gegn-areitni-einelti-og-ofbeldi-samthykktar\/#primaryimage\"},\"thumbnailUrl\":\"https:\/\/grotta.is\/wp-content\/uploads\/2020\/02\/Grotta_Almennt_2-scaled.jpg\",\"articleSection\":[\"Almennt\"],\"inLanguage\":\"en-US\"},{\"@type\":\"WebPage\",\"@id\":\"https:\/\/grotta.is\/almennt\/aaetlanir-gegn-areitni-einelti-og-ofbeldi-samthykktar\/\",\"url\":\"https:\/\/grotta.is\/almennt\/aaetlanir-gegn-areitni-einelti-og-ofbeldi-samthykktar\/\",\"name\":\"\u00c1\u00e6tlanir gegn \u00e1reitni, einelti og ofbeldi sam\u00feykktar - \u00cd\u00fer\u00f3ttaf\u00e9lagi\u00f0 Gr\u00f3tta\",\"isPartOf\":{\"@id\":\"https:\/\/grotta.is\/#website\"},\"primaryImageOfPage\":{\"@id\":\"https:\/\/grotta.is\/almennt\/aaetlanir-gegn-areitni-einelti-og-ofbeldi-samthykktar\/#primaryimage\"},\"image\":{\"@id\":\"https:\/\/grotta.is\/almennt\/aaetlanir-gegn-areitni-einelti-og-ofbeldi-samthykktar\/#primaryimage\"},\"thumbnailUrl\":\"https:\/\/grotta.is\/wp-content\/uploads\/2020\/02\/Grotta_Almennt_2-scaled.jpg\",\"datePublished\":\"2019-05-22T23:17:48+00:00\",\"dateModified\":\"2020-02-23T23:21:41+00:00\",\"breadcrumb\":{\"@id\":\"https:\/\/grotta.is\/almennt\/aaetlanir-gegn-areitni-einelti-og-ofbeldi-samthykktar\/#breadcrumb\"},\"inLanguage\":\"en-US\",\"potentialAction\":[{\"@type\":\"ReadAction\",\"target\":[\"https:\/\/grotta.is\/almennt\/aaetlanir-gegn-areitni-einelti-og-ofbeldi-samthykktar\/\"]}]},{\"@type\":\"ImageObject\",\"inLanguage\":\"en-US\",\"@id\":\"https:\/\/grotta.is\/almennt\/aaetlanir-gegn-areitni-einelti-og-ofbeldi-samthykktar\/#primaryimage\",\"url\":\"https:\/\/grotta.is\/wp-content\/uploads\/2020\/02\/Grotta_Almennt_2-scaled.jpg\",\"contentUrl\":\"https:\/\/grotta.is\/wp-content\/uploads\/2020\/02\/Grotta_Almennt_2-scaled.jpg\",\"width\":2560,\"height\":1707},{\"@type\":\"BreadcrumbList\",\"@id\":\"https:\/\/grotta.is\/almennt\/aaetlanir-gegn-areitni-einelti-og-ofbeldi-samthykktar\/#breadcrumb\",\"itemListElement\":[{\"@type\":\"ListItem\",\"position\":1,\"name\":\"Home\",\"item\":\"https:\/\/grotta.is\/\"},{\"@type\":\"ListItem\",\"position\":2,\"name\":\"\u00c1\u00e6tlanir gegn \u00e1reitni, einelti og ofbeldi sam\u00feykktar\"}]},{\"@type\":\"WebSite\",\"@id\":\"https:\/\/grotta.is\/#website\",\"url\":\"https:\/\/grotta.is\/\",\"name\":\"\u00cd\u00fer\u00f3ttaf\u00e9lagi\u00f0 Gr\u00f3tta\",\"description\":\"\u00e1 Seltjarnarnesi\",\"publisher\":{\"@id\":\"https:\/\/grotta.is\/#organization\"},\"potentialAction\":[{\"@type\":\"SearchAction\",\"target\":{\"@type\":\"EntryPoint\",\"urlTemplate\":\"https:\/\/grotta.is\/?s={search_term_string}\"},\"query-input\":{\"@type\":\"PropertyValueSpecification\",\"valueRequired\":true,\"valueName\":\"search_term_string\"}}],\"inLanguage\":\"en-US\"},{\"@type\":\"Organization\",\"@id\":\"https:\/\/grotta.is\/#organization\",\"name\":\"\u00cd\u00fer\u00f3ttaf\u00e9lagi\u00f0 Gr\u00f3tta\",\"url\":\"https:\/\/grotta.is\/\",\"logo\":{\"@type\":\"ImageObject\",\"inLanguage\":\"en-US\",\"@id\":\"https:\/\/grotta.is\/#\/schema\/logo\/image\/\",\"url\":\"https:\/\/grotta.is\/wp-content\/uploads\/2020\/02\/ithrottafelagidgrotta_logo_512x512_transparent.png\",\"contentUrl\":\"https:\/\/grotta.is\/wp-content\/uploads\/2020\/02\/ithrottafelagidgrotta_logo_512x512_transparent.png\",\"width\":512,\"height\":512,\"caption\":\"\u00cd\u00fer\u00f3ttaf\u00e9lagi\u00f0 Gr\u00f3tta\"},\"image\":{\"@id\":\"https:\/\/grotta.is\/#\/schema\/logo\/image\/\"},\"sameAs\":[\"https:\/\/www.facebook.com\/grottasport\"]},{\"@type\":\"Person\",\"@id\":\"https:\/\/grotta.is\/#\/schema\/person\/08ec57bf09ee925f1b6a01540c14a5ce\",\"name\":\"Grotta\",\"url\":\"https:\/\/grotta.is\/en\/author\/inga\/\"}]}<\/script>\n<!-- \/ Yoast SEO plugin. -->","yoast_head_json":{"title":"\u00c1\u00e6tlanir gegn \u00e1reitni, einelti og ofbeldi sam\u00feykktar - \u00cd\u00fer\u00f3ttaf\u00e9lagi\u00f0 Gr\u00f3tta","robots":{"index":"index","follow":"follow","max-snippet":"max-snippet:-1","max-image-preview":"max-image-preview:large","max-video-preview":"max-video-preview:-1"},"canonical":"https:\/\/grotta.is\/en\/almennt\/aaetlanir-gegn-areitni-einelti-og-ofbeldi-samthykktar\/","og_locale":"en_US","og_type":"article","og_title":"\u00c1\u00e6tlanir gegn \u00e1reitni, einelti og ofbeldi sam\u00feykktar - \u00cd\u00fer\u00f3ttaf\u00e9lagi\u00f0 Gr\u00f3tta","og_description":"\u00c1 s\u00ed\u00f0asta a\u00f0alstj\u00f3rnarfundi Gr\u00f3ttu sem fram f\u00f3r \u00ed upphafi ma\u00edm\u00e1na\u00f0ar sam\u00feykkti stj\u00f3rn f\u00e9lagsins endursko\u00f0a\u00f0ar vi\u00f0brag\u00f0s- og a\u00f0ger\u00f0ar\u00e1\u00e6tlanir gegn \u00e1reitni, einelti og ofbeldi.","og_url":"https:\/\/grotta.is\/en\/almennt\/aaetlanir-gegn-areitni-einelti-og-ofbeldi-samthykktar\/","og_site_name":"\u00cd\u00fer\u00f3ttaf\u00e9lagi\u00f0 Gr\u00f3tta","article_publisher":"https:\/\/www.facebook.com\/grottasport","article_published_time":"2019-05-22T23:17:48+00:00","article_modified_time":"2020-02-23T23:21:41+00:00","og_image":[{"width":2560,"height":1707,"url":"https:\/\/grotta.is\/wp-content\/uploads\/2020\/02\/Grotta_Almennt_2-scaled.jpg","type":"image\/jpeg"}],"author":"Grotta","twitter_card":"summary_large_image","twitter_misc":{"Written by":"Grotta","Est. reading time":"1 minute"},"schema":{"@context":"https:\/\/schema.org","@graph":[{"@type":"Article","@id":"https:\/\/grotta.is\/almennt\/aaetlanir-gegn-areitni-einelti-og-ofbeldi-samthykktar\/#article","isPartOf":{"@id":"https:\/\/grotta.is\/almennt\/aaetlanir-gegn-areitni-einelti-og-ofbeldi-samthykktar\/"},"author":{"name":"Grotta","@id":"https:\/\/grotta.is\/#\/schema\/person\/08ec57bf09ee925f1b6a01540c14a5ce"},"headline":"\u00c1\u00e6tlanir gegn \u00e1reitni, einelti og ofbeldi sam\u00feykktar","datePublished":"2019-05-22T23:17:48+00:00","dateModified":"2020-02-23T23:21:41+00:00","mainEntityOfPage":{"@id":"https:\/\/grotta.is\/almennt\/aaetlanir-gegn-areitni-einelti-og-ofbeldi-samthykktar\/"},"wordCount":170,"publisher":{"@id":"https:\/\/grotta.is\/#organization"},"image":{"@id":"https:\/\/grotta.is\/almennt\/aaetlanir-gegn-areitni-einelti-og-ofbeldi-samthykktar\/#primaryimage"},"thumbnailUrl":"https:\/\/grotta.is\/wp-content\/uploads\/2020\/02\/Grotta_Almennt_2-scaled.jpg","articleSection":["Almennt"],"inLanguage":"en-US"},{"@type":"WebPage","@id":"https:\/\/grotta.is\/almennt\/aaetlanir-gegn-areitni-einelti-og-ofbeldi-samthykktar\/","url":"https:\/\/grotta.is\/almennt\/aaetlanir-gegn-areitni-einelti-og-ofbeldi-samthykktar\/","name":"\u00c1\u00e6tlanir gegn \u00e1reitni, einelti og ofbeldi sam\u00feykktar - \u00cd\u00fer\u00f3ttaf\u00e9lagi\u00f0 Gr\u00f3tta","isPartOf":{"@id":"https:\/\/grotta.is\/#website"},"primaryImageOfPage":{"@id":"https:\/\/grotta.is\/almennt\/aaetlanir-gegn-areitni-einelti-og-ofbeldi-samthykktar\/#primaryimage"},"image":{"@id":"https:\/\/grotta.is\/almennt\/aaetlanir-gegn-areitni-einelti-og-ofbeldi-samthykktar\/#primaryimage"},"thumbnailUrl":"https:\/\/grotta.is\/wp-content\/uploads\/2020\/02\/Grotta_Almennt_2-scaled.jpg","datePublished":"2019-05-22T23:17:48+00:00","dateModified":"2020-02-23T23:21:41+00:00","breadcrumb":{"@id":"https:\/\/grotta.is\/almennt\/aaetlanir-gegn-areitni-einelti-og-ofbeldi-samthykktar\/#breadcrumb"},"inLanguage":"en-US","potentialAction":[{"@type":"ReadAction","target":["https:\/\/grotta.is\/almennt\/aaetlanir-gegn-areitni-einelti-og-ofbeldi-samthykktar\/"]}]},{"@type":"ImageObject","inLanguage":"en-US","@id":"https:\/\/grotta.is\/almennt\/aaetlanir-gegn-areitni-einelti-og-ofbeldi-samthykktar\/#primaryimage","url":"https:\/\/grotta.is\/wp-content\/uploads\/2020\/02\/Grotta_Almennt_2-scaled.jpg","contentUrl":"https:\/\/grotta.is\/wp-content\/uploads\/2020\/02\/Grotta_Almennt_2-scaled.jpg","width":2560,"height":1707},{"@type":"BreadcrumbList","@id":"https:\/\/grotta.is\/almennt\/aaetlanir-gegn-areitni-einelti-og-ofbeldi-samthykktar\/#breadcrumb","itemListElement":[{"@type":"ListItem","position":1,"name":"Home","item":"https:\/\/grotta.is\/"},{"@type":"ListItem","position":2,"name":"\u00c1\u00e6tlanir gegn \u00e1reitni, einelti og ofbeldi sam\u00feykktar"}]},{"@type":"WebSite","@id":"https:\/\/grotta.is\/#website","url":"https:\/\/grotta.is\/","name":"\u00cd\u00fer\u00f3ttaf\u00e9lagi\u00f0 Gr\u00f3tta","description":"\u00e1 Seltjarnarnesi","publisher":{"@id":"https:\/\/grotta.is\/#organization"},"potentialAction":[{"@type":"SearchAction","target":{"@type":"EntryPoint","urlTemplate":"https:\/\/grotta.is\/?s={search_term_string}"},"query-input":{"@type":"PropertyValueSpecification","valueRequired":true,"valueName":"search_term_string"}}],"inLanguage":"en-US"},{"@type":"Organization","@id":"https:\/\/grotta.is\/#organization","name":"\u00cd\u00fer\u00f3ttaf\u00e9lagi\u00f0 Gr\u00f3tta","url":"https:\/\/grotta.is\/","logo":{"@type":"ImageObject","inLanguage":"en-US","@id":"https:\/\/grotta.is\/#\/schema\/logo\/image\/","url":"https:\/\/grotta.is\/wp-content\/uploads\/2020\/02\/ithrottafelagidgrotta_logo_512x512_transparent.png","contentUrl":"https:\/\/grotta.is\/wp-content\/uploads\/2020\/02\/ithrottafelagidgrotta_logo_512x512_transparent.png","width":512,"height":512,"caption":"\u00cd\u00fer\u00f3ttaf\u00e9lagi\u00f0 Gr\u00f3tta"},"image":{"@id":"https:\/\/grotta.is\/#\/schema\/logo\/image\/"},"sameAs":["https:\/\/www.facebook.com\/grottasport"]},{"@type":"Person","@id":"https:\/\/grotta.is\/#\/schema\/person\/08ec57bf09ee925f1b6a01540c14a5ce","name":"Grotta","url":"https:\/\/grotta.is\/en\/author\/inga\/"}]}},"_links":{"self":[{"href":"https:\/\/grotta.is\/en\/wp-json\/wp\/v2\/posts\/702","targetHints":{"allow":["GET"]}}],"collection":[{"href":"https:\/\/grotta.is\/en\/wp-json\/wp\/v2\/posts"}],"about":[{"href":"https:\/\/grotta.is\/en\/wp-json\/wp\/v2\/types\/post"}],"author":[{"embeddable":true,"href":"https:\/\/grotta.is\/en\/wp-json\/wp\/v2\/users\/2"}],"replies":[{"embeddable":true,"href":"https:\/\/grotta.is\/en\/wp-json\/wp\/v2\/comments?post=702"}],"version-history":[{"count":0,"href":"https:\/\/grotta.is\/en\/wp-json\/wp\/v2\/posts\/702\/revisions"}],"wp:featuredmedia":[{"embeddable":true,"href":"https:\/\/grotta.is\/en\/wp-json\/wp\/v2\/media\/165"}],"wp:attachment":[{"href":"https:\/\/grotta.is\/en\/wp-json\/wp\/v2\/media?parent=702"}],"wp:term":[{"taxonomy":"category","embeddable":true,"href":"https:\/\/grotta.is\/en\/wp-json\/wp\/v2\/categories?post=702"},{"taxonomy":"post_tag","embeddable":true,"href":"https:\/\/grotta.is\/en\/wp-json\/wp\/v2\/tags?post=702"}],"curies":[{"name":"wp","href":"https:\/\/api.w.org\/{rel}","templated":true}]}}