{"id":69,"date":"2015-02-05T22:04:00","date_gmt":"2015-02-05T22:04:00","guid":{"rendered":"https:\/\/grotta.is\/?p=69"},"modified":"2020-02-05T22:05:42","modified_gmt":"2020-02-05T22:05:42","slug":"framtidarlidid","status":"publish","type":"post","link":"https:\/\/grotta.is\/en\/knattspyrnudeild\/framtidarlidid\/","title":{"rendered":"Framt\u00ed\u00f0arli\u00f0i\u00f0"},"content":{"rendered":"<p>\u00cd s\u00ed\u00f0ustu viku var\u00f0 \u00e9g \u00feess hei\u00f0urs a\u00f0nj\u00f3tandi a\u00f0 fara me\u00f0 2. flokki karla hj\u00e1 Gr\u00f3ttu \u00ed \u00e6fingafer\u00f0 til London.&nbsp;\u00cd flokknum \u00e6fa n\u00fa 28 str\u00e1kar f\u00e6ddir 1998-1996 en einnig eru nokkrir yngri vi\u00f0lo\u00f0andi h\u00f3pinn. Fer\u00f0in var einstaklega skemmtileg og \u00e1rangursr\u00edk. Einbeitingin \u00ed h\u00f3pnum var til fyrirmyndar og utan \u00e6finga gengu allir \u00ed takt um str\u00e6ti st\u00f3rborgarinnar.<\/p><p>Str\u00e1karnir \u00ed 2. flokki hafa \u00e6ft f\u00f3tbolta fr\u00e1 5-6 \u00e1ra aldri. Saman hafa \u00feeir teki\u00f0 \u00fe\u00e1tt \u00ed \u00f3teljandi f\u00f3tboltam\u00f3tum, keppt hundru\u00f0ir leikja og sofi\u00f0 \u00ed \u00f3tal n\u00e6tur \u00ed t\u00e1f\u00fdlunni hver af \u00f6\u00f0rum. Ekki er h\u00e6gt a\u00f0 segja a\u00f0 h\u00e9r s\u00e9 um svokalla\u00f0ar &#8222;barnastj\u00f6rnur&#8220; a\u00f0 r\u00e6\u00f0a. Einn leikma\u00f0ur hefur spila\u00f0 unglingalandsleik og nokkrir minni titlar hafa unnist. St\u00e6rsta skrefi\u00f0 var eflaust stigi\u00f0 \u00ed fyrra \u00feegar 2. flokkur Gr\u00f3ttu trygg\u00f0i s\u00e9r s\u00e6ti \u00ed B-deild eftir margra \u00e1ra ey\u00f0imerkurg\u00f6ngu \u00ed C-deildinni. \u00dear voru \u00feessir drengir \u00ed a\u00f0alhlutverki \u00e1samt nokkrum leikm\u00f6nnum sem n\u00fa eru gengnir upp \u00ed meistaraflokk.<\/p><p>Nei, \u00fea\u00f0 eru ekki titlar og landsli\u00f0sfer\u00f0ir sem einkenna leikmenn 2. flokks Gr\u00f3ttu heldur \u00f3tr\u00faleg li\u00f0sheild, vin\u00e1tta og samsta\u00f0a innan vallar sem utan. Au\u00f0vita\u00f0 hefur gengi\u00f0 \u00e1 \u00fdmsu \u00ed gegnum t\u00ed\u00f0ina en \u00f3h\u00e6tt er a\u00f0 segja a\u00f0 menn hafi \u00feroskast \u00ed r\u00e9tta \u00e1tt og s\u00e9u a\u00f0 bl\u00f3mstra n\u00fa \u00feegar \u00e1rin \u00ed yngri flokkunum eru senn \u00e1 enda. \u00c9g tel a\u00f0 \u00f6flugur foreldrah\u00f3pur sem stendur \u00e1 bak vi\u00f0 str\u00e1kana hafi gert g\u00e6fumuninn \u00e1samt g\u00f3\u00f0um og metna\u00f0arfullum \u00fej\u00e1lfurum. N\u00e6gir \u00fear a\u00f0 nefna J\u00fal\u00edus J\u00fal\u00edusson, \u00c1smund Haraldsson, Gu\u00f0j\u00f3n Kristinsson, \u00dalf Blandon og Jens Elvar S\u00e6varsson sem er n\u00fa \u00e1 s\u00ednu \u00f6\u00f0ru \u00e1ri me\u00f0 2. flokk.<\/p><p>S\u00ed\u00f0asta sumar stigu nokkrir leikmenn \u00far h\u00f3pnum s\u00edn fyrstu skref \u00ed meistaraflokki Gr\u00f3ttu og \u00ed vetur hafa enn fleiri fengi\u00f0 s\u00ednar fyrstu meistaraflokksm\u00edn\u00fatur. Fr\u00e1b\u00e6rar fr\u00e9ttir en h\u00e9r m\u00e1 ekki l\u00e1ta sta\u00f0ar numi\u00f0. Lykillinn a\u00f0 \u00fev\u00ed a\u00f0 byggja upp \u00f6flugt meistaraflokksli\u00f0 er a\u00f0 hafa \u00fe\u00e9ttan kjarna heimamanna \u00ed h\u00f3pnum. Leiknir \u00ed Brei\u00f0holti er gott d\u00e6mi en s\u00ed\u00f0asta sumar trygg\u00f0i li\u00f0i\u00f0 s\u00e9r s\u00e6ti \u00ed \u00farvalsdeild \u00ed fyrsta sinn en \u00fear var st\u00e6rstur hluti h\u00f3psins, leikmenn og \u00fej\u00e1lfarar, glerhar\u00f0ir Brei\u00f0hyltingar. N\u00fa er Gr\u00f3tta \u00ed dau\u00f0af\u00e6ri til a\u00f0 horfa fram \u00e1 veginn og byggja upp li\u00f0 \u00fear sem uppista\u00f0an er heimamenn.<\/p><p>\u00c9g er ekki a\u00f0 tala ni\u00f0ur til \u00feeirra fj\u00f6lm\u00f6rgu &#8222;utanb\u00e6jarleikmanna&#8220; sem hafa leiki\u00f0 me\u00f0 Gr\u00f3ttu s\u00ed\u00f0ustu \u00e1rin. Raunar hafa margir \u00feeirra skila\u00f0 fr\u00e1b\u00e6ru verki og teljast g\u00f3\u00f0ir og gildir Gr\u00f3ttumenn \u00ed dag. Hver man ekki eftir leikgle\u00f0i og snilli Sigurvins \u00d3lafssonar \u00e1 mi\u00f0junni, n\u00faverandi fyrirli\u00f0i Gr\u00f3ttu er uppalinn Selfyssingur og sj\u00fakra\u00fej\u00e1lfarinn, sem byrja\u00f0i sem leikma\u00f0ur, er a\u00f0 austan.<\/p><p>Er \u00e9g a\u00f0 setja pressu \u00e1 str\u00e1kana me\u00f0 \u00feessum pistli? Vafalaust en \u00fea\u00f0 er bara af \u00fev\u00ed \u00e9g hef tr\u00fa \u00e1 \u00feeim. Vi\u00f0 \u00fe\u00e1 sem stj\u00f3rna og \u00fej\u00e1lfa meistaraflokk Gr\u00f3ttu segi \u00e9g: Taki\u00f0 \u00feessa str\u00e1ka og hendi\u00f0 \u00feeim inn \u00e1 st\u00f3ra svi\u00f0i\u00f0, gefi\u00f0 \u00feeim t\u00edma og fyrr en varir munu \u00feeir sk\u00edna sk\u00e6rt.<\/p><p>Magn\u00fas \u00d6rn Helgason<br>\nyfir\u00fej\u00e1lfari yngri flokka knattspyrnudeildar Gr\u00f3ttu<\/p>","protected":false},"excerpt":{"rendered":"<p>\u00cd s\u00ed\u00f0ustu viku var\u00f0 \u00e9g \u00feess hei\u00f0urs a\u00f0nj\u00f3tandi a\u00f0 fara me\u00f0 2. flokki karla hj\u00e1 Gr\u00f3ttu \u00ed \u00e6fingafer\u00f0 til London.&nbsp;\u00cd flokknum \u00e6fa n\u00fa 28 str\u00e1kar f\u00e6ddir 1998-1996 en einnig eru [&hellip;]<\/p>","protected":false},"author":2,"featured_media":36,"comment_status":"closed","ping_status":"closed","sticky":false,"template":"","format":"standard","meta":{"footnotes":""},"categories":[7],"tags":[6],"class_list":["post-69","post","type-post","status-publish","format-standard","has-post-thumbnail","hentry","category-knattspyrnudeild","tag-knattspyrna"],"yoast_head":"<!-- This site is optimized with the Yoast SEO plugin v24.3 - https:\/\/yoast.com\/wordpress\/plugins\/seo\/ -->\n<title>Framt\u00ed\u00f0arli\u00f0i\u00f0 - \u00cd\u00fer\u00f3ttaf\u00e9lagi\u00f0 Gr\u00f3tta<\/title>\n<meta name=\"robots\" content=\"index, follow, max-snippet:-1, max-image-preview:large, max-video-preview:-1\" \/>\n<link rel=\"canonical\" href=\"https:\/\/grotta.is\/en\/knattspyrnudeild\/framtidarlidid\/\" \/>\n<meta property=\"og:locale\" content=\"en_US\" \/>\n<meta property=\"og:type\" content=\"article\" \/>\n<meta property=\"og:title\" content=\"Framt\u00ed\u00f0arli\u00f0i\u00f0 - \u00cd\u00fer\u00f3ttaf\u00e9lagi\u00f0 Gr\u00f3tta\" \/>\n<meta property=\"og:description\" content=\"\u00cd s\u00ed\u00f0ustu viku var\u00f0 \u00e9g \u00feess hei\u00f0urs a\u00f0nj\u00f3tandi a\u00f0 fara me\u00f0 2. flokki karla hj\u00e1 Gr\u00f3ttu \u00ed \u00e6fingafer\u00f0 til London.&nbsp;\u00cd flokknum \u00e6fa n\u00fa 28 str\u00e1kar f\u00e6ddir 1998-1996 en einnig eru [&hellip;]\" \/>\n<meta property=\"og:url\" content=\"https:\/\/grotta.is\/en\/knattspyrnudeild\/framtidarlidid\/\" \/>\n<meta property=\"og:site_name\" content=\"\u00cd\u00fer\u00f3ttaf\u00e9lagi\u00f0 Gr\u00f3tta\" \/>\n<meta property=\"article:publisher\" content=\"https:\/\/www.facebook.com\/grottasport\" \/>\n<meta property=\"article:published_time\" content=\"2015-02-05T22:04:00+00:00\" \/>\n<meta property=\"article:modified_time\" content=\"2020-02-05T22:05:42+00:00\" \/>\n<meta property=\"og:image\" content=\"https:\/\/grotta.is\/wp-content\/uploads\/2020\/02\/Grotta_Logo_hvitur_bakgrunnur_1920x1080.png\" \/>\n\t<meta property=\"og:image:width\" content=\"1920\" \/>\n\t<meta property=\"og:image:height\" content=\"1080\" \/>\n\t<meta property=\"og:image:type\" content=\"image\/png\" \/>\n<meta name=\"author\" content=\"Grotta\" \/>\n<meta name=\"twitter:card\" content=\"summary_large_image\" \/>\n<meta name=\"twitter:label1\" content=\"Written by\" \/>\n\t<meta name=\"twitter:data1\" content=\"Grotta\" \/>\n\t<meta name=\"twitter:label2\" content=\"Est. reading time\" \/>\n\t<meta name=\"twitter:data2\" content=\"3 minutes\" \/>\n<script type=\"application\/ld+json\" class=\"yoast-schema-graph\">{\"@context\":\"https:\/\/schema.org\",\"@graph\":[{\"@type\":\"Article\",\"@id\":\"https:\/\/grotta.is\/knattspyrnudeild\/framtidarlidid\/#article\",\"isPartOf\":{\"@id\":\"https:\/\/grotta.is\/knattspyrnudeild\/framtidarlidid\/\"},\"author\":{\"name\":\"Grotta\",\"@id\":\"https:\/\/grotta.is\/#\/schema\/person\/08ec57bf09ee925f1b6a01540c14a5ce\"},\"headline\":\"Framt\u00ed\u00f0arli\u00f0i\u00f0\",\"datePublished\":\"2015-02-05T22:04:00+00:00\",\"dateModified\":\"2020-02-05T22:05:42+00:00\",\"mainEntityOfPage\":{\"@id\":\"https:\/\/grotta.is\/knattspyrnudeild\/framtidarlidid\/\"},\"wordCount\":562,\"publisher\":{\"@id\":\"https:\/\/grotta.is\/#organization\"},\"image\":{\"@id\":\"https:\/\/grotta.is\/knattspyrnudeild\/framtidarlidid\/#primaryimage\"},\"thumbnailUrl\":\"https:\/\/grotta.is\/wp-content\/uploads\/2020\/02\/Grotta_Logo_hvitur_bakgrunnur_1920x1080.png\",\"keywords\":[\"Knattspyrna\"],\"articleSection\":[\"Knattspyrnudeild\"],\"inLanguage\":\"en-US\"},{\"@type\":\"WebPage\",\"@id\":\"https:\/\/grotta.is\/knattspyrnudeild\/framtidarlidid\/\",\"url\":\"https:\/\/grotta.is\/knattspyrnudeild\/framtidarlidid\/\",\"name\":\"Framt\u00ed\u00f0arli\u00f0i\u00f0 - \u00cd\u00fer\u00f3ttaf\u00e9lagi\u00f0 Gr\u00f3tta\",\"isPartOf\":{\"@id\":\"https:\/\/grotta.is\/#website\"},\"primaryImageOfPage\":{\"@id\":\"https:\/\/grotta.is\/knattspyrnudeild\/framtidarlidid\/#primaryimage\"},\"image\":{\"@id\":\"https:\/\/grotta.is\/knattspyrnudeild\/framtidarlidid\/#primaryimage\"},\"thumbnailUrl\":\"https:\/\/grotta.is\/wp-content\/uploads\/2020\/02\/Grotta_Logo_hvitur_bakgrunnur_1920x1080.png\",\"datePublished\":\"2015-02-05T22:04:00+00:00\",\"dateModified\":\"2020-02-05T22:05:42+00:00\",\"breadcrumb\":{\"@id\":\"https:\/\/grotta.is\/knattspyrnudeild\/framtidarlidid\/#breadcrumb\"},\"inLanguage\":\"en-US\",\"potentialAction\":[{\"@type\":\"ReadAction\",\"target\":[\"https:\/\/grotta.is\/knattspyrnudeild\/framtidarlidid\/\"]}]},{\"@type\":\"ImageObject\",\"inLanguage\":\"en-US\",\"@id\":\"https:\/\/grotta.is\/knattspyrnudeild\/framtidarlidid\/#primaryimage\",\"url\":\"https:\/\/grotta.is\/wp-content\/uploads\/2020\/02\/Grotta_Logo_hvitur_bakgrunnur_1920x1080.png\",\"contentUrl\":\"https:\/\/grotta.is\/wp-content\/uploads\/2020\/02\/Grotta_Logo_hvitur_bakgrunnur_1920x1080.png\",\"width\":1920,\"height\":1080},{\"@type\":\"BreadcrumbList\",\"@id\":\"https:\/\/grotta.is\/knattspyrnudeild\/framtidarlidid\/#breadcrumb\",\"itemListElement\":[{\"@type\":\"ListItem\",\"position\":1,\"name\":\"Home\",\"item\":\"https:\/\/grotta.is\/\"},{\"@type\":\"ListItem\",\"position\":2,\"name\":\"Framt\u00ed\u00f0arli\u00f0i\u00f0\"}]},{\"@type\":\"WebSite\",\"@id\":\"https:\/\/grotta.is\/#website\",\"url\":\"https:\/\/grotta.is\/\",\"name\":\"\u00cd\u00fer\u00f3ttaf\u00e9lagi\u00f0 Gr\u00f3tta\",\"description\":\"\u00e1 Seltjarnarnesi\",\"publisher\":{\"@id\":\"https:\/\/grotta.is\/#organization\"},\"potentialAction\":[{\"@type\":\"SearchAction\",\"target\":{\"@type\":\"EntryPoint\",\"urlTemplate\":\"https:\/\/grotta.is\/?s={search_term_string}\"},\"query-input\":{\"@type\":\"PropertyValueSpecification\",\"valueRequired\":true,\"valueName\":\"search_term_string\"}}],\"inLanguage\":\"en-US\"},{\"@type\":\"Organization\",\"@id\":\"https:\/\/grotta.is\/#organization\",\"name\":\"\u00cd\u00fer\u00f3ttaf\u00e9lagi\u00f0 Gr\u00f3tta\",\"url\":\"https:\/\/grotta.is\/\",\"logo\":{\"@type\":\"ImageObject\",\"inLanguage\":\"en-US\",\"@id\":\"https:\/\/grotta.is\/#\/schema\/logo\/image\/\",\"url\":\"https:\/\/grotta.is\/wp-content\/uploads\/2020\/02\/ithrottafelagidgrotta_logo_512x512_transparent.png\",\"contentUrl\":\"https:\/\/grotta.is\/wp-content\/uploads\/2020\/02\/ithrottafelagidgrotta_logo_512x512_transparent.png\",\"width\":512,\"height\":512,\"caption\":\"\u00cd\u00fer\u00f3ttaf\u00e9lagi\u00f0 Gr\u00f3tta\"},\"image\":{\"@id\":\"https:\/\/grotta.is\/#\/schema\/logo\/image\/\"},\"sameAs\":[\"https:\/\/www.facebook.com\/grottasport\"]},{\"@type\":\"Person\",\"@id\":\"https:\/\/grotta.is\/#\/schema\/person\/08ec57bf09ee925f1b6a01540c14a5ce\",\"name\":\"Grotta\",\"url\":\"https:\/\/grotta.is\/en\/author\/inga\/\"}]}<\/script>\n<!-- \/ Yoast SEO plugin. -->","yoast_head_json":{"title":"Framt\u00ed\u00f0arli\u00f0i\u00f0 - \u00cd\u00fer\u00f3ttaf\u00e9lagi\u00f0 Gr\u00f3tta","robots":{"index":"index","follow":"follow","max-snippet":"max-snippet:-1","max-image-preview":"max-image-preview:large","max-video-preview":"max-video-preview:-1"},"canonical":"https:\/\/grotta.is\/en\/knattspyrnudeild\/framtidarlidid\/","og_locale":"en_US","og_type":"article","og_title":"Framt\u00ed\u00f0arli\u00f0i\u00f0 - \u00cd\u00fer\u00f3ttaf\u00e9lagi\u00f0 Gr\u00f3tta","og_description":"\u00cd s\u00ed\u00f0ustu viku var\u00f0 \u00e9g \u00feess hei\u00f0urs a\u00f0nj\u00f3tandi a\u00f0 fara me\u00f0 2. flokki karla hj\u00e1 Gr\u00f3ttu \u00ed \u00e6fingafer\u00f0 til London.&nbsp;\u00cd flokknum \u00e6fa n\u00fa 28 str\u00e1kar f\u00e6ddir 1998-1996 en einnig eru [&hellip;]","og_url":"https:\/\/grotta.is\/en\/knattspyrnudeild\/framtidarlidid\/","og_site_name":"\u00cd\u00fer\u00f3ttaf\u00e9lagi\u00f0 Gr\u00f3tta","article_publisher":"https:\/\/www.facebook.com\/grottasport","article_published_time":"2015-02-05T22:04:00+00:00","article_modified_time":"2020-02-05T22:05:42+00:00","og_image":[{"width":1920,"height":1080,"url":"https:\/\/grotta.is\/wp-content\/uploads\/2020\/02\/Grotta_Logo_hvitur_bakgrunnur_1920x1080.png","type":"image\/png"}],"author":"Grotta","twitter_card":"summary_large_image","twitter_misc":{"Written by":"Grotta","Est. reading time":"3 minutes"},"schema":{"@context":"https:\/\/schema.org","@graph":[{"@type":"Article","@id":"https:\/\/grotta.is\/knattspyrnudeild\/framtidarlidid\/#article","isPartOf":{"@id":"https:\/\/grotta.is\/knattspyrnudeild\/framtidarlidid\/"},"author":{"name":"Grotta","@id":"https:\/\/grotta.is\/#\/schema\/person\/08ec57bf09ee925f1b6a01540c14a5ce"},"headline":"Framt\u00ed\u00f0arli\u00f0i\u00f0","datePublished":"2015-02-05T22:04:00+00:00","dateModified":"2020-02-05T22:05:42+00:00","mainEntityOfPage":{"@id":"https:\/\/grotta.is\/knattspyrnudeild\/framtidarlidid\/"},"wordCount":562,"publisher":{"@id":"https:\/\/grotta.is\/#organization"},"image":{"@id":"https:\/\/grotta.is\/knattspyrnudeild\/framtidarlidid\/#primaryimage"},"thumbnailUrl":"https:\/\/grotta.is\/wp-content\/uploads\/2020\/02\/Grotta_Logo_hvitur_bakgrunnur_1920x1080.png","keywords":["Knattspyrna"],"articleSection":["Knattspyrnudeild"],"inLanguage":"en-US"},{"@type":"WebPage","@id":"https:\/\/grotta.is\/knattspyrnudeild\/framtidarlidid\/","url":"https:\/\/grotta.is\/knattspyrnudeild\/framtidarlidid\/","name":"Framt\u00ed\u00f0arli\u00f0i\u00f0 - \u00cd\u00fer\u00f3ttaf\u00e9lagi\u00f0 Gr\u00f3tta","isPartOf":{"@id":"https:\/\/grotta.is\/#website"},"primaryImageOfPage":{"@id":"https:\/\/grotta.is\/knattspyrnudeild\/framtidarlidid\/#primaryimage"},"image":{"@id":"https:\/\/grotta.is\/knattspyrnudeild\/framtidarlidid\/#primaryimage"},"thumbnailUrl":"https:\/\/grotta.is\/wp-content\/uploads\/2020\/02\/Grotta_Logo_hvitur_bakgrunnur_1920x1080.png","datePublished":"2015-02-05T22:04:00+00:00","dateModified":"2020-02-05T22:05:42+00:00","breadcrumb":{"@id":"https:\/\/grotta.is\/knattspyrnudeild\/framtidarlidid\/#breadcrumb"},"inLanguage":"en-US","potentialAction":[{"@type":"ReadAction","target":["https:\/\/grotta.is\/knattspyrnudeild\/framtidarlidid\/"]}]},{"@type":"ImageObject","inLanguage":"en-US","@id":"https:\/\/grotta.is\/knattspyrnudeild\/framtidarlidid\/#primaryimage","url":"https:\/\/grotta.is\/wp-content\/uploads\/2020\/02\/Grotta_Logo_hvitur_bakgrunnur_1920x1080.png","contentUrl":"https:\/\/grotta.is\/wp-content\/uploads\/2020\/02\/Grotta_Logo_hvitur_bakgrunnur_1920x1080.png","width":1920,"height":1080},{"@type":"BreadcrumbList","@id":"https:\/\/grotta.is\/knattspyrnudeild\/framtidarlidid\/#breadcrumb","itemListElement":[{"@type":"ListItem","position":1,"name":"Home","item":"https:\/\/grotta.is\/"},{"@type":"ListItem","position":2,"name":"Framt\u00ed\u00f0arli\u00f0i\u00f0"}]},{"@type":"WebSite","@id":"https:\/\/grotta.is\/#website","url":"https:\/\/grotta.is\/","name":"\u00cd\u00fer\u00f3ttaf\u00e9lagi\u00f0 Gr\u00f3tta","description":"\u00e1 Seltjarnarnesi","publisher":{"@id":"https:\/\/grotta.is\/#organization"},"potentialAction":[{"@type":"SearchAction","target":{"@type":"EntryPoint","urlTemplate":"https:\/\/grotta.is\/?s={search_term_string}"},"query-input":{"@type":"PropertyValueSpecification","valueRequired":true,"valueName":"search_term_string"}}],"inLanguage":"en-US"},{"@type":"Organization","@id":"https:\/\/grotta.is\/#organization","name":"\u00cd\u00fer\u00f3ttaf\u00e9lagi\u00f0 Gr\u00f3tta","url":"https:\/\/grotta.is\/","logo":{"@type":"ImageObject","inLanguage":"en-US","@id":"https:\/\/grotta.is\/#\/schema\/logo\/image\/","url":"https:\/\/grotta.is\/wp-content\/uploads\/2020\/02\/ithrottafelagidgrotta_logo_512x512_transparent.png","contentUrl":"https:\/\/grotta.is\/wp-content\/uploads\/2020\/02\/ithrottafelagidgrotta_logo_512x512_transparent.png","width":512,"height":512,"caption":"\u00cd\u00fer\u00f3ttaf\u00e9lagi\u00f0 Gr\u00f3tta"},"image":{"@id":"https:\/\/grotta.is\/#\/schema\/logo\/image\/"},"sameAs":["https:\/\/www.facebook.com\/grottasport"]},{"@type":"Person","@id":"https:\/\/grotta.is\/#\/schema\/person\/08ec57bf09ee925f1b6a01540c14a5ce","name":"Grotta","url":"https:\/\/grotta.is\/en\/author\/inga\/"}]}},"_links":{"self":[{"href":"https:\/\/grotta.is\/en\/wp-json\/wp\/v2\/posts\/69","targetHints":{"allow":["GET"]}}],"collection":[{"href":"https:\/\/grotta.is\/en\/wp-json\/wp\/v2\/posts"}],"about":[{"href":"https:\/\/grotta.is\/en\/wp-json\/wp\/v2\/types\/post"}],"author":[{"embeddable":true,"href":"https:\/\/grotta.is\/en\/wp-json\/wp\/v2\/users\/2"}],"replies":[{"embeddable":true,"href":"https:\/\/grotta.is\/en\/wp-json\/wp\/v2\/comments?post=69"}],"version-history":[{"count":0,"href":"https:\/\/grotta.is\/en\/wp-json\/wp\/v2\/posts\/69\/revisions"}],"wp:featuredmedia":[{"embeddable":true,"href":"https:\/\/grotta.is\/en\/wp-json\/wp\/v2\/media\/36"}],"wp:attachment":[{"href":"https:\/\/grotta.is\/en\/wp-json\/wp\/v2\/media?parent=69"}],"wp:term":[{"taxonomy":"category","embeddable":true,"href":"https:\/\/grotta.is\/en\/wp-json\/wp\/v2\/categories?post=69"},{"taxonomy":"post_tag","embeddable":true,"href":"https:\/\/grotta.is\/en\/wp-json\/wp\/v2\/tags?post=69"}],"curies":[{"name":"wp","href":"https:\/\/api.w.org\/{rel}","templated":true}]}}