{"id":68233,"date":"2020-10-01T09:34:02","date_gmt":"2020-10-01T09:34:02","guid":{"rendered":"https:\/\/grotta.is\/?p=68233"},"modified":"2020-10-01T09:34:08","modified_gmt":"2020-10-01T09:34:08","slug":"3-flokkur-kvenna-i-handbolta","status":"publish","type":"post","link":"https:\/\/grotta.is\/en\/handknattleiksdeild\/3-flokkur-kvenna-i-handbolta\/","title":{"rendered":"3 flokkur kvenna \u00ed handbolta"},"content":{"rendered":"<p>3. flokkur kvenna byrja\u00f0i t\u00edmabili\u00f0 me\u00f0 a\u00f0 f\u00e1 Valsli\u00f0i\u00f0 \u00ed heims\u00f3kn. Hl\u00ed\u00f0arendali\u00f0i\u00f0 er vel manna\u00f0 og \u00fev\u00ed fyrsti leikur t\u00edmabilsins krefjandi en mj\u00f6g spennandi. <\/p><p>Eftir erfi\u00f0a byrjun \u00ed fyrri h\u00e1lfleik hrukku st\u00falkurnar okkar \u00ed gang. \u00de\u00e6r spilu\u00f0u g\u00f3\u00f0an varnarleik og nokku\u00f0 g\u00f3\u00f0an s\u00f3knarleik. Hins vegar voru \u00fea\u00f0 t\u00e6knifeilar og hra\u00f0aupphlaupin sem skildu \u00e1 milli li\u00f0anna \u00ed fyrri h\u00e1lfleik, sta\u00f0an \u00ed h\u00e1lfleik 9-17 Val \u00ed vil. <\/p><p>Seinni h\u00e1lfleikur byrja\u00f0i einnig br\u00f6suglega hj\u00e1 okkar st\u00falkum og Valsst\u00falkur gengu \u00e1 lagi\u00f0. Eftir fyrstu 10 m\u00edn\u00faturnar var Valsli\u00f0i\u00f0 b\u00fai\u00f0 a\u00f0 auka forystuna \u00ed t\u00edu m\u00f6rk. \u00der\u00e1tt fyrir muninn \u00fe\u00e1 skapa\u00f0i Gr\u00f3ttuli\u00f0i\u00f0 m\u00f6rg f\u00e6ri en inn vildi boltinn ekki. <\/p><p>Lokat\u00f6lur 21-32 en margt j\u00e1kv\u00e6tt sem \u00fe\u00e6r taka me\u00f0 s\u00e9r fyrir n\u00e6sta leik. <\/p><p>\u00dea\u00f0 ver\u00f0ur \u00fev\u00ed spennandi a\u00f0 fylgjast me\u00f0 stelpunum eflast \u00ed vetur.<\/p><ul class=\"wp-block-list\"><li>Katr\u00edn Anna \u2013 6 m\u00f6rk <\/li><li>Katr\u00edn Helga \u2013 6 m\u00f6rk<\/li><li>Hekla \u2013 3 m\u00f6rk<\/li><li>Patricia \u2013 3 m\u00f6rk<\/li><li>Edda \u2013 2 m\u00f6rk<\/li><li>Helga \u2013 1 mark<\/li><li>J\u00f3anna var\u00f0i 12 bolta en meiddist \u00feegar lei\u00f0 \u00e1 seinni h\u00e1lfleikinn.<\/li><\/ul><p>Eyj\u00f3lfur okkar ma\u00f0ur var \u00e1 sta\u00f0num og t\u00f3k fr\u00e1b\u00e6rar myndir. Myndir fr\u00e1 leiknum er a\u00f0 finna <a href=\"https:\/\/photos.google.com\/share\/AF1QipNikZx_zbVJ5ZcqdnO77JVQ6pUAarajgFxkRS5MGURfyJagCWXm_A5F1PituR5omw?fbclid=IwAR3FT92ziEdXJhqt6XwVGhN6I70hKoalGjmCE-ywA5by87xvstJhzBEyOQE&amp;key=cFpPOURQdTlHMTdMZVRpSU5aTUJ2b0JYUm1EaWxB\" target=\"_blank\" rel=\"noreferrer noopener\">h\u00e9r<\/a>.<\/p>","protected":false},"excerpt":{"rendered":"<p>3. flokkur kvenna byrja\u00f0i t\u00edmabili\u00f0 me\u00f0 a\u00f0 f\u00e1 Valsli\u00f0i\u00f0 \u00ed heims\u00f3kn. Hl\u00ed\u00f0arendali\u00f0i\u00f0 er vel manna\u00f0 og \u00fev\u00ed fyrsti leikur t\u00edmabilsins krefjandi en mj\u00f6g spennandi. <\/p>","protected":false},"author":2,"featured_media":68240,"comment_status":"closed","ping_status":"closed","sticky":false,"template":"","format":"standard","meta":{"footnotes":""},"categories":[12],"tags":[13,15],"class_list":["post-68233","post","type-post","status-publish","format-standard","has-post-thumbnail","hentry","category-handknattleiksdeild","tag-handbolti","tag-yngri-flokkar"],"yoast_head":"<!-- This site is optimized with the Yoast SEO plugin v24.3 - https:\/\/yoast.com\/wordpress\/plugins\/seo\/ -->\n<title>3 flokkur kvenna \u00ed handbolta - \u00cd\u00fer\u00f3ttaf\u00e9lagi\u00f0 Gr\u00f3tta<\/title>\n<meta name=\"robots\" content=\"index, follow, max-snippet:-1, max-image-preview:large, max-video-preview:-1\" \/>\n<link rel=\"canonical\" href=\"https:\/\/grotta.is\/en\/handknattleiksdeild\/3-flokkur-kvenna-i-handbolta\/\" \/>\n<meta property=\"og:locale\" content=\"en_US\" \/>\n<meta property=\"og:type\" content=\"article\" \/>\n<meta property=\"og:title\" content=\"3 flokkur kvenna \u00ed handbolta - \u00cd\u00fer\u00f3ttaf\u00e9lagi\u00f0 Gr\u00f3tta\" \/>\n<meta property=\"og:description\" content=\"3. flokkur kvenna byrja\u00f0i t\u00edmabili\u00f0 me\u00f0 a\u00f0 f\u00e1 Valsli\u00f0i\u00f0 \u00ed heims\u00f3kn. Hl\u00ed\u00f0arendali\u00f0i\u00f0 er vel manna\u00f0 og \u00fev\u00ed fyrsti leikur t\u00edmabilsins krefjandi en mj\u00f6g spennandi.\" \/>\n<meta property=\"og:url\" content=\"https:\/\/grotta.is\/en\/handknattleiksdeild\/3-flokkur-kvenna-i-handbolta\/\" \/>\n<meta property=\"og:site_name\" content=\"\u00cd\u00fer\u00f3ttaf\u00e9lagi\u00f0 Gr\u00f3tta\" \/>\n<meta property=\"article:publisher\" content=\"https:\/\/www.facebook.com\/grottasport\" \/>\n<meta property=\"article:published_time\" content=\"2020-10-01T09:34:02+00:00\" \/>\n<meta property=\"article:modified_time\" content=\"2020-10-01T09:34:08+00:00\" \/>\n<meta property=\"og:image\" content=\"https:\/\/grotta.is\/wp-content\/uploads\/2020\/10\/grotta_3flokkur_kvenna_2020_1.jpg\" \/>\n\t<meta property=\"og:image:width\" content=\"1312\" \/>\n\t<meta property=\"og:image:height\" content=\"937\" \/>\n\t<meta property=\"og:image:type\" content=\"image\/jpeg\" \/>\n<meta name=\"author\" content=\"Grotta\" \/>\n<meta name=\"twitter:card\" content=\"summary_large_image\" \/>\n<meta name=\"twitter:label1\" content=\"Written by\" \/>\n\t<meta name=\"twitter:data1\" content=\"Grotta\" \/>\n\t<meta name=\"twitter:label2\" content=\"Est. reading time\" \/>\n\t<meta name=\"twitter:data2\" content=\"1 minute\" \/>\n<script type=\"application\/ld+json\" class=\"yoast-schema-graph\">{\"@context\":\"https:\/\/schema.org\",\"@graph\":[{\"@type\":\"Article\",\"@id\":\"https:\/\/grotta.is\/handknattleiksdeild\/3-flokkur-kvenna-i-handbolta\/#article\",\"isPartOf\":{\"@id\":\"https:\/\/grotta.is\/handknattleiksdeild\/3-flokkur-kvenna-i-handbolta\/\"},\"author\":{\"name\":\"Grotta\",\"@id\":\"https:\/\/grotta.is\/#\/schema\/person\/08ec57bf09ee925f1b6a01540c14a5ce\"},\"headline\":\"3 flokkur kvenna \u00ed handbolta\",\"datePublished\":\"2020-10-01T09:34:02+00:00\",\"dateModified\":\"2020-10-01T09:34:08+00:00\",\"mainEntityOfPage\":{\"@id\":\"https:\/\/grotta.is\/handknattleiksdeild\/3-flokkur-kvenna-i-handbolta\/\"},\"wordCount\":218,\"publisher\":{\"@id\":\"https:\/\/grotta.is\/#organization\"},\"image\":{\"@id\":\"https:\/\/grotta.is\/handknattleiksdeild\/3-flokkur-kvenna-i-handbolta\/#primaryimage\"},\"thumbnailUrl\":\"https:\/\/grotta.is\/wp-content\/uploads\/2020\/10\/grotta_3flokkur_kvenna_2020_1.jpg\",\"keywords\":[\"Handbolti\",\"Yngri flokkar\"],\"articleSection\":[\"Handknattleiksdeild\"],\"inLanguage\":\"en-US\"},{\"@type\":\"WebPage\",\"@id\":\"https:\/\/grotta.is\/handknattleiksdeild\/3-flokkur-kvenna-i-handbolta\/\",\"url\":\"https:\/\/grotta.is\/handknattleiksdeild\/3-flokkur-kvenna-i-handbolta\/\",\"name\":\"3 flokkur kvenna \u00ed handbolta - \u00cd\u00fer\u00f3ttaf\u00e9lagi\u00f0 Gr\u00f3tta\",\"isPartOf\":{\"@id\":\"https:\/\/grotta.is\/#website\"},\"primaryImageOfPage\":{\"@id\":\"https:\/\/grotta.is\/handknattleiksdeild\/3-flokkur-kvenna-i-handbolta\/#primaryimage\"},\"image\":{\"@id\":\"https:\/\/grotta.is\/handknattleiksdeild\/3-flokkur-kvenna-i-handbolta\/#primaryimage\"},\"thumbnailUrl\":\"https:\/\/grotta.is\/wp-content\/uploads\/2020\/10\/grotta_3flokkur_kvenna_2020_1.jpg\",\"datePublished\":\"2020-10-01T09:34:02+00:00\",\"dateModified\":\"2020-10-01T09:34:08+00:00\",\"breadcrumb\":{\"@id\":\"https:\/\/grotta.is\/handknattleiksdeild\/3-flokkur-kvenna-i-handbolta\/#breadcrumb\"},\"inLanguage\":\"en-US\",\"potentialAction\":[{\"@type\":\"ReadAction\",\"target\":[\"https:\/\/grotta.is\/handknattleiksdeild\/3-flokkur-kvenna-i-handbolta\/\"]}]},{\"@type\":\"ImageObject\",\"inLanguage\":\"en-US\",\"@id\":\"https:\/\/grotta.is\/handknattleiksdeild\/3-flokkur-kvenna-i-handbolta\/#primaryimage\",\"url\":\"https:\/\/grotta.is\/wp-content\/uploads\/2020\/10\/grotta_3flokkur_kvenna_2020_1.jpg\",\"contentUrl\":\"https:\/\/grotta.is\/wp-content\/uploads\/2020\/10\/grotta_3flokkur_kvenna_2020_1.jpg\",\"width\":1312,\"height\":937},{\"@type\":\"BreadcrumbList\",\"@id\":\"https:\/\/grotta.is\/handknattleiksdeild\/3-flokkur-kvenna-i-handbolta\/#breadcrumb\",\"itemListElement\":[{\"@type\":\"ListItem\",\"position\":1,\"name\":\"Home\",\"item\":\"https:\/\/grotta.is\/\"},{\"@type\":\"ListItem\",\"position\":2,\"name\":\"3 flokkur kvenna \u00ed handbolta\"}]},{\"@type\":\"WebSite\",\"@id\":\"https:\/\/grotta.is\/#website\",\"url\":\"https:\/\/grotta.is\/\",\"name\":\"\u00cd\u00fer\u00f3ttaf\u00e9lagi\u00f0 Gr\u00f3tta\",\"description\":\"\u00e1 Seltjarnarnesi\",\"publisher\":{\"@id\":\"https:\/\/grotta.is\/#organization\"},\"potentialAction\":[{\"@type\":\"SearchAction\",\"target\":{\"@type\":\"EntryPoint\",\"urlTemplate\":\"https:\/\/grotta.is\/?s={search_term_string}\"},\"query-input\":{\"@type\":\"PropertyValueSpecification\",\"valueRequired\":true,\"valueName\":\"search_term_string\"}}],\"inLanguage\":\"en-US\"},{\"@type\":\"Organization\",\"@id\":\"https:\/\/grotta.is\/#organization\",\"name\":\"\u00cd\u00fer\u00f3ttaf\u00e9lagi\u00f0 Gr\u00f3tta\",\"url\":\"https:\/\/grotta.is\/\",\"logo\":{\"@type\":\"ImageObject\",\"inLanguage\":\"en-US\",\"@id\":\"https:\/\/grotta.is\/#\/schema\/logo\/image\/\",\"url\":\"https:\/\/grotta.is\/wp-content\/uploads\/2020\/02\/ithrottafelagidgrotta_logo_512x512_transparent.png\",\"contentUrl\":\"https:\/\/grotta.is\/wp-content\/uploads\/2020\/02\/ithrottafelagidgrotta_logo_512x512_transparent.png\",\"width\":512,\"height\":512,\"caption\":\"\u00cd\u00fer\u00f3ttaf\u00e9lagi\u00f0 Gr\u00f3tta\"},\"image\":{\"@id\":\"https:\/\/grotta.is\/#\/schema\/logo\/image\/\"},\"sameAs\":[\"https:\/\/www.facebook.com\/grottasport\"]},{\"@type\":\"Person\",\"@id\":\"https:\/\/grotta.is\/#\/schema\/person\/08ec57bf09ee925f1b6a01540c14a5ce\",\"name\":\"Grotta\",\"url\":\"https:\/\/grotta.is\/en\/author\/inga\/\"}]}<\/script>\n<!-- \/ Yoast SEO plugin. -->","yoast_head_json":{"title":"3 flokkur kvenna \u00ed handbolta - \u00cd\u00fer\u00f3ttaf\u00e9lagi\u00f0 Gr\u00f3tta","robots":{"index":"index","follow":"follow","max-snippet":"max-snippet:-1","max-image-preview":"max-image-preview:large","max-video-preview":"max-video-preview:-1"},"canonical":"https:\/\/grotta.is\/en\/handknattleiksdeild\/3-flokkur-kvenna-i-handbolta\/","og_locale":"en_US","og_type":"article","og_title":"3 flokkur kvenna \u00ed handbolta - \u00cd\u00fer\u00f3ttaf\u00e9lagi\u00f0 Gr\u00f3tta","og_description":"3. flokkur kvenna byrja\u00f0i t\u00edmabili\u00f0 me\u00f0 a\u00f0 f\u00e1 Valsli\u00f0i\u00f0 \u00ed heims\u00f3kn. Hl\u00ed\u00f0arendali\u00f0i\u00f0 er vel manna\u00f0 og \u00fev\u00ed fyrsti leikur t\u00edmabilsins krefjandi en mj\u00f6g spennandi.","og_url":"https:\/\/grotta.is\/en\/handknattleiksdeild\/3-flokkur-kvenna-i-handbolta\/","og_site_name":"\u00cd\u00fer\u00f3ttaf\u00e9lagi\u00f0 Gr\u00f3tta","article_publisher":"https:\/\/www.facebook.com\/grottasport","article_published_time":"2020-10-01T09:34:02+00:00","article_modified_time":"2020-10-01T09:34:08+00:00","og_image":[{"width":1312,"height":937,"url":"https:\/\/grotta.is\/wp-content\/uploads\/2020\/10\/grotta_3flokkur_kvenna_2020_1.jpg","type":"image\/jpeg"}],"author":"Grotta","twitter_card":"summary_large_image","twitter_misc":{"Written by":"Grotta","Est. reading time":"1 minute"},"schema":{"@context":"https:\/\/schema.org","@graph":[{"@type":"Article","@id":"https:\/\/grotta.is\/handknattleiksdeild\/3-flokkur-kvenna-i-handbolta\/#article","isPartOf":{"@id":"https:\/\/grotta.is\/handknattleiksdeild\/3-flokkur-kvenna-i-handbolta\/"},"author":{"name":"Grotta","@id":"https:\/\/grotta.is\/#\/schema\/person\/08ec57bf09ee925f1b6a01540c14a5ce"},"headline":"3 flokkur kvenna \u00ed handbolta","datePublished":"2020-10-01T09:34:02+00:00","dateModified":"2020-10-01T09:34:08+00:00","mainEntityOfPage":{"@id":"https:\/\/grotta.is\/handknattleiksdeild\/3-flokkur-kvenna-i-handbolta\/"},"wordCount":218,"publisher":{"@id":"https:\/\/grotta.is\/#organization"},"image":{"@id":"https:\/\/grotta.is\/handknattleiksdeild\/3-flokkur-kvenna-i-handbolta\/#primaryimage"},"thumbnailUrl":"https:\/\/grotta.is\/wp-content\/uploads\/2020\/10\/grotta_3flokkur_kvenna_2020_1.jpg","keywords":["Handbolti","Yngri flokkar"],"articleSection":["Handknattleiksdeild"],"inLanguage":"en-US"},{"@type":"WebPage","@id":"https:\/\/grotta.is\/handknattleiksdeild\/3-flokkur-kvenna-i-handbolta\/","url":"https:\/\/grotta.is\/handknattleiksdeild\/3-flokkur-kvenna-i-handbolta\/","name":"3 flokkur kvenna \u00ed handbolta - \u00cd\u00fer\u00f3ttaf\u00e9lagi\u00f0 Gr\u00f3tta","isPartOf":{"@id":"https:\/\/grotta.is\/#website"},"primaryImageOfPage":{"@id":"https:\/\/grotta.is\/handknattleiksdeild\/3-flokkur-kvenna-i-handbolta\/#primaryimage"},"image":{"@id":"https:\/\/grotta.is\/handknattleiksdeild\/3-flokkur-kvenna-i-handbolta\/#primaryimage"},"thumbnailUrl":"https:\/\/grotta.is\/wp-content\/uploads\/2020\/10\/grotta_3flokkur_kvenna_2020_1.jpg","datePublished":"2020-10-01T09:34:02+00:00","dateModified":"2020-10-01T09:34:08+00:00","breadcrumb":{"@id":"https:\/\/grotta.is\/handknattleiksdeild\/3-flokkur-kvenna-i-handbolta\/#breadcrumb"},"inLanguage":"en-US","potentialAction":[{"@type":"ReadAction","target":["https:\/\/grotta.is\/handknattleiksdeild\/3-flokkur-kvenna-i-handbolta\/"]}]},{"@type":"ImageObject","inLanguage":"en-US","@id":"https:\/\/grotta.is\/handknattleiksdeild\/3-flokkur-kvenna-i-handbolta\/#primaryimage","url":"https:\/\/grotta.is\/wp-content\/uploads\/2020\/10\/grotta_3flokkur_kvenna_2020_1.jpg","contentUrl":"https:\/\/grotta.is\/wp-content\/uploads\/2020\/10\/grotta_3flokkur_kvenna_2020_1.jpg","width":1312,"height":937},{"@type":"BreadcrumbList","@id":"https:\/\/grotta.is\/handknattleiksdeild\/3-flokkur-kvenna-i-handbolta\/#breadcrumb","itemListElement":[{"@type":"ListItem","position":1,"name":"Home","item":"https:\/\/grotta.is\/"},{"@type":"ListItem","position":2,"name":"3 flokkur kvenna \u00ed handbolta"}]},{"@type":"WebSite","@id":"https:\/\/grotta.is\/#website","url":"https:\/\/grotta.is\/","name":"\u00cd\u00fer\u00f3ttaf\u00e9lagi\u00f0 Gr\u00f3tta","description":"\u00e1 Seltjarnarnesi","publisher":{"@id":"https:\/\/grotta.is\/#organization"},"potentialAction":[{"@type":"SearchAction","target":{"@type":"EntryPoint","urlTemplate":"https:\/\/grotta.is\/?s={search_term_string}"},"query-input":{"@type":"PropertyValueSpecification","valueRequired":true,"valueName":"search_term_string"}}],"inLanguage":"en-US"},{"@type":"Organization","@id":"https:\/\/grotta.is\/#organization","name":"\u00cd\u00fer\u00f3ttaf\u00e9lagi\u00f0 Gr\u00f3tta","url":"https:\/\/grotta.is\/","logo":{"@type":"ImageObject","inLanguage":"en-US","@id":"https:\/\/grotta.is\/#\/schema\/logo\/image\/","url":"https:\/\/grotta.is\/wp-content\/uploads\/2020\/02\/ithrottafelagidgrotta_logo_512x512_transparent.png","contentUrl":"https:\/\/grotta.is\/wp-content\/uploads\/2020\/02\/ithrottafelagidgrotta_logo_512x512_transparent.png","width":512,"height":512,"caption":"\u00cd\u00fer\u00f3ttaf\u00e9lagi\u00f0 Gr\u00f3tta"},"image":{"@id":"https:\/\/grotta.is\/#\/schema\/logo\/image\/"},"sameAs":["https:\/\/www.facebook.com\/grottasport"]},{"@type":"Person","@id":"https:\/\/grotta.is\/#\/schema\/person\/08ec57bf09ee925f1b6a01540c14a5ce","name":"Grotta","url":"https:\/\/grotta.is\/en\/author\/inga\/"}]}},"_links":{"self":[{"href":"https:\/\/grotta.is\/en\/wp-json\/wp\/v2\/posts\/68233","targetHints":{"allow":["GET"]}}],"collection":[{"href":"https:\/\/grotta.is\/en\/wp-json\/wp\/v2\/posts"}],"about":[{"href":"https:\/\/grotta.is\/en\/wp-json\/wp\/v2\/types\/post"}],"author":[{"embeddable":true,"href":"https:\/\/grotta.is\/en\/wp-json\/wp\/v2\/users\/2"}],"replies":[{"embeddable":true,"href":"https:\/\/grotta.is\/en\/wp-json\/wp\/v2\/comments?post=68233"}],"version-history":[{"count":1,"href":"https:\/\/grotta.is\/en\/wp-json\/wp\/v2\/posts\/68233\/revisions"}],"predecessor-version":[{"id":68241,"href":"https:\/\/grotta.is\/en\/wp-json\/wp\/v2\/posts\/68233\/revisions\/68241"}],"wp:featuredmedia":[{"embeddable":true,"href":"https:\/\/grotta.is\/en\/wp-json\/wp\/v2\/media\/68240"}],"wp:attachment":[{"href":"https:\/\/grotta.is\/en\/wp-json\/wp\/v2\/media?parent=68233"}],"wp:term":[{"taxonomy":"category","embeddable":true,"href":"https:\/\/grotta.is\/en\/wp-json\/wp\/v2\/categories?post=68233"},{"taxonomy":"post_tag","embeddable":true,"href":"https:\/\/grotta.is\/en\/wp-json\/wp\/v2\/tags?post=68233"}],"curies":[{"name":"wp","href":"https:\/\/api.w.org\/{rel}","templated":true}]}}