{"id":67,"date":"2015-02-05T21:59:00","date_gmt":"2015-02-05T21:59:00","guid":{"rendered":"https:\/\/grotta.is\/?p=67"},"modified":"2020-02-18T23:00:23","modified_gmt":"2020-02-18T23:00:23","slug":"uppskeruhatid-handknattleiksdeildar","status":"publish","type":"post","link":"https:\/\/grotta.is\/en\/handknattleiksdeild\/uppskeruhatid-handknattleiksdeildar\/","title":{"rendered":"Uppskeruh\u00e1t\u00ed\u00f0 handknattleiksdeildar"},"content":{"rendered":"<p>N\u00fa \u00e1 d\u00f6gunum f\u00f3r fram uppskeruh\u00e1t\u00ed\u00f0 yngri flokka handknattleiksdeildar Gr\u00f3ttu. Mikill fj\u00f6ldi hefur stunda\u00f0 handbolta \u00e1 vegum f\u00e9lagsins \u00ed vetur og hefur i\u00f0kendum fj\u00f6lga\u00f0 umtalsvert \u00e1 milli \u00e1ra. H\u00e9r a\u00f0 ne\u00f0an m\u00e1 sj\u00e1 lista yfir \u00fe\u00e1 i\u00f0kendur sem fengu vi\u00f0urkenningar \u00e1 uppskeruh\u00e1t\u00ed\u00f0inni. \u00d6llum i\u00f0kendum \u00ed 7.-8. flokki var veitt vi\u00f0urkenning fyrir \u00e1rangur og \u00e1stundun,<\/p><h4 class=\"wp-block-heading\"><strong>3.flokkur kvenna<\/strong><\/h4><ul class=\"wp-block-list\"><li>Mikilv\u00e6gasti leikma\u00f0ur \u2013 Lov\u00edsa Thompson<\/li><li>Mikilv\u00e6gasti leikma\u00f0ur \u2013 El\u00edn J\u00f3na \u00deorsteinsd\u00f3ttir<\/li><li>Mestu framfarir \u2013 Hrafnhildur Birta Valdimarsd\u00f3ttir<\/li><li>Mestu framfarir \u2013 Stefan\u00eda Helga Sigur\u00f0ard\u00f3ttir<\/li><li>Efnilegasti leikma\u00f0ur \u2013 Anna Katr\u00edn Stef\u00e1nsd\u00f3ttir<\/li><li>Efnilegasti leikma\u00f0ur \u2013 Andrea Agla \u00d6glud\u00f3ttir<\/li><\/ul><h4 class=\"wp-block-heading\">4. flokkur kvenna<\/h4><ul class=\"wp-block-list\"><li>Besti leikma\u00f0ur \u2013 Tinna Valger\u00f0ur G\u00edslad\u00f3ttir<\/li><li>Mestu framfarir \u2013 Soff\u00eda Steingr\u00edmsd\u00f3ttir<\/li><\/ul><h4 class=\"wp-block-heading\">5. flokkur kvenna<\/h4><p><strong>Eldra \u00e1r:<\/strong><\/p><ul class=\"wp-block-list\"><li>Besti leikma\u00f0urinn \u2013 Valger\u00f0ur Helga \u00cdsaksd\u00f3ttir<\/li><li>Efnilegasti leikma\u00f0urinn \u2013 Birta Mar\u00eda Birnisd\u00f3ttir<\/li><li>\u00c1stundun \u2013 Soff\u00eda \u00d3lafsd\u00f3ttir<\/li><\/ul><p><strong>Yngra \u00e1r:<\/strong><\/p><ul class=\"wp-block-list\"><li>Efnilegasti leikma\u00f0urinn \u2013 Karla Kristj\u00e1nsd\u00f3ttir<\/li><li>Mestu framfarir \u2013 Ragnhei\u00f0ur \u00d3sk \u00de\u00f3rsd\u00f3ttir Dungal<\/li><li>\u00c1stundun &#8211; Katr\u00edn Helga Sigurbergsd\u00f3ttir<\/li><\/ul><h4 class=\"wp-block-heading\">6. flokkur kvenna<\/h4><p><strong>Eldra \u00e1r:<\/strong><\/p><ul class=\"wp-block-list\"><li>\u00c1stundun og framfarir \u2013 Edda Steingr\u00edmsd\u00f3ttir<\/li><li>\u00c1stundun og framfarir \u2013 Mar\u00eda Bj\u00f6rk Stef\u00e1nsd\u00f3ttir<\/li><li>Efnilegasti leikma\u00f0ur \u2013 Patricia D\u00faa Thompson<\/li><\/ul><p><strong>Yngra \u00e1r:<\/strong><\/p><ul class=\"wp-block-list\"><li>\u00c1stundun og framfarir \u2013 Arnhildur Sj\u00f6fn \u00c1rnad\u00f3ttir<\/li><li>\u00c1stundun og framfarir \u2013 Sara Stef\u00e1nsd\u00f3ttir<\/li><li>Efnilegasti leikma\u00f0ur \u2013 Tinna Br\u00e1 Magn\u00fasd\u00f3ttir<\/li><li>Besti li\u00f0sma\u00f0ur \u2013 Mar\u00eda Lov\u00edsa J\u00f3nasd\u00f3ttir<\/li><\/ul><h4 class=\"wp-block-heading\">4. flokkur karla<\/h4><ul class=\"wp-block-list\"><li>Besti leikma\u00f0ur \u2013 \u00c1smundur Atlason<\/li><li>Besta \u00e1stundun og framfarir \u2013 Hannes Grimm<\/li><\/ul><h4 class=\"wp-block-heading\">5. flokkur karla<\/h4><p><strong>Eldra \u00e1r:<\/strong><\/p><ul class=\"wp-block-list\"><li>Efnilegasti leikma\u00f0ur \u2013 H\u00e1kon Rafn Valdimarsson<\/li><li>Besta \u00e1stundun og framfarir \u2013 Ingi \u00de\u00f3r Olafson<\/li><\/ul><p><strong>Yngra \u00e1r:<\/strong><\/p><ul class=\"wp-block-list\"><li>Efnilegasti leikma\u00f0ur \u2013 Gunnar Hrafn P\u00e1lsson<\/li><li>Besta \u00e1stundun og framfarir \u2013 Bjarki Dan\u00edel \u00de\u00f3rarinsson<\/li><\/ul><h4 class=\"wp-block-heading\">6. flokkur karla<\/h4><p><strong>Yngra \u00e1r:<\/strong><\/p><ul class=\"wp-block-list\"><li>Efnilegasti leikma\u00f0ur \u2013 Ragnar Bj\u00f6rn Bragason<\/li><li>Besta \u00e1stundun \u2013 Halld\u00f3r Orri J\u00f3nsson<\/li><li>Mestu framfarir \u2013 Fr\u00f3\u00f0i J\u00f3nsson<\/li><\/ul><p><strong>Eldra \u00e1r:<\/strong><\/p><ul class=\"wp-block-list\"><li>Besta \u00e1stundun \u2013 Benedikt Arnar Dav\u00ed\u00f0sson<\/li><li>Mestu framfarir &#8211; Gr\u00edmur Ingi Jakobsson<\/li><li>Efnilegasti leikma\u00f0ur \u2013 Hannes \u00cdsberg Gunnarsson<\/li><\/ul>","protected":false},"excerpt":{"rendered":"<p>N\u00fa \u00e1 d\u00f6gunum f\u00f3r fram uppskeruh\u00e1t\u00ed\u00f0 yngri flokka handknattleiksdeildar Gr\u00f3ttu. Mikill fj\u00f6ldi hefur stunda\u00f0 handbolta \u00e1 vegum f\u00e9lagsins \u00ed vetur og hefur i\u00f0kendum fj\u00f6lga\u00f0 umtalsvert \u00e1 milli \u00e1ra. H\u00e9r a\u00f0 [&hellip;]<\/p>","protected":false},"author":2,"featured_media":36,"comment_status":"closed","ping_status":"closed","sticky":false,"template":"","format":"standard","meta":{"footnotes":""},"categories":[12],"tags":[13,15],"class_list":["post-67","post","type-post","status-publish","format-standard","has-post-thumbnail","hentry","category-handknattleiksdeild","tag-handbolti","tag-yngri-flokkar"],"yoast_head":"<!-- This site is optimized with the Yoast SEO plugin v24.3 - https:\/\/yoast.com\/wordpress\/plugins\/seo\/ -->\n<title>Uppskeruh\u00e1t\u00ed\u00f0 handknattleiksdeildar - \u00cd\u00fer\u00f3ttaf\u00e9lagi\u00f0 Gr\u00f3tta<\/title>\n<meta name=\"robots\" content=\"index, follow, max-snippet:-1, max-image-preview:large, max-video-preview:-1\" \/>\n<link rel=\"canonical\" href=\"https:\/\/grotta.is\/en\/handknattleiksdeild\/uppskeruhatid-handknattleiksdeildar\/\" \/>\n<meta property=\"og:locale\" content=\"en_US\" \/>\n<meta property=\"og:type\" content=\"article\" \/>\n<meta property=\"og:title\" content=\"Uppskeruh\u00e1t\u00ed\u00f0 handknattleiksdeildar - \u00cd\u00fer\u00f3ttaf\u00e9lagi\u00f0 Gr\u00f3tta\" \/>\n<meta property=\"og:description\" content=\"N\u00fa \u00e1 d\u00f6gunum f\u00f3r fram uppskeruh\u00e1t\u00ed\u00f0 yngri flokka handknattleiksdeildar Gr\u00f3ttu. Mikill fj\u00f6ldi hefur stunda\u00f0 handbolta \u00e1 vegum f\u00e9lagsins \u00ed vetur og hefur i\u00f0kendum fj\u00f6lga\u00f0 umtalsvert \u00e1 milli \u00e1ra. H\u00e9r a\u00f0 [&hellip;]\" \/>\n<meta property=\"og:url\" content=\"https:\/\/grotta.is\/en\/handknattleiksdeild\/uppskeruhatid-handknattleiksdeildar\/\" \/>\n<meta property=\"og:site_name\" content=\"\u00cd\u00fer\u00f3ttaf\u00e9lagi\u00f0 Gr\u00f3tta\" \/>\n<meta property=\"article:publisher\" content=\"https:\/\/www.facebook.com\/grottasport\" \/>\n<meta property=\"article:published_time\" content=\"2015-02-05T21:59:00+00:00\" \/>\n<meta property=\"article:modified_time\" content=\"2020-02-18T23:00:23+00:00\" \/>\n<meta property=\"og:image\" content=\"https:\/\/grotta.is\/wp-content\/uploads\/2020\/02\/Grotta_Logo_hvitur_bakgrunnur_1920x1080.png\" \/>\n\t<meta property=\"og:image:width\" content=\"1920\" \/>\n\t<meta property=\"og:image:height\" content=\"1080\" \/>\n\t<meta property=\"og:image:type\" content=\"image\/png\" \/>\n<meta name=\"author\" content=\"Grotta\" \/>\n<meta name=\"twitter:card\" content=\"summary_large_image\" \/>\n<meta name=\"twitter:label1\" content=\"Written by\" \/>\n\t<meta name=\"twitter:data1\" content=\"Grotta\" \/>\n\t<meta name=\"twitter:label2\" content=\"Est. reading time\" \/>\n\t<meta name=\"twitter:data2\" content=\"2 minutes\" \/>\n<script type=\"application\/ld+json\" class=\"yoast-schema-graph\">{\"@context\":\"https:\/\/schema.org\",\"@graph\":[{\"@type\":\"Article\",\"@id\":\"https:\/\/grotta.is\/handknattleiksdeild\/uppskeruhatid-handknattleiksdeildar\/#article\",\"isPartOf\":{\"@id\":\"https:\/\/grotta.is\/handknattleiksdeild\/uppskeruhatid-handknattleiksdeildar\/\"},\"author\":{\"name\":\"Grotta\",\"@id\":\"https:\/\/grotta.is\/#\/schema\/person\/08ec57bf09ee925f1b6a01540c14a5ce\"},\"headline\":\"Uppskeruh\u00e1t\u00ed\u00f0 handknattleiksdeildar\",\"datePublished\":\"2015-02-05T21:59:00+00:00\",\"dateModified\":\"2020-02-18T23:00:23+00:00\",\"mainEntityOfPage\":{\"@id\":\"https:\/\/grotta.is\/handknattleiksdeild\/uppskeruhatid-handknattleiksdeildar\/\"},\"wordCount\":339,\"publisher\":{\"@id\":\"https:\/\/grotta.is\/#organization\"},\"image\":{\"@id\":\"https:\/\/grotta.is\/handknattleiksdeild\/uppskeruhatid-handknattleiksdeildar\/#primaryimage\"},\"thumbnailUrl\":\"https:\/\/grotta.is\/wp-content\/uploads\/2020\/02\/Grotta_Logo_hvitur_bakgrunnur_1920x1080.png\",\"keywords\":[\"Handbolti\",\"Yngri flokkar\"],\"articleSection\":[\"Handknattleiksdeild\"],\"inLanguage\":\"en-US\"},{\"@type\":\"WebPage\",\"@id\":\"https:\/\/grotta.is\/handknattleiksdeild\/uppskeruhatid-handknattleiksdeildar\/\",\"url\":\"https:\/\/grotta.is\/handknattleiksdeild\/uppskeruhatid-handknattleiksdeildar\/\",\"name\":\"Uppskeruh\u00e1t\u00ed\u00f0 handknattleiksdeildar - \u00cd\u00fer\u00f3ttaf\u00e9lagi\u00f0 Gr\u00f3tta\",\"isPartOf\":{\"@id\":\"https:\/\/grotta.is\/#website\"},\"primaryImageOfPage\":{\"@id\":\"https:\/\/grotta.is\/handknattleiksdeild\/uppskeruhatid-handknattleiksdeildar\/#primaryimage\"},\"image\":{\"@id\":\"https:\/\/grotta.is\/handknattleiksdeild\/uppskeruhatid-handknattleiksdeildar\/#primaryimage\"},\"thumbnailUrl\":\"https:\/\/grotta.is\/wp-content\/uploads\/2020\/02\/Grotta_Logo_hvitur_bakgrunnur_1920x1080.png\",\"datePublished\":\"2015-02-05T21:59:00+00:00\",\"dateModified\":\"2020-02-18T23:00:23+00:00\",\"breadcrumb\":{\"@id\":\"https:\/\/grotta.is\/handknattleiksdeild\/uppskeruhatid-handknattleiksdeildar\/#breadcrumb\"},\"inLanguage\":\"en-US\",\"potentialAction\":[{\"@type\":\"ReadAction\",\"target\":[\"https:\/\/grotta.is\/handknattleiksdeild\/uppskeruhatid-handknattleiksdeildar\/\"]}]},{\"@type\":\"ImageObject\",\"inLanguage\":\"en-US\",\"@id\":\"https:\/\/grotta.is\/handknattleiksdeild\/uppskeruhatid-handknattleiksdeildar\/#primaryimage\",\"url\":\"https:\/\/grotta.is\/wp-content\/uploads\/2020\/02\/Grotta_Logo_hvitur_bakgrunnur_1920x1080.png\",\"contentUrl\":\"https:\/\/grotta.is\/wp-content\/uploads\/2020\/02\/Grotta_Logo_hvitur_bakgrunnur_1920x1080.png\",\"width\":1920,\"height\":1080},{\"@type\":\"BreadcrumbList\",\"@id\":\"https:\/\/grotta.is\/handknattleiksdeild\/uppskeruhatid-handknattleiksdeildar\/#breadcrumb\",\"itemListElement\":[{\"@type\":\"ListItem\",\"position\":1,\"name\":\"Home\",\"item\":\"https:\/\/grotta.is\/\"},{\"@type\":\"ListItem\",\"position\":2,\"name\":\"Uppskeruh\u00e1t\u00ed\u00f0 handknattleiksdeildar\"}]},{\"@type\":\"WebSite\",\"@id\":\"https:\/\/grotta.is\/#website\",\"url\":\"https:\/\/grotta.is\/\",\"name\":\"\u00cd\u00fer\u00f3ttaf\u00e9lagi\u00f0 Gr\u00f3tta\",\"description\":\"\u00e1 Seltjarnarnesi\",\"publisher\":{\"@id\":\"https:\/\/grotta.is\/#organization\"},\"potentialAction\":[{\"@type\":\"SearchAction\",\"target\":{\"@type\":\"EntryPoint\",\"urlTemplate\":\"https:\/\/grotta.is\/?s={search_term_string}\"},\"query-input\":{\"@type\":\"PropertyValueSpecification\",\"valueRequired\":true,\"valueName\":\"search_term_string\"}}],\"inLanguage\":\"en-US\"},{\"@type\":\"Organization\",\"@id\":\"https:\/\/grotta.is\/#organization\",\"name\":\"\u00cd\u00fer\u00f3ttaf\u00e9lagi\u00f0 Gr\u00f3tta\",\"url\":\"https:\/\/grotta.is\/\",\"logo\":{\"@type\":\"ImageObject\",\"inLanguage\":\"en-US\",\"@id\":\"https:\/\/grotta.is\/#\/schema\/logo\/image\/\",\"url\":\"https:\/\/grotta.is\/wp-content\/uploads\/2020\/02\/ithrottafelagidgrotta_logo_512x512_transparent.png\",\"contentUrl\":\"https:\/\/grotta.is\/wp-content\/uploads\/2020\/02\/ithrottafelagidgrotta_logo_512x512_transparent.png\",\"width\":512,\"height\":512,\"caption\":\"\u00cd\u00fer\u00f3ttaf\u00e9lagi\u00f0 Gr\u00f3tta\"},\"image\":{\"@id\":\"https:\/\/grotta.is\/#\/schema\/logo\/image\/\"},\"sameAs\":[\"https:\/\/www.facebook.com\/grottasport\"]},{\"@type\":\"Person\",\"@id\":\"https:\/\/grotta.is\/#\/schema\/person\/08ec57bf09ee925f1b6a01540c14a5ce\",\"name\":\"Grotta\",\"url\":\"https:\/\/grotta.is\/en\/author\/inga\/\"}]}<\/script>\n<!-- \/ Yoast SEO plugin. -->","yoast_head_json":{"title":"Uppskeruh\u00e1t\u00ed\u00f0 handknattleiksdeildar - \u00cd\u00fer\u00f3ttaf\u00e9lagi\u00f0 Gr\u00f3tta","robots":{"index":"index","follow":"follow","max-snippet":"max-snippet:-1","max-image-preview":"max-image-preview:large","max-video-preview":"max-video-preview:-1"},"canonical":"https:\/\/grotta.is\/en\/handknattleiksdeild\/uppskeruhatid-handknattleiksdeildar\/","og_locale":"en_US","og_type":"article","og_title":"Uppskeruh\u00e1t\u00ed\u00f0 handknattleiksdeildar - \u00cd\u00fer\u00f3ttaf\u00e9lagi\u00f0 Gr\u00f3tta","og_description":"N\u00fa \u00e1 d\u00f6gunum f\u00f3r fram uppskeruh\u00e1t\u00ed\u00f0 yngri flokka handknattleiksdeildar Gr\u00f3ttu. Mikill fj\u00f6ldi hefur stunda\u00f0 handbolta \u00e1 vegum f\u00e9lagsins \u00ed vetur og hefur i\u00f0kendum fj\u00f6lga\u00f0 umtalsvert \u00e1 milli \u00e1ra. H\u00e9r a\u00f0 [&hellip;]","og_url":"https:\/\/grotta.is\/en\/handknattleiksdeild\/uppskeruhatid-handknattleiksdeildar\/","og_site_name":"\u00cd\u00fer\u00f3ttaf\u00e9lagi\u00f0 Gr\u00f3tta","article_publisher":"https:\/\/www.facebook.com\/grottasport","article_published_time":"2015-02-05T21:59:00+00:00","article_modified_time":"2020-02-18T23:00:23+00:00","og_image":[{"width":1920,"height":1080,"url":"https:\/\/grotta.is\/wp-content\/uploads\/2020\/02\/Grotta_Logo_hvitur_bakgrunnur_1920x1080.png","type":"image\/png"}],"author":"Grotta","twitter_card":"summary_large_image","twitter_misc":{"Written by":"Grotta","Est. reading time":"2 minutes"},"schema":{"@context":"https:\/\/schema.org","@graph":[{"@type":"Article","@id":"https:\/\/grotta.is\/handknattleiksdeild\/uppskeruhatid-handknattleiksdeildar\/#article","isPartOf":{"@id":"https:\/\/grotta.is\/handknattleiksdeild\/uppskeruhatid-handknattleiksdeildar\/"},"author":{"name":"Grotta","@id":"https:\/\/grotta.is\/#\/schema\/person\/08ec57bf09ee925f1b6a01540c14a5ce"},"headline":"Uppskeruh\u00e1t\u00ed\u00f0 handknattleiksdeildar","datePublished":"2015-02-05T21:59:00+00:00","dateModified":"2020-02-18T23:00:23+00:00","mainEntityOfPage":{"@id":"https:\/\/grotta.is\/handknattleiksdeild\/uppskeruhatid-handknattleiksdeildar\/"},"wordCount":339,"publisher":{"@id":"https:\/\/grotta.is\/#organization"},"image":{"@id":"https:\/\/grotta.is\/handknattleiksdeild\/uppskeruhatid-handknattleiksdeildar\/#primaryimage"},"thumbnailUrl":"https:\/\/grotta.is\/wp-content\/uploads\/2020\/02\/Grotta_Logo_hvitur_bakgrunnur_1920x1080.png","keywords":["Handbolti","Yngri flokkar"],"articleSection":["Handknattleiksdeild"],"inLanguage":"en-US"},{"@type":"WebPage","@id":"https:\/\/grotta.is\/handknattleiksdeild\/uppskeruhatid-handknattleiksdeildar\/","url":"https:\/\/grotta.is\/handknattleiksdeild\/uppskeruhatid-handknattleiksdeildar\/","name":"Uppskeruh\u00e1t\u00ed\u00f0 handknattleiksdeildar - \u00cd\u00fer\u00f3ttaf\u00e9lagi\u00f0 Gr\u00f3tta","isPartOf":{"@id":"https:\/\/grotta.is\/#website"},"primaryImageOfPage":{"@id":"https:\/\/grotta.is\/handknattleiksdeild\/uppskeruhatid-handknattleiksdeildar\/#primaryimage"},"image":{"@id":"https:\/\/grotta.is\/handknattleiksdeild\/uppskeruhatid-handknattleiksdeildar\/#primaryimage"},"thumbnailUrl":"https:\/\/grotta.is\/wp-content\/uploads\/2020\/02\/Grotta_Logo_hvitur_bakgrunnur_1920x1080.png","datePublished":"2015-02-05T21:59:00+00:00","dateModified":"2020-02-18T23:00:23+00:00","breadcrumb":{"@id":"https:\/\/grotta.is\/handknattleiksdeild\/uppskeruhatid-handknattleiksdeildar\/#breadcrumb"},"inLanguage":"en-US","potentialAction":[{"@type":"ReadAction","target":["https:\/\/grotta.is\/handknattleiksdeild\/uppskeruhatid-handknattleiksdeildar\/"]}]},{"@type":"ImageObject","inLanguage":"en-US","@id":"https:\/\/grotta.is\/handknattleiksdeild\/uppskeruhatid-handknattleiksdeildar\/#primaryimage","url":"https:\/\/grotta.is\/wp-content\/uploads\/2020\/02\/Grotta_Logo_hvitur_bakgrunnur_1920x1080.png","contentUrl":"https:\/\/grotta.is\/wp-content\/uploads\/2020\/02\/Grotta_Logo_hvitur_bakgrunnur_1920x1080.png","width":1920,"height":1080},{"@type":"BreadcrumbList","@id":"https:\/\/grotta.is\/handknattleiksdeild\/uppskeruhatid-handknattleiksdeildar\/#breadcrumb","itemListElement":[{"@type":"ListItem","position":1,"name":"Home","item":"https:\/\/grotta.is\/"},{"@type":"ListItem","position":2,"name":"Uppskeruh\u00e1t\u00ed\u00f0 handknattleiksdeildar"}]},{"@type":"WebSite","@id":"https:\/\/grotta.is\/#website","url":"https:\/\/grotta.is\/","name":"\u00cd\u00fer\u00f3ttaf\u00e9lagi\u00f0 Gr\u00f3tta","description":"\u00e1 Seltjarnarnesi","publisher":{"@id":"https:\/\/grotta.is\/#organization"},"potentialAction":[{"@type":"SearchAction","target":{"@type":"EntryPoint","urlTemplate":"https:\/\/grotta.is\/?s={search_term_string}"},"query-input":{"@type":"PropertyValueSpecification","valueRequired":true,"valueName":"search_term_string"}}],"inLanguage":"en-US"},{"@type":"Organization","@id":"https:\/\/grotta.is\/#organization","name":"\u00cd\u00fer\u00f3ttaf\u00e9lagi\u00f0 Gr\u00f3tta","url":"https:\/\/grotta.is\/","logo":{"@type":"ImageObject","inLanguage":"en-US","@id":"https:\/\/grotta.is\/#\/schema\/logo\/image\/","url":"https:\/\/grotta.is\/wp-content\/uploads\/2020\/02\/ithrottafelagidgrotta_logo_512x512_transparent.png","contentUrl":"https:\/\/grotta.is\/wp-content\/uploads\/2020\/02\/ithrottafelagidgrotta_logo_512x512_transparent.png","width":512,"height":512,"caption":"\u00cd\u00fer\u00f3ttaf\u00e9lagi\u00f0 Gr\u00f3tta"},"image":{"@id":"https:\/\/grotta.is\/#\/schema\/logo\/image\/"},"sameAs":["https:\/\/www.facebook.com\/grottasport"]},{"@type":"Person","@id":"https:\/\/grotta.is\/#\/schema\/person\/08ec57bf09ee925f1b6a01540c14a5ce","name":"Grotta","url":"https:\/\/grotta.is\/en\/author\/inga\/"}]}},"_links":{"self":[{"href":"https:\/\/grotta.is\/en\/wp-json\/wp\/v2\/posts\/67","targetHints":{"allow":["GET"]}}],"collection":[{"href":"https:\/\/grotta.is\/en\/wp-json\/wp\/v2\/posts"}],"about":[{"href":"https:\/\/grotta.is\/en\/wp-json\/wp\/v2\/types\/post"}],"author":[{"embeddable":true,"href":"https:\/\/grotta.is\/en\/wp-json\/wp\/v2\/users\/2"}],"replies":[{"embeddable":true,"href":"https:\/\/grotta.is\/en\/wp-json\/wp\/v2\/comments?post=67"}],"version-history":[{"count":0,"href":"https:\/\/grotta.is\/en\/wp-json\/wp\/v2\/posts\/67\/revisions"}],"wp:featuredmedia":[{"embeddable":true,"href":"https:\/\/grotta.is\/en\/wp-json\/wp\/v2\/media\/36"}],"wp:attachment":[{"href":"https:\/\/grotta.is\/en\/wp-json\/wp\/v2\/media?parent=67"}],"wp:term":[{"taxonomy":"category","embeddable":true,"href":"https:\/\/grotta.is\/en\/wp-json\/wp\/v2\/categories?post=67"},{"taxonomy":"post_tag","embeddable":true,"href":"https:\/\/grotta.is\/en\/wp-json\/wp\/v2\/tags?post=67"}],"curies":[{"name":"wp","href":"https:\/\/api.w.org\/{rel}","templated":true}]}}