{"id":6252,"date":"2017-11-22T00:21:42","date_gmt":"2017-11-22T00:21:42","guid":{"rendered":"https:\/\/grotta.is\/?p=6252"},"modified":"2020-05-13T00:28:44","modified_gmt":"2020-05-13T00:28:44","slug":"handboltablad-grottu-2017-er-komid-ut","status":"publish","type":"post","link":"https:\/\/grotta.is\/en\/handknattleiksdeild\/handboltablad-grottu-2017-er-komid-ut\/","title":{"rendered":"Handboltabla\u00f0 Gr\u00f3ttu 2017 er komi\u00f0 \u00fat"},"content":{"rendered":"<p>N\u00fa \u00e1 d\u00f6gunum gaf handknattleiksdeild Gr\u00f3ttu \u00fat veglegt handboltabla\u00f0. Markmi\u00f0i\u00f0 er a\u00f0 kynna \u00fea\u00f0 \u00f6fluga starf sem deildin stendur fyrir og afla tekna \u00ed lei\u00f0inni. Bla\u00f0inu er dreift \u00ed \u00f6ll h\u00fas \u00e1 Seltjarnarnesi auk \u00feess sem \u00fea\u00f0 mun liggja frammi \u00e1 fj\u00f6lf\u00f6rnum st\u00f6\u00f0um, s.s. veitingah\u00fasum og stofnunum \u00ed vesturhluta h\u00f6fu\u00f0borgarsv\u00e6\u00f0isins.<\/p><p>Ristj\u00f3rn bla\u00f0sins vill \u00feakka \u00f6llum \u00feeim sem komu a\u00f0 ger\u00f0 bla\u00f0sins, vi\u00f0m\u00e6lendum, augl\u00fdsendum, Eyj\u00f3lfi lj\u00f3smyndara fyrir s\u00ednar myndir og ekki s\u00edst \u00feeim sem s\u00e1u um a\u00f0 dreifa bla\u00f0inu.<\/p><p>H\u00e6gt er a\u00f0 n\u00e1lgast bla\u00f0i\u00f0 \u00ed afgrei\u00f0slu \u00ed\u00fer\u00f3ttah\u00fassins og einnig me\u00f0 \u00fev\u00ed a\u00f0 smella h\u00e9r.<\/p>","protected":false},"excerpt":{"rendered":"<p>N\u00fa \u00e1 d\u00f6gunum gaf handknattleiksdeild Gr\u00f3ttu \u00fat veglegt handboltabla\u00f0. Markmi\u00f0i\u00f0 er a\u00f0 kynna \u00fea\u00f0 \u00f6fluga starf sem deildin stendur fyrir og afla tekna \u00ed lei\u00f0inni. Bla\u00f0inu er dreift \u00ed \u00f6ll h\u00fas \u00e1 Seltjarnarnesi auk \u00feess sem \u00fea\u00f0 mun liggja frammi \u00e1 fj\u00f6lf\u00f6rnum st\u00f6\u00f0um, s.s. veitingah\u00fasum og stofnunum \u00ed vesturhluta h\u00f6fu\u00f0borgarsv\u00e6\u00f0isins.<\/p>","protected":false},"author":2,"featured_media":2603,"comment_status":"closed","ping_status":"closed","sticky":false,"template":"","format":"standard","meta":{"footnotes":""},"categories":[12],"tags":[13,5],"class_list":["post-6252","post","type-post","status-publish","format-standard","has-post-thumbnail","hentry","category-handknattleiksdeild","tag-handbolti","tag-timarit"],"yoast_head":"<!-- This site is optimized with the Yoast SEO plugin v24.3 - https:\/\/yoast.com\/wordpress\/plugins\/seo\/ -->\n<title>Handboltabla\u00f0 Gr\u00f3ttu 2017 er komi\u00f0 \u00fat - \u00cd\u00fer\u00f3ttaf\u00e9lagi\u00f0 Gr\u00f3tta<\/title>\n<meta name=\"robots\" content=\"index, follow, max-snippet:-1, max-image-preview:large, max-video-preview:-1\" \/>\n<link rel=\"canonical\" href=\"https:\/\/grotta.is\/en\/handknattleiksdeild\/handboltablad-grottu-2017-er-komid-ut\/\" \/>\n<meta property=\"og:locale\" content=\"en_US\" \/>\n<meta property=\"og:type\" content=\"article\" \/>\n<meta property=\"og:title\" content=\"Handboltabla\u00f0 Gr\u00f3ttu 2017 er komi\u00f0 \u00fat - \u00cd\u00fer\u00f3ttaf\u00e9lagi\u00f0 Gr\u00f3tta\" \/>\n<meta property=\"og:description\" content=\"N\u00fa \u00e1 d\u00f6gunum gaf handknattleiksdeild Gr\u00f3ttu \u00fat veglegt handboltabla\u00f0. Markmi\u00f0i\u00f0 er a\u00f0 kynna \u00fea\u00f0 \u00f6fluga starf sem deildin stendur fyrir og afla tekna \u00ed lei\u00f0inni. Bla\u00f0inu er dreift \u00ed \u00f6ll h\u00fas \u00e1 Seltjarnarnesi auk \u00feess sem \u00fea\u00f0 mun liggja frammi \u00e1 fj\u00f6lf\u00f6rnum st\u00f6\u00f0um, s.s. veitingah\u00fasum og stofnunum \u00ed vesturhluta h\u00f6fu\u00f0borgarsv\u00e6\u00f0isins.\" \/>\n<meta property=\"og:url\" content=\"https:\/\/grotta.is\/en\/handknattleiksdeild\/handboltablad-grottu-2017-er-komid-ut\/\" \/>\n<meta property=\"og:site_name\" content=\"\u00cd\u00fer\u00f3ttaf\u00e9lagi\u00f0 Gr\u00f3tta\" \/>\n<meta property=\"article:publisher\" content=\"https:\/\/www.facebook.com\/grottasport\" \/>\n<meta property=\"article:published_time\" content=\"2017-11-22T00:21:42+00:00\" \/>\n<meta property=\"article:modified_time\" content=\"2020-05-13T00:28:44+00:00\" \/>\n<meta property=\"og:image\" content=\"https:\/\/grotta.is\/wp-content\/uploads\/2018\/10\/grotta_handbolti_mflkvk-14.jpg\" \/>\n\t<meta property=\"og:image:width\" content=\"1035\" \/>\n\t<meta property=\"og:image:height\" content=\"879\" \/>\n\t<meta property=\"og:image:type\" content=\"image\/jpeg\" \/>\n<meta name=\"author\" content=\"Grotta\" \/>\n<meta name=\"twitter:card\" content=\"summary_large_image\" \/>\n<meta name=\"twitter:label1\" content=\"Written by\" \/>\n\t<meta name=\"twitter:data1\" content=\"Grotta\" \/>\n\t<meta name=\"twitter:label2\" content=\"Est. reading time\" \/>\n\t<meta name=\"twitter:data2\" content=\"1 minute\" \/>\n<script type=\"application\/ld+json\" class=\"yoast-schema-graph\">{\"@context\":\"https:\/\/schema.org\",\"@graph\":[{\"@type\":\"Article\",\"@id\":\"https:\/\/grotta.is\/handknattleiksdeild\/handboltablad-grottu-2017-er-komid-ut\/#article\",\"isPartOf\":{\"@id\":\"https:\/\/grotta.is\/handknattleiksdeild\/handboltablad-grottu-2017-er-komid-ut\/\"},\"author\":{\"name\":\"Grotta\",\"@id\":\"https:\/\/grotta.is\/#\/schema\/person\/08ec57bf09ee925f1b6a01540c14a5ce\"},\"headline\":\"Handboltabla\u00f0 Gr\u00f3ttu 2017 er komi\u00f0 \u00fat\",\"datePublished\":\"2017-11-22T00:21:42+00:00\",\"dateModified\":\"2020-05-13T00:28:44+00:00\",\"mainEntityOfPage\":{\"@id\":\"https:\/\/grotta.is\/handknattleiksdeild\/handboltablad-grottu-2017-er-komid-ut\/\"},\"wordCount\":125,\"publisher\":{\"@id\":\"https:\/\/grotta.is\/#organization\"},\"image\":{\"@id\":\"https:\/\/grotta.is\/handknattleiksdeild\/handboltablad-grottu-2017-er-komid-ut\/#primaryimage\"},\"thumbnailUrl\":\"https:\/\/grotta.is\/wp-content\/uploads\/2018\/10\/grotta_handbolti_mflkvk-14.jpg\",\"keywords\":[\"Handbolti\",\"T\u00edmarit\"],\"articleSection\":[\"Handknattleiksdeild\"],\"inLanguage\":\"en-US\"},{\"@type\":\"WebPage\",\"@id\":\"https:\/\/grotta.is\/handknattleiksdeild\/handboltablad-grottu-2017-er-komid-ut\/\",\"url\":\"https:\/\/grotta.is\/handknattleiksdeild\/handboltablad-grottu-2017-er-komid-ut\/\",\"name\":\"Handboltabla\u00f0 Gr\u00f3ttu 2017 er komi\u00f0 \u00fat - \u00cd\u00fer\u00f3ttaf\u00e9lagi\u00f0 Gr\u00f3tta\",\"isPartOf\":{\"@id\":\"https:\/\/grotta.is\/#website\"},\"primaryImageOfPage\":{\"@id\":\"https:\/\/grotta.is\/handknattleiksdeild\/handboltablad-grottu-2017-er-komid-ut\/#primaryimage\"},\"image\":{\"@id\":\"https:\/\/grotta.is\/handknattleiksdeild\/handboltablad-grottu-2017-er-komid-ut\/#primaryimage\"},\"thumbnailUrl\":\"https:\/\/grotta.is\/wp-content\/uploads\/2018\/10\/grotta_handbolti_mflkvk-14.jpg\",\"datePublished\":\"2017-11-22T00:21:42+00:00\",\"dateModified\":\"2020-05-13T00:28:44+00:00\",\"breadcrumb\":{\"@id\":\"https:\/\/grotta.is\/handknattleiksdeild\/handboltablad-grottu-2017-er-komid-ut\/#breadcrumb\"},\"inLanguage\":\"en-US\",\"potentialAction\":[{\"@type\":\"ReadAction\",\"target\":[\"https:\/\/grotta.is\/handknattleiksdeild\/handboltablad-grottu-2017-er-komid-ut\/\"]}]},{\"@type\":\"ImageObject\",\"inLanguage\":\"en-US\",\"@id\":\"https:\/\/grotta.is\/handknattleiksdeild\/handboltablad-grottu-2017-er-komid-ut\/#primaryimage\",\"url\":\"https:\/\/grotta.is\/wp-content\/uploads\/2018\/10\/grotta_handbolti_mflkvk-14.jpg\",\"contentUrl\":\"https:\/\/grotta.is\/wp-content\/uploads\/2018\/10\/grotta_handbolti_mflkvk-14.jpg\",\"width\":1035,\"height\":879},{\"@type\":\"BreadcrumbList\",\"@id\":\"https:\/\/grotta.is\/handknattleiksdeild\/handboltablad-grottu-2017-er-komid-ut\/#breadcrumb\",\"itemListElement\":[{\"@type\":\"ListItem\",\"position\":1,\"name\":\"Home\",\"item\":\"https:\/\/grotta.is\/\"},{\"@type\":\"ListItem\",\"position\":2,\"name\":\"Handboltabla\u00f0 Gr\u00f3ttu 2017 er komi\u00f0 \u00fat\"}]},{\"@type\":\"WebSite\",\"@id\":\"https:\/\/grotta.is\/#website\",\"url\":\"https:\/\/grotta.is\/\",\"name\":\"\u00cd\u00fer\u00f3ttaf\u00e9lagi\u00f0 Gr\u00f3tta\",\"description\":\"\u00e1 Seltjarnarnesi\",\"publisher\":{\"@id\":\"https:\/\/grotta.is\/#organization\"},\"potentialAction\":[{\"@type\":\"SearchAction\",\"target\":{\"@type\":\"EntryPoint\",\"urlTemplate\":\"https:\/\/grotta.is\/?s={search_term_string}\"},\"query-input\":{\"@type\":\"PropertyValueSpecification\",\"valueRequired\":true,\"valueName\":\"search_term_string\"}}],\"inLanguage\":\"en-US\"},{\"@type\":\"Organization\",\"@id\":\"https:\/\/grotta.is\/#organization\",\"name\":\"\u00cd\u00fer\u00f3ttaf\u00e9lagi\u00f0 Gr\u00f3tta\",\"url\":\"https:\/\/grotta.is\/\",\"logo\":{\"@type\":\"ImageObject\",\"inLanguage\":\"en-US\",\"@id\":\"https:\/\/grotta.is\/#\/schema\/logo\/image\/\",\"url\":\"https:\/\/grotta.is\/wp-content\/uploads\/2020\/02\/ithrottafelagidgrotta_logo_512x512_transparent.png\",\"contentUrl\":\"https:\/\/grotta.is\/wp-content\/uploads\/2020\/02\/ithrottafelagidgrotta_logo_512x512_transparent.png\",\"width\":512,\"height\":512,\"caption\":\"\u00cd\u00fer\u00f3ttaf\u00e9lagi\u00f0 Gr\u00f3tta\"},\"image\":{\"@id\":\"https:\/\/grotta.is\/#\/schema\/logo\/image\/\"},\"sameAs\":[\"https:\/\/www.facebook.com\/grottasport\"]},{\"@type\":\"Person\",\"@id\":\"https:\/\/grotta.is\/#\/schema\/person\/08ec57bf09ee925f1b6a01540c14a5ce\",\"name\":\"Grotta\",\"url\":\"https:\/\/grotta.is\/en\/author\/inga\/\"}]}<\/script>\n<!-- \/ Yoast SEO plugin. -->","yoast_head_json":{"title":"Handboltabla\u00f0 Gr\u00f3ttu 2017 er komi\u00f0 \u00fat - \u00cd\u00fer\u00f3ttaf\u00e9lagi\u00f0 Gr\u00f3tta","robots":{"index":"index","follow":"follow","max-snippet":"max-snippet:-1","max-image-preview":"max-image-preview:large","max-video-preview":"max-video-preview:-1"},"canonical":"https:\/\/grotta.is\/en\/handknattleiksdeild\/handboltablad-grottu-2017-er-komid-ut\/","og_locale":"en_US","og_type":"article","og_title":"Handboltabla\u00f0 Gr\u00f3ttu 2017 er komi\u00f0 \u00fat - \u00cd\u00fer\u00f3ttaf\u00e9lagi\u00f0 Gr\u00f3tta","og_description":"N\u00fa \u00e1 d\u00f6gunum gaf handknattleiksdeild Gr\u00f3ttu \u00fat veglegt handboltabla\u00f0. Markmi\u00f0i\u00f0 er a\u00f0 kynna \u00fea\u00f0 \u00f6fluga starf sem deildin stendur fyrir og afla tekna \u00ed lei\u00f0inni. Bla\u00f0inu er dreift \u00ed \u00f6ll h\u00fas \u00e1 Seltjarnarnesi auk \u00feess sem \u00fea\u00f0 mun liggja frammi \u00e1 fj\u00f6lf\u00f6rnum st\u00f6\u00f0um, s.s. veitingah\u00fasum og stofnunum \u00ed vesturhluta h\u00f6fu\u00f0borgarsv\u00e6\u00f0isins.","og_url":"https:\/\/grotta.is\/en\/handknattleiksdeild\/handboltablad-grottu-2017-er-komid-ut\/","og_site_name":"\u00cd\u00fer\u00f3ttaf\u00e9lagi\u00f0 Gr\u00f3tta","article_publisher":"https:\/\/www.facebook.com\/grottasport","article_published_time":"2017-11-22T00:21:42+00:00","article_modified_time":"2020-05-13T00:28:44+00:00","og_image":[{"width":1035,"height":879,"url":"https:\/\/grotta.is\/wp-content\/uploads\/2018\/10\/grotta_handbolti_mflkvk-14.jpg","type":"image\/jpeg"}],"author":"Grotta","twitter_card":"summary_large_image","twitter_misc":{"Written by":"Grotta","Est. reading time":"1 minute"},"schema":{"@context":"https:\/\/schema.org","@graph":[{"@type":"Article","@id":"https:\/\/grotta.is\/handknattleiksdeild\/handboltablad-grottu-2017-er-komid-ut\/#article","isPartOf":{"@id":"https:\/\/grotta.is\/handknattleiksdeild\/handboltablad-grottu-2017-er-komid-ut\/"},"author":{"name":"Grotta","@id":"https:\/\/grotta.is\/#\/schema\/person\/08ec57bf09ee925f1b6a01540c14a5ce"},"headline":"Handboltabla\u00f0 Gr\u00f3ttu 2017 er komi\u00f0 \u00fat","datePublished":"2017-11-22T00:21:42+00:00","dateModified":"2020-05-13T00:28:44+00:00","mainEntityOfPage":{"@id":"https:\/\/grotta.is\/handknattleiksdeild\/handboltablad-grottu-2017-er-komid-ut\/"},"wordCount":125,"publisher":{"@id":"https:\/\/grotta.is\/#organization"},"image":{"@id":"https:\/\/grotta.is\/handknattleiksdeild\/handboltablad-grottu-2017-er-komid-ut\/#primaryimage"},"thumbnailUrl":"https:\/\/grotta.is\/wp-content\/uploads\/2018\/10\/grotta_handbolti_mflkvk-14.jpg","keywords":["Handbolti","T\u00edmarit"],"articleSection":["Handknattleiksdeild"],"inLanguage":"en-US"},{"@type":"WebPage","@id":"https:\/\/grotta.is\/handknattleiksdeild\/handboltablad-grottu-2017-er-komid-ut\/","url":"https:\/\/grotta.is\/handknattleiksdeild\/handboltablad-grottu-2017-er-komid-ut\/","name":"Handboltabla\u00f0 Gr\u00f3ttu 2017 er komi\u00f0 \u00fat - \u00cd\u00fer\u00f3ttaf\u00e9lagi\u00f0 Gr\u00f3tta","isPartOf":{"@id":"https:\/\/grotta.is\/#website"},"primaryImageOfPage":{"@id":"https:\/\/grotta.is\/handknattleiksdeild\/handboltablad-grottu-2017-er-komid-ut\/#primaryimage"},"image":{"@id":"https:\/\/grotta.is\/handknattleiksdeild\/handboltablad-grottu-2017-er-komid-ut\/#primaryimage"},"thumbnailUrl":"https:\/\/grotta.is\/wp-content\/uploads\/2018\/10\/grotta_handbolti_mflkvk-14.jpg","datePublished":"2017-11-22T00:21:42+00:00","dateModified":"2020-05-13T00:28:44+00:00","breadcrumb":{"@id":"https:\/\/grotta.is\/handknattleiksdeild\/handboltablad-grottu-2017-er-komid-ut\/#breadcrumb"},"inLanguage":"en-US","potentialAction":[{"@type":"ReadAction","target":["https:\/\/grotta.is\/handknattleiksdeild\/handboltablad-grottu-2017-er-komid-ut\/"]}]},{"@type":"ImageObject","inLanguage":"en-US","@id":"https:\/\/grotta.is\/handknattleiksdeild\/handboltablad-grottu-2017-er-komid-ut\/#primaryimage","url":"https:\/\/grotta.is\/wp-content\/uploads\/2018\/10\/grotta_handbolti_mflkvk-14.jpg","contentUrl":"https:\/\/grotta.is\/wp-content\/uploads\/2018\/10\/grotta_handbolti_mflkvk-14.jpg","width":1035,"height":879},{"@type":"BreadcrumbList","@id":"https:\/\/grotta.is\/handknattleiksdeild\/handboltablad-grottu-2017-er-komid-ut\/#breadcrumb","itemListElement":[{"@type":"ListItem","position":1,"name":"Home","item":"https:\/\/grotta.is\/"},{"@type":"ListItem","position":2,"name":"Handboltabla\u00f0 Gr\u00f3ttu 2017 er komi\u00f0 \u00fat"}]},{"@type":"WebSite","@id":"https:\/\/grotta.is\/#website","url":"https:\/\/grotta.is\/","name":"\u00cd\u00fer\u00f3ttaf\u00e9lagi\u00f0 Gr\u00f3tta","description":"\u00e1 Seltjarnarnesi","publisher":{"@id":"https:\/\/grotta.is\/#organization"},"potentialAction":[{"@type":"SearchAction","target":{"@type":"EntryPoint","urlTemplate":"https:\/\/grotta.is\/?s={search_term_string}"},"query-input":{"@type":"PropertyValueSpecification","valueRequired":true,"valueName":"search_term_string"}}],"inLanguage":"en-US"},{"@type":"Organization","@id":"https:\/\/grotta.is\/#organization","name":"\u00cd\u00fer\u00f3ttaf\u00e9lagi\u00f0 Gr\u00f3tta","url":"https:\/\/grotta.is\/","logo":{"@type":"ImageObject","inLanguage":"en-US","@id":"https:\/\/grotta.is\/#\/schema\/logo\/image\/","url":"https:\/\/grotta.is\/wp-content\/uploads\/2020\/02\/ithrottafelagidgrotta_logo_512x512_transparent.png","contentUrl":"https:\/\/grotta.is\/wp-content\/uploads\/2020\/02\/ithrottafelagidgrotta_logo_512x512_transparent.png","width":512,"height":512,"caption":"\u00cd\u00fer\u00f3ttaf\u00e9lagi\u00f0 Gr\u00f3tta"},"image":{"@id":"https:\/\/grotta.is\/#\/schema\/logo\/image\/"},"sameAs":["https:\/\/www.facebook.com\/grottasport"]},{"@type":"Person","@id":"https:\/\/grotta.is\/#\/schema\/person\/08ec57bf09ee925f1b6a01540c14a5ce","name":"Grotta","url":"https:\/\/grotta.is\/en\/author\/inga\/"}]}},"_links":{"self":[{"href":"https:\/\/grotta.is\/en\/wp-json\/wp\/v2\/posts\/6252","targetHints":{"allow":["GET"]}}],"collection":[{"href":"https:\/\/grotta.is\/en\/wp-json\/wp\/v2\/posts"}],"about":[{"href":"https:\/\/grotta.is\/en\/wp-json\/wp\/v2\/types\/post"}],"author":[{"embeddable":true,"href":"https:\/\/grotta.is\/en\/wp-json\/wp\/v2\/users\/2"}],"replies":[{"embeddable":true,"href":"https:\/\/grotta.is\/en\/wp-json\/wp\/v2\/comments?post=6252"}],"version-history":[{"count":1,"href":"https:\/\/grotta.is\/en\/wp-json\/wp\/v2\/posts\/6252\/revisions"}],"predecessor-version":[{"id":6253,"href":"https:\/\/grotta.is\/en\/wp-json\/wp\/v2\/posts\/6252\/revisions\/6253"}],"wp:featuredmedia":[{"embeddable":true,"href":"https:\/\/grotta.is\/en\/wp-json\/wp\/v2\/media\/2603"}],"wp:attachment":[{"href":"https:\/\/grotta.is\/en\/wp-json\/wp\/v2\/media?parent=6252"}],"wp:term":[{"taxonomy":"category","embeddable":true,"href":"https:\/\/grotta.is\/en\/wp-json\/wp\/v2\/categories?post=6252"},{"taxonomy":"post_tag","embeddable":true,"href":"https:\/\/grotta.is\/en\/wp-json\/wp\/v2\/tags?post=6252"}],"curies":[{"name":"wp","href":"https:\/\/api.w.org\/{rel}","templated":true}]}}