{"id":6244,"date":"2017-12-21T12:12:46","date_gmt":"2017-12-21T12:12:46","guid":{"rendered":"https:\/\/grotta.is\/?p=6244"},"modified":"2020-05-13T00:16:10","modified_gmt":"2020-05-13T00:16:10","slug":"jolarit-knattspyrnudeildar-komid-ut","status":"publish","type":"post","link":"https:\/\/grotta.is\/en\/knattspyrnudeild\/jolarit-knattspyrnudeildar-komid-ut\/","title":{"rendered":"J\u00f3larit knattspyrnudeildar komi\u00f0 \u00fat"},"content":{"rendered":"<p>Sj\u00f6unda \u00e1ri\u00f0 \u00ed r\u00f6\u00f0 gefur knattspyrnudeild Gr\u00f3ttu \u00fat gl\u00e6silegt bla\u00f0 \u00fear sem fari\u00f0 er yfir starf deildarinnar \u00ed m\u00e1li og myndum. Bla\u00f0i\u00f0 \u00ed \u00e1r er 48 s\u00ed\u00f0ur en a\u00f0alvi\u00f0tali\u00f0 er vi\u00f0 Gu\u00f0na Bergsson, formann KS\u00cd. Einnig er \u00ed bla\u00f0inu a\u00f0 finna \u00e1hugavert vi\u00f0tal vi\u00f0 Hilmar Sigur\u00f0sson fyrrverandi formann knattspyrnudeildar, vi\u00f0tal vi\u00f0 hina bandar\u00edsku Sam\u00f6nthu Bohon, g\u00f3\u00f0 r\u00e1\u00f0 fr\u00e1 landsli\u00f0sf\u00f3lki og fer\u00f0as\u00f6gu 2. flokks karla \u2013 svo eitthva\u00f0 s\u00e9 nefnt!<\/p><p>Bla\u00f0inu hefur veri\u00f0 dreift \u00ed \u00f6ll h\u00fas \u00e1 Seltjarnarnesi. \u00deeir sem hafa ekki fengi\u00f0 bla\u00f0 en langar \u00ed eintak geta komi\u00f0 vi\u00f0 \u00ed \u00ed\u00fer\u00f3ttah\u00fasinu e\u00f0a vallarh\u00fasinu.<\/p><p>Magn\u00fas \u00d6rn Helgason ritst\u00fdr\u00f0i bla\u00f0inu a\u00f0 \u00feessu sinni. Elsa Nielsen s\u00e1 um h\u00f6nnun og umbrot og a\u00f0 vanda \u00e1 Eyj\u00f3lfur Gar\u00f0arsson hei\u00f0urinn af myndunum \u00ed bla\u00f0inu.<\/p><figure class=\"wp-block-embed-issuu wp-block-embed is-type-rich is-provider-issuu\"><div class=\"wp-block-embed__wrapper\">\n<div data-url=\"https:\/\/issuu.com\/eyjolfurgardarsson\/docs\/grotta_2017_lowres\" style=\"width: 500px; height: 353px;\" class=\"issuuembed\"><\/div><script type=\"text\/javascript\" src=\"\/\/e.issuu.com\/embed.js\" async=\"true\"><\/script>\n<\/div><\/figure>","protected":false},"excerpt":{"rendered":"<p>Sj\u00f6unda \u00e1ri\u00f0 \u00ed r\u00f6\u00f0 gefur knattspyrnudeild Gr\u00f3ttu \u00fat gl\u00e6silegt bla\u00f0 \u00fear sem fari\u00f0 er yfir starf deildarinnar \u00ed m\u00e1li og myndum. <\/p>","protected":false},"author":2,"featured_media":4215,"comment_status":"closed","ping_status":"closed","sticky":false,"template":"","format":"standard","meta":{"footnotes":""},"categories":[7],"tags":[6],"class_list":["post-6244","post","type-post","status-publish","format-standard","has-post-thumbnail","hentry","category-knattspyrnudeild","tag-knattspyrna"],"yoast_head":"<!-- This site is optimized with the Yoast SEO plugin v24.3 - https:\/\/yoast.com\/wordpress\/plugins\/seo\/ -->\n<title>J\u00f3larit knattspyrnudeildar komi\u00f0 \u00fat - \u00cd\u00fer\u00f3ttaf\u00e9lagi\u00f0 Gr\u00f3tta<\/title>\n<meta name=\"robots\" content=\"index, follow, max-snippet:-1, max-image-preview:large, max-video-preview:-1\" \/>\n<link rel=\"canonical\" href=\"https:\/\/grotta.is\/en\/knattspyrnudeild\/jolarit-knattspyrnudeildar-komid-ut\/\" \/>\n<meta property=\"og:locale\" content=\"en_US\" \/>\n<meta property=\"og:type\" content=\"article\" \/>\n<meta property=\"og:title\" content=\"J\u00f3larit knattspyrnudeildar komi\u00f0 \u00fat - \u00cd\u00fer\u00f3ttaf\u00e9lagi\u00f0 Gr\u00f3tta\" \/>\n<meta property=\"og:description\" content=\"Sj\u00f6unda \u00e1ri\u00f0 \u00ed r\u00f6\u00f0 gefur knattspyrnudeild Gr\u00f3ttu \u00fat gl\u00e6silegt bla\u00f0 \u00fear sem fari\u00f0 er yfir starf deildarinnar \u00ed m\u00e1li og myndum.\" \/>\n<meta property=\"og:url\" content=\"https:\/\/grotta.is\/en\/knattspyrnudeild\/jolarit-knattspyrnudeildar-komid-ut\/\" \/>\n<meta property=\"og:site_name\" content=\"\u00cd\u00fer\u00f3ttaf\u00e9lagi\u00f0 Gr\u00f3tta\" \/>\n<meta property=\"article:publisher\" content=\"https:\/\/www.facebook.com\/grottasport\" \/>\n<meta property=\"article:published_time\" content=\"2017-12-21T12:12:46+00:00\" \/>\n<meta property=\"article:modified_time\" content=\"2020-05-13T00:16:10+00:00\" \/>\n<meta property=\"og:image\" content=\"https:\/\/grotta.is\/wp-content\/uploads\/2020\/05\/Knattspyrnudeild_grotta_lidsmynd_2fl_kk-2.jpg\" \/>\n\t<meta property=\"og:image:width\" content=\"2048\" \/>\n\t<meta property=\"og:image:height\" content=\"1240\" \/>\n\t<meta property=\"og:image:type\" content=\"image\/jpeg\" \/>\n<meta name=\"author\" content=\"Grotta\" \/>\n<meta name=\"twitter:card\" content=\"summary_large_image\" \/>\n<meta name=\"twitter:label1\" content=\"Written by\" \/>\n\t<meta name=\"twitter:data1\" content=\"Grotta\" \/>\n\t<meta name=\"twitter:label2\" content=\"Est. reading time\" \/>\n\t<meta name=\"twitter:data2\" content=\"1 minute\" \/>\n<script type=\"application\/ld+json\" class=\"yoast-schema-graph\">{\"@context\":\"https:\/\/schema.org\",\"@graph\":[{\"@type\":\"Article\",\"@id\":\"https:\/\/grotta.is\/knattspyrnudeild\/jolarit-knattspyrnudeildar-komid-ut\/#article\",\"isPartOf\":{\"@id\":\"https:\/\/grotta.is\/knattspyrnudeild\/jolarit-knattspyrnudeildar-komid-ut\/\"},\"author\":{\"name\":\"Grotta\",\"@id\":\"https:\/\/grotta.is\/#\/schema\/person\/08ec57bf09ee925f1b6a01540c14a5ce\"},\"headline\":\"J\u00f3larit knattspyrnudeildar komi\u00f0 \u00fat\",\"datePublished\":\"2017-12-21T12:12:46+00:00\",\"dateModified\":\"2020-05-13T00:16:10+00:00\",\"mainEntityOfPage\":{\"@id\":\"https:\/\/grotta.is\/knattspyrnudeild\/jolarit-knattspyrnudeildar-komid-ut\/\"},\"wordCount\":154,\"publisher\":{\"@id\":\"https:\/\/grotta.is\/#organization\"},\"image\":{\"@id\":\"https:\/\/grotta.is\/knattspyrnudeild\/jolarit-knattspyrnudeildar-komid-ut\/#primaryimage\"},\"thumbnailUrl\":\"https:\/\/grotta.is\/wp-content\/uploads\/2020\/05\/Knattspyrnudeild_grotta_lidsmynd_2fl_kk-2.jpg\",\"keywords\":[\"Knattspyrna\"],\"articleSection\":[\"Knattspyrnudeild\"],\"inLanguage\":\"en-US\"},{\"@type\":\"WebPage\",\"@id\":\"https:\/\/grotta.is\/knattspyrnudeild\/jolarit-knattspyrnudeildar-komid-ut\/\",\"url\":\"https:\/\/grotta.is\/knattspyrnudeild\/jolarit-knattspyrnudeildar-komid-ut\/\",\"name\":\"J\u00f3larit knattspyrnudeildar komi\u00f0 \u00fat - \u00cd\u00fer\u00f3ttaf\u00e9lagi\u00f0 Gr\u00f3tta\",\"isPartOf\":{\"@id\":\"https:\/\/grotta.is\/#website\"},\"primaryImageOfPage\":{\"@id\":\"https:\/\/grotta.is\/knattspyrnudeild\/jolarit-knattspyrnudeildar-komid-ut\/#primaryimage\"},\"image\":{\"@id\":\"https:\/\/grotta.is\/knattspyrnudeild\/jolarit-knattspyrnudeildar-komid-ut\/#primaryimage\"},\"thumbnailUrl\":\"https:\/\/grotta.is\/wp-content\/uploads\/2020\/05\/Knattspyrnudeild_grotta_lidsmynd_2fl_kk-2.jpg\",\"datePublished\":\"2017-12-21T12:12:46+00:00\",\"dateModified\":\"2020-05-13T00:16:10+00:00\",\"breadcrumb\":{\"@id\":\"https:\/\/grotta.is\/knattspyrnudeild\/jolarit-knattspyrnudeildar-komid-ut\/#breadcrumb\"},\"inLanguage\":\"en-US\",\"potentialAction\":[{\"@type\":\"ReadAction\",\"target\":[\"https:\/\/grotta.is\/knattspyrnudeild\/jolarit-knattspyrnudeildar-komid-ut\/\"]}]},{\"@type\":\"ImageObject\",\"inLanguage\":\"en-US\",\"@id\":\"https:\/\/grotta.is\/knattspyrnudeild\/jolarit-knattspyrnudeildar-komid-ut\/#primaryimage\",\"url\":\"https:\/\/grotta.is\/wp-content\/uploads\/2020\/05\/Knattspyrnudeild_grotta_lidsmynd_2fl_kk-2.jpg\",\"contentUrl\":\"https:\/\/grotta.is\/wp-content\/uploads\/2020\/05\/Knattspyrnudeild_grotta_lidsmynd_2fl_kk-2.jpg\",\"width\":2048,\"height\":1240},{\"@type\":\"BreadcrumbList\",\"@id\":\"https:\/\/grotta.is\/knattspyrnudeild\/jolarit-knattspyrnudeildar-komid-ut\/#breadcrumb\",\"itemListElement\":[{\"@type\":\"ListItem\",\"position\":1,\"name\":\"Home\",\"item\":\"https:\/\/grotta.is\/\"},{\"@type\":\"ListItem\",\"position\":2,\"name\":\"J\u00f3larit knattspyrnudeildar komi\u00f0 \u00fat\"}]},{\"@type\":\"WebSite\",\"@id\":\"https:\/\/grotta.is\/#website\",\"url\":\"https:\/\/grotta.is\/\",\"name\":\"\u00cd\u00fer\u00f3ttaf\u00e9lagi\u00f0 Gr\u00f3tta\",\"description\":\"\u00e1 Seltjarnarnesi\",\"publisher\":{\"@id\":\"https:\/\/grotta.is\/#organization\"},\"potentialAction\":[{\"@type\":\"SearchAction\",\"target\":{\"@type\":\"EntryPoint\",\"urlTemplate\":\"https:\/\/grotta.is\/?s={search_term_string}\"},\"query-input\":{\"@type\":\"PropertyValueSpecification\",\"valueRequired\":true,\"valueName\":\"search_term_string\"}}],\"inLanguage\":\"en-US\"},{\"@type\":\"Organization\",\"@id\":\"https:\/\/grotta.is\/#organization\",\"name\":\"\u00cd\u00fer\u00f3ttaf\u00e9lagi\u00f0 Gr\u00f3tta\",\"url\":\"https:\/\/grotta.is\/\",\"logo\":{\"@type\":\"ImageObject\",\"inLanguage\":\"en-US\",\"@id\":\"https:\/\/grotta.is\/#\/schema\/logo\/image\/\",\"url\":\"https:\/\/grotta.is\/wp-content\/uploads\/2020\/02\/ithrottafelagidgrotta_logo_512x512_transparent.png\",\"contentUrl\":\"https:\/\/grotta.is\/wp-content\/uploads\/2020\/02\/ithrottafelagidgrotta_logo_512x512_transparent.png\",\"width\":512,\"height\":512,\"caption\":\"\u00cd\u00fer\u00f3ttaf\u00e9lagi\u00f0 Gr\u00f3tta\"},\"image\":{\"@id\":\"https:\/\/grotta.is\/#\/schema\/logo\/image\/\"},\"sameAs\":[\"https:\/\/www.facebook.com\/grottasport\"]},{\"@type\":\"Person\",\"@id\":\"https:\/\/grotta.is\/#\/schema\/person\/08ec57bf09ee925f1b6a01540c14a5ce\",\"name\":\"Grotta\",\"url\":\"https:\/\/grotta.is\/en\/author\/inga\/\"}]}<\/script>\n<!-- \/ Yoast SEO plugin. -->","yoast_head_json":{"title":"J\u00f3larit knattspyrnudeildar komi\u00f0 \u00fat - \u00cd\u00fer\u00f3ttaf\u00e9lagi\u00f0 Gr\u00f3tta","robots":{"index":"index","follow":"follow","max-snippet":"max-snippet:-1","max-image-preview":"max-image-preview:large","max-video-preview":"max-video-preview:-1"},"canonical":"https:\/\/grotta.is\/en\/knattspyrnudeild\/jolarit-knattspyrnudeildar-komid-ut\/","og_locale":"en_US","og_type":"article","og_title":"J\u00f3larit knattspyrnudeildar komi\u00f0 \u00fat - \u00cd\u00fer\u00f3ttaf\u00e9lagi\u00f0 Gr\u00f3tta","og_description":"Sj\u00f6unda \u00e1ri\u00f0 \u00ed r\u00f6\u00f0 gefur knattspyrnudeild Gr\u00f3ttu \u00fat gl\u00e6silegt bla\u00f0 \u00fear sem fari\u00f0 er yfir starf deildarinnar \u00ed m\u00e1li og myndum.","og_url":"https:\/\/grotta.is\/en\/knattspyrnudeild\/jolarit-knattspyrnudeildar-komid-ut\/","og_site_name":"\u00cd\u00fer\u00f3ttaf\u00e9lagi\u00f0 Gr\u00f3tta","article_publisher":"https:\/\/www.facebook.com\/grottasport","article_published_time":"2017-12-21T12:12:46+00:00","article_modified_time":"2020-05-13T00:16:10+00:00","og_image":[{"width":2048,"height":1240,"url":"https:\/\/grotta.is\/wp-content\/uploads\/2020\/05\/Knattspyrnudeild_grotta_lidsmynd_2fl_kk-2.jpg","type":"image\/jpeg"}],"author":"Grotta","twitter_card":"summary_large_image","twitter_misc":{"Written by":"Grotta","Est. reading time":"1 minute"},"schema":{"@context":"https:\/\/schema.org","@graph":[{"@type":"Article","@id":"https:\/\/grotta.is\/knattspyrnudeild\/jolarit-knattspyrnudeildar-komid-ut\/#article","isPartOf":{"@id":"https:\/\/grotta.is\/knattspyrnudeild\/jolarit-knattspyrnudeildar-komid-ut\/"},"author":{"name":"Grotta","@id":"https:\/\/grotta.is\/#\/schema\/person\/08ec57bf09ee925f1b6a01540c14a5ce"},"headline":"J\u00f3larit knattspyrnudeildar komi\u00f0 \u00fat","datePublished":"2017-12-21T12:12:46+00:00","dateModified":"2020-05-13T00:16:10+00:00","mainEntityOfPage":{"@id":"https:\/\/grotta.is\/knattspyrnudeild\/jolarit-knattspyrnudeildar-komid-ut\/"},"wordCount":154,"publisher":{"@id":"https:\/\/grotta.is\/#organization"},"image":{"@id":"https:\/\/grotta.is\/knattspyrnudeild\/jolarit-knattspyrnudeildar-komid-ut\/#primaryimage"},"thumbnailUrl":"https:\/\/grotta.is\/wp-content\/uploads\/2020\/05\/Knattspyrnudeild_grotta_lidsmynd_2fl_kk-2.jpg","keywords":["Knattspyrna"],"articleSection":["Knattspyrnudeild"],"inLanguage":"en-US"},{"@type":"WebPage","@id":"https:\/\/grotta.is\/knattspyrnudeild\/jolarit-knattspyrnudeildar-komid-ut\/","url":"https:\/\/grotta.is\/knattspyrnudeild\/jolarit-knattspyrnudeildar-komid-ut\/","name":"J\u00f3larit knattspyrnudeildar komi\u00f0 \u00fat - \u00cd\u00fer\u00f3ttaf\u00e9lagi\u00f0 Gr\u00f3tta","isPartOf":{"@id":"https:\/\/grotta.is\/#website"},"primaryImageOfPage":{"@id":"https:\/\/grotta.is\/knattspyrnudeild\/jolarit-knattspyrnudeildar-komid-ut\/#primaryimage"},"image":{"@id":"https:\/\/grotta.is\/knattspyrnudeild\/jolarit-knattspyrnudeildar-komid-ut\/#primaryimage"},"thumbnailUrl":"https:\/\/grotta.is\/wp-content\/uploads\/2020\/05\/Knattspyrnudeild_grotta_lidsmynd_2fl_kk-2.jpg","datePublished":"2017-12-21T12:12:46+00:00","dateModified":"2020-05-13T00:16:10+00:00","breadcrumb":{"@id":"https:\/\/grotta.is\/knattspyrnudeild\/jolarit-knattspyrnudeildar-komid-ut\/#breadcrumb"},"inLanguage":"en-US","potentialAction":[{"@type":"ReadAction","target":["https:\/\/grotta.is\/knattspyrnudeild\/jolarit-knattspyrnudeildar-komid-ut\/"]}]},{"@type":"ImageObject","inLanguage":"en-US","@id":"https:\/\/grotta.is\/knattspyrnudeild\/jolarit-knattspyrnudeildar-komid-ut\/#primaryimage","url":"https:\/\/grotta.is\/wp-content\/uploads\/2020\/05\/Knattspyrnudeild_grotta_lidsmynd_2fl_kk-2.jpg","contentUrl":"https:\/\/grotta.is\/wp-content\/uploads\/2020\/05\/Knattspyrnudeild_grotta_lidsmynd_2fl_kk-2.jpg","width":2048,"height":1240},{"@type":"BreadcrumbList","@id":"https:\/\/grotta.is\/knattspyrnudeild\/jolarit-knattspyrnudeildar-komid-ut\/#breadcrumb","itemListElement":[{"@type":"ListItem","position":1,"name":"Home","item":"https:\/\/grotta.is\/"},{"@type":"ListItem","position":2,"name":"J\u00f3larit knattspyrnudeildar komi\u00f0 \u00fat"}]},{"@type":"WebSite","@id":"https:\/\/grotta.is\/#website","url":"https:\/\/grotta.is\/","name":"\u00cd\u00fer\u00f3ttaf\u00e9lagi\u00f0 Gr\u00f3tta","description":"\u00e1 Seltjarnarnesi","publisher":{"@id":"https:\/\/grotta.is\/#organization"},"potentialAction":[{"@type":"SearchAction","target":{"@type":"EntryPoint","urlTemplate":"https:\/\/grotta.is\/?s={search_term_string}"},"query-input":{"@type":"PropertyValueSpecification","valueRequired":true,"valueName":"search_term_string"}}],"inLanguage":"en-US"},{"@type":"Organization","@id":"https:\/\/grotta.is\/#organization","name":"\u00cd\u00fer\u00f3ttaf\u00e9lagi\u00f0 Gr\u00f3tta","url":"https:\/\/grotta.is\/","logo":{"@type":"ImageObject","inLanguage":"en-US","@id":"https:\/\/grotta.is\/#\/schema\/logo\/image\/","url":"https:\/\/grotta.is\/wp-content\/uploads\/2020\/02\/ithrottafelagidgrotta_logo_512x512_transparent.png","contentUrl":"https:\/\/grotta.is\/wp-content\/uploads\/2020\/02\/ithrottafelagidgrotta_logo_512x512_transparent.png","width":512,"height":512,"caption":"\u00cd\u00fer\u00f3ttaf\u00e9lagi\u00f0 Gr\u00f3tta"},"image":{"@id":"https:\/\/grotta.is\/#\/schema\/logo\/image\/"},"sameAs":["https:\/\/www.facebook.com\/grottasport"]},{"@type":"Person","@id":"https:\/\/grotta.is\/#\/schema\/person\/08ec57bf09ee925f1b6a01540c14a5ce","name":"Grotta","url":"https:\/\/grotta.is\/en\/author\/inga\/"}]}},"_links":{"self":[{"href":"https:\/\/grotta.is\/en\/wp-json\/wp\/v2\/posts\/6244","targetHints":{"allow":["GET"]}}],"collection":[{"href":"https:\/\/grotta.is\/en\/wp-json\/wp\/v2\/posts"}],"about":[{"href":"https:\/\/grotta.is\/en\/wp-json\/wp\/v2\/types\/post"}],"author":[{"embeddable":true,"href":"https:\/\/grotta.is\/en\/wp-json\/wp\/v2\/users\/2"}],"replies":[{"embeddable":true,"href":"https:\/\/grotta.is\/en\/wp-json\/wp\/v2\/comments?post=6244"}],"version-history":[{"count":1,"href":"https:\/\/grotta.is\/en\/wp-json\/wp\/v2\/posts\/6244\/revisions"}],"predecessor-version":[{"id":6245,"href":"https:\/\/grotta.is\/en\/wp-json\/wp\/v2\/posts\/6244\/revisions\/6245"}],"wp:featuredmedia":[{"embeddable":true,"href":"https:\/\/grotta.is\/en\/wp-json\/wp\/v2\/media\/4215"}],"wp:attachment":[{"href":"https:\/\/grotta.is\/en\/wp-json\/wp\/v2\/media?parent=6244"}],"wp:term":[{"taxonomy":"category","embeddable":true,"href":"https:\/\/grotta.is\/en\/wp-json\/wp\/v2\/categories?post=6244"},{"taxonomy":"post_tag","embeddable":true,"href":"https:\/\/grotta.is\/en\/wp-json\/wp\/v2\/tags?post=6244"}],"curies":[{"name":"wp","href":"https:\/\/api.w.org\/{rel}","templated":true}]}}