{"id":6220,"date":"2018-02-23T23:46:33","date_gmt":"2018-02-23T23:46:33","guid":{"rendered":"https:\/\/grotta.is\/?p=6220"},"modified":"2020-05-12T23:47:25","modified_gmt":"2020-05-12T23:47:25","slug":"handknattleiksdeild-grottu-og-bk-kjuklingur-i-samstarf","status":"publish","type":"post","link":"https:\/\/grotta.is\/en\/handknattleiksdeild\/handknattleiksdeild-grottu-og-bk-kjuklingur-i-samstarf\/","title":{"rendered":"Handknattleiksdeild Gr\u00f3ttu og BK kj\u00faklingur \u00ed samstarf"},"content":{"rendered":"<p>Handknattleiksdeild Gr\u00f3ttu og BK kj\u00faklingur ritu\u00f0u \u00e1 d\u00f6gunum undir samstarfssamning til tveggja \u00e1ra. BK kj\u00faklingur h\u00f3f starfsemi \u00e1ri\u00f0 1994 og er til h\u00fasa \u00e1 Grens\u00e1svegi 5. Handknattleiksdeild Gr\u00f3ttu en gr\u00ed\u00f0arlega \u00e1n\u00e6gt me\u00f0 samstarfi\u00f0 og hvetur f\u00e9lagsmenn s\u00edna a\u00f0 eiga vi\u00f0skipti vi\u00f0 BK kj\u00fakling \u00feegar hungri\u00f0 kallar.<\/p><p>A\u00f0al\u00e1hersla BK kj\u00faklinga er l\u00f6g\u00f0 \u00e1 r\u00e9tti \u00far s\u00e9rmariner\u00f0um grillu\u00f0um kj\u00fakling, mest \u00e1 heilsusamlega r\u00e9tti sem henta \u00feeim sem hugsa um heilsuna. Einnig er \u00fe\u00f3 bo\u00f0i\u00f0 upp \u00e1 dj\u00fapsteikta kj\u00faklingabita og franskar handa \u00feeim sem \u00fea\u00f0 vilja. Jafnframt eru \u00ed bo\u00f0i \u00fdmsar ger\u00f0ir af samlokum og hamborgurum auk nokkurra mex\u00edkanskra r\u00e9tta.<\/p><p>Einnig er bo\u00f0i\u00f0 upp \u00e1 s\u00e9rmatse\u00f0la fyrir \u00ed\u00fer\u00f3ttah\u00f3pa, sk\u00f3lafer\u00f0ah\u00f3pa og a\u00f0ra st\u00e6rri h\u00f3pa.<\/p>","protected":false},"excerpt":{"rendered":"<p>Handknattleiksdeild Gr\u00f3ttu og BK kj\u00faklingur ritu\u00f0u \u00e1 d\u00f6gunum undir samstarfssamning til tveggja \u00e1ra. BK kj\u00faklingur h\u00f3f starfsemi \u00e1ri\u00f0 1994 og er til h\u00fasa \u00e1 Grens\u00e1svegi 5.<\/p>","protected":false},"author":2,"featured_media":2600,"comment_status":"closed","ping_status":"closed","sticky":false,"template":"","format":"standard","meta":{"footnotes":""},"categories":[12],"tags":[],"class_list":["post-6220","post","type-post","status-publish","format-standard","has-post-thumbnail","hentry","category-handknattleiksdeild"],"yoast_head":"<!-- This site is optimized with the Yoast SEO plugin v24.3 - https:\/\/yoast.com\/wordpress\/plugins\/seo\/ -->\n<title>Handknattleiksdeild Gr\u00f3ttu og BK kj\u00faklingur \u00ed samstarf - \u00cd\u00fer\u00f3ttaf\u00e9lagi\u00f0 Gr\u00f3tta<\/title>\n<meta name=\"robots\" content=\"index, follow, max-snippet:-1, max-image-preview:large, max-video-preview:-1\" \/>\n<link rel=\"canonical\" href=\"https:\/\/grotta.is\/en\/handknattleiksdeild\/handknattleiksdeild-grottu-og-bk-kjuklingur-i-samstarf\/\" \/>\n<meta property=\"og:locale\" content=\"en_US\" \/>\n<meta property=\"og:type\" content=\"article\" \/>\n<meta property=\"og:title\" content=\"Handknattleiksdeild Gr\u00f3ttu og BK kj\u00faklingur \u00ed samstarf - \u00cd\u00fer\u00f3ttaf\u00e9lagi\u00f0 Gr\u00f3tta\" \/>\n<meta property=\"og:description\" content=\"Handknattleiksdeild Gr\u00f3ttu og BK kj\u00faklingur ritu\u00f0u \u00e1 d\u00f6gunum undir samstarfssamning til tveggja \u00e1ra. BK kj\u00faklingur h\u00f3f starfsemi \u00e1ri\u00f0 1994 og er til h\u00fasa \u00e1 Grens\u00e1svegi 5.\" \/>\n<meta property=\"og:url\" content=\"https:\/\/grotta.is\/en\/handknattleiksdeild\/handknattleiksdeild-grottu-og-bk-kjuklingur-i-samstarf\/\" \/>\n<meta property=\"og:site_name\" content=\"\u00cd\u00fer\u00f3ttaf\u00e9lagi\u00f0 Gr\u00f3tta\" \/>\n<meta property=\"article:publisher\" content=\"https:\/\/www.facebook.com\/grottasport\" \/>\n<meta property=\"article:published_time\" content=\"2018-02-23T23:46:33+00:00\" \/>\n<meta property=\"article:modified_time\" content=\"2020-05-12T23:47:25+00:00\" \/>\n<meta property=\"og:image\" content=\"https:\/\/grotta.is\/wp-content\/uploads\/2018\/10\/grotta_handbolti_mflkvk-11.jpg\" \/>\n\t<meta property=\"og:image:width\" content=\"1231\" \/>\n\t<meta property=\"og:image:height\" content=\"879\" \/>\n\t<meta property=\"og:image:type\" content=\"image\/jpeg\" \/>\n<meta name=\"author\" content=\"Grotta\" \/>\n<meta name=\"twitter:card\" content=\"summary_large_image\" \/>\n<meta name=\"twitter:label1\" content=\"Written by\" \/>\n\t<meta name=\"twitter:data1\" content=\"Grotta\" \/>\n\t<meta name=\"twitter:label2\" content=\"Est. reading time\" \/>\n\t<meta name=\"twitter:data2\" content=\"1 minute\" \/>\n<script type=\"application\/ld+json\" class=\"yoast-schema-graph\">{\"@context\":\"https:\/\/schema.org\",\"@graph\":[{\"@type\":\"Article\",\"@id\":\"https:\/\/grotta.is\/handknattleiksdeild\/handknattleiksdeild-grottu-og-bk-kjuklingur-i-samstarf\/#article\",\"isPartOf\":{\"@id\":\"https:\/\/grotta.is\/handknattleiksdeild\/handknattleiksdeild-grottu-og-bk-kjuklingur-i-samstarf\/\"},\"author\":{\"name\":\"Grotta\",\"@id\":\"https:\/\/grotta.is\/#\/schema\/person\/08ec57bf09ee925f1b6a01540c14a5ce\"},\"headline\":\"Handknattleiksdeild Gr\u00f3ttu og BK kj\u00faklingur \u00ed samstarf\",\"datePublished\":\"2018-02-23T23:46:33+00:00\",\"dateModified\":\"2020-05-12T23:47:25+00:00\",\"mainEntityOfPage\":{\"@id\":\"https:\/\/grotta.is\/handknattleiksdeild\/handknattleiksdeild-grottu-og-bk-kjuklingur-i-samstarf\/\"},\"wordCount\":151,\"publisher\":{\"@id\":\"https:\/\/grotta.is\/#organization\"},\"image\":{\"@id\":\"https:\/\/grotta.is\/handknattleiksdeild\/handknattleiksdeild-grottu-og-bk-kjuklingur-i-samstarf\/#primaryimage\"},\"thumbnailUrl\":\"https:\/\/grotta.is\/wp-content\/uploads\/2018\/10\/grotta_handbolti_mflkvk-11.jpg\",\"articleSection\":[\"Handknattleiksdeild\"],\"inLanguage\":\"en-US\"},{\"@type\":\"WebPage\",\"@id\":\"https:\/\/grotta.is\/handknattleiksdeild\/handknattleiksdeild-grottu-og-bk-kjuklingur-i-samstarf\/\",\"url\":\"https:\/\/grotta.is\/handknattleiksdeild\/handknattleiksdeild-grottu-og-bk-kjuklingur-i-samstarf\/\",\"name\":\"Handknattleiksdeild Gr\u00f3ttu og BK kj\u00faklingur \u00ed samstarf - \u00cd\u00fer\u00f3ttaf\u00e9lagi\u00f0 Gr\u00f3tta\",\"isPartOf\":{\"@id\":\"https:\/\/grotta.is\/#website\"},\"primaryImageOfPage\":{\"@id\":\"https:\/\/grotta.is\/handknattleiksdeild\/handknattleiksdeild-grottu-og-bk-kjuklingur-i-samstarf\/#primaryimage\"},\"image\":{\"@id\":\"https:\/\/grotta.is\/handknattleiksdeild\/handknattleiksdeild-grottu-og-bk-kjuklingur-i-samstarf\/#primaryimage\"},\"thumbnailUrl\":\"https:\/\/grotta.is\/wp-content\/uploads\/2018\/10\/grotta_handbolti_mflkvk-11.jpg\",\"datePublished\":\"2018-02-23T23:46:33+00:00\",\"dateModified\":\"2020-05-12T23:47:25+00:00\",\"breadcrumb\":{\"@id\":\"https:\/\/grotta.is\/handknattleiksdeild\/handknattleiksdeild-grottu-og-bk-kjuklingur-i-samstarf\/#breadcrumb\"},\"inLanguage\":\"en-US\",\"potentialAction\":[{\"@type\":\"ReadAction\",\"target\":[\"https:\/\/grotta.is\/handknattleiksdeild\/handknattleiksdeild-grottu-og-bk-kjuklingur-i-samstarf\/\"]}]},{\"@type\":\"ImageObject\",\"inLanguage\":\"en-US\",\"@id\":\"https:\/\/grotta.is\/handknattleiksdeild\/handknattleiksdeild-grottu-og-bk-kjuklingur-i-samstarf\/#primaryimage\",\"url\":\"https:\/\/grotta.is\/wp-content\/uploads\/2018\/10\/grotta_handbolti_mflkvk-11.jpg\",\"contentUrl\":\"https:\/\/grotta.is\/wp-content\/uploads\/2018\/10\/grotta_handbolti_mflkvk-11.jpg\",\"width\":1231,\"height\":879},{\"@type\":\"BreadcrumbList\",\"@id\":\"https:\/\/grotta.is\/handknattleiksdeild\/handknattleiksdeild-grottu-og-bk-kjuklingur-i-samstarf\/#breadcrumb\",\"itemListElement\":[{\"@type\":\"ListItem\",\"position\":1,\"name\":\"Home\",\"item\":\"https:\/\/grotta.is\/\"},{\"@type\":\"ListItem\",\"position\":2,\"name\":\"Handknattleiksdeild Gr\u00f3ttu og BK kj\u00faklingur \u00ed samstarf\"}]},{\"@type\":\"WebSite\",\"@id\":\"https:\/\/grotta.is\/#website\",\"url\":\"https:\/\/grotta.is\/\",\"name\":\"\u00cd\u00fer\u00f3ttaf\u00e9lagi\u00f0 Gr\u00f3tta\",\"description\":\"\u00e1 Seltjarnarnesi\",\"publisher\":{\"@id\":\"https:\/\/grotta.is\/#organization\"},\"potentialAction\":[{\"@type\":\"SearchAction\",\"target\":{\"@type\":\"EntryPoint\",\"urlTemplate\":\"https:\/\/grotta.is\/?s={search_term_string}\"},\"query-input\":{\"@type\":\"PropertyValueSpecification\",\"valueRequired\":true,\"valueName\":\"search_term_string\"}}],\"inLanguage\":\"en-US\"},{\"@type\":\"Organization\",\"@id\":\"https:\/\/grotta.is\/#organization\",\"name\":\"\u00cd\u00fer\u00f3ttaf\u00e9lagi\u00f0 Gr\u00f3tta\",\"url\":\"https:\/\/grotta.is\/\",\"logo\":{\"@type\":\"ImageObject\",\"inLanguage\":\"en-US\",\"@id\":\"https:\/\/grotta.is\/#\/schema\/logo\/image\/\",\"url\":\"https:\/\/grotta.is\/wp-content\/uploads\/2020\/02\/ithrottafelagidgrotta_logo_512x512_transparent.png\",\"contentUrl\":\"https:\/\/grotta.is\/wp-content\/uploads\/2020\/02\/ithrottafelagidgrotta_logo_512x512_transparent.png\",\"width\":512,\"height\":512,\"caption\":\"\u00cd\u00fer\u00f3ttaf\u00e9lagi\u00f0 Gr\u00f3tta\"},\"image\":{\"@id\":\"https:\/\/grotta.is\/#\/schema\/logo\/image\/\"},\"sameAs\":[\"https:\/\/www.facebook.com\/grottasport\"]},{\"@type\":\"Person\",\"@id\":\"https:\/\/grotta.is\/#\/schema\/person\/08ec57bf09ee925f1b6a01540c14a5ce\",\"name\":\"Grotta\",\"url\":\"https:\/\/grotta.is\/en\/author\/inga\/\"}]}<\/script>\n<!-- \/ Yoast SEO plugin. -->","yoast_head_json":{"title":"Handknattleiksdeild Gr\u00f3ttu og BK kj\u00faklingur \u00ed samstarf - \u00cd\u00fer\u00f3ttaf\u00e9lagi\u00f0 Gr\u00f3tta","robots":{"index":"index","follow":"follow","max-snippet":"max-snippet:-1","max-image-preview":"max-image-preview:large","max-video-preview":"max-video-preview:-1"},"canonical":"https:\/\/grotta.is\/en\/handknattleiksdeild\/handknattleiksdeild-grottu-og-bk-kjuklingur-i-samstarf\/","og_locale":"en_US","og_type":"article","og_title":"Handknattleiksdeild Gr\u00f3ttu og BK kj\u00faklingur \u00ed samstarf - \u00cd\u00fer\u00f3ttaf\u00e9lagi\u00f0 Gr\u00f3tta","og_description":"Handknattleiksdeild Gr\u00f3ttu og BK kj\u00faklingur ritu\u00f0u \u00e1 d\u00f6gunum undir samstarfssamning til tveggja \u00e1ra. BK kj\u00faklingur h\u00f3f starfsemi \u00e1ri\u00f0 1994 og er til h\u00fasa \u00e1 Grens\u00e1svegi 5.","og_url":"https:\/\/grotta.is\/en\/handknattleiksdeild\/handknattleiksdeild-grottu-og-bk-kjuklingur-i-samstarf\/","og_site_name":"\u00cd\u00fer\u00f3ttaf\u00e9lagi\u00f0 Gr\u00f3tta","article_publisher":"https:\/\/www.facebook.com\/grottasport","article_published_time":"2018-02-23T23:46:33+00:00","article_modified_time":"2020-05-12T23:47:25+00:00","og_image":[{"width":1231,"height":879,"url":"https:\/\/grotta.is\/wp-content\/uploads\/2018\/10\/grotta_handbolti_mflkvk-11.jpg","type":"image\/jpeg"}],"author":"Grotta","twitter_card":"summary_large_image","twitter_misc":{"Written by":"Grotta","Est. reading time":"1 minute"},"schema":{"@context":"https:\/\/schema.org","@graph":[{"@type":"Article","@id":"https:\/\/grotta.is\/handknattleiksdeild\/handknattleiksdeild-grottu-og-bk-kjuklingur-i-samstarf\/#article","isPartOf":{"@id":"https:\/\/grotta.is\/handknattleiksdeild\/handknattleiksdeild-grottu-og-bk-kjuklingur-i-samstarf\/"},"author":{"name":"Grotta","@id":"https:\/\/grotta.is\/#\/schema\/person\/08ec57bf09ee925f1b6a01540c14a5ce"},"headline":"Handknattleiksdeild Gr\u00f3ttu og BK kj\u00faklingur \u00ed samstarf","datePublished":"2018-02-23T23:46:33+00:00","dateModified":"2020-05-12T23:47:25+00:00","mainEntityOfPage":{"@id":"https:\/\/grotta.is\/handknattleiksdeild\/handknattleiksdeild-grottu-og-bk-kjuklingur-i-samstarf\/"},"wordCount":151,"publisher":{"@id":"https:\/\/grotta.is\/#organization"},"image":{"@id":"https:\/\/grotta.is\/handknattleiksdeild\/handknattleiksdeild-grottu-og-bk-kjuklingur-i-samstarf\/#primaryimage"},"thumbnailUrl":"https:\/\/grotta.is\/wp-content\/uploads\/2018\/10\/grotta_handbolti_mflkvk-11.jpg","articleSection":["Handknattleiksdeild"],"inLanguage":"en-US"},{"@type":"WebPage","@id":"https:\/\/grotta.is\/handknattleiksdeild\/handknattleiksdeild-grottu-og-bk-kjuklingur-i-samstarf\/","url":"https:\/\/grotta.is\/handknattleiksdeild\/handknattleiksdeild-grottu-og-bk-kjuklingur-i-samstarf\/","name":"Handknattleiksdeild Gr\u00f3ttu og BK kj\u00faklingur \u00ed samstarf - \u00cd\u00fer\u00f3ttaf\u00e9lagi\u00f0 Gr\u00f3tta","isPartOf":{"@id":"https:\/\/grotta.is\/#website"},"primaryImageOfPage":{"@id":"https:\/\/grotta.is\/handknattleiksdeild\/handknattleiksdeild-grottu-og-bk-kjuklingur-i-samstarf\/#primaryimage"},"image":{"@id":"https:\/\/grotta.is\/handknattleiksdeild\/handknattleiksdeild-grottu-og-bk-kjuklingur-i-samstarf\/#primaryimage"},"thumbnailUrl":"https:\/\/grotta.is\/wp-content\/uploads\/2018\/10\/grotta_handbolti_mflkvk-11.jpg","datePublished":"2018-02-23T23:46:33+00:00","dateModified":"2020-05-12T23:47:25+00:00","breadcrumb":{"@id":"https:\/\/grotta.is\/handknattleiksdeild\/handknattleiksdeild-grottu-og-bk-kjuklingur-i-samstarf\/#breadcrumb"},"inLanguage":"en-US","potentialAction":[{"@type":"ReadAction","target":["https:\/\/grotta.is\/handknattleiksdeild\/handknattleiksdeild-grottu-og-bk-kjuklingur-i-samstarf\/"]}]},{"@type":"ImageObject","inLanguage":"en-US","@id":"https:\/\/grotta.is\/handknattleiksdeild\/handknattleiksdeild-grottu-og-bk-kjuklingur-i-samstarf\/#primaryimage","url":"https:\/\/grotta.is\/wp-content\/uploads\/2018\/10\/grotta_handbolti_mflkvk-11.jpg","contentUrl":"https:\/\/grotta.is\/wp-content\/uploads\/2018\/10\/grotta_handbolti_mflkvk-11.jpg","width":1231,"height":879},{"@type":"BreadcrumbList","@id":"https:\/\/grotta.is\/handknattleiksdeild\/handknattleiksdeild-grottu-og-bk-kjuklingur-i-samstarf\/#breadcrumb","itemListElement":[{"@type":"ListItem","position":1,"name":"Home","item":"https:\/\/grotta.is\/"},{"@type":"ListItem","position":2,"name":"Handknattleiksdeild Gr\u00f3ttu og BK kj\u00faklingur \u00ed samstarf"}]},{"@type":"WebSite","@id":"https:\/\/grotta.is\/#website","url":"https:\/\/grotta.is\/","name":"\u00cd\u00fer\u00f3ttaf\u00e9lagi\u00f0 Gr\u00f3tta","description":"\u00e1 Seltjarnarnesi","publisher":{"@id":"https:\/\/grotta.is\/#organization"},"potentialAction":[{"@type":"SearchAction","target":{"@type":"EntryPoint","urlTemplate":"https:\/\/grotta.is\/?s={search_term_string}"},"query-input":{"@type":"PropertyValueSpecification","valueRequired":true,"valueName":"search_term_string"}}],"inLanguage":"en-US"},{"@type":"Organization","@id":"https:\/\/grotta.is\/#organization","name":"\u00cd\u00fer\u00f3ttaf\u00e9lagi\u00f0 Gr\u00f3tta","url":"https:\/\/grotta.is\/","logo":{"@type":"ImageObject","inLanguage":"en-US","@id":"https:\/\/grotta.is\/#\/schema\/logo\/image\/","url":"https:\/\/grotta.is\/wp-content\/uploads\/2020\/02\/ithrottafelagidgrotta_logo_512x512_transparent.png","contentUrl":"https:\/\/grotta.is\/wp-content\/uploads\/2020\/02\/ithrottafelagidgrotta_logo_512x512_transparent.png","width":512,"height":512,"caption":"\u00cd\u00fer\u00f3ttaf\u00e9lagi\u00f0 Gr\u00f3tta"},"image":{"@id":"https:\/\/grotta.is\/#\/schema\/logo\/image\/"},"sameAs":["https:\/\/www.facebook.com\/grottasport"]},{"@type":"Person","@id":"https:\/\/grotta.is\/#\/schema\/person\/08ec57bf09ee925f1b6a01540c14a5ce","name":"Grotta","url":"https:\/\/grotta.is\/en\/author\/inga\/"}]}},"_links":{"self":[{"href":"https:\/\/grotta.is\/en\/wp-json\/wp\/v2\/posts\/6220","targetHints":{"allow":["GET"]}}],"collection":[{"href":"https:\/\/grotta.is\/en\/wp-json\/wp\/v2\/posts"}],"about":[{"href":"https:\/\/grotta.is\/en\/wp-json\/wp\/v2\/types\/post"}],"author":[{"embeddable":true,"href":"https:\/\/grotta.is\/en\/wp-json\/wp\/v2\/users\/2"}],"replies":[{"embeddable":true,"href":"https:\/\/grotta.is\/en\/wp-json\/wp\/v2\/comments?post=6220"}],"version-history":[{"count":1,"href":"https:\/\/grotta.is\/en\/wp-json\/wp\/v2\/posts\/6220\/revisions"}],"predecessor-version":[{"id":6221,"href":"https:\/\/grotta.is\/en\/wp-json\/wp\/v2\/posts\/6220\/revisions\/6221"}],"wp:featuredmedia":[{"embeddable":true,"href":"https:\/\/grotta.is\/en\/wp-json\/wp\/v2\/media\/2600"}],"wp:attachment":[{"href":"https:\/\/grotta.is\/en\/wp-json\/wp\/v2\/media?parent=6220"}],"wp:term":[{"taxonomy":"category","embeddable":true,"href":"https:\/\/grotta.is\/en\/wp-json\/wp\/v2\/categories?post=6220"},{"taxonomy":"post_tag","embeddable":true,"href":"https:\/\/grotta.is\/en\/wp-json\/wp\/v2\/tags?post=6220"}],"curies":[{"name":"wp","href":"https:\/\/api.w.org\/{rel}","templated":true}]}}