{"id":6214,"date":"2018-03-01T23:36:01","date_gmt":"2018-03-01T23:36:01","guid":{"rendered":"https:\/\/grotta.is\/?p=6214"},"modified":"2020-05-12T23:40:52","modified_gmt":"2020-05-12T23:40:52","slug":"vivaldivollurinn-til-2020","status":"publish","type":"post","link":"https:\/\/grotta.is\/en\/knattspyrnudeild\/vivaldivollurinn-til-2020\/","title":{"rendered":"Vivaldiv\u00f6llurinn til 2020"},"content":{"rendered":"<p>\u00cd \u00ferj\u00fa \u00e1r hefur Gr\u00f3ttuv\u00f6llur heiti\u00f0 Vivaldiv\u00f6llurinn eftir a\u00f0 samstarf knattspyrnudeildar Gr\u00f3ttu og hugb\u00fana\u00f0arfyrirt\u00e6kisins Vivaldi h\u00f3fst \u00ed upphafi \u00e1rs 2015. \u00c1 \u00feri\u00f0judag var skrifa\u00f0 undir n\u00fdjan \u00feriggja \u00e1ra samstarfssamning og mun Gr\u00f3tta \u00fev\u00ed leika \u00e1 Vivaldivellinum \u00fat \u00e1ri\u00f0 2020. \u00dea\u00f0 er Seltirningurinn J\u00f3n von Tetzchner sem er eigandi Vivaldi en hann er einnig stofnandi Innovation House frumkv\u00f6\u00f0lasetursins sem er me\u00f0 b\u00e6kist\u00f6\u00f0var s\u00ednar \u00e1 Ei\u00f0istorgi.<\/p><p>S\u00f6lvi Sn\u00e6r Magn\u00fasson, forma\u00f0ur knattspyrnudeildar, sag\u00f0i vi\u00f0 undirskriftina a\u00f0 stu\u00f0ningur Vivaldi v\u00e6ri f\u00e9laginu d\u00fdrm\u00e6tur og a\u00f0 \u00e1 s\u00ed\u00f0ustu \u00feremur \u00e1rum hafi miklar framfarir or\u00f0i\u00f0 \u00ed starfi deildarinnar. Meistaraflokkur kvenna v\u00e6ri kominn \u00e1 laggirnar og a\u00f0 i\u00f0kendafj\u00f6ldi hafi aukist st\u00f6\u00f0ugt.<\/p><p>Af sj\u00e1lfs\u00f6g\u00f0u var bo\u00f0i\u00f0 upp \u00e1 Vivaldi-k\u00f6ku<\/p><figure class=\"wp-block-image size-large\"><img fetchpriority=\"high\" decoding=\"async\" width=\"1024\" height=\"640\" src=\"https:\/\/grotta.is\/wp-content\/uploads\/2020\/05\/Knattspyrnudeild_grotta_Frettir_stjorn_9-1024x640.jpg\" alt=\"\" class=\"wp-image-6215\" srcset=\"https:\/\/grotta.is\/wp-content\/uploads\/2020\/05\/Knattspyrnudeild_grotta_Frettir_stjorn_9-1024x640.jpg 1024w, https:\/\/grotta.is\/wp-content\/uploads\/2020\/05\/Knattspyrnudeild_grotta_Frettir_stjorn_9-300x188.jpg 300w, https:\/\/grotta.is\/wp-content\/uploads\/2020\/05\/Knattspyrnudeild_grotta_Frettir_stjorn_9-768x480.jpg 768w, https:\/\/grotta.is\/wp-content\/uploads\/2020\/05\/Knattspyrnudeild_grotta_Frettir_stjorn_9-1536x960.jpg 1536w, https:\/\/grotta.is\/wp-content\/uploads\/2020\/05\/Knattspyrnudeild_grotta_Frettir_stjorn_9-600x375.jpg 600w, https:\/\/grotta.is\/wp-content\/uploads\/2020\/05\/Knattspyrnudeild_grotta_Frettir_stjorn_9.jpg 2048w\" sizes=\"(max-width: 1024px) 100vw, 1024px\" \/><\/figure><p>J\u00f3n sag\u00f0ist vera afar gla\u00f0ur yfir \u00fev\u00ed a\u00f0 geta stutt sitt gamla f\u00e9lag en hann l\u00e9k upp yngri flokkana me\u00f0 Gr\u00f3ttu. Hann minntist \u00e1 mikilv\u00e6gi \u00feess a\u00f0 \u00f6flugt \u00ed\u00fer\u00f3ttastarf v\u00e6ri \u00ed b\u00e6num og hann nyti \u00feess a\u00f0 sj\u00e1 f\u00e9lagi\u00f0 bl\u00f3mstra hj\u00e1 i\u00f0kendum \u00e1 \u00f6llum aldri.<\/p><p>Fr\u00e9ttastofa Gr\u00f3ttusport fagnar \u00feessum n\u00fdja samningi og hlakkar til a\u00f0 flytja fr\u00e9ttir af Vivaldivellinum n\u00e6stu \u00ferj\u00fa \u00e1rin.<\/p>","protected":false},"excerpt":{"rendered":"<p>\u00cd \u00ferj\u00fa \u00e1r hefur Gr\u00f3ttuv\u00f6llur heiti\u00f0 Vivaldiv\u00f6llurinn eftir a\u00f0 samstarf knattspyrnudeildar Gr\u00f3ttu og hugb\u00fana\u00f0arfyrirt\u00e6kisins Vivaldi h\u00f3fst \u00ed upphafi \u00e1rs 2015. <\/p>","protected":false},"author":2,"featured_media":6216,"comment_status":"closed","ping_status":"closed","sticky":false,"template":"","format":"standard","meta":{"footnotes":""},"categories":[7],"tags":[6],"class_list":["post-6214","post","type-post","status-publish","format-standard","has-post-thumbnail","hentry","category-knattspyrnudeild","tag-knattspyrna"],"yoast_head":"<!-- This site is optimized with the Yoast SEO plugin v24.3 - https:\/\/yoast.com\/wordpress\/plugins\/seo\/ -->\n<title>Vivaldiv\u00f6llurinn til 2020 - \u00cd\u00fer\u00f3ttaf\u00e9lagi\u00f0 Gr\u00f3tta<\/title>\n<meta name=\"robots\" content=\"index, follow, max-snippet:-1, max-image-preview:large, max-video-preview:-1\" \/>\n<link rel=\"canonical\" href=\"https:\/\/grotta.is\/en\/knattspyrnudeild\/vivaldivollurinn-til-2020\/\" \/>\n<meta property=\"og:locale\" content=\"en_US\" \/>\n<meta property=\"og:type\" content=\"article\" \/>\n<meta property=\"og:title\" content=\"Vivaldiv\u00f6llurinn til 2020 - \u00cd\u00fer\u00f3ttaf\u00e9lagi\u00f0 Gr\u00f3tta\" \/>\n<meta property=\"og:description\" content=\"\u00cd \u00ferj\u00fa \u00e1r hefur Gr\u00f3ttuv\u00f6llur heiti\u00f0 Vivaldiv\u00f6llurinn eftir a\u00f0 samstarf knattspyrnudeildar Gr\u00f3ttu og hugb\u00fana\u00f0arfyrirt\u00e6kisins Vivaldi h\u00f3fst \u00ed upphafi \u00e1rs 2015.\" \/>\n<meta property=\"og:url\" content=\"https:\/\/grotta.is\/en\/knattspyrnudeild\/vivaldivollurinn-til-2020\/\" \/>\n<meta property=\"og:site_name\" content=\"\u00cd\u00fer\u00f3ttaf\u00e9lagi\u00f0 Gr\u00f3tta\" \/>\n<meta property=\"article:publisher\" content=\"https:\/\/www.facebook.com\/grottasport\" \/>\n<meta property=\"article:published_time\" content=\"2018-03-01T23:36:01+00:00\" \/>\n<meta property=\"article:modified_time\" content=\"2020-05-12T23:40:52+00:00\" \/>\n<meta property=\"og:image\" content=\"https:\/\/grotta.is\/wp-content\/uploads\/2020\/05\/Knattspyrnudeild_grotta_Frettir_stjorn_10.jpg\" \/>\n\t<meta property=\"og:image:width\" content=\"2048\" \/>\n\t<meta property=\"og:image:height\" content=\"1466\" \/>\n\t<meta property=\"og:image:type\" content=\"image\/jpeg\" \/>\n<meta name=\"author\" content=\"Grotta\" \/>\n<meta name=\"twitter:card\" content=\"summary_large_image\" \/>\n<meta name=\"twitter:label1\" content=\"Written by\" \/>\n\t<meta name=\"twitter:data1\" content=\"Grotta\" \/>\n\t<meta name=\"twitter:label2\" content=\"Est. reading time\" \/>\n\t<meta name=\"twitter:data2\" content=\"1 minute\" \/>\n<script type=\"application\/ld+json\" class=\"yoast-schema-graph\">{\"@context\":\"https:\/\/schema.org\",\"@graph\":[{\"@type\":\"Article\",\"@id\":\"https:\/\/grotta.is\/knattspyrnudeild\/vivaldivollurinn-til-2020\/#article\",\"isPartOf\":{\"@id\":\"https:\/\/grotta.is\/knattspyrnudeild\/vivaldivollurinn-til-2020\/\"},\"author\":{\"name\":\"Grotta\",\"@id\":\"https:\/\/grotta.is\/#\/schema\/person\/08ec57bf09ee925f1b6a01540c14a5ce\"},\"headline\":\"Vivaldiv\u00f6llurinn til 2020\",\"datePublished\":\"2018-03-01T23:36:01+00:00\",\"dateModified\":\"2020-05-12T23:40:52+00:00\",\"mainEntityOfPage\":{\"@id\":\"https:\/\/grotta.is\/knattspyrnudeild\/vivaldivollurinn-til-2020\/\"},\"wordCount\":217,\"publisher\":{\"@id\":\"https:\/\/grotta.is\/#organization\"},\"image\":{\"@id\":\"https:\/\/grotta.is\/knattspyrnudeild\/vivaldivollurinn-til-2020\/#primaryimage\"},\"thumbnailUrl\":\"https:\/\/grotta.is\/wp-content\/uploads\/2020\/05\/Knattspyrnudeild_grotta_Frettir_stjorn_10.jpg\",\"keywords\":[\"Knattspyrna\"],\"articleSection\":[\"Knattspyrnudeild\"],\"inLanguage\":\"en-US\"},{\"@type\":\"WebPage\",\"@id\":\"https:\/\/grotta.is\/knattspyrnudeild\/vivaldivollurinn-til-2020\/\",\"url\":\"https:\/\/grotta.is\/knattspyrnudeild\/vivaldivollurinn-til-2020\/\",\"name\":\"Vivaldiv\u00f6llurinn til 2020 - \u00cd\u00fer\u00f3ttaf\u00e9lagi\u00f0 Gr\u00f3tta\",\"isPartOf\":{\"@id\":\"https:\/\/grotta.is\/#website\"},\"primaryImageOfPage\":{\"@id\":\"https:\/\/grotta.is\/knattspyrnudeild\/vivaldivollurinn-til-2020\/#primaryimage\"},\"image\":{\"@id\":\"https:\/\/grotta.is\/knattspyrnudeild\/vivaldivollurinn-til-2020\/#primaryimage\"},\"thumbnailUrl\":\"https:\/\/grotta.is\/wp-content\/uploads\/2020\/05\/Knattspyrnudeild_grotta_Frettir_stjorn_10.jpg\",\"datePublished\":\"2018-03-01T23:36:01+00:00\",\"dateModified\":\"2020-05-12T23:40:52+00:00\",\"breadcrumb\":{\"@id\":\"https:\/\/grotta.is\/knattspyrnudeild\/vivaldivollurinn-til-2020\/#breadcrumb\"},\"inLanguage\":\"en-US\",\"potentialAction\":[{\"@type\":\"ReadAction\",\"target\":[\"https:\/\/grotta.is\/knattspyrnudeild\/vivaldivollurinn-til-2020\/\"]}]},{\"@type\":\"ImageObject\",\"inLanguage\":\"en-US\",\"@id\":\"https:\/\/grotta.is\/knattspyrnudeild\/vivaldivollurinn-til-2020\/#primaryimage\",\"url\":\"https:\/\/grotta.is\/wp-content\/uploads\/2020\/05\/Knattspyrnudeild_grotta_Frettir_stjorn_10.jpg\",\"contentUrl\":\"https:\/\/grotta.is\/wp-content\/uploads\/2020\/05\/Knattspyrnudeild_grotta_Frettir_stjorn_10.jpg\",\"width\":2048,\"height\":1466},{\"@type\":\"BreadcrumbList\",\"@id\":\"https:\/\/grotta.is\/knattspyrnudeild\/vivaldivollurinn-til-2020\/#breadcrumb\",\"itemListElement\":[{\"@type\":\"ListItem\",\"position\":1,\"name\":\"Home\",\"item\":\"https:\/\/grotta.is\/\"},{\"@type\":\"ListItem\",\"position\":2,\"name\":\"Vivaldiv\u00f6llurinn til 2020\"}]},{\"@type\":\"WebSite\",\"@id\":\"https:\/\/grotta.is\/#website\",\"url\":\"https:\/\/grotta.is\/\",\"name\":\"\u00cd\u00fer\u00f3ttaf\u00e9lagi\u00f0 Gr\u00f3tta\",\"description\":\"\u00e1 Seltjarnarnesi\",\"publisher\":{\"@id\":\"https:\/\/grotta.is\/#organization\"},\"potentialAction\":[{\"@type\":\"SearchAction\",\"target\":{\"@type\":\"EntryPoint\",\"urlTemplate\":\"https:\/\/grotta.is\/?s={search_term_string}\"},\"query-input\":{\"@type\":\"PropertyValueSpecification\",\"valueRequired\":true,\"valueName\":\"search_term_string\"}}],\"inLanguage\":\"en-US\"},{\"@type\":\"Organization\",\"@id\":\"https:\/\/grotta.is\/#organization\",\"name\":\"\u00cd\u00fer\u00f3ttaf\u00e9lagi\u00f0 Gr\u00f3tta\",\"url\":\"https:\/\/grotta.is\/\",\"logo\":{\"@type\":\"ImageObject\",\"inLanguage\":\"en-US\",\"@id\":\"https:\/\/grotta.is\/#\/schema\/logo\/image\/\",\"url\":\"https:\/\/grotta.is\/wp-content\/uploads\/2020\/02\/ithrottafelagidgrotta_logo_512x512_transparent.png\",\"contentUrl\":\"https:\/\/grotta.is\/wp-content\/uploads\/2020\/02\/ithrottafelagidgrotta_logo_512x512_transparent.png\",\"width\":512,\"height\":512,\"caption\":\"\u00cd\u00fer\u00f3ttaf\u00e9lagi\u00f0 Gr\u00f3tta\"},\"image\":{\"@id\":\"https:\/\/grotta.is\/#\/schema\/logo\/image\/\"},\"sameAs\":[\"https:\/\/www.facebook.com\/grottasport\"]},{\"@type\":\"Person\",\"@id\":\"https:\/\/grotta.is\/#\/schema\/person\/08ec57bf09ee925f1b6a01540c14a5ce\",\"name\":\"Grotta\",\"url\":\"https:\/\/grotta.is\/en\/author\/inga\/\"}]}<\/script>\n<!-- \/ Yoast SEO plugin. -->","yoast_head_json":{"title":"Vivaldiv\u00f6llurinn til 2020 - \u00cd\u00fer\u00f3ttaf\u00e9lagi\u00f0 Gr\u00f3tta","robots":{"index":"index","follow":"follow","max-snippet":"max-snippet:-1","max-image-preview":"max-image-preview:large","max-video-preview":"max-video-preview:-1"},"canonical":"https:\/\/grotta.is\/en\/knattspyrnudeild\/vivaldivollurinn-til-2020\/","og_locale":"en_US","og_type":"article","og_title":"Vivaldiv\u00f6llurinn til 2020 - \u00cd\u00fer\u00f3ttaf\u00e9lagi\u00f0 Gr\u00f3tta","og_description":"\u00cd \u00ferj\u00fa \u00e1r hefur Gr\u00f3ttuv\u00f6llur heiti\u00f0 Vivaldiv\u00f6llurinn eftir a\u00f0 samstarf knattspyrnudeildar Gr\u00f3ttu og hugb\u00fana\u00f0arfyrirt\u00e6kisins Vivaldi h\u00f3fst \u00ed upphafi \u00e1rs 2015.","og_url":"https:\/\/grotta.is\/en\/knattspyrnudeild\/vivaldivollurinn-til-2020\/","og_site_name":"\u00cd\u00fer\u00f3ttaf\u00e9lagi\u00f0 Gr\u00f3tta","article_publisher":"https:\/\/www.facebook.com\/grottasport","article_published_time":"2018-03-01T23:36:01+00:00","article_modified_time":"2020-05-12T23:40:52+00:00","og_image":[{"width":2048,"height":1466,"url":"https:\/\/grotta.is\/wp-content\/uploads\/2020\/05\/Knattspyrnudeild_grotta_Frettir_stjorn_10.jpg","type":"image\/jpeg"}],"author":"Grotta","twitter_card":"summary_large_image","twitter_misc":{"Written by":"Grotta","Est. reading time":"1 minute"},"schema":{"@context":"https:\/\/schema.org","@graph":[{"@type":"Article","@id":"https:\/\/grotta.is\/knattspyrnudeild\/vivaldivollurinn-til-2020\/#article","isPartOf":{"@id":"https:\/\/grotta.is\/knattspyrnudeild\/vivaldivollurinn-til-2020\/"},"author":{"name":"Grotta","@id":"https:\/\/grotta.is\/#\/schema\/person\/08ec57bf09ee925f1b6a01540c14a5ce"},"headline":"Vivaldiv\u00f6llurinn til 2020","datePublished":"2018-03-01T23:36:01+00:00","dateModified":"2020-05-12T23:40:52+00:00","mainEntityOfPage":{"@id":"https:\/\/grotta.is\/knattspyrnudeild\/vivaldivollurinn-til-2020\/"},"wordCount":217,"publisher":{"@id":"https:\/\/grotta.is\/#organization"},"image":{"@id":"https:\/\/grotta.is\/knattspyrnudeild\/vivaldivollurinn-til-2020\/#primaryimage"},"thumbnailUrl":"https:\/\/grotta.is\/wp-content\/uploads\/2020\/05\/Knattspyrnudeild_grotta_Frettir_stjorn_10.jpg","keywords":["Knattspyrna"],"articleSection":["Knattspyrnudeild"],"inLanguage":"en-US"},{"@type":"WebPage","@id":"https:\/\/grotta.is\/knattspyrnudeild\/vivaldivollurinn-til-2020\/","url":"https:\/\/grotta.is\/knattspyrnudeild\/vivaldivollurinn-til-2020\/","name":"Vivaldiv\u00f6llurinn til 2020 - \u00cd\u00fer\u00f3ttaf\u00e9lagi\u00f0 Gr\u00f3tta","isPartOf":{"@id":"https:\/\/grotta.is\/#website"},"primaryImageOfPage":{"@id":"https:\/\/grotta.is\/knattspyrnudeild\/vivaldivollurinn-til-2020\/#primaryimage"},"image":{"@id":"https:\/\/grotta.is\/knattspyrnudeild\/vivaldivollurinn-til-2020\/#primaryimage"},"thumbnailUrl":"https:\/\/grotta.is\/wp-content\/uploads\/2020\/05\/Knattspyrnudeild_grotta_Frettir_stjorn_10.jpg","datePublished":"2018-03-01T23:36:01+00:00","dateModified":"2020-05-12T23:40:52+00:00","breadcrumb":{"@id":"https:\/\/grotta.is\/knattspyrnudeild\/vivaldivollurinn-til-2020\/#breadcrumb"},"inLanguage":"en-US","potentialAction":[{"@type":"ReadAction","target":["https:\/\/grotta.is\/knattspyrnudeild\/vivaldivollurinn-til-2020\/"]}]},{"@type":"ImageObject","inLanguage":"en-US","@id":"https:\/\/grotta.is\/knattspyrnudeild\/vivaldivollurinn-til-2020\/#primaryimage","url":"https:\/\/grotta.is\/wp-content\/uploads\/2020\/05\/Knattspyrnudeild_grotta_Frettir_stjorn_10.jpg","contentUrl":"https:\/\/grotta.is\/wp-content\/uploads\/2020\/05\/Knattspyrnudeild_grotta_Frettir_stjorn_10.jpg","width":2048,"height":1466},{"@type":"BreadcrumbList","@id":"https:\/\/grotta.is\/knattspyrnudeild\/vivaldivollurinn-til-2020\/#breadcrumb","itemListElement":[{"@type":"ListItem","position":1,"name":"Home","item":"https:\/\/grotta.is\/"},{"@type":"ListItem","position":2,"name":"Vivaldiv\u00f6llurinn til 2020"}]},{"@type":"WebSite","@id":"https:\/\/grotta.is\/#website","url":"https:\/\/grotta.is\/","name":"\u00cd\u00fer\u00f3ttaf\u00e9lagi\u00f0 Gr\u00f3tta","description":"\u00e1 Seltjarnarnesi","publisher":{"@id":"https:\/\/grotta.is\/#organization"},"potentialAction":[{"@type":"SearchAction","target":{"@type":"EntryPoint","urlTemplate":"https:\/\/grotta.is\/?s={search_term_string}"},"query-input":{"@type":"PropertyValueSpecification","valueRequired":true,"valueName":"search_term_string"}}],"inLanguage":"en-US"},{"@type":"Organization","@id":"https:\/\/grotta.is\/#organization","name":"\u00cd\u00fer\u00f3ttaf\u00e9lagi\u00f0 Gr\u00f3tta","url":"https:\/\/grotta.is\/","logo":{"@type":"ImageObject","inLanguage":"en-US","@id":"https:\/\/grotta.is\/#\/schema\/logo\/image\/","url":"https:\/\/grotta.is\/wp-content\/uploads\/2020\/02\/ithrottafelagidgrotta_logo_512x512_transparent.png","contentUrl":"https:\/\/grotta.is\/wp-content\/uploads\/2020\/02\/ithrottafelagidgrotta_logo_512x512_transparent.png","width":512,"height":512,"caption":"\u00cd\u00fer\u00f3ttaf\u00e9lagi\u00f0 Gr\u00f3tta"},"image":{"@id":"https:\/\/grotta.is\/#\/schema\/logo\/image\/"},"sameAs":["https:\/\/www.facebook.com\/grottasport"]},{"@type":"Person","@id":"https:\/\/grotta.is\/#\/schema\/person\/08ec57bf09ee925f1b6a01540c14a5ce","name":"Grotta","url":"https:\/\/grotta.is\/en\/author\/inga\/"}]}},"_links":{"self":[{"href":"https:\/\/grotta.is\/en\/wp-json\/wp\/v2\/posts\/6214","targetHints":{"allow":["GET"]}}],"collection":[{"href":"https:\/\/grotta.is\/en\/wp-json\/wp\/v2\/posts"}],"about":[{"href":"https:\/\/grotta.is\/en\/wp-json\/wp\/v2\/types\/post"}],"author":[{"embeddable":true,"href":"https:\/\/grotta.is\/en\/wp-json\/wp\/v2\/users\/2"}],"replies":[{"embeddable":true,"href":"https:\/\/grotta.is\/en\/wp-json\/wp\/v2\/comments?post=6214"}],"version-history":[{"count":1,"href":"https:\/\/grotta.is\/en\/wp-json\/wp\/v2\/posts\/6214\/revisions"}],"predecessor-version":[{"id":6217,"href":"https:\/\/grotta.is\/en\/wp-json\/wp\/v2\/posts\/6214\/revisions\/6217"}],"wp:featuredmedia":[{"embeddable":true,"href":"https:\/\/grotta.is\/en\/wp-json\/wp\/v2\/media\/6216"}],"wp:attachment":[{"href":"https:\/\/grotta.is\/en\/wp-json\/wp\/v2\/media?parent=6214"}],"wp:term":[{"taxonomy":"category","embeddable":true,"href":"https:\/\/grotta.is\/en\/wp-json\/wp\/v2\/categories?post=6214"},{"taxonomy":"post_tag","embeddable":true,"href":"https:\/\/grotta.is\/en\/wp-json\/wp\/v2\/tags?post=6214"}],"curies":[{"name":"wp","href":"https:\/\/api.w.org\/{rel}","templated":true}]}}