{"id":6191,"date":"2018-05-12T23:14:00","date_gmt":"2018-05-12T23:14:00","guid":{"rendered":"https:\/\/grotta.is\/?p=6191"},"modified":"2020-05-12T23:18:23","modified_gmt":"2020-05-12T23:18:23","slug":"arnar-jon-og-david-radnir-thjalfarar","status":"publish","type":"post","link":"https:\/\/grotta.is\/en\/handknattleiksdeild\/arnar-jon-og-david-radnir-thjalfarar\/","title":{"rendered":"Arnar J\u00f3n og Dav\u00ed\u00f0 r\u00e1\u00f0nir \u00fej\u00e1lfarar"},"content":{"rendered":"<p>Arnar J\u00f3n Agnarsson og Dav\u00ed\u00f0 \u00d6rn Hl\u00f6\u00f0versson hafa veri\u00f0 r\u00e1\u00f0nir \u00fej\u00e1lfarar meistaraflokks kvenna hj\u00e1 Gr\u00f3ttu. Samningurinn er til \u00feriggja \u00e1ra.<\/p><p>\u00dej\u00e1lfararnir taka vi\u00f0 boltanum af Alfre\u00f0 Erni Finnssyni sem st\u00fdr\u00f0i li\u00f0inu \u00ed vetur. Alfre\u00f0 st\u00edgur til hli\u00f0ar vegna starfa sinna hj\u00e1 HS\u00cd. \u00dea\u00f0 eru \u00e1n\u00e6gjuleg t\u00ed\u00f0indi a\u00f0 Alfre\u00f0 ver\u00f0ur \u00e1fram \u00ed r\u00f6\u00f0um Gr\u00f3ttu og mun \u00e1fram starfa hj\u00e1 f\u00e9laginu \u00e1 \u00f6\u00f0rum vettvangi.<\/p><p>B\u00e6\u00f0i Arnar J\u00f3n og Dav\u00ed\u00f0 \u00feekkja heldur betur til f\u00e9lagsins. Arnar J\u00f3n hefur starfa\u00f0 sem yfir\u00fej\u00e1lfari yngri flokka hj\u00e1 Gr\u00f3ttu undanfarin tv\u00f6 \u00e1r og Dav\u00ed\u00f0 hefur \u00fej\u00e1lfa\u00f0 hj\u00e1 f\u00e9laginu \u00ed 14 \u00e1r.<\/p><p>Krist\u00edn \u00de\u00f3r\u00f0ard\u00f3ttir forma\u00f0ur Handknattleiksdeildar Gr\u00f3ttu haf\u00f0i \u00feetta a\u00f0 segja vi\u00f0 undirritunina: \u201eVi\u00f0 \u00ed stj\u00f3rn deildarinnar erum gr\u00ed\u00f0arlega \u00e1n\u00e6g\u00f0 me\u00f0 samningana vi\u00f0 Arnar J\u00f3n og Dav\u00ed\u00f0 og v\u00e6ntum mikils af \u00feeirra st\u00f6rfum n\u00e6stu \u00e1rin\u201c<\/p>","protected":false},"excerpt":{"rendered":"<p>Arnar J\u00f3n Agnarsson og Dav\u00ed\u00f0 \u00d6rn Hl\u00f6\u00f0versson hafa veri\u00f0 r\u00e1\u00f0nir \u00fej\u00e1lfarar meistaraflokks kvenna hj\u00e1 Gr\u00f3ttu. Samningurinn er til \u00feriggja \u00e1ra.<\/p>","protected":false},"author":2,"featured_media":6193,"comment_status":"closed","ping_status":"closed","sticky":false,"template":"","format":"standard","meta":{"footnotes":""},"categories":[12],"tags":[13,33],"class_list":["post-6191","post","type-post","status-publish","format-standard","has-post-thumbnail","hentry","category-handknattleiksdeild","tag-handbolti","tag-thjalfarar"],"yoast_head":"<!-- This site is optimized with the Yoast SEO plugin v24.3 - https:\/\/yoast.com\/wordpress\/plugins\/seo\/ -->\n<title>Arnar J\u00f3n og Dav\u00ed\u00f0 r\u00e1\u00f0nir \u00fej\u00e1lfarar - \u00cd\u00fer\u00f3ttaf\u00e9lagi\u00f0 Gr\u00f3tta<\/title>\n<meta name=\"robots\" content=\"index, follow, max-snippet:-1, max-image-preview:large, max-video-preview:-1\" \/>\n<link rel=\"canonical\" href=\"https:\/\/grotta.is\/en\/handknattleiksdeild\/arnar-jon-og-david-radnir-thjalfarar\/\" \/>\n<meta property=\"og:locale\" content=\"en_US\" \/>\n<meta property=\"og:type\" content=\"article\" \/>\n<meta property=\"og:title\" content=\"Arnar J\u00f3n og Dav\u00ed\u00f0 r\u00e1\u00f0nir \u00fej\u00e1lfarar - \u00cd\u00fer\u00f3ttaf\u00e9lagi\u00f0 Gr\u00f3tta\" \/>\n<meta property=\"og:description\" content=\"Arnar J\u00f3n Agnarsson og Dav\u00ed\u00f0 \u00d6rn Hl\u00f6\u00f0versson hafa veri\u00f0 r\u00e1\u00f0nir \u00fej\u00e1lfarar meistaraflokks kvenna hj\u00e1 Gr\u00f3ttu. Samningurinn er til \u00feriggja \u00e1ra.\" \/>\n<meta property=\"og:url\" content=\"https:\/\/grotta.is\/en\/handknattleiksdeild\/arnar-jon-og-david-radnir-thjalfarar\/\" \/>\n<meta property=\"og:site_name\" content=\"\u00cd\u00fer\u00f3ttaf\u00e9lagi\u00f0 Gr\u00f3tta\" \/>\n<meta property=\"article:publisher\" content=\"https:\/\/www.facebook.com\/grottasport\" \/>\n<meta property=\"article:published_time\" content=\"2018-05-12T23:14:00+00:00\" \/>\n<meta property=\"article:modified_time\" content=\"2020-05-12T23:18:23+00:00\" \/>\n<meta property=\"og:image\" content=\"https:\/\/grotta.is\/wp-content\/uploads\/2018\/05\/Grotta_Handbolti_01.jpg\" \/>\n\t<meta property=\"og:image:width\" content=\"960\" \/>\n\t<meta property=\"og:image:height\" content=\"934\" \/>\n\t<meta property=\"og:image:type\" content=\"image\/jpeg\" \/>\n<meta name=\"author\" content=\"Grotta\" \/>\n<meta name=\"twitter:card\" content=\"summary_large_image\" \/>\n<meta name=\"twitter:label1\" content=\"Written by\" \/>\n\t<meta name=\"twitter:data1\" content=\"Grotta\" \/>\n\t<meta name=\"twitter:label2\" content=\"Est. reading time\" \/>\n\t<meta name=\"twitter:data2\" content=\"1 minute\" \/>\n<script type=\"application\/ld+json\" class=\"yoast-schema-graph\">{\"@context\":\"https:\/\/schema.org\",\"@graph\":[{\"@type\":\"Article\",\"@id\":\"https:\/\/grotta.is\/handknattleiksdeild\/arnar-jon-og-david-radnir-thjalfarar\/#article\",\"isPartOf\":{\"@id\":\"https:\/\/grotta.is\/handknattleiksdeild\/arnar-jon-og-david-radnir-thjalfarar\/\"},\"author\":{\"name\":\"Grotta\",\"@id\":\"https:\/\/grotta.is\/#\/schema\/person\/08ec57bf09ee925f1b6a01540c14a5ce\"},\"headline\":\"Arnar J\u00f3n og Dav\u00ed\u00f0 r\u00e1\u00f0nir \u00fej\u00e1lfarar\",\"datePublished\":\"2018-05-12T23:14:00+00:00\",\"dateModified\":\"2020-05-12T23:18:23+00:00\",\"mainEntityOfPage\":{\"@id\":\"https:\/\/grotta.is\/handknattleiksdeild\/arnar-jon-og-david-radnir-thjalfarar\/\"},\"wordCount\":169,\"publisher\":{\"@id\":\"https:\/\/grotta.is\/#organization\"},\"image\":{\"@id\":\"https:\/\/grotta.is\/handknattleiksdeild\/arnar-jon-og-david-radnir-thjalfarar\/#primaryimage\"},\"thumbnailUrl\":\"https:\/\/grotta.is\/wp-content\/uploads\/2018\/05\/Grotta_Handbolti_01.jpg\",\"keywords\":[\"Handbolti\",\"\u00dej\u00e1lfarar\"],\"articleSection\":[\"Handknattleiksdeild\"],\"inLanguage\":\"en-US\"},{\"@type\":\"WebPage\",\"@id\":\"https:\/\/grotta.is\/handknattleiksdeild\/arnar-jon-og-david-radnir-thjalfarar\/\",\"url\":\"https:\/\/grotta.is\/handknattleiksdeild\/arnar-jon-og-david-radnir-thjalfarar\/\",\"name\":\"Arnar J\u00f3n og Dav\u00ed\u00f0 r\u00e1\u00f0nir \u00fej\u00e1lfarar - \u00cd\u00fer\u00f3ttaf\u00e9lagi\u00f0 Gr\u00f3tta\",\"isPartOf\":{\"@id\":\"https:\/\/grotta.is\/#website\"},\"primaryImageOfPage\":{\"@id\":\"https:\/\/grotta.is\/handknattleiksdeild\/arnar-jon-og-david-radnir-thjalfarar\/#primaryimage\"},\"image\":{\"@id\":\"https:\/\/grotta.is\/handknattleiksdeild\/arnar-jon-og-david-radnir-thjalfarar\/#primaryimage\"},\"thumbnailUrl\":\"https:\/\/grotta.is\/wp-content\/uploads\/2018\/05\/Grotta_Handbolti_01.jpg\",\"datePublished\":\"2018-05-12T23:14:00+00:00\",\"dateModified\":\"2020-05-12T23:18:23+00:00\",\"breadcrumb\":{\"@id\":\"https:\/\/grotta.is\/handknattleiksdeild\/arnar-jon-og-david-radnir-thjalfarar\/#breadcrumb\"},\"inLanguage\":\"en-US\",\"potentialAction\":[{\"@type\":\"ReadAction\",\"target\":[\"https:\/\/grotta.is\/handknattleiksdeild\/arnar-jon-og-david-radnir-thjalfarar\/\"]}]},{\"@type\":\"ImageObject\",\"inLanguage\":\"en-US\",\"@id\":\"https:\/\/grotta.is\/handknattleiksdeild\/arnar-jon-og-david-radnir-thjalfarar\/#primaryimage\",\"url\":\"https:\/\/grotta.is\/wp-content\/uploads\/2018\/05\/Grotta_Handbolti_01.jpg\",\"contentUrl\":\"https:\/\/grotta.is\/wp-content\/uploads\/2018\/05\/Grotta_Handbolti_01.jpg\",\"width\":960,\"height\":934},{\"@type\":\"BreadcrumbList\",\"@id\":\"https:\/\/grotta.is\/handknattleiksdeild\/arnar-jon-og-david-radnir-thjalfarar\/#breadcrumb\",\"itemListElement\":[{\"@type\":\"ListItem\",\"position\":1,\"name\":\"Home\",\"item\":\"https:\/\/grotta.is\/\"},{\"@type\":\"ListItem\",\"position\":2,\"name\":\"Arnar J\u00f3n og Dav\u00ed\u00f0 r\u00e1\u00f0nir \u00fej\u00e1lfarar\"}]},{\"@type\":\"WebSite\",\"@id\":\"https:\/\/grotta.is\/#website\",\"url\":\"https:\/\/grotta.is\/\",\"name\":\"\u00cd\u00fer\u00f3ttaf\u00e9lagi\u00f0 Gr\u00f3tta\",\"description\":\"\u00e1 Seltjarnarnesi\",\"publisher\":{\"@id\":\"https:\/\/grotta.is\/#organization\"},\"potentialAction\":[{\"@type\":\"SearchAction\",\"target\":{\"@type\":\"EntryPoint\",\"urlTemplate\":\"https:\/\/grotta.is\/?s={search_term_string}\"},\"query-input\":{\"@type\":\"PropertyValueSpecification\",\"valueRequired\":true,\"valueName\":\"search_term_string\"}}],\"inLanguage\":\"en-US\"},{\"@type\":\"Organization\",\"@id\":\"https:\/\/grotta.is\/#organization\",\"name\":\"\u00cd\u00fer\u00f3ttaf\u00e9lagi\u00f0 Gr\u00f3tta\",\"url\":\"https:\/\/grotta.is\/\",\"logo\":{\"@type\":\"ImageObject\",\"inLanguage\":\"en-US\",\"@id\":\"https:\/\/grotta.is\/#\/schema\/logo\/image\/\",\"url\":\"https:\/\/grotta.is\/wp-content\/uploads\/2020\/02\/ithrottafelagidgrotta_logo_512x512_transparent.png\",\"contentUrl\":\"https:\/\/grotta.is\/wp-content\/uploads\/2020\/02\/ithrottafelagidgrotta_logo_512x512_transparent.png\",\"width\":512,\"height\":512,\"caption\":\"\u00cd\u00fer\u00f3ttaf\u00e9lagi\u00f0 Gr\u00f3tta\"},\"image\":{\"@id\":\"https:\/\/grotta.is\/#\/schema\/logo\/image\/\"},\"sameAs\":[\"https:\/\/www.facebook.com\/grottasport\"]},{\"@type\":\"Person\",\"@id\":\"https:\/\/grotta.is\/#\/schema\/person\/08ec57bf09ee925f1b6a01540c14a5ce\",\"name\":\"Grotta\",\"url\":\"https:\/\/grotta.is\/en\/author\/inga\/\"}]}<\/script>\n<!-- \/ Yoast SEO plugin. -->","yoast_head_json":{"title":"Arnar J\u00f3n og Dav\u00ed\u00f0 r\u00e1\u00f0nir \u00fej\u00e1lfarar - \u00cd\u00fer\u00f3ttaf\u00e9lagi\u00f0 Gr\u00f3tta","robots":{"index":"index","follow":"follow","max-snippet":"max-snippet:-1","max-image-preview":"max-image-preview:large","max-video-preview":"max-video-preview:-1"},"canonical":"https:\/\/grotta.is\/en\/handknattleiksdeild\/arnar-jon-og-david-radnir-thjalfarar\/","og_locale":"en_US","og_type":"article","og_title":"Arnar J\u00f3n og Dav\u00ed\u00f0 r\u00e1\u00f0nir \u00fej\u00e1lfarar - \u00cd\u00fer\u00f3ttaf\u00e9lagi\u00f0 Gr\u00f3tta","og_description":"Arnar J\u00f3n Agnarsson og Dav\u00ed\u00f0 \u00d6rn Hl\u00f6\u00f0versson hafa veri\u00f0 r\u00e1\u00f0nir \u00fej\u00e1lfarar meistaraflokks kvenna hj\u00e1 Gr\u00f3ttu. Samningurinn er til \u00feriggja \u00e1ra.","og_url":"https:\/\/grotta.is\/en\/handknattleiksdeild\/arnar-jon-og-david-radnir-thjalfarar\/","og_site_name":"\u00cd\u00fer\u00f3ttaf\u00e9lagi\u00f0 Gr\u00f3tta","article_publisher":"https:\/\/www.facebook.com\/grottasport","article_published_time":"2018-05-12T23:14:00+00:00","article_modified_time":"2020-05-12T23:18:23+00:00","og_image":[{"width":960,"height":934,"url":"https:\/\/grotta.is\/wp-content\/uploads\/2018\/05\/Grotta_Handbolti_01.jpg","type":"image\/jpeg"}],"author":"Grotta","twitter_card":"summary_large_image","twitter_misc":{"Written by":"Grotta","Est. reading time":"1 minute"},"schema":{"@context":"https:\/\/schema.org","@graph":[{"@type":"Article","@id":"https:\/\/grotta.is\/handknattleiksdeild\/arnar-jon-og-david-radnir-thjalfarar\/#article","isPartOf":{"@id":"https:\/\/grotta.is\/handknattleiksdeild\/arnar-jon-og-david-radnir-thjalfarar\/"},"author":{"name":"Grotta","@id":"https:\/\/grotta.is\/#\/schema\/person\/08ec57bf09ee925f1b6a01540c14a5ce"},"headline":"Arnar J\u00f3n og Dav\u00ed\u00f0 r\u00e1\u00f0nir \u00fej\u00e1lfarar","datePublished":"2018-05-12T23:14:00+00:00","dateModified":"2020-05-12T23:18:23+00:00","mainEntityOfPage":{"@id":"https:\/\/grotta.is\/handknattleiksdeild\/arnar-jon-og-david-radnir-thjalfarar\/"},"wordCount":169,"publisher":{"@id":"https:\/\/grotta.is\/#organization"},"image":{"@id":"https:\/\/grotta.is\/handknattleiksdeild\/arnar-jon-og-david-radnir-thjalfarar\/#primaryimage"},"thumbnailUrl":"https:\/\/grotta.is\/wp-content\/uploads\/2018\/05\/Grotta_Handbolti_01.jpg","keywords":["Handbolti","\u00dej\u00e1lfarar"],"articleSection":["Handknattleiksdeild"],"inLanguage":"en-US"},{"@type":"WebPage","@id":"https:\/\/grotta.is\/handknattleiksdeild\/arnar-jon-og-david-radnir-thjalfarar\/","url":"https:\/\/grotta.is\/handknattleiksdeild\/arnar-jon-og-david-radnir-thjalfarar\/","name":"Arnar J\u00f3n og Dav\u00ed\u00f0 r\u00e1\u00f0nir \u00fej\u00e1lfarar - \u00cd\u00fer\u00f3ttaf\u00e9lagi\u00f0 Gr\u00f3tta","isPartOf":{"@id":"https:\/\/grotta.is\/#website"},"primaryImageOfPage":{"@id":"https:\/\/grotta.is\/handknattleiksdeild\/arnar-jon-og-david-radnir-thjalfarar\/#primaryimage"},"image":{"@id":"https:\/\/grotta.is\/handknattleiksdeild\/arnar-jon-og-david-radnir-thjalfarar\/#primaryimage"},"thumbnailUrl":"https:\/\/grotta.is\/wp-content\/uploads\/2018\/05\/Grotta_Handbolti_01.jpg","datePublished":"2018-05-12T23:14:00+00:00","dateModified":"2020-05-12T23:18:23+00:00","breadcrumb":{"@id":"https:\/\/grotta.is\/handknattleiksdeild\/arnar-jon-og-david-radnir-thjalfarar\/#breadcrumb"},"inLanguage":"en-US","potentialAction":[{"@type":"ReadAction","target":["https:\/\/grotta.is\/handknattleiksdeild\/arnar-jon-og-david-radnir-thjalfarar\/"]}]},{"@type":"ImageObject","inLanguage":"en-US","@id":"https:\/\/grotta.is\/handknattleiksdeild\/arnar-jon-og-david-radnir-thjalfarar\/#primaryimage","url":"https:\/\/grotta.is\/wp-content\/uploads\/2018\/05\/Grotta_Handbolti_01.jpg","contentUrl":"https:\/\/grotta.is\/wp-content\/uploads\/2018\/05\/Grotta_Handbolti_01.jpg","width":960,"height":934},{"@type":"BreadcrumbList","@id":"https:\/\/grotta.is\/handknattleiksdeild\/arnar-jon-og-david-radnir-thjalfarar\/#breadcrumb","itemListElement":[{"@type":"ListItem","position":1,"name":"Home","item":"https:\/\/grotta.is\/"},{"@type":"ListItem","position":2,"name":"Arnar J\u00f3n og Dav\u00ed\u00f0 r\u00e1\u00f0nir \u00fej\u00e1lfarar"}]},{"@type":"WebSite","@id":"https:\/\/grotta.is\/#website","url":"https:\/\/grotta.is\/","name":"\u00cd\u00fer\u00f3ttaf\u00e9lagi\u00f0 Gr\u00f3tta","description":"\u00e1 Seltjarnarnesi","publisher":{"@id":"https:\/\/grotta.is\/#organization"},"potentialAction":[{"@type":"SearchAction","target":{"@type":"EntryPoint","urlTemplate":"https:\/\/grotta.is\/?s={search_term_string}"},"query-input":{"@type":"PropertyValueSpecification","valueRequired":true,"valueName":"search_term_string"}}],"inLanguage":"en-US"},{"@type":"Organization","@id":"https:\/\/grotta.is\/#organization","name":"\u00cd\u00fer\u00f3ttaf\u00e9lagi\u00f0 Gr\u00f3tta","url":"https:\/\/grotta.is\/","logo":{"@type":"ImageObject","inLanguage":"en-US","@id":"https:\/\/grotta.is\/#\/schema\/logo\/image\/","url":"https:\/\/grotta.is\/wp-content\/uploads\/2020\/02\/ithrottafelagidgrotta_logo_512x512_transparent.png","contentUrl":"https:\/\/grotta.is\/wp-content\/uploads\/2020\/02\/ithrottafelagidgrotta_logo_512x512_transparent.png","width":512,"height":512,"caption":"\u00cd\u00fer\u00f3ttaf\u00e9lagi\u00f0 Gr\u00f3tta"},"image":{"@id":"https:\/\/grotta.is\/#\/schema\/logo\/image\/"},"sameAs":["https:\/\/www.facebook.com\/grottasport"]},{"@type":"Person","@id":"https:\/\/grotta.is\/#\/schema\/person\/08ec57bf09ee925f1b6a01540c14a5ce","name":"Grotta","url":"https:\/\/grotta.is\/en\/author\/inga\/"}]}},"_links":{"self":[{"href":"https:\/\/grotta.is\/en\/wp-json\/wp\/v2\/posts\/6191","targetHints":{"allow":["GET"]}}],"collection":[{"href":"https:\/\/grotta.is\/en\/wp-json\/wp\/v2\/posts"}],"about":[{"href":"https:\/\/grotta.is\/en\/wp-json\/wp\/v2\/types\/post"}],"author":[{"embeddable":true,"href":"https:\/\/grotta.is\/en\/wp-json\/wp\/v2\/users\/2"}],"replies":[{"embeddable":true,"href":"https:\/\/grotta.is\/en\/wp-json\/wp\/v2\/comments?post=6191"}],"version-history":[{"count":2,"href":"https:\/\/grotta.is\/en\/wp-json\/wp\/v2\/posts\/6191\/revisions"}],"predecessor-version":[{"id":6194,"href":"https:\/\/grotta.is\/en\/wp-json\/wp\/v2\/posts\/6191\/revisions\/6194"}],"wp:featuredmedia":[{"embeddable":true,"href":"https:\/\/grotta.is\/en\/wp-json\/wp\/v2\/media\/6193"}],"wp:attachment":[{"href":"https:\/\/grotta.is\/en\/wp-json\/wp\/v2\/media?parent=6191"}],"wp:term":[{"taxonomy":"category","embeddable":true,"href":"https:\/\/grotta.is\/en\/wp-json\/wp\/v2\/categories?post=6191"},{"taxonomy":"post_tag","embeddable":true,"href":"https:\/\/grotta.is\/en\/wp-json\/wp\/v2\/tags?post=6191"}],"curies":[{"name":"wp","href":"https:\/\/api.w.org\/{rel}","templated":true}]}}