{"id":590,"date":"2019-07-08T22:14:00","date_gmt":"2019-07-08T22:14:00","guid":{"rendered":"https:\/\/grotta.is\/?p=590"},"modified":"2020-02-23T22:23:44","modified_gmt":"2020-02-23T22:23:44","slug":"6-flokkur-karla-a-orkumotinu-i-eyjum","status":"publish","type":"post","link":"https:\/\/grotta.is\/en\/knattspyrnudeild\/6-flokkur-karla-a-orkumotinu-i-eyjum\/","title":{"rendered":"6. flokkur karla \u00e1 Orkum\u00f3tinu \u00ed Eyjum"},"content":{"rendered":"<p>Eldra \u00e1r 6. flokks karla t\u00f3k \u00fe\u00e1tt \u00ed Orkum\u00f3tinu \u00ed byrjun j\u00fal\u00ed. 19 hressir drengir \u00ed tveimur li\u00f0um \u00e1samt \u00fej\u00e1lfurum og fj\u00f6lskyldum h\u00e9ldu til Vestmannaeyja mi\u00f0vikudaginn 3. j\u00fal\u00ed. Spila\u00f0 var 90 m\u00edn\u00fatur af f\u00f3tbolta \u00e1 hverjum degi en m\u00f3ti\u00f0 var til laugardags. Gr\u00f3tta 1 lenti \u00ed 15. s\u00e6ti \u00e1 m\u00f3tinu og var Alexander Rafn valinn \u00ed li\u00f0 m\u00f3tsins og Birgir Scheving valinn \u00ed landsli\u00f0i\u00f0 sem keppti gegn pressuli\u00f0inu. Gr\u00f3tta 2 lenti \u00ed 3. s\u00e6ti um Eldfellsbikarinn og f\u00f3ru taplausir \u00ed gegnum s\u00ed\u00f0asta daginn. Mikil \u00e1n\u00e6gja var me\u00f0al drengjanna eftir m\u00f3ti\u00f0 og \u00feeir komu reynslunni r\u00edkari heim. <\/p><p>N\u00e6st \u00e1 dagskr\u00e1 hj\u00e1 drengjunum er Kr\u00f3ksm\u00f3ti\u00f0 \u00e1 Sau\u00f0\u00e1rkr\u00f3ki \u00ed \u00e1g\u00fast, en \u00e1 \u00fev\u00ed m\u00f3ti keppa b\u00e6\u00f0i yngra og eldra \u00e1r flokksins.<\/p><figure class=\"wp-block-gallery columns-2 is-cropped wp-block-gallery-1 is-layout-flex wp-block-gallery-is-layout-flex\"><ul class=\"blocks-gallery-grid\"><li class=\"blocks-gallery-item\"><figure><a href=\"https:\/\/grotta.is\/wp-content\/uploads\/2020\/02\/Knattspyrnudeild_grotta_Frettir_yngriflokkar_56.jpg\"><img fetchpriority=\"high\" decoding=\"async\" width=\"1024\" height=\"683\" src=\"https:\/\/grotta.is\/wp-content\/uploads\/2020\/02\/Knattspyrnudeild_grotta_Frettir_yngriflokkar_56-1024x683.jpg\" alt=\"\" data-id=\"614\" data-full-url=\"https:\/\/grotta.is\/wp-content\/uploads\/2020\/02\/Knattspyrnudeild_grotta_Frettir_yngriflokkar_56.jpg\" data-link=\"https:\/\/grotta.is\/?attachment_id=614\" class=\"wp-image-614\" srcset=\"https:\/\/grotta.is\/wp-content\/uploads\/2020\/02\/Knattspyrnudeild_grotta_Frettir_yngriflokkar_56-1024x683.jpg 1024w, https:\/\/grotta.is\/wp-content\/uploads\/2020\/02\/Knattspyrnudeild_grotta_Frettir_yngriflokkar_56-600x400.jpg 600w, https:\/\/grotta.is\/wp-content\/uploads\/2020\/02\/Knattspyrnudeild_grotta_Frettir_yngriflokkar_56-300x200.jpg 300w, https:\/\/grotta.is\/wp-content\/uploads\/2020\/02\/Knattspyrnudeild_grotta_Frettir_yngriflokkar_56-768x512.jpg 768w, https:\/\/grotta.is\/wp-content\/uploads\/2020\/02\/Knattspyrnudeild_grotta_Frettir_yngriflokkar_56-1536x1025.jpg 1536w, https:\/\/grotta.is\/wp-content\/uploads\/2020\/02\/Knattspyrnudeild_grotta_Frettir_yngriflokkar_56-2048x1366.jpg 2048w\" sizes=\"(max-width: 1024px) 100vw, 1024px\" \/><\/a><\/figure><\/li><li class=\"blocks-gallery-item\"><figure><a href=\"https:\/\/grotta.is\/wp-content\/uploads\/2020\/02\/Knattspyrnudeild_grotta_Frettir_yngriflokkar_57.jpg\"><img decoding=\"async\" width=\"1024\" height=\"683\" data-src=\"https:\/\/grotta.is\/wp-content\/uploads\/2020\/02\/Knattspyrnudeild_grotta_Frettir_yngriflokkar_57.jpg\" alt=\"\" data-id=\"615\" data-full-url=\"https:\/\/grotta.is\/wp-content\/uploads\/2020\/02\/Knattspyrnudeild_grotta_Frettir_yngriflokkar_57.jpg\" data-link=\"https:\/\/grotta.is\/?attachment_id=615\" class=\"wp-image-615 lazyload\" data-srcset=\"https:\/\/grotta.is\/wp-content\/uploads\/2020\/02\/Knattspyrnudeild_grotta_Frettir_yngriflokkar_57.jpg 1024w, https:\/\/grotta.is\/wp-content\/uploads\/2020\/02\/Knattspyrnudeild_grotta_Frettir_yngriflokkar_57-600x400.jpg 600w, https:\/\/grotta.is\/wp-content\/uploads\/2020\/02\/Knattspyrnudeild_grotta_Frettir_yngriflokkar_57-300x200.jpg 300w, https:\/\/grotta.is\/wp-content\/uploads\/2020\/02\/Knattspyrnudeild_grotta_Frettir_yngriflokkar_57-768x512.jpg 768w\" data-sizes=\"(max-width: 1024px) 100vw, 1024px\" src=\"data:image\/gif;base64,R0lGODlhAQABAAAAACH5BAEKAAEALAAAAAABAAEAAAICTAEAOw==\" style=\"--smush-placeholder-width: 1024px; --smush-placeholder-aspect-ratio: 1024\/683;\" \/><\/a><\/figure><\/li><li class=\"blocks-gallery-item\"><figure><a href=\"https:\/\/grotta.is\/wp-content\/uploads\/2020\/02\/Knattspyrnudeild_grotta_Frettir_yngriflokkar_58.jpg\"><img decoding=\"async\" width=\"1024\" height=\"731\" data-src=\"https:\/\/grotta.is\/wp-content\/uploads\/2020\/02\/Knattspyrnudeild_grotta_Frettir_yngriflokkar_58.jpg\" alt=\"\" data-id=\"616\" data-full-url=\"https:\/\/grotta.is\/wp-content\/uploads\/2020\/02\/Knattspyrnudeild_grotta_Frettir_yngriflokkar_58.jpg\" data-link=\"https:\/\/grotta.is\/?attachment_id=616\" class=\"wp-image-616 lazyload\" data-srcset=\"https:\/\/grotta.is\/wp-content\/uploads\/2020\/02\/Knattspyrnudeild_grotta_Frettir_yngriflokkar_58.jpg 1024w, https:\/\/grotta.is\/wp-content\/uploads\/2020\/02\/Knattspyrnudeild_grotta_Frettir_yngriflokkar_58-600x428.jpg 600w, https:\/\/grotta.is\/wp-content\/uploads\/2020\/02\/Knattspyrnudeild_grotta_Frettir_yngriflokkar_58-300x214.jpg 300w, https:\/\/grotta.is\/wp-content\/uploads\/2020\/02\/Knattspyrnudeild_grotta_Frettir_yngriflokkar_58-768x548.jpg 768w\" data-sizes=\"(max-width: 1024px) 100vw, 1024px\" src=\"data:image\/gif;base64,R0lGODlhAQABAAAAACH5BAEKAAEALAAAAAABAAEAAAICTAEAOw==\" style=\"--smush-placeholder-width: 1024px; --smush-placeholder-aspect-ratio: 1024\/731;\" \/><\/a><\/figure><\/li><li class=\"blocks-gallery-item\"><figure><a href=\"https:\/\/grotta.is\/wp-content\/uploads\/2020\/02\/Knattspyrnudeild_grotta_Frettir_yngriflokkar_59.jpg\"><img decoding=\"async\" width=\"683\" height=\"1024\" data-src=\"https:\/\/grotta.is\/wp-content\/uploads\/2020\/02\/Knattspyrnudeild_grotta_Frettir_yngriflokkar_59-683x1024.jpg\" alt=\"\" data-id=\"617\" data-full-url=\"https:\/\/grotta.is\/wp-content\/uploads\/2020\/02\/Knattspyrnudeild_grotta_Frettir_yngriflokkar_59.jpg\" data-link=\"https:\/\/grotta.is\/?attachment_id=617\" class=\"wp-image-617 lazyload\" data-srcset=\"https:\/\/grotta.is\/wp-content\/uploads\/2020\/02\/Knattspyrnudeild_grotta_Frettir_yngriflokkar_59-683x1024.jpg 683w, https:\/\/grotta.is\/wp-content\/uploads\/2020\/02\/Knattspyrnudeild_grotta_Frettir_yngriflokkar_59-600x899.jpg 600w, https:\/\/grotta.is\/wp-content\/uploads\/2020\/02\/Knattspyrnudeild_grotta_Frettir_yngriflokkar_59-200x300.jpg 200w, https:\/\/grotta.is\/wp-content\/uploads\/2020\/02\/Knattspyrnudeild_grotta_Frettir_yngriflokkar_59.jpg 768w\" data-sizes=\"(max-width: 683px) 100vw, 683px\" src=\"data:image\/gif;base64,R0lGODlhAQABAAAAACH5BAEKAAEALAAAAAABAAEAAAICTAEAOw==\" style=\"--smush-placeholder-width: 683px; --smush-placeholder-aspect-ratio: 683\/1024;\" \/><\/a><\/figure><\/li><li class=\"blocks-gallery-item\"><figure><a href=\"https:\/\/grotta.is\/wp-content\/uploads\/2020\/02\/Knattspyrnudeild_grotta_Frettir_yngriflokkar_60.jpg\"><img decoding=\"async\" width=\"1024\" height=\"683\" data-src=\"https:\/\/grotta.is\/wp-content\/uploads\/2020\/02\/Knattspyrnudeild_grotta_Frettir_yngriflokkar_60.jpg\" alt=\"\" data-id=\"618\" data-full-url=\"https:\/\/grotta.is\/wp-content\/uploads\/2020\/02\/Knattspyrnudeild_grotta_Frettir_yngriflokkar_60.jpg\" data-link=\"https:\/\/grotta.is\/?attachment_id=618\" class=\"wp-image-618 lazyload\" data-srcset=\"https:\/\/grotta.is\/wp-content\/uploads\/2020\/02\/Knattspyrnudeild_grotta_Frettir_yngriflokkar_60.jpg 1024w, https:\/\/grotta.is\/wp-content\/uploads\/2020\/02\/Knattspyrnudeild_grotta_Frettir_yngriflokkar_60-600x400.jpg 600w, https:\/\/grotta.is\/wp-content\/uploads\/2020\/02\/Knattspyrnudeild_grotta_Frettir_yngriflokkar_60-300x200.jpg 300w, https:\/\/grotta.is\/wp-content\/uploads\/2020\/02\/Knattspyrnudeild_grotta_Frettir_yngriflokkar_60-768x512.jpg 768w\" data-sizes=\"(max-width: 1024px) 100vw, 1024px\" src=\"data:image\/gif;base64,R0lGODlhAQABAAAAACH5BAEKAAEALAAAAAABAAEAAAICTAEAOw==\" style=\"--smush-placeholder-width: 1024px; --smush-placeholder-aspect-ratio: 1024\/683;\" \/><\/a><\/figure><\/li><li class=\"blocks-gallery-item\"><figure><a href=\"https:\/\/grotta.is\/wp-content\/uploads\/2020\/02\/Knattspyrnudeild_grotta_Frettir_yngriflokkar_61.jpg\"><img decoding=\"async\" width=\"1024\" height=\"683\" data-src=\"https:\/\/grotta.is\/wp-content\/uploads\/2020\/02\/Knattspyrnudeild_grotta_Frettir_yngriflokkar_61.jpg\" alt=\"\" data-id=\"619\" data-full-url=\"https:\/\/grotta.is\/wp-content\/uploads\/2020\/02\/Knattspyrnudeild_grotta_Frettir_yngriflokkar_61.jpg\" data-link=\"https:\/\/grotta.is\/?attachment_id=619\" class=\"wp-image-619 lazyload\" data-srcset=\"https:\/\/grotta.is\/wp-content\/uploads\/2020\/02\/Knattspyrnudeild_grotta_Frettir_yngriflokkar_61.jpg 1024w, https:\/\/grotta.is\/wp-content\/uploads\/2020\/02\/Knattspyrnudeild_grotta_Frettir_yngriflokkar_61-600x400.jpg 600w, https:\/\/grotta.is\/wp-content\/uploads\/2020\/02\/Knattspyrnudeild_grotta_Frettir_yngriflokkar_61-300x200.jpg 300w, https:\/\/grotta.is\/wp-content\/uploads\/2020\/02\/Knattspyrnudeild_grotta_Frettir_yngriflokkar_61-768x512.jpg 768w\" data-sizes=\"(max-width: 1024px) 100vw, 1024px\" src=\"data:image\/gif;base64,R0lGODlhAQABAAAAACH5BAEKAAEALAAAAAABAAEAAAICTAEAOw==\" style=\"--smush-placeholder-width: 1024px; --smush-placeholder-aspect-ratio: 1024\/683;\" \/><\/a><\/figure><\/li><li class=\"blocks-gallery-item\"><figure><a href=\"https:\/\/grotta.is\/wp-content\/uploads\/2020\/02\/Knattspyrnudeild_grotta_Frettir_yngriflokkar_62.jpg\"><img decoding=\"async\" width=\"732\" height=\"1024\" data-src=\"https:\/\/grotta.is\/wp-content\/uploads\/2020\/02\/Knattspyrnudeild_grotta_Frettir_yngriflokkar_62-732x1024.jpg\" alt=\"\" data-id=\"620\" data-full-url=\"https:\/\/grotta.is\/wp-content\/uploads\/2020\/02\/Knattspyrnudeild_grotta_Frettir_yngriflokkar_62.jpg\" data-link=\"https:\/\/grotta.is\/?attachment_id=620\" class=\"wp-image-620 lazyload\" data-srcset=\"https:\/\/grotta.is\/wp-content\/uploads\/2020\/02\/Knattspyrnudeild_grotta_Frettir_yngriflokkar_62-732x1024.jpg 732w, https:\/\/grotta.is\/wp-content\/uploads\/2020\/02\/Knattspyrnudeild_grotta_Frettir_yngriflokkar_62-600x840.jpg 600w, https:\/\/grotta.is\/wp-content\/uploads\/2020\/02\/Knattspyrnudeild_grotta_Frettir_yngriflokkar_62-214x300.jpg 214w, https:\/\/grotta.is\/wp-content\/uploads\/2020\/02\/Knattspyrnudeild_grotta_Frettir_yngriflokkar_62.jpg 768w\" data-sizes=\"(max-width: 732px) 100vw, 732px\" src=\"data:image\/gif;base64,R0lGODlhAQABAAAAACH5BAEKAAEALAAAAAABAAEAAAICTAEAOw==\" style=\"--smush-placeholder-width: 732px; --smush-placeholder-aspect-ratio: 732\/1024;\" \/><\/a><\/figure><\/li><li class=\"blocks-gallery-item\"><figure><a href=\"https:\/\/grotta.is\/wp-content\/uploads\/2020\/02\/Knattspyrnudeild_grotta_Frettir_yngriflokkar_63.jpg\"><img decoding=\"async\" width=\"1024\" height=\"731\" data-src=\"https:\/\/grotta.is\/wp-content\/uploads\/2020\/02\/Knattspyrnudeild_grotta_Frettir_yngriflokkar_63.jpg\" alt=\"\" data-id=\"621\" data-full-url=\"https:\/\/grotta.is\/wp-content\/uploads\/2020\/02\/Knattspyrnudeild_grotta_Frettir_yngriflokkar_63.jpg\" data-link=\"https:\/\/grotta.is\/?attachment_id=621\" class=\"wp-image-621 lazyload\" data-srcset=\"https:\/\/grotta.is\/wp-content\/uploads\/2020\/02\/Knattspyrnudeild_grotta_Frettir_yngriflokkar_63.jpg 1024w, https:\/\/grotta.is\/wp-content\/uploads\/2020\/02\/Knattspyrnudeild_grotta_Frettir_yngriflokkar_63-600x428.jpg 600w, https:\/\/grotta.is\/wp-content\/uploads\/2020\/02\/Knattspyrnudeild_grotta_Frettir_yngriflokkar_63-300x214.jpg 300w, https:\/\/grotta.is\/wp-content\/uploads\/2020\/02\/Knattspyrnudeild_grotta_Frettir_yngriflokkar_63-768x548.jpg 768w\" data-sizes=\"(max-width: 1024px) 100vw, 1024px\" src=\"data:image\/gif;base64,R0lGODlhAQABAAAAACH5BAEKAAEALAAAAAABAAEAAAICTAEAOw==\" style=\"--smush-placeholder-width: 1024px; --smush-placeholder-aspect-ratio: 1024\/731;\" \/><\/a><\/figure><\/li><li class=\"blocks-gallery-item\"><figure><a href=\"https:\/\/grotta.is\/wp-content\/uploads\/2020\/02\/Knattspyrnudeild_grotta_Frettir_yngriflokkar_64.jpg\"><img decoding=\"async\" width=\"1024\" height=\"683\" data-src=\"https:\/\/grotta.is\/wp-content\/uploads\/2020\/02\/Knattspyrnudeild_grotta_Frettir_yngriflokkar_64.jpg\" alt=\"\" data-id=\"622\" data-full-url=\"https:\/\/grotta.is\/wp-content\/uploads\/2020\/02\/Knattspyrnudeild_grotta_Frettir_yngriflokkar_64.jpg\" data-link=\"https:\/\/grotta.is\/?attachment_id=622\" class=\"wp-image-622 lazyload\" data-srcset=\"https:\/\/grotta.is\/wp-content\/uploads\/2020\/02\/Knattspyrnudeild_grotta_Frettir_yngriflokkar_64.jpg 1024w, https:\/\/grotta.is\/wp-content\/uploads\/2020\/02\/Knattspyrnudeild_grotta_Frettir_yngriflokkar_64-600x400.jpg 600w, https:\/\/grotta.is\/wp-content\/uploads\/2020\/02\/Knattspyrnudeild_grotta_Frettir_yngriflokkar_64-300x200.jpg 300w, https:\/\/grotta.is\/wp-content\/uploads\/2020\/02\/Knattspyrnudeild_grotta_Frettir_yngriflokkar_64-768x512.jpg 768w\" data-sizes=\"(max-width: 1024px) 100vw, 1024px\" src=\"data:image\/gif;base64,R0lGODlhAQABAAAAACH5BAEKAAEALAAAAAABAAEAAAICTAEAOw==\" style=\"--smush-placeholder-width: 1024px; --smush-placeholder-aspect-ratio: 1024\/683;\" \/><\/a><\/figure><\/li><li class=\"blocks-gallery-item\"><figure><a href=\"https:\/\/grotta.is\/wp-content\/uploads\/2020\/02\/Knattspyrnudeild_grotta_Frettir_yngriflokkar_65.jpg\"><img decoding=\"async\" width=\"1024\" height=\"731\" data-src=\"https:\/\/grotta.is\/wp-content\/uploads\/2020\/02\/Knattspyrnudeild_grotta_Frettir_yngriflokkar_65.jpg\" alt=\"\" data-id=\"623\" data-full-url=\"https:\/\/grotta.is\/wp-content\/uploads\/2020\/02\/Knattspyrnudeild_grotta_Frettir_yngriflokkar_65.jpg\" data-link=\"https:\/\/grotta.is\/?attachment_id=623\" class=\"wp-image-623 lazyload\" data-srcset=\"https:\/\/grotta.is\/wp-content\/uploads\/2020\/02\/Knattspyrnudeild_grotta_Frettir_yngriflokkar_65.jpg 1024w, https:\/\/grotta.is\/wp-content\/uploads\/2020\/02\/Knattspyrnudeild_grotta_Frettir_yngriflokkar_65-600x428.jpg 600w, https:\/\/grotta.is\/wp-content\/uploads\/2020\/02\/Knattspyrnudeild_grotta_Frettir_yngriflokkar_65-300x214.jpg 300w, https:\/\/grotta.is\/wp-content\/uploads\/2020\/02\/Knattspyrnudeild_grotta_Frettir_yngriflokkar_65-768x548.jpg 768w\" data-sizes=\"(max-width: 1024px) 100vw, 1024px\" src=\"data:image\/gif;base64,R0lGODlhAQABAAAAACH5BAEKAAEALAAAAAABAAEAAAICTAEAOw==\" style=\"--smush-placeholder-width: 1024px; --smush-placeholder-aspect-ratio: 1024\/731;\" \/><\/a><\/figure><\/li><li class=\"blocks-gallery-item\"><figure><a href=\"https:\/\/grotta.is\/wp-content\/uploads\/2020\/02\/Knattspyrnudeild_grotta_Frettir_yngriflokkar_66.jpg\"><img decoding=\"async\" width=\"1024\" height=\"683\" data-src=\"https:\/\/grotta.is\/wp-content\/uploads\/2020\/02\/Knattspyrnudeild_grotta_Frettir_yngriflokkar_66.jpg\" alt=\"\" data-id=\"624\" data-full-url=\"https:\/\/grotta.is\/wp-content\/uploads\/2020\/02\/Knattspyrnudeild_grotta_Frettir_yngriflokkar_66.jpg\" data-link=\"https:\/\/grotta.is\/?attachment_id=624\" class=\"wp-image-624 lazyload\" data-srcset=\"https:\/\/grotta.is\/wp-content\/uploads\/2020\/02\/Knattspyrnudeild_grotta_Frettir_yngriflokkar_66.jpg 1024w, https:\/\/grotta.is\/wp-content\/uploads\/2020\/02\/Knattspyrnudeild_grotta_Frettir_yngriflokkar_66-600x400.jpg 600w, https:\/\/grotta.is\/wp-content\/uploads\/2020\/02\/Knattspyrnudeild_grotta_Frettir_yngriflokkar_66-300x200.jpg 300w, https:\/\/grotta.is\/wp-content\/uploads\/2020\/02\/Knattspyrnudeild_grotta_Frettir_yngriflokkar_66-768x512.jpg 768w\" data-sizes=\"(max-width: 1024px) 100vw, 1024px\" src=\"data:image\/gif;base64,R0lGODlhAQABAAAAACH5BAEKAAEALAAAAAABAAEAAAICTAEAOw==\" style=\"--smush-placeholder-width: 1024px; --smush-placeholder-aspect-ratio: 1024\/683;\" \/><\/a><\/figure><\/li><li class=\"blocks-gallery-item\"><figure><a href=\"https:\/\/grotta.is\/wp-content\/uploads\/2020\/02\/Knattspyrnudeild_grotta_Frettir_yngriflokkar_67.jpg\"><img decoding=\"async\" width=\"1024\" height=\"637\" data-src=\"https:\/\/grotta.is\/wp-content\/uploads\/2020\/02\/Knattspyrnudeild_grotta_Frettir_yngriflokkar_67.jpg\" alt=\"\" data-id=\"625\" data-full-url=\"https:\/\/grotta.is\/wp-content\/uploads\/2020\/02\/Knattspyrnudeild_grotta_Frettir_yngriflokkar_67.jpg\" data-link=\"https:\/\/grotta.is\/?attachment_id=625\" class=\"wp-image-625 lazyload\" data-srcset=\"https:\/\/grotta.is\/wp-content\/uploads\/2020\/02\/Knattspyrnudeild_grotta_Frettir_yngriflokkar_67.jpg 1024w, https:\/\/grotta.is\/wp-content\/uploads\/2020\/02\/Knattspyrnudeild_grotta_Frettir_yngriflokkar_67-600x373.jpg 600w, https:\/\/grotta.is\/wp-content\/uploads\/2020\/02\/Knattspyrnudeild_grotta_Frettir_yngriflokkar_67-300x187.jpg 300w, https:\/\/grotta.is\/wp-content\/uploads\/2020\/02\/Knattspyrnudeild_grotta_Frettir_yngriflokkar_67-768x478.jpg 768w\" data-sizes=\"(max-width: 1024px) 100vw, 1024px\" src=\"data:image\/gif;base64,R0lGODlhAQABAAAAACH5BAEKAAEALAAAAAABAAEAAAICTAEAOw==\" style=\"--smush-placeholder-width: 1024px; --smush-placeholder-aspect-ratio: 1024\/637;\" \/><\/a><\/figure><\/li><\/ul><\/figure>","protected":false},"excerpt":{"rendered":"<p>Eldra \u00e1r 6. flokks karla t\u00f3k \u00fe\u00e1tt \u00ed Orkum\u00f3tinu \u00ed byrjun j\u00fal\u00ed. 19 hressir drengir \u00ed tveimur li\u00f0um \u00e1samt \u00fej\u00e1lfurum og fj\u00f6lskyldum h\u00e9ldu til Vestmannaeyja mi\u00f0vikudaginn 3. j\u00fal\u00ed. <\/p>","protected":false},"author":2,"featured_media":624,"comment_status":"closed","ping_status":"closed","sticky":false,"template":"","format":"standard","meta":{"footnotes":""},"categories":[7],"tags":[6,21,15],"class_list":["post-590","post","type-post","status-publish","format-standard","has-post-thumbnail","hentry","category-knattspyrnudeild","tag-knattspyrna","tag-mot","tag-yngri-flokkar"],"yoast_head":"<!-- This site is optimized with the Yoast SEO plugin v24.3 - https:\/\/yoast.com\/wordpress\/plugins\/seo\/ -->\n<title>6. flokkur karla \u00e1 Orkum\u00f3tinu \u00ed Eyjum - \u00cd\u00fer\u00f3ttaf\u00e9lagi\u00f0 Gr\u00f3tta<\/title>\n<meta name=\"robots\" content=\"index, follow, max-snippet:-1, max-image-preview:large, max-video-preview:-1\" \/>\n<link rel=\"canonical\" href=\"https:\/\/grotta.is\/en\/knattspyrnudeild\/6-flokkur-karla-a-orkumotinu-i-eyjum\/\" \/>\n<meta property=\"og:locale\" content=\"en_US\" \/>\n<meta property=\"og:type\" content=\"article\" \/>\n<meta property=\"og:title\" content=\"6. flokkur karla \u00e1 Orkum\u00f3tinu \u00ed Eyjum - \u00cd\u00fer\u00f3ttaf\u00e9lagi\u00f0 Gr\u00f3tta\" \/>\n<meta property=\"og:description\" content=\"Eldra \u00e1r 6. flokks karla t\u00f3k \u00fe\u00e1tt \u00ed Orkum\u00f3tinu \u00ed byrjun j\u00fal\u00ed. 19 hressir drengir \u00ed tveimur li\u00f0um \u00e1samt \u00fej\u00e1lfurum og fj\u00f6lskyldum h\u00e9ldu til Vestmannaeyja mi\u00f0vikudaginn 3. j\u00fal\u00ed.\" \/>\n<meta property=\"og:url\" content=\"https:\/\/grotta.is\/en\/knattspyrnudeild\/6-flokkur-karla-a-orkumotinu-i-eyjum\/\" \/>\n<meta property=\"og:site_name\" content=\"\u00cd\u00fer\u00f3ttaf\u00e9lagi\u00f0 Gr\u00f3tta\" \/>\n<meta property=\"article:publisher\" content=\"https:\/\/www.facebook.com\/grottasport\" \/>\n<meta property=\"article:published_time\" content=\"2019-07-08T22:14:00+00:00\" \/>\n<meta property=\"article:modified_time\" content=\"2020-02-23T22:23:44+00:00\" \/>\n<meta property=\"og:image\" content=\"https:\/\/grotta.is\/wp-content\/uploads\/2020\/02\/Knattspyrnudeild_grotta_Frettir_yngriflokkar_66.jpg\" \/>\n\t<meta property=\"og:image:width\" content=\"1024\" \/>\n\t<meta property=\"og:image:height\" content=\"683\" \/>\n\t<meta property=\"og:image:type\" content=\"image\/jpeg\" \/>\n<meta name=\"author\" content=\"Grotta\" \/>\n<meta name=\"twitter:card\" content=\"summary_large_image\" \/>\n<meta name=\"twitter:label1\" content=\"Written by\" \/>\n\t<meta name=\"twitter:data1\" content=\"Grotta\" \/>\n\t<meta name=\"twitter:label2\" content=\"Est. reading time\" \/>\n\t<meta name=\"twitter:data2\" content=\"1 minute\" \/>\n<script type=\"application\/ld+json\" class=\"yoast-schema-graph\">{\"@context\":\"https:\/\/schema.org\",\"@graph\":[{\"@type\":\"Article\",\"@id\":\"https:\/\/grotta.is\/knattspyrnudeild\/6-flokkur-karla-a-orkumotinu-i-eyjum\/#article\",\"isPartOf\":{\"@id\":\"https:\/\/grotta.is\/knattspyrnudeild\/6-flokkur-karla-a-orkumotinu-i-eyjum\/\"},\"author\":{\"name\":\"Grotta\",\"@id\":\"https:\/\/grotta.is\/#\/schema\/person\/08ec57bf09ee925f1b6a01540c14a5ce\"},\"headline\":\"6. flokkur karla \u00e1 Orkum\u00f3tinu \u00ed Eyjum\",\"datePublished\":\"2019-07-08T22:14:00+00:00\",\"dateModified\":\"2020-02-23T22:23:44+00:00\",\"mainEntityOfPage\":{\"@id\":\"https:\/\/grotta.is\/knattspyrnudeild\/6-flokkur-karla-a-orkumotinu-i-eyjum\/\"},\"wordCount\":136,\"publisher\":{\"@id\":\"https:\/\/grotta.is\/#organization\"},\"image\":{\"@id\":\"https:\/\/grotta.is\/knattspyrnudeild\/6-flokkur-karla-a-orkumotinu-i-eyjum\/#primaryimage\"},\"thumbnailUrl\":\"https:\/\/grotta.is\/wp-content\/uploads\/2020\/02\/Knattspyrnudeild_grotta_Frettir_yngriflokkar_66.jpg\",\"keywords\":[\"Knattspyrna\",\"M\u00f3t\",\"Yngri flokkar\"],\"articleSection\":[\"Knattspyrnudeild\"],\"inLanguage\":\"en-US\"},{\"@type\":\"WebPage\",\"@id\":\"https:\/\/grotta.is\/knattspyrnudeild\/6-flokkur-karla-a-orkumotinu-i-eyjum\/\",\"url\":\"https:\/\/grotta.is\/knattspyrnudeild\/6-flokkur-karla-a-orkumotinu-i-eyjum\/\",\"name\":\"6. flokkur karla \u00e1 Orkum\u00f3tinu \u00ed Eyjum - \u00cd\u00fer\u00f3ttaf\u00e9lagi\u00f0 Gr\u00f3tta\",\"isPartOf\":{\"@id\":\"https:\/\/grotta.is\/#website\"},\"primaryImageOfPage\":{\"@id\":\"https:\/\/grotta.is\/knattspyrnudeild\/6-flokkur-karla-a-orkumotinu-i-eyjum\/#primaryimage\"},\"image\":{\"@id\":\"https:\/\/grotta.is\/knattspyrnudeild\/6-flokkur-karla-a-orkumotinu-i-eyjum\/#primaryimage\"},\"thumbnailUrl\":\"https:\/\/grotta.is\/wp-content\/uploads\/2020\/02\/Knattspyrnudeild_grotta_Frettir_yngriflokkar_66.jpg\",\"datePublished\":\"2019-07-08T22:14:00+00:00\",\"dateModified\":\"2020-02-23T22:23:44+00:00\",\"breadcrumb\":{\"@id\":\"https:\/\/grotta.is\/knattspyrnudeild\/6-flokkur-karla-a-orkumotinu-i-eyjum\/#breadcrumb\"},\"inLanguage\":\"en-US\",\"potentialAction\":[{\"@type\":\"ReadAction\",\"target\":[\"https:\/\/grotta.is\/knattspyrnudeild\/6-flokkur-karla-a-orkumotinu-i-eyjum\/\"]}]},{\"@type\":\"ImageObject\",\"inLanguage\":\"en-US\",\"@id\":\"https:\/\/grotta.is\/knattspyrnudeild\/6-flokkur-karla-a-orkumotinu-i-eyjum\/#primaryimage\",\"url\":\"https:\/\/grotta.is\/wp-content\/uploads\/2020\/02\/Knattspyrnudeild_grotta_Frettir_yngriflokkar_66.jpg\",\"contentUrl\":\"https:\/\/grotta.is\/wp-content\/uploads\/2020\/02\/Knattspyrnudeild_grotta_Frettir_yngriflokkar_66.jpg\",\"width\":1024,\"height\":683},{\"@type\":\"BreadcrumbList\",\"@id\":\"https:\/\/grotta.is\/knattspyrnudeild\/6-flokkur-karla-a-orkumotinu-i-eyjum\/#breadcrumb\",\"itemListElement\":[{\"@type\":\"ListItem\",\"position\":1,\"name\":\"Home\",\"item\":\"https:\/\/grotta.is\/\"},{\"@type\":\"ListItem\",\"position\":2,\"name\":\"6. flokkur karla \u00e1 Orkum\u00f3tinu \u00ed Eyjum\"}]},{\"@type\":\"WebSite\",\"@id\":\"https:\/\/grotta.is\/#website\",\"url\":\"https:\/\/grotta.is\/\",\"name\":\"\u00cd\u00fer\u00f3ttaf\u00e9lagi\u00f0 Gr\u00f3tta\",\"description\":\"\u00e1 Seltjarnarnesi\",\"publisher\":{\"@id\":\"https:\/\/grotta.is\/#organization\"},\"potentialAction\":[{\"@type\":\"SearchAction\",\"target\":{\"@type\":\"EntryPoint\",\"urlTemplate\":\"https:\/\/grotta.is\/?s={search_term_string}\"},\"query-input\":{\"@type\":\"PropertyValueSpecification\",\"valueRequired\":true,\"valueName\":\"search_term_string\"}}],\"inLanguage\":\"en-US\"},{\"@type\":\"Organization\",\"@id\":\"https:\/\/grotta.is\/#organization\",\"name\":\"\u00cd\u00fer\u00f3ttaf\u00e9lagi\u00f0 Gr\u00f3tta\",\"url\":\"https:\/\/grotta.is\/\",\"logo\":{\"@type\":\"ImageObject\",\"inLanguage\":\"en-US\",\"@id\":\"https:\/\/grotta.is\/#\/schema\/logo\/image\/\",\"url\":\"https:\/\/grotta.is\/wp-content\/uploads\/2020\/02\/ithrottafelagidgrotta_logo_512x512_transparent.png\",\"contentUrl\":\"https:\/\/grotta.is\/wp-content\/uploads\/2020\/02\/ithrottafelagidgrotta_logo_512x512_transparent.png\",\"width\":512,\"height\":512,\"caption\":\"\u00cd\u00fer\u00f3ttaf\u00e9lagi\u00f0 Gr\u00f3tta\"},\"image\":{\"@id\":\"https:\/\/grotta.is\/#\/schema\/logo\/image\/\"},\"sameAs\":[\"https:\/\/www.facebook.com\/grottasport\"]},{\"@type\":\"Person\",\"@id\":\"https:\/\/grotta.is\/#\/schema\/person\/08ec57bf09ee925f1b6a01540c14a5ce\",\"name\":\"Grotta\",\"url\":\"https:\/\/grotta.is\/en\/author\/inga\/\"}]}<\/script>\n<!-- \/ Yoast SEO plugin. -->","yoast_head_json":{"title":"6. flokkur karla \u00e1 Orkum\u00f3tinu \u00ed Eyjum - \u00cd\u00fer\u00f3ttaf\u00e9lagi\u00f0 Gr\u00f3tta","robots":{"index":"index","follow":"follow","max-snippet":"max-snippet:-1","max-image-preview":"max-image-preview:large","max-video-preview":"max-video-preview:-1"},"canonical":"https:\/\/grotta.is\/en\/knattspyrnudeild\/6-flokkur-karla-a-orkumotinu-i-eyjum\/","og_locale":"en_US","og_type":"article","og_title":"6. flokkur karla \u00e1 Orkum\u00f3tinu \u00ed Eyjum - \u00cd\u00fer\u00f3ttaf\u00e9lagi\u00f0 Gr\u00f3tta","og_description":"Eldra \u00e1r 6. flokks karla t\u00f3k \u00fe\u00e1tt \u00ed Orkum\u00f3tinu \u00ed byrjun j\u00fal\u00ed. 19 hressir drengir \u00ed tveimur li\u00f0um \u00e1samt \u00fej\u00e1lfurum og fj\u00f6lskyldum h\u00e9ldu til Vestmannaeyja mi\u00f0vikudaginn 3. j\u00fal\u00ed.","og_url":"https:\/\/grotta.is\/en\/knattspyrnudeild\/6-flokkur-karla-a-orkumotinu-i-eyjum\/","og_site_name":"\u00cd\u00fer\u00f3ttaf\u00e9lagi\u00f0 Gr\u00f3tta","article_publisher":"https:\/\/www.facebook.com\/grottasport","article_published_time":"2019-07-08T22:14:00+00:00","article_modified_time":"2020-02-23T22:23:44+00:00","og_image":[{"width":1024,"height":683,"url":"https:\/\/grotta.is\/wp-content\/uploads\/2020\/02\/Knattspyrnudeild_grotta_Frettir_yngriflokkar_66.jpg","type":"image\/jpeg"}],"author":"Grotta","twitter_card":"summary_large_image","twitter_misc":{"Written by":"Grotta","Est. reading time":"1 minute"},"schema":{"@context":"https:\/\/schema.org","@graph":[{"@type":"Article","@id":"https:\/\/grotta.is\/knattspyrnudeild\/6-flokkur-karla-a-orkumotinu-i-eyjum\/#article","isPartOf":{"@id":"https:\/\/grotta.is\/knattspyrnudeild\/6-flokkur-karla-a-orkumotinu-i-eyjum\/"},"author":{"name":"Grotta","@id":"https:\/\/grotta.is\/#\/schema\/person\/08ec57bf09ee925f1b6a01540c14a5ce"},"headline":"6. flokkur karla \u00e1 Orkum\u00f3tinu \u00ed Eyjum","datePublished":"2019-07-08T22:14:00+00:00","dateModified":"2020-02-23T22:23:44+00:00","mainEntityOfPage":{"@id":"https:\/\/grotta.is\/knattspyrnudeild\/6-flokkur-karla-a-orkumotinu-i-eyjum\/"},"wordCount":136,"publisher":{"@id":"https:\/\/grotta.is\/#organization"},"image":{"@id":"https:\/\/grotta.is\/knattspyrnudeild\/6-flokkur-karla-a-orkumotinu-i-eyjum\/#primaryimage"},"thumbnailUrl":"https:\/\/grotta.is\/wp-content\/uploads\/2020\/02\/Knattspyrnudeild_grotta_Frettir_yngriflokkar_66.jpg","keywords":["Knattspyrna","M\u00f3t","Yngri flokkar"],"articleSection":["Knattspyrnudeild"],"inLanguage":"en-US"},{"@type":"WebPage","@id":"https:\/\/grotta.is\/knattspyrnudeild\/6-flokkur-karla-a-orkumotinu-i-eyjum\/","url":"https:\/\/grotta.is\/knattspyrnudeild\/6-flokkur-karla-a-orkumotinu-i-eyjum\/","name":"6. flokkur karla \u00e1 Orkum\u00f3tinu \u00ed Eyjum - \u00cd\u00fer\u00f3ttaf\u00e9lagi\u00f0 Gr\u00f3tta","isPartOf":{"@id":"https:\/\/grotta.is\/#website"},"primaryImageOfPage":{"@id":"https:\/\/grotta.is\/knattspyrnudeild\/6-flokkur-karla-a-orkumotinu-i-eyjum\/#primaryimage"},"image":{"@id":"https:\/\/grotta.is\/knattspyrnudeild\/6-flokkur-karla-a-orkumotinu-i-eyjum\/#primaryimage"},"thumbnailUrl":"https:\/\/grotta.is\/wp-content\/uploads\/2020\/02\/Knattspyrnudeild_grotta_Frettir_yngriflokkar_66.jpg","datePublished":"2019-07-08T22:14:00+00:00","dateModified":"2020-02-23T22:23:44+00:00","breadcrumb":{"@id":"https:\/\/grotta.is\/knattspyrnudeild\/6-flokkur-karla-a-orkumotinu-i-eyjum\/#breadcrumb"},"inLanguage":"en-US","potentialAction":[{"@type":"ReadAction","target":["https:\/\/grotta.is\/knattspyrnudeild\/6-flokkur-karla-a-orkumotinu-i-eyjum\/"]}]},{"@type":"ImageObject","inLanguage":"en-US","@id":"https:\/\/grotta.is\/knattspyrnudeild\/6-flokkur-karla-a-orkumotinu-i-eyjum\/#primaryimage","url":"https:\/\/grotta.is\/wp-content\/uploads\/2020\/02\/Knattspyrnudeild_grotta_Frettir_yngriflokkar_66.jpg","contentUrl":"https:\/\/grotta.is\/wp-content\/uploads\/2020\/02\/Knattspyrnudeild_grotta_Frettir_yngriflokkar_66.jpg","width":1024,"height":683},{"@type":"BreadcrumbList","@id":"https:\/\/grotta.is\/knattspyrnudeild\/6-flokkur-karla-a-orkumotinu-i-eyjum\/#breadcrumb","itemListElement":[{"@type":"ListItem","position":1,"name":"Home","item":"https:\/\/grotta.is\/"},{"@type":"ListItem","position":2,"name":"6. flokkur karla \u00e1 Orkum\u00f3tinu \u00ed Eyjum"}]},{"@type":"WebSite","@id":"https:\/\/grotta.is\/#website","url":"https:\/\/grotta.is\/","name":"\u00cd\u00fer\u00f3ttaf\u00e9lagi\u00f0 Gr\u00f3tta","description":"\u00e1 Seltjarnarnesi","publisher":{"@id":"https:\/\/grotta.is\/#organization"},"potentialAction":[{"@type":"SearchAction","target":{"@type":"EntryPoint","urlTemplate":"https:\/\/grotta.is\/?s={search_term_string}"},"query-input":{"@type":"PropertyValueSpecification","valueRequired":true,"valueName":"search_term_string"}}],"inLanguage":"en-US"},{"@type":"Organization","@id":"https:\/\/grotta.is\/#organization","name":"\u00cd\u00fer\u00f3ttaf\u00e9lagi\u00f0 Gr\u00f3tta","url":"https:\/\/grotta.is\/","logo":{"@type":"ImageObject","inLanguage":"en-US","@id":"https:\/\/grotta.is\/#\/schema\/logo\/image\/","url":"https:\/\/grotta.is\/wp-content\/uploads\/2020\/02\/ithrottafelagidgrotta_logo_512x512_transparent.png","contentUrl":"https:\/\/grotta.is\/wp-content\/uploads\/2020\/02\/ithrottafelagidgrotta_logo_512x512_transparent.png","width":512,"height":512,"caption":"\u00cd\u00fer\u00f3ttaf\u00e9lagi\u00f0 Gr\u00f3tta"},"image":{"@id":"https:\/\/grotta.is\/#\/schema\/logo\/image\/"},"sameAs":["https:\/\/www.facebook.com\/grottasport"]},{"@type":"Person","@id":"https:\/\/grotta.is\/#\/schema\/person\/08ec57bf09ee925f1b6a01540c14a5ce","name":"Grotta","url":"https:\/\/grotta.is\/en\/author\/inga\/"}]}},"_links":{"self":[{"href":"https:\/\/grotta.is\/en\/wp-json\/wp\/v2\/posts\/590","targetHints":{"allow":["GET"]}}],"collection":[{"href":"https:\/\/grotta.is\/en\/wp-json\/wp\/v2\/posts"}],"about":[{"href":"https:\/\/grotta.is\/en\/wp-json\/wp\/v2\/types\/post"}],"author":[{"embeddable":true,"href":"https:\/\/grotta.is\/en\/wp-json\/wp\/v2\/users\/2"}],"replies":[{"embeddable":true,"href":"https:\/\/grotta.is\/en\/wp-json\/wp\/v2\/comments?post=590"}],"version-history":[{"count":0,"href":"https:\/\/grotta.is\/en\/wp-json\/wp\/v2\/posts\/590\/revisions"}],"wp:featuredmedia":[{"embeddable":true,"href":"https:\/\/grotta.is\/en\/wp-json\/wp\/v2\/media\/624"}],"wp:attachment":[{"href":"https:\/\/grotta.is\/en\/wp-json\/wp\/v2\/media?parent=590"}],"wp:term":[{"taxonomy":"category","embeddable":true,"href":"https:\/\/grotta.is\/en\/wp-json\/wp\/v2\/categories?post=590"},{"taxonomy":"post_tag","embeddable":true,"href":"https:\/\/grotta.is\/en\/wp-json\/wp\/v2\/tags?post=590"}],"curies":[{"name":"wp","href":"https:\/\/api.w.org\/{rel}","templated":true}]}}