{"id":58442,"date":"2020-09-28T10:39:03","date_gmt":"2020-09-28T10:39:03","guid":{"rendered":"https:\/\/grotta.is\/?p=58442"},"modified":"2020-09-28T10:39:08","modified_gmt":"2020-09-28T10:39:08","slug":"3-flokkur-karla-i-handbolta","status":"publish","type":"post","link":"https:\/\/grotta.is\/en\/handknattleiksdeild\/3-flokkur-karla-i-handbolta\/","title":{"rendered":"3. flokkur karla \u00ed handbolta"},"content":{"rendered":"<p>Fyrsti heimaleikur 3. flokks karla f\u00f3r fram \u00ed dag og m\u00e6tti Selfoss 2 \u00ed heims\u00f3kn. \u00deetta var h\u00f6rkuleikur \u00fer\u00e1tt fyrir sl\u00e6ma byrjun \u00ed fyrri h\u00e1lfleik en okkar menn n\u00e1\u00f0u a\u00f0 skora tvo s\u00ed\u00f0ustu m\u00f6rk fyrrih\u00e1lfleiks og var sta\u00f0an \u00ed h\u00e1lfleik 10-11 Selfoss 2 \u00ed vil. <\/p><p>Gr\u00f3tttustr\u00e1karnir komu sterkir til leiks \u00ed seinni h\u00e1lfleik og n\u00e1\u00f0i Andri \u00de\u00f3r \u00fej\u00e1lfari greinilega a\u00f0 kveikja vel \u00ed s\u00ednum m\u00f6nnum. Gr\u00f3tta n\u00e1\u00f0i forystu um mi\u00f0jan seinni h\u00e1lfleik og \u00far ur\u00f0u h\u00f6rku lokam\u00edn\u00fatur.Selfoss 2 komst tveimur m\u00f6rkum yfir \u00ed lokin en fr\u00e1b\u00e6r lokakafli skila\u00f0i Gr\u00f3ttu jafntelfi. <\/p><p>Flottur leikur hj\u00e1 str\u00e1kunum \u00ed dag og \u00fea\u00f0 ver\u00f0ur gaman a\u00f0 fylgjast me\u00f0 \u00feeim \u00ed vetur. <\/p><p>Markah\u00e6stir <\/p><ul class=\"wp-block-list\"><li>Krummi Kaldal 7 m\u00f6rk <\/li><li>Ari P\u00e9tur Eir\u00edksson 5 m\u00f6rk <\/li><li>Patrekur 4 m\u00f6rk <\/li><\/ul><p>Markmenn Gr\u00f3ttu \u00e1ttu g\u00f3\u00f0an leik. <\/p><p>\u00de\u00f6kkum Selfossi 2 fyrir leikinn<\/p><p>\u00c1fram Gr\u00f3tta<\/p>","protected":false},"excerpt":{"rendered":"<p>Fyrsti heimaleikur 3. flokks karla f\u00f3r fram \u00ed dag og m\u00e6tti Selfoss 2 \u00ed heims\u00f3kn. \u00deetta var h\u00f6rkuleikur \u00fer\u00e1tt fyrir sl\u00e6ma byrjun \u00ed fyrri h\u00e1lfleik en okkar menn n\u00e1\u00f0u a\u00f0 skora tvo s\u00ed\u00f0ustu m\u00f6rk fyrrih\u00e1lfleiks.<\/p>","protected":false},"author":2,"featured_media":58452,"comment_status":"closed","ping_status":"closed","sticky":false,"template":"","format":"standard","meta":{"footnotes":""},"categories":[12],"tags":[13,15],"class_list":["post-58442","post","type-post","status-publish","format-standard","has-post-thumbnail","hentry","category-handknattleiksdeild","tag-handbolti","tag-yngri-flokkar"],"yoast_head":"<!-- This site is optimized with the Yoast SEO plugin v24.3 - https:\/\/yoast.com\/wordpress\/plugins\/seo\/ -->\n<title>3. flokkur karla \u00ed handbolta - \u00cd\u00fer\u00f3ttaf\u00e9lagi\u00f0 Gr\u00f3tta<\/title>\n<meta name=\"robots\" content=\"index, follow, max-snippet:-1, max-image-preview:large, max-video-preview:-1\" \/>\n<link rel=\"canonical\" href=\"https:\/\/grotta.is\/en\/handknattleiksdeild\/3-flokkur-karla-i-handbolta\/\" \/>\n<meta property=\"og:locale\" content=\"en_US\" \/>\n<meta property=\"og:type\" content=\"article\" \/>\n<meta property=\"og:title\" content=\"3. flokkur karla \u00ed handbolta - \u00cd\u00fer\u00f3ttaf\u00e9lagi\u00f0 Gr\u00f3tta\" \/>\n<meta property=\"og:description\" content=\"Fyrsti heimaleikur 3. flokks karla f\u00f3r fram \u00ed dag og m\u00e6tti Selfoss 2 \u00ed heims\u00f3kn. \u00deetta var h\u00f6rkuleikur \u00fer\u00e1tt fyrir sl\u00e6ma byrjun \u00ed fyrri h\u00e1lfleik en okkar menn n\u00e1\u00f0u a\u00f0 skora tvo s\u00ed\u00f0ustu m\u00f6rk fyrrih\u00e1lfleiks.\" \/>\n<meta property=\"og:url\" content=\"https:\/\/grotta.is\/en\/handknattleiksdeild\/3-flokkur-karla-i-handbolta\/\" \/>\n<meta property=\"og:site_name\" content=\"\u00cd\u00fer\u00f3ttaf\u00e9lagi\u00f0 Gr\u00f3tta\" \/>\n<meta property=\"article:publisher\" content=\"https:\/\/www.facebook.com\/grottasport\" \/>\n<meta property=\"article:published_time\" content=\"2020-09-28T10:39:03+00:00\" \/>\n<meta property=\"article:modified_time\" content=\"2020-09-28T10:39:08+00:00\" \/>\n<meta property=\"og:image\" content=\"https:\/\/grotta.is\/wp-content\/uploads\/2020\/09\/3flokkur_kk_grotta_handbolti_27.09.2020.jpg\" \/>\n\t<meta property=\"og:image:width\" content=\"828\" \/>\n\t<meta property=\"og:image:height\" content=\"472\" \/>\n\t<meta property=\"og:image:type\" content=\"image\/jpeg\" \/>\n<meta name=\"author\" content=\"Grotta\" \/>\n<meta name=\"twitter:card\" content=\"summary_large_image\" \/>\n<meta name=\"twitter:label1\" content=\"Written by\" \/>\n\t<meta name=\"twitter:data1\" content=\"Grotta\" \/>\n\t<meta name=\"twitter:label2\" content=\"Est. reading time\" \/>\n\t<meta name=\"twitter:data2\" content=\"1 minute\" \/>\n<script type=\"application\/ld+json\" class=\"yoast-schema-graph\">{\"@context\":\"https:\/\/schema.org\",\"@graph\":[{\"@type\":\"Article\",\"@id\":\"https:\/\/grotta.is\/handknattleiksdeild\/3-flokkur-karla-i-handbolta\/#article\",\"isPartOf\":{\"@id\":\"https:\/\/grotta.is\/handknattleiksdeild\/3-flokkur-karla-i-handbolta\/\"},\"author\":{\"name\":\"Grotta\",\"@id\":\"https:\/\/grotta.is\/#\/schema\/person\/08ec57bf09ee925f1b6a01540c14a5ce\"},\"headline\":\"3. flokkur karla \u00ed handbolta\",\"datePublished\":\"2020-09-28T10:39:03+00:00\",\"dateModified\":\"2020-09-28T10:39:08+00:00\",\"mainEntityOfPage\":{\"@id\":\"https:\/\/grotta.is\/handknattleiksdeild\/3-flokkur-karla-i-handbolta\/\"},\"wordCount\":161,\"publisher\":{\"@id\":\"https:\/\/grotta.is\/#organization\"},\"image\":{\"@id\":\"https:\/\/grotta.is\/handknattleiksdeild\/3-flokkur-karla-i-handbolta\/#primaryimage\"},\"thumbnailUrl\":\"https:\/\/grotta.is\/wp-content\/uploads\/2020\/09\/3flokkur_kk_grotta_handbolti_27.09.2020.jpg\",\"keywords\":[\"Handbolti\",\"Yngri flokkar\"],\"articleSection\":[\"Handknattleiksdeild\"],\"inLanguage\":\"en-US\"},{\"@type\":\"WebPage\",\"@id\":\"https:\/\/grotta.is\/handknattleiksdeild\/3-flokkur-karla-i-handbolta\/\",\"url\":\"https:\/\/grotta.is\/handknattleiksdeild\/3-flokkur-karla-i-handbolta\/\",\"name\":\"3. flokkur karla \u00ed handbolta - \u00cd\u00fer\u00f3ttaf\u00e9lagi\u00f0 Gr\u00f3tta\",\"isPartOf\":{\"@id\":\"https:\/\/grotta.is\/#website\"},\"primaryImageOfPage\":{\"@id\":\"https:\/\/grotta.is\/handknattleiksdeild\/3-flokkur-karla-i-handbolta\/#primaryimage\"},\"image\":{\"@id\":\"https:\/\/grotta.is\/handknattleiksdeild\/3-flokkur-karla-i-handbolta\/#primaryimage\"},\"thumbnailUrl\":\"https:\/\/grotta.is\/wp-content\/uploads\/2020\/09\/3flokkur_kk_grotta_handbolti_27.09.2020.jpg\",\"datePublished\":\"2020-09-28T10:39:03+00:00\",\"dateModified\":\"2020-09-28T10:39:08+00:00\",\"breadcrumb\":{\"@id\":\"https:\/\/grotta.is\/handknattleiksdeild\/3-flokkur-karla-i-handbolta\/#breadcrumb\"},\"inLanguage\":\"en-US\",\"potentialAction\":[{\"@type\":\"ReadAction\",\"target\":[\"https:\/\/grotta.is\/handknattleiksdeild\/3-flokkur-karla-i-handbolta\/\"]}]},{\"@type\":\"ImageObject\",\"inLanguage\":\"en-US\",\"@id\":\"https:\/\/grotta.is\/handknattleiksdeild\/3-flokkur-karla-i-handbolta\/#primaryimage\",\"url\":\"https:\/\/grotta.is\/wp-content\/uploads\/2020\/09\/3flokkur_kk_grotta_handbolti_27.09.2020.jpg\",\"contentUrl\":\"https:\/\/grotta.is\/wp-content\/uploads\/2020\/09\/3flokkur_kk_grotta_handbolti_27.09.2020.jpg\",\"width\":828,\"height\":472},{\"@type\":\"BreadcrumbList\",\"@id\":\"https:\/\/grotta.is\/handknattleiksdeild\/3-flokkur-karla-i-handbolta\/#breadcrumb\",\"itemListElement\":[{\"@type\":\"ListItem\",\"position\":1,\"name\":\"Home\",\"item\":\"https:\/\/grotta.is\/\"},{\"@type\":\"ListItem\",\"position\":2,\"name\":\"3. flokkur karla \u00ed handbolta\"}]},{\"@type\":\"WebSite\",\"@id\":\"https:\/\/grotta.is\/#website\",\"url\":\"https:\/\/grotta.is\/\",\"name\":\"\u00cd\u00fer\u00f3ttaf\u00e9lagi\u00f0 Gr\u00f3tta\",\"description\":\"\u00e1 Seltjarnarnesi\",\"publisher\":{\"@id\":\"https:\/\/grotta.is\/#organization\"},\"potentialAction\":[{\"@type\":\"SearchAction\",\"target\":{\"@type\":\"EntryPoint\",\"urlTemplate\":\"https:\/\/grotta.is\/?s={search_term_string}\"},\"query-input\":{\"@type\":\"PropertyValueSpecification\",\"valueRequired\":true,\"valueName\":\"search_term_string\"}}],\"inLanguage\":\"en-US\"},{\"@type\":\"Organization\",\"@id\":\"https:\/\/grotta.is\/#organization\",\"name\":\"\u00cd\u00fer\u00f3ttaf\u00e9lagi\u00f0 Gr\u00f3tta\",\"url\":\"https:\/\/grotta.is\/\",\"logo\":{\"@type\":\"ImageObject\",\"inLanguage\":\"en-US\",\"@id\":\"https:\/\/grotta.is\/#\/schema\/logo\/image\/\",\"url\":\"https:\/\/grotta.is\/wp-content\/uploads\/2020\/02\/ithrottafelagidgrotta_logo_512x512_transparent.png\",\"contentUrl\":\"https:\/\/grotta.is\/wp-content\/uploads\/2020\/02\/ithrottafelagidgrotta_logo_512x512_transparent.png\",\"width\":512,\"height\":512,\"caption\":\"\u00cd\u00fer\u00f3ttaf\u00e9lagi\u00f0 Gr\u00f3tta\"},\"image\":{\"@id\":\"https:\/\/grotta.is\/#\/schema\/logo\/image\/\"},\"sameAs\":[\"https:\/\/www.facebook.com\/grottasport\"]},{\"@type\":\"Person\",\"@id\":\"https:\/\/grotta.is\/#\/schema\/person\/08ec57bf09ee925f1b6a01540c14a5ce\",\"name\":\"Grotta\",\"url\":\"https:\/\/grotta.is\/en\/author\/inga\/\"}]}<\/script>\n<!-- \/ Yoast SEO plugin. -->","yoast_head_json":{"title":"3. flokkur karla \u00ed handbolta - \u00cd\u00fer\u00f3ttaf\u00e9lagi\u00f0 Gr\u00f3tta","robots":{"index":"index","follow":"follow","max-snippet":"max-snippet:-1","max-image-preview":"max-image-preview:large","max-video-preview":"max-video-preview:-1"},"canonical":"https:\/\/grotta.is\/en\/handknattleiksdeild\/3-flokkur-karla-i-handbolta\/","og_locale":"en_US","og_type":"article","og_title":"3. flokkur karla \u00ed handbolta - \u00cd\u00fer\u00f3ttaf\u00e9lagi\u00f0 Gr\u00f3tta","og_description":"Fyrsti heimaleikur 3. flokks karla f\u00f3r fram \u00ed dag og m\u00e6tti Selfoss 2 \u00ed heims\u00f3kn. \u00deetta var h\u00f6rkuleikur \u00fer\u00e1tt fyrir sl\u00e6ma byrjun \u00ed fyrri h\u00e1lfleik en okkar menn n\u00e1\u00f0u a\u00f0 skora tvo s\u00ed\u00f0ustu m\u00f6rk fyrrih\u00e1lfleiks.","og_url":"https:\/\/grotta.is\/en\/handknattleiksdeild\/3-flokkur-karla-i-handbolta\/","og_site_name":"\u00cd\u00fer\u00f3ttaf\u00e9lagi\u00f0 Gr\u00f3tta","article_publisher":"https:\/\/www.facebook.com\/grottasport","article_published_time":"2020-09-28T10:39:03+00:00","article_modified_time":"2020-09-28T10:39:08+00:00","og_image":[{"width":828,"height":472,"url":"https:\/\/grotta.is\/wp-content\/uploads\/2020\/09\/3flokkur_kk_grotta_handbolti_27.09.2020.jpg","type":"image\/jpeg"}],"author":"Grotta","twitter_card":"summary_large_image","twitter_misc":{"Written by":"Grotta","Est. reading time":"1 minute"},"schema":{"@context":"https:\/\/schema.org","@graph":[{"@type":"Article","@id":"https:\/\/grotta.is\/handknattleiksdeild\/3-flokkur-karla-i-handbolta\/#article","isPartOf":{"@id":"https:\/\/grotta.is\/handknattleiksdeild\/3-flokkur-karla-i-handbolta\/"},"author":{"name":"Grotta","@id":"https:\/\/grotta.is\/#\/schema\/person\/08ec57bf09ee925f1b6a01540c14a5ce"},"headline":"3. flokkur karla \u00ed handbolta","datePublished":"2020-09-28T10:39:03+00:00","dateModified":"2020-09-28T10:39:08+00:00","mainEntityOfPage":{"@id":"https:\/\/grotta.is\/handknattleiksdeild\/3-flokkur-karla-i-handbolta\/"},"wordCount":161,"publisher":{"@id":"https:\/\/grotta.is\/#organization"},"image":{"@id":"https:\/\/grotta.is\/handknattleiksdeild\/3-flokkur-karla-i-handbolta\/#primaryimage"},"thumbnailUrl":"https:\/\/grotta.is\/wp-content\/uploads\/2020\/09\/3flokkur_kk_grotta_handbolti_27.09.2020.jpg","keywords":["Handbolti","Yngri flokkar"],"articleSection":["Handknattleiksdeild"],"inLanguage":"en-US"},{"@type":"WebPage","@id":"https:\/\/grotta.is\/handknattleiksdeild\/3-flokkur-karla-i-handbolta\/","url":"https:\/\/grotta.is\/handknattleiksdeild\/3-flokkur-karla-i-handbolta\/","name":"3. flokkur karla \u00ed handbolta - \u00cd\u00fer\u00f3ttaf\u00e9lagi\u00f0 Gr\u00f3tta","isPartOf":{"@id":"https:\/\/grotta.is\/#website"},"primaryImageOfPage":{"@id":"https:\/\/grotta.is\/handknattleiksdeild\/3-flokkur-karla-i-handbolta\/#primaryimage"},"image":{"@id":"https:\/\/grotta.is\/handknattleiksdeild\/3-flokkur-karla-i-handbolta\/#primaryimage"},"thumbnailUrl":"https:\/\/grotta.is\/wp-content\/uploads\/2020\/09\/3flokkur_kk_grotta_handbolti_27.09.2020.jpg","datePublished":"2020-09-28T10:39:03+00:00","dateModified":"2020-09-28T10:39:08+00:00","breadcrumb":{"@id":"https:\/\/grotta.is\/handknattleiksdeild\/3-flokkur-karla-i-handbolta\/#breadcrumb"},"inLanguage":"en-US","potentialAction":[{"@type":"ReadAction","target":["https:\/\/grotta.is\/handknattleiksdeild\/3-flokkur-karla-i-handbolta\/"]}]},{"@type":"ImageObject","inLanguage":"en-US","@id":"https:\/\/grotta.is\/handknattleiksdeild\/3-flokkur-karla-i-handbolta\/#primaryimage","url":"https:\/\/grotta.is\/wp-content\/uploads\/2020\/09\/3flokkur_kk_grotta_handbolti_27.09.2020.jpg","contentUrl":"https:\/\/grotta.is\/wp-content\/uploads\/2020\/09\/3flokkur_kk_grotta_handbolti_27.09.2020.jpg","width":828,"height":472},{"@type":"BreadcrumbList","@id":"https:\/\/grotta.is\/handknattleiksdeild\/3-flokkur-karla-i-handbolta\/#breadcrumb","itemListElement":[{"@type":"ListItem","position":1,"name":"Home","item":"https:\/\/grotta.is\/"},{"@type":"ListItem","position":2,"name":"3. flokkur karla \u00ed handbolta"}]},{"@type":"WebSite","@id":"https:\/\/grotta.is\/#website","url":"https:\/\/grotta.is\/","name":"\u00cd\u00fer\u00f3ttaf\u00e9lagi\u00f0 Gr\u00f3tta","description":"\u00e1 Seltjarnarnesi","publisher":{"@id":"https:\/\/grotta.is\/#organization"},"potentialAction":[{"@type":"SearchAction","target":{"@type":"EntryPoint","urlTemplate":"https:\/\/grotta.is\/?s={search_term_string}"},"query-input":{"@type":"PropertyValueSpecification","valueRequired":true,"valueName":"search_term_string"}}],"inLanguage":"en-US"},{"@type":"Organization","@id":"https:\/\/grotta.is\/#organization","name":"\u00cd\u00fer\u00f3ttaf\u00e9lagi\u00f0 Gr\u00f3tta","url":"https:\/\/grotta.is\/","logo":{"@type":"ImageObject","inLanguage":"en-US","@id":"https:\/\/grotta.is\/#\/schema\/logo\/image\/","url":"https:\/\/grotta.is\/wp-content\/uploads\/2020\/02\/ithrottafelagidgrotta_logo_512x512_transparent.png","contentUrl":"https:\/\/grotta.is\/wp-content\/uploads\/2020\/02\/ithrottafelagidgrotta_logo_512x512_transparent.png","width":512,"height":512,"caption":"\u00cd\u00fer\u00f3ttaf\u00e9lagi\u00f0 Gr\u00f3tta"},"image":{"@id":"https:\/\/grotta.is\/#\/schema\/logo\/image\/"},"sameAs":["https:\/\/www.facebook.com\/grottasport"]},{"@type":"Person","@id":"https:\/\/grotta.is\/#\/schema\/person\/08ec57bf09ee925f1b6a01540c14a5ce","name":"Grotta","url":"https:\/\/grotta.is\/en\/author\/inga\/"}]}},"_links":{"self":[{"href":"https:\/\/grotta.is\/en\/wp-json\/wp\/v2\/posts\/58442","targetHints":{"allow":["GET"]}}],"collection":[{"href":"https:\/\/grotta.is\/en\/wp-json\/wp\/v2\/posts"}],"about":[{"href":"https:\/\/grotta.is\/en\/wp-json\/wp\/v2\/types\/post"}],"author":[{"embeddable":true,"href":"https:\/\/grotta.is\/en\/wp-json\/wp\/v2\/users\/2"}],"replies":[{"embeddable":true,"href":"https:\/\/grotta.is\/en\/wp-json\/wp\/v2\/comments?post=58442"}],"version-history":[{"count":1,"href":"https:\/\/grotta.is\/en\/wp-json\/wp\/v2\/posts\/58442\/revisions"}],"predecessor-version":[{"id":58454,"href":"https:\/\/grotta.is\/en\/wp-json\/wp\/v2\/posts\/58442\/revisions\/58454"}],"wp:featuredmedia":[{"embeddable":true,"href":"https:\/\/grotta.is\/en\/wp-json\/wp\/v2\/media\/58452"}],"wp:attachment":[{"href":"https:\/\/grotta.is\/en\/wp-json\/wp\/v2\/media?parent=58442"}],"wp:term":[{"taxonomy":"category","embeddable":true,"href":"https:\/\/grotta.is\/en\/wp-json\/wp\/v2\/categories?post=58442"},{"taxonomy":"post_tag","embeddable":true,"href":"https:\/\/grotta.is\/en\/wp-json\/wp\/v2\/tags?post=58442"}],"curies":[{"name":"wp","href":"https:\/\/api.w.org\/{rel}","templated":true}]}}