{"id":580,"date":"2019-07-16T22:04:00","date_gmt":"2019-07-16T22:04:00","guid":{"rendered":"https:\/\/grotta.is\/?p=580"},"modified":"2020-02-23T22:13:02","modified_gmt":"2020-02-23T22:13:02","slug":"grimur-kjartan-og-orri-a-leid-a-nordurlandamotid-med-u17","status":"publish","type":"post","link":"https:\/\/grotta.is\/en\/knattspyrnudeild\/grimur-kjartan-og-orri-a-leid-a-nordurlandamotid-med-u17\/","title":{"rendered":"Gr\u00edmur, Kjartan og Orri \u00e1 lei\u00f0 \u00e1 Nor\u00f0urlandam\u00f3ti\u00f0 me\u00f0 U17"},"content":{"rendered":"<p>Gr\u00f3ttumennirnir Gr\u00edmur Ingi, Kjartan K\u00e1ri og Orri Steinn eru \u00ed h\u00f3p U17 sem tekur \u00fe\u00e1tt \u00ed Nor\u00f0urlandam\u00f3tinu \u00ed Danm\u00f6rku 3.-10. \u00e1g\u00fast ?? Gaman er a\u00f0 segja fr\u00e1 \u00fev\u00ed a\u00f0 Gr\u00f3tta \u00e1 n\u00e6stflesta leikmenn \u00ed h\u00f3pnum, en Stjarnan er me\u00f0 einum fleiri, e\u00f0a fj\u00f3ra leikmenn. \u00deetta er ekki fyrsta keppnisfer\u00f0 drengjanna me\u00f0 landsli\u00f0inu en \u00feeir f\u00f3ru einnig til Kr\u00f3at\u00edu \u00ed apr\u00edl me\u00f0 U16 og kepptu \u00fear \u00e1 \u00e6fingam\u00f3ti. Knattspyrnudeild Gr\u00f3ttu \u00f3skar \u00feeim innilega til hamingju!<\/p><figure class=\"wp-block-gallery columns-2 is-cropped wp-block-gallery-1 is-layout-flex wp-block-gallery-is-layout-flex\"><ul class=\"blocks-gallery-grid\"><li class=\"blocks-gallery-item\"><figure><a href=\"https:\/\/grotta.is\/wp-content\/uploads\/2020\/02\/Knattspyrnudeild_grotta_Frettir_leikmenn_37.jpg\"><img fetchpriority=\"high\" decoding=\"async\" width=\"1024\" height=\"1024\" src=\"https:\/\/grotta.is\/wp-content\/uploads\/2020\/02\/Knattspyrnudeild_grotta_Frettir_leikmenn_37-1024x1024.jpg\" alt=\"\" data-id=\"585\" data-full-url=\"https:\/\/grotta.is\/wp-content\/uploads\/2020\/02\/Knattspyrnudeild_grotta_Frettir_leikmenn_37.jpg\" data-link=\"https:\/\/grotta.is\/?attachment_id=585\" class=\"wp-image-585\" srcset=\"https:\/\/grotta.is\/wp-content\/uploads\/2020\/02\/Knattspyrnudeild_grotta_Frettir_leikmenn_37-1024x1024.jpg 1024w, https:\/\/grotta.is\/wp-content\/uploads\/2020\/02\/Knattspyrnudeild_grotta_Frettir_leikmenn_37-300x300.jpg 300w, https:\/\/grotta.is\/wp-content\/uploads\/2020\/02\/Knattspyrnudeild_grotta_Frettir_leikmenn_37-100x100.jpg 100w, https:\/\/grotta.is\/wp-content\/uploads\/2020\/02\/Knattspyrnudeild_grotta_Frettir_leikmenn_37-600x600.jpg 600w, https:\/\/grotta.is\/wp-content\/uploads\/2020\/02\/Knattspyrnudeild_grotta_Frettir_leikmenn_37-150x150.jpg 150w, https:\/\/grotta.is\/wp-content\/uploads\/2020\/02\/Knattspyrnudeild_grotta_Frettir_leikmenn_37-768x768.jpg 768w, https:\/\/grotta.is\/wp-content\/uploads\/2020\/02\/Knattspyrnudeild_grotta_Frettir_leikmenn_37-500x500.jpg 500w, https:\/\/grotta.is\/wp-content\/uploads\/2020\/02\/Knattspyrnudeild_grotta_Frettir_leikmenn_37.jpg 1316w\" sizes=\"(max-width: 1024px) 100vw, 1024px\" \/><\/a><\/figure><\/li><li class=\"blocks-gallery-item\"><figure><a href=\"https:\/\/grotta.is\/wp-content\/uploads\/2020\/02\/Knattspyrnudeild_grotta_Frettir_leikmenn_36.jpg\"><img decoding=\"async\" width=\"1024\" height=\"683\" data-src=\"https:\/\/grotta.is\/wp-content\/uploads\/2020\/02\/Knattspyrnudeild_grotta_Frettir_leikmenn_36-1024x683.jpg\" alt=\"\" data-id=\"584\" data-full-url=\"https:\/\/grotta.is\/wp-content\/uploads\/2020\/02\/Knattspyrnudeild_grotta_Frettir_leikmenn_36.jpg\" data-link=\"https:\/\/grotta.is\/?attachment_id=584\" class=\"wp-image-584 lazyload\" data-srcset=\"https:\/\/grotta.is\/wp-content\/uploads\/2020\/02\/Knattspyrnudeild_grotta_Frettir_leikmenn_36-1024x683.jpg 1024w, https:\/\/grotta.is\/wp-content\/uploads\/2020\/02\/Knattspyrnudeild_grotta_Frettir_leikmenn_36-600x400.jpg 600w, https:\/\/grotta.is\/wp-content\/uploads\/2020\/02\/Knattspyrnudeild_grotta_Frettir_leikmenn_36-300x200.jpg 300w, https:\/\/grotta.is\/wp-content\/uploads\/2020\/02\/Knattspyrnudeild_grotta_Frettir_leikmenn_36-768x512.jpg 768w, https:\/\/grotta.is\/wp-content\/uploads\/2020\/02\/Knattspyrnudeild_grotta_Frettir_leikmenn_36-1536x1024.jpg 1536w, https:\/\/grotta.is\/wp-content\/uploads\/2020\/02\/Knattspyrnudeild_grotta_Frettir_leikmenn_36.jpg 1974w\" data-sizes=\"(max-width: 1024px) 100vw, 1024px\" src=\"data:image\/gif;base64,R0lGODlhAQABAAAAACH5BAEKAAEALAAAAAABAAEAAAICTAEAOw==\" style=\"--smush-placeholder-width: 1024px; --smush-placeholder-aspect-ratio: 1024\/683;\" \/><\/a><\/figure><\/li><\/ul><\/figure>","protected":false},"excerpt":{"rendered":"<p>Gr\u00f3ttumennirnir Gr\u00edmur Ingi, Kjartan K\u00e1ri og Orri Steinn eru \u00ed h\u00f3p U17 sem tekur \u00fe\u00e1tt \u00ed Nor\u00f0urlandam\u00f3tinu \u00ed Danm\u00f6rku 3.-10. \u00e1g\u00fast <\/p>","protected":false},"author":2,"featured_media":584,"comment_status":"closed","ping_status":"closed","sticky":false,"template":"","format":"standard","meta":{"footnotes":""},"categories":[7],"tags":[6,22,17],"class_list":["post-580","post","type-post","status-publish","format-standard","has-post-thumbnail","hentry","category-knattspyrnudeild","tag-knattspyrna","tag-landslid","tag-leikmenn"],"yoast_head":"<!-- This site is optimized with the Yoast SEO plugin v24.3 - https:\/\/yoast.com\/wordpress\/plugins\/seo\/ -->\n<title>Gr\u00edmur, Kjartan og Orri \u00e1 lei\u00f0 \u00e1 Nor\u00f0urlandam\u00f3ti\u00f0 me\u00f0 U17 - \u00cd\u00fer\u00f3ttaf\u00e9lagi\u00f0 Gr\u00f3tta<\/title>\n<meta name=\"robots\" content=\"index, follow, max-snippet:-1, max-image-preview:large, max-video-preview:-1\" \/>\n<link rel=\"canonical\" href=\"https:\/\/grotta.is\/en\/knattspyrnudeild\/grimur-kjartan-og-orri-a-leid-a-nordurlandamotid-med-u17\/\" \/>\n<meta property=\"og:locale\" content=\"en_US\" \/>\n<meta property=\"og:type\" content=\"article\" \/>\n<meta property=\"og:title\" content=\"Gr\u00edmur, Kjartan og Orri \u00e1 lei\u00f0 \u00e1 Nor\u00f0urlandam\u00f3ti\u00f0 me\u00f0 U17 - \u00cd\u00fer\u00f3ttaf\u00e9lagi\u00f0 Gr\u00f3tta\" \/>\n<meta property=\"og:description\" content=\"Gr\u00f3ttumennirnir Gr\u00edmur Ingi, Kjartan K\u00e1ri og Orri Steinn eru \u00ed h\u00f3p U17 sem tekur \u00fe\u00e1tt \u00ed Nor\u00f0urlandam\u00f3tinu \u00ed Danm\u00f6rku 3.-10. \u00e1g\u00fast\" \/>\n<meta property=\"og:url\" content=\"https:\/\/grotta.is\/en\/knattspyrnudeild\/grimur-kjartan-og-orri-a-leid-a-nordurlandamotid-med-u17\/\" \/>\n<meta property=\"og:site_name\" content=\"\u00cd\u00fer\u00f3ttaf\u00e9lagi\u00f0 Gr\u00f3tta\" \/>\n<meta property=\"article:publisher\" content=\"https:\/\/www.facebook.com\/grottasport\" \/>\n<meta property=\"article:published_time\" content=\"2019-07-16T22:04:00+00:00\" \/>\n<meta property=\"article:modified_time\" content=\"2020-02-23T22:13:02+00:00\" \/>\n<meta property=\"og:image\" content=\"https:\/\/grotta.is\/wp-content\/uploads\/2020\/02\/Knattspyrnudeild_grotta_Frettir_leikmenn_36.jpg\" \/>\n\t<meta property=\"og:image:width\" content=\"1974\" \/>\n\t<meta property=\"og:image:height\" content=\"1316\" \/>\n\t<meta property=\"og:image:type\" content=\"image\/jpeg\" \/>\n<meta name=\"author\" content=\"Grotta\" \/>\n<meta name=\"twitter:card\" content=\"summary_large_image\" \/>\n<meta name=\"twitter:label1\" content=\"Written by\" \/>\n\t<meta name=\"twitter:data1\" content=\"Grotta\" \/>\n<script type=\"application\/ld+json\" class=\"yoast-schema-graph\">{\"@context\":\"https:\/\/schema.org\",\"@graph\":[{\"@type\":\"Article\",\"@id\":\"https:\/\/grotta.is\/knattspyrnudeild\/grimur-kjartan-og-orri-a-leid-a-nordurlandamotid-med-u17\/#article\",\"isPartOf\":{\"@id\":\"https:\/\/grotta.is\/knattspyrnudeild\/grimur-kjartan-og-orri-a-leid-a-nordurlandamotid-med-u17\/\"},\"author\":{\"name\":\"Grotta\",\"@id\":\"https:\/\/grotta.is\/#\/schema\/person\/08ec57bf09ee925f1b6a01540c14a5ce\"},\"headline\":\"Gr\u00edmur, Kjartan og Orri \u00e1 lei\u00f0 \u00e1 Nor\u00f0urlandam\u00f3ti\u00f0 me\u00f0 U17\",\"datePublished\":\"2019-07-16T22:04:00+00:00\",\"dateModified\":\"2020-02-23T22:13:02+00:00\",\"mainEntityOfPage\":{\"@id\":\"https:\/\/grotta.is\/knattspyrnudeild\/grimur-kjartan-og-orri-a-leid-a-nordurlandamotid-med-u17\/\"},\"wordCount\":97,\"publisher\":{\"@id\":\"https:\/\/grotta.is\/#organization\"},\"image\":{\"@id\":\"https:\/\/grotta.is\/knattspyrnudeild\/grimur-kjartan-og-orri-a-leid-a-nordurlandamotid-med-u17\/#primaryimage\"},\"thumbnailUrl\":\"https:\/\/grotta.is\/wp-content\/uploads\/2020\/02\/Knattspyrnudeild_grotta_Frettir_leikmenn_36.jpg\",\"keywords\":[\"Knattspyrna\",\"Landsli\u00f0\",\"Leikmenn\"],\"articleSection\":[\"Knattspyrnudeild\"],\"inLanguage\":\"en-US\"},{\"@type\":\"WebPage\",\"@id\":\"https:\/\/grotta.is\/knattspyrnudeild\/grimur-kjartan-og-orri-a-leid-a-nordurlandamotid-med-u17\/\",\"url\":\"https:\/\/grotta.is\/knattspyrnudeild\/grimur-kjartan-og-orri-a-leid-a-nordurlandamotid-med-u17\/\",\"name\":\"Gr\u00edmur, Kjartan og Orri \u00e1 lei\u00f0 \u00e1 Nor\u00f0urlandam\u00f3ti\u00f0 me\u00f0 U17 - \u00cd\u00fer\u00f3ttaf\u00e9lagi\u00f0 Gr\u00f3tta\",\"isPartOf\":{\"@id\":\"https:\/\/grotta.is\/#website\"},\"primaryImageOfPage\":{\"@id\":\"https:\/\/grotta.is\/knattspyrnudeild\/grimur-kjartan-og-orri-a-leid-a-nordurlandamotid-med-u17\/#primaryimage\"},\"image\":{\"@id\":\"https:\/\/grotta.is\/knattspyrnudeild\/grimur-kjartan-og-orri-a-leid-a-nordurlandamotid-med-u17\/#primaryimage\"},\"thumbnailUrl\":\"https:\/\/grotta.is\/wp-content\/uploads\/2020\/02\/Knattspyrnudeild_grotta_Frettir_leikmenn_36.jpg\",\"datePublished\":\"2019-07-16T22:04:00+00:00\",\"dateModified\":\"2020-02-23T22:13:02+00:00\",\"breadcrumb\":{\"@id\":\"https:\/\/grotta.is\/knattspyrnudeild\/grimur-kjartan-og-orri-a-leid-a-nordurlandamotid-med-u17\/#breadcrumb\"},\"inLanguage\":\"en-US\",\"potentialAction\":[{\"@type\":\"ReadAction\",\"target\":[\"https:\/\/grotta.is\/knattspyrnudeild\/grimur-kjartan-og-orri-a-leid-a-nordurlandamotid-med-u17\/\"]}]},{\"@type\":\"ImageObject\",\"inLanguage\":\"en-US\",\"@id\":\"https:\/\/grotta.is\/knattspyrnudeild\/grimur-kjartan-og-orri-a-leid-a-nordurlandamotid-med-u17\/#primaryimage\",\"url\":\"https:\/\/grotta.is\/wp-content\/uploads\/2020\/02\/Knattspyrnudeild_grotta_Frettir_leikmenn_36.jpg\",\"contentUrl\":\"https:\/\/grotta.is\/wp-content\/uploads\/2020\/02\/Knattspyrnudeild_grotta_Frettir_leikmenn_36.jpg\",\"width\":1974,\"height\":1316},{\"@type\":\"BreadcrumbList\",\"@id\":\"https:\/\/grotta.is\/knattspyrnudeild\/grimur-kjartan-og-orri-a-leid-a-nordurlandamotid-med-u17\/#breadcrumb\",\"itemListElement\":[{\"@type\":\"ListItem\",\"position\":1,\"name\":\"Home\",\"item\":\"https:\/\/grotta.is\/\"},{\"@type\":\"ListItem\",\"position\":2,\"name\":\"Gr\u00edmur, Kjartan og Orri \u00e1 lei\u00f0 \u00e1 Nor\u00f0urlandam\u00f3ti\u00f0 me\u00f0 U17\"}]},{\"@type\":\"WebSite\",\"@id\":\"https:\/\/grotta.is\/#website\",\"url\":\"https:\/\/grotta.is\/\",\"name\":\"\u00cd\u00fer\u00f3ttaf\u00e9lagi\u00f0 Gr\u00f3tta\",\"description\":\"\u00e1 Seltjarnarnesi\",\"publisher\":{\"@id\":\"https:\/\/grotta.is\/#organization\"},\"potentialAction\":[{\"@type\":\"SearchAction\",\"target\":{\"@type\":\"EntryPoint\",\"urlTemplate\":\"https:\/\/grotta.is\/?s={search_term_string}\"},\"query-input\":{\"@type\":\"PropertyValueSpecification\",\"valueRequired\":true,\"valueName\":\"search_term_string\"}}],\"inLanguage\":\"en-US\"},{\"@type\":\"Organization\",\"@id\":\"https:\/\/grotta.is\/#organization\",\"name\":\"\u00cd\u00fer\u00f3ttaf\u00e9lagi\u00f0 Gr\u00f3tta\",\"url\":\"https:\/\/grotta.is\/\",\"logo\":{\"@type\":\"ImageObject\",\"inLanguage\":\"en-US\",\"@id\":\"https:\/\/grotta.is\/#\/schema\/logo\/image\/\",\"url\":\"https:\/\/grotta.is\/wp-content\/uploads\/2020\/02\/ithrottafelagidgrotta_logo_512x512_transparent.png\",\"contentUrl\":\"https:\/\/grotta.is\/wp-content\/uploads\/2020\/02\/ithrottafelagidgrotta_logo_512x512_transparent.png\",\"width\":512,\"height\":512,\"caption\":\"\u00cd\u00fer\u00f3ttaf\u00e9lagi\u00f0 Gr\u00f3tta\"},\"image\":{\"@id\":\"https:\/\/grotta.is\/#\/schema\/logo\/image\/\"},\"sameAs\":[\"https:\/\/www.facebook.com\/grottasport\"]},{\"@type\":\"Person\",\"@id\":\"https:\/\/grotta.is\/#\/schema\/person\/08ec57bf09ee925f1b6a01540c14a5ce\",\"name\":\"Grotta\",\"url\":\"https:\/\/grotta.is\/en\/author\/inga\/\"}]}<\/script>\n<!-- \/ Yoast SEO plugin. -->","yoast_head_json":{"title":"Gr\u00edmur, Kjartan og Orri \u00e1 lei\u00f0 \u00e1 Nor\u00f0urlandam\u00f3ti\u00f0 me\u00f0 U17 - \u00cd\u00fer\u00f3ttaf\u00e9lagi\u00f0 Gr\u00f3tta","robots":{"index":"index","follow":"follow","max-snippet":"max-snippet:-1","max-image-preview":"max-image-preview:large","max-video-preview":"max-video-preview:-1"},"canonical":"https:\/\/grotta.is\/en\/knattspyrnudeild\/grimur-kjartan-og-orri-a-leid-a-nordurlandamotid-med-u17\/","og_locale":"en_US","og_type":"article","og_title":"Gr\u00edmur, Kjartan og Orri \u00e1 lei\u00f0 \u00e1 Nor\u00f0urlandam\u00f3ti\u00f0 me\u00f0 U17 - \u00cd\u00fer\u00f3ttaf\u00e9lagi\u00f0 Gr\u00f3tta","og_description":"Gr\u00f3ttumennirnir Gr\u00edmur Ingi, Kjartan K\u00e1ri og Orri Steinn eru \u00ed h\u00f3p U17 sem tekur \u00fe\u00e1tt \u00ed Nor\u00f0urlandam\u00f3tinu \u00ed Danm\u00f6rku 3.-10. \u00e1g\u00fast","og_url":"https:\/\/grotta.is\/en\/knattspyrnudeild\/grimur-kjartan-og-orri-a-leid-a-nordurlandamotid-med-u17\/","og_site_name":"\u00cd\u00fer\u00f3ttaf\u00e9lagi\u00f0 Gr\u00f3tta","article_publisher":"https:\/\/www.facebook.com\/grottasport","article_published_time":"2019-07-16T22:04:00+00:00","article_modified_time":"2020-02-23T22:13:02+00:00","og_image":[{"width":1974,"height":1316,"url":"https:\/\/grotta.is\/wp-content\/uploads\/2020\/02\/Knattspyrnudeild_grotta_Frettir_leikmenn_36.jpg","type":"image\/jpeg"}],"author":"Grotta","twitter_card":"summary_large_image","twitter_misc":{"Written by":"Grotta"},"schema":{"@context":"https:\/\/schema.org","@graph":[{"@type":"Article","@id":"https:\/\/grotta.is\/knattspyrnudeild\/grimur-kjartan-og-orri-a-leid-a-nordurlandamotid-med-u17\/#article","isPartOf":{"@id":"https:\/\/grotta.is\/knattspyrnudeild\/grimur-kjartan-og-orri-a-leid-a-nordurlandamotid-med-u17\/"},"author":{"name":"Grotta","@id":"https:\/\/grotta.is\/#\/schema\/person\/08ec57bf09ee925f1b6a01540c14a5ce"},"headline":"Gr\u00edmur, Kjartan og Orri \u00e1 lei\u00f0 \u00e1 Nor\u00f0urlandam\u00f3ti\u00f0 me\u00f0 U17","datePublished":"2019-07-16T22:04:00+00:00","dateModified":"2020-02-23T22:13:02+00:00","mainEntityOfPage":{"@id":"https:\/\/grotta.is\/knattspyrnudeild\/grimur-kjartan-og-orri-a-leid-a-nordurlandamotid-med-u17\/"},"wordCount":97,"publisher":{"@id":"https:\/\/grotta.is\/#organization"},"image":{"@id":"https:\/\/grotta.is\/knattspyrnudeild\/grimur-kjartan-og-orri-a-leid-a-nordurlandamotid-med-u17\/#primaryimage"},"thumbnailUrl":"https:\/\/grotta.is\/wp-content\/uploads\/2020\/02\/Knattspyrnudeild_grotta_Frettir_leikmenn_36.jpg","keywords":["Knattspyrna","Landsli\u00f0","Leikmenn"],"articleSection":["Knattspyrnudeild"],"inLanguage":"en-US"},{"@type":"WebPage","@id":"https:\/\/grotta.is\/knattspyrnudeild\/grimur-kjartan-og-orri-a-leid-a-nordurlandamotid-med-u17\/","url":"https:\/\/grotta.is\/knattspyrnudeild\/grimur-kjartan-og-orri-a-leid-a-nordurlandamotid-med-u17\/","name":"Gr\u00edmur, Kjartan og Orri \u00e1 lei\u00f0 \u00e1 Nor\u00f0urlandam\u00f3ti\u00f0 me\u00f0 U17 - \u00cd\u00fer\u00f3ttaf\u00e9lagi\u00f0 Gr\u00f3tta","isPartOf":{"@id":"https:\/\/grotta.is\/#website"},"primaryImageOfPage":{"@id":"https:\/\/grotta.is\/knattspyrnudeild\/grimur-kjartan-og-orri-a-leid-a-nordurlandamotid-med-u17\/#primaryimage"},"image":{"@id":"https:\/\/grotta.is\/knattspyrnudeild\/grimur-kjartan-og-orri-a-leid-a-nordurlandamotid-med-u17\/#primaryimage"},"thumbnailUrl":"https:\/\/grotta.is\/wp-content\/uploads\/2020\/02\/Knattspyrnudeild_grotta_Frettir_leikmenn_36.jpg","datePublished":"2019-07-16T22:04:00+00:00","dateModified":"2020-02-23T22:13:02+00:00","breadcrumb":{"@id":"https:\/\/grotta.is\/knattspyrnudeild\/grimur-kjartan-og-orri-a-leid-a-nordurlandamotid-med-u17\/#breadcrumb"},"inLanguage":"en-US","potentialAction":[{"@type":"ReadAction","target":["https:\/\/grotta.is\/knattspyrnudeild\/grimur-kjartan-og-orri-a-leid-a-nordurlandamotid-med-u17\/"]}]},{"@type":"ImageObject","inLanguage":"en-US","@id":"https:\/\/grotta.is\/knattspyrnudeild\/grimur-kjartan-og-orri-a-leid-a-nordurlandamotid-med-u17\/#primaryimage","url":"https:\/\/grotta.is\/wp-content\/uploads\/2020\/02\/Knattspyrnudeild_grotta_Frettir_leikmenn_36.jpg","contentUrl":"https:\/\/grotta.is\/wp-content\/uploads\/2020\/02\/Knattspyrnudeild_grotta_Frettir_leikmenn_36.jpg","width":1974,"height":1316},{"@type":"BreadcrumbList","@id":"https:\/\/grotta.is\/knattspyrnudeild\/grimur-kjartan-og-orri-a-leid-a-nordurlandamotid-med-u17\/#breadcrumb","itemListElement":[{"@type":"ListItem","position":1,"name":"Home","item":"https:\/\/grotta.is\/"},{"@type":"ListItem","position":2,"name":"Gr\u00edmur, Kjartan og Orri \u00e1 lei\u00f0 \u00e1 Nor\u00f0urlandam\u00f3ti\u00f0 me\u00f0 U17"}]},{"@type":"WebSite","@id":"https:\/\/grotta.is\/#website","url":"https:\/\/grotta.is\/","name":"\u00cd\u00fer\u00f3ttaf\u00e9lagi\u00f0 Gr\u00f3tta","description":"\u00e1 Seltjarnarnesi","publisher":{"@id":"https:\/\/grotta.is\/#organization"},"potentialAction":[{"@type":"SearchAction","target":{"@type":"EntryPoint","urlTemplate":"https:\/\/grotta.is\/?s={search_term_string}"},"query-input":{"@type":"PropertyValueSpecification","valueRequired":true,"valueName":"search_term_string"}}],"inLanguage":"en-US"},{"@type":"Organization","@id":"https:\/\/grotta.is\/#organization","name":"\u00cd\u00fer\u00f3ttaf\u00e9lagi\u00f0 Gr\u00f3tta","url":"https:\/\/grotta.is\/","logo":{"@type":"ImageObject","inLanguage":"en-US","@id":"https:\/\/grotta.is\/#\/schema\/logo\/image\/","url":"https:\/\/grotta.is\/wp-content\/uploads\/2020\/02\/ithrottafelagidgrotta_logo_512x512_transparent.png","contentUrl":"https:\/\/grotta.is\/wp-content\/uploads\/2020\/02\/ithrottafelagidgrotta_logo_512x512_transparent.png","width":512,"height":512,"caption":"\u00cd\u00fer\u00f3ttaf\u00e9lagi\u00f0 Gr\u00f3tta"},"image":{"@id":"https:\/\/grotta.is\/#\/schema\/logo\/image\/"},"sameAs":["https:\/\/www.facebook.com\/grottasport"]},{"@type":"Person","@id":"https:\/\/grotta.is\/#\/schema\/person\/08ec57bf09ee925f1b6a01540c14a5ce","name":"Grotta","url":"https:\/\/grotta.is\/en\/author\/inga\/"}]}},"_links":{"self":[{"href":"https:\/\/grotta.is\/en\/wp-json\/wp\/v2\/posts\/580","targetHints":{"allow":["GET"]}}],"collection":[{"href":"https:\/\/grotta.is\/en\/wp-json\/wp\/v2\/posts"}],"about":[{"href":"https:\/\/grotta.is\/en\/wp-json\/wp\/v2\/types\/post"}],"author":[{"embeddable":true,"href":"https:\/\/grotta.is\/en\/wp-json\/wp\/v2\/users\/2"}],"replies":[{"embeddable":true,"href":"https:\/\/grotta.is\/en\/wp-json\/wp\/v2\/comments?post=580"}],"version-history":[{"count":0,"href":"https:\/\/grotta.is\/en\/wp-json\/wp\/v2\/posts\/580\/revisions"}],"wp:featuredmedia":[{"embeddable":true,"href":"https:\/\/grotta.is\/en\/wp-json\/wp\/v2\/media\/584"}],"wp:attachment":[{"href":"https:\/\/grotta.is\/en\/wp-json\/wp\/v2\/media?parent=580"}],"wp:term":[{"taxonomy":"category","embeddable":true,"href":"https:\/\/grotta.is\/en\/wp-json\/wp\/v2\/categories?post=580"},{"taxonomy":"post_tag","embeddable":true,"href":"https:\/\/grotta.is\/en\/wp-json\/wp\/v2\/tags?post=580"}],"curies":[{"name":"wp","href":"https:\/\/api.w.org\/{rel}","templated":true}]}}