{"id":576247,"date":"2026-04-27T14:48:08","date_gmt":"2026-04-27T14:48:08","guid":{"rendered":"https:\/\/grotta.is\/?p=576247"},"modified":"2026-04-27T14:48:10","modified_gmt":"2026-04-27T14:48:10","slug":"fjolskyldufjor-i-fimleikasal-grottu-%f0%9f%92%99%f0%9f%92%9b","status":"publish","type":"post","link":"https:\/\/grotta.is\/en\/almennt\/fjolskyldufjor-i-fimleikasal-grottu-%f0%9f%92%99%f0%9f%92%9b\/","title":{"rendered":"Fj\u00f6lskyldufj\u00f6r \u00ed fimleikasal Gr\u00f3ttu \ud83d\udc99\ud83d\udc9b"},"content":{"rendered":"<p>\u00cd dag var haldi\u00f0 skemmtilegt fj\u00f6lskyldufj\u00f6r \u00ed fimleikasal Gr\u00f3ttu \u00fear sem um 130 b\u00f6rn m\u00e6ttu \u00e1samt foreldrum s\u00ednum til a\u00f0 fagna Sumardeginum fyrsta me\u00f0 okkur.<\/p><p>Stemningin var fr\u00e1b\u00e6r og n\u00f3g um a\u00f0 vera fyrir alla aldursh\u00f3pa. Bo\u00f0i\u00f0 var upp \u00e1 andlitsm\u00e1lningu, h\u00e6gt var a\u00f0 lita myndir og n\u00e6la s\u00e9r \u00ed popp og kand\u00edfloss. \u00de\u00e1 var einnig l\u00edf og fj\u00f6r \u00e1 Gr\u00f3ttumarka\u00f0inum \u00fear sem margt fallegt var til s\u00f6lu.<\/p><p>\u00dea\u00f0 var einstaklega \u00e1n\u00e6gjulegt a\u00f0 sj\u00e1 hversu margir s\u00e1u s\u00e9r f\u00e6rt a\u00f0 koma og deila \u00feessum fallega degi me\u00f0 okkur.<\/p><p>Vi\u00f0 \u00fe\u00f6kkum k\u00e6rlega fyrir komuna \ud83d\udc99\ud83d\udc9b<\/p>","protected":false},"excerpt":{"rendered":"<p>\u00cd dag var haldi\u00f0 skemmtilegt fj\u00f6lskyldufj\u00f6r \u00ed fimleikasal Gr\u00f3ttu \u00fear sem um 130 b\u00f6rn m\u00e6ttu \u00e1samt foreldrum s\u00ednum til a\u00f0 fagna Sumardeginum fyrsta me\u00f0 okkur. Stemningin var fr\u00e1b\u00e6r og n\u00f3g [&hellip;]<\/p>","protected":false},"author":23,"featured_media":576248,"comment_status":"closed","ping_status":"closed","sticky":false,"template":"","format":"standard","meta":{"footnotes":""},"categories":[4],"tags":[],"class_list":["post-576247","post","type-post","status-publish","format-standard","has-post-thumbnail","hentry","category-almennt"],"yoast_head":"<!-- This site is optimized with the Yoast SEO plugin v24.3 - https:\/\/yoast.com\/wordpress\/plugins\/seo\/ -->\n<title>Fj\u00f6lskyldufj\u00f6r \u00ed fimleikasal Gr\u00f3ttu \ud83d\udc99\ud83d\udc9b - \u00cd\u00fer\u00f3ttaf\u00e9lagi\u00f0 Gr\u00f3tta<\/title>\n<meta name=\"robots\" content=\"index, follow, max-snippet:-1, max-image-preview:large, max-video-preview:-1\" \/>\n<link rel=\"canonical\" href=\"https:\/\/grotta.is\/en\/almennt\/fjolskyldufjor-i-fimleikasal-grottu-\ud83d\udc99\ud83d\udc9b\/\" \/>\n<meta property=\"og:locale\" content=\"en_US\" \/>\n<meta property=\"og:type\" content=\"article\" \/>\n<meta property=\"og:title\" content=\"Fj\u00f6lskyldufj\u00f6r \u00ed fimleikasal Gr\u00f3ttu \ud83d\udc99\ud83d\udc9b - \u00cd\u00fer\u00f3ttaf\u00e9lagi\u00f0 Gr\u00f3tta\" \/>\n<meta property=\"og:description\" content=\"\u00cd dag var haldi\u00f0 skemmtilegt fj\u00f6lskyldufj\u00f6r \u00ed fimleikasal Gr\u00f3ttu \u00fear sem um 130 b\u00f6rn m\u00e6ttu \u00e1samt foreldrum s\u00ednum til a\u00f0 fagna Sumardeginum fyrsta me\u00f0 okkur. Stemningin var fr\u00e1b\u00e6r og n\u00f3g [&hellip;]\" \/>\n<meta property=\"og:url\" content=\"https:\/\/grotta.is\/en\/almennt\/fjolskyldufjor-i-fimleikasal-grottu-\ud83d\udc99\ud83d\udc9b\/\" \/>\n<meta property=\"og:site_name\" content=\"\u00cd\u00fer\u00f3ttaf\u00e9lagi\u00f0 Gr\u00f3tta\" \/>\n<meta property=\"article:publisher\" content=\"https:\/\/www.facebook.com\/grottasport\" \/>\n<meta property=\"article:published_time\" content=\"2026-04-27T14:48:08+00:00\" \/>\n<meta property=\"article:modified_time\" content=\"2026-04-27T14:48:10+00:00\" \/>\n<meta property=\"og:image\" content=\"https:\/\/grotta.is\/wp-content\/uploads\/2026\/04\/Image-1.jpeg\" \/>\n\t<meta property=\"og:image:width\" content=\"1208\" \/>\n\t<meta property=\"og:image:height\" content=\"1014\" \/>\n\t<meta property=\"og:image:type\" content=\"image\/jpeg\" \/>\n<meta name=\"author\" content=\"Rakel\" \/>\n<meta name=\"twitter:card\" content=\"summary_large_image\" \/>\n<meta name=\"twitter:label1\" content=\"Written by\" \/>\n\t<meta name=\"twitter:data1\" content=\"Rakel\" \/>\n\t<meta name=\"twitter:label2\" content=\"Est. reading time\" \/>\n\t<meta name=\"twitter:data2\" content=\"1 minute\" \/>\n<script type=\"application\/ld+json\" class=\"yoast-schema-graph\">{\"@context\":\"https:\/\/schema.org\",\"@graph\":[{\"@type\":\"Article\",\"@id\":\"https:\/\/grotta.is\/almennt\/fjolskyldufjor-i-fimleikasal-grottu-%f0%9f%92%99%f0%9f%92%9b\/#article\",\"isPartOf\":{\"@id\":\"https:\/\/grotta.is\/almennt\/fjolskyldufjor-i-fimleikasal-grottu-%f0%9f%92%99%f0%9f%92%9b\/\"},\"author\":{\"name\":\"Rakel\",\"@id\":\"https:\/\/grotta.is\/#\/schema\/person\/393c8d5e384ac8b5d7fb789bbb2e53e1\"},\"headline\":\"Fj\u00f6lskyldufj\u00f6r \u00ed fimleikasal Gr\u00f3ttu \ud83d\udc99\ud83d\udc9b\",\"datePublished\":\"2026-04-27T14:48:08+00:00\",\"dateModified\":\"2026-04-27T14:48:10+00:00\",\"mainEntityOfPage\":{\"@id\":\"https:\/\/grotta.is\/almennt\/fjolskyldufjor-i-fimleikasal-grottu-%f0%9f%92%99%f0%9f%92%9b\/\"},\"wordCount\":118,\"publisher\":{\"@id\":\"https:\/\/grotta.is\/#organization\"},\"image\":{\"@id\":\"https:\/\/grotta.is\/almennt\/fjolskyldufjor-i-fimleikasal-grottu-%f0%9f%92%99%f0%9f%92%9b\/#primaryimage\"},\"thumbnailUrl\":\"https:\/\/grotta.is\/wp-content\/uploads\/2026\/04\/Image-1.jpeg\",\"articleSection\":[\"Almennt\"],\"inLanguage\":\"en-US\"},{\"@type\":\"WebPage\",\"@id\":\"https:\/\/grotta.is\/almennt\/fjolskyldufjor-i-fimleikasal-grottu-%f0%9f%92%99%f0%9f%92%9b\/\",\"url\":\"https:\/\/grotta.is\/almennt\/fjolskyldufjor-i-fimleikasal-grottu-%f0%9f%92%99%f0%9f%92%9b\/\",\"name\":\"Fj\u00f6lskyldufj\u00f6r \u00ed fimleikasal Gr\u00f3ttu \ud83d\udc99\ud83d\udc9b - \u00cd\u00fer\u00f3ttaf\u00e9lagi\u00f0 Gr\u00f3tta\",\"isPartOf\":{\"@id\":\"https:\/\/grotta.is\/#website\"},\"primaryImageOfPage\":{\"@id\":\"https:\/\/grotta.is\/almennt\/fjolskyldufjor-i-fimleikasal-grottu-%f0%9f%92%99%f0%9f%92%9b\/#primaryimage\"},\"image\":{\"@id\":\"https:\/\/grotta.is\/almennt\/fjolskyldufjor-i-fimleikasal-grottu-%f0%9f%92%99%f0%9f%92%9b\/#primaryimage\"},\"thumbnailUrl\":\"https:\/\/grotta.is\/wp-content\/uploads\/2026\/04\/Image-1.jpeg\",\"datePublished\":\"2026-04-27T14:48:08+00:00\",\"dateModified\":\"2026-04-27T14:48:10+00:00\",\"breadcrumb\":{\"@id\":\"https:\/\/grotta.is\/almennt\/fjolskyldufjor-i-fimleikasal-grottu-%f0%9f%92%99%f0%9f%92%9b\/#breadcrumb\"},\"inLanguage\":\"en-US\",\"potentialAction\":[{\"@type\":\"ReadAction\",\"target\":[\"https:\/\/grotta.is\/almennt\/fjolskyldufjor-i-fimleikasal-grottu-%f0%9f%92%99%f0%9f%92%9b\/\"]}]},{\"@type\":\"ImageObject\",\"inLanguage\":\"en-US\",\"@id\":\"https:\/\/grotta.is\/almennt\/fjolskyldufjor-i-fimleikasal-grottu-%f0%9f%92%99%f0%9f%92%9b\/#primaryimage\",\"url\":\"https:\/\/grotta.is\/wp-content\/uploads\/2026\/04\/Image-1.jpeg\",\"contentUrl\":\"https:\/\/grotta.is\/wp-content\/uploads\/2026\/04\/Image-1.jpeg\",\"width\":1208,\"height\":1014},{\"@type\":\"BreadcrumbList\",\"@id\":\"https:\/\/grotta.is\/almennt\/fjolskyldufjor-i-fimleikasal-grottu-%f0%9f%92%99%f0%9f%92%9b\/#breadcrumb\",\"itemListElement\":[{\"@type\":\"ListItem\",\"position\":1,\"name\":\"Home\",\"item\":\"https:\/\/grotta.is\/\"},{\"@type\":\"ListItem\",\"position\":2,\"name\":\"Fj\u00f6lskyldufj\u00f6r \u00ed fimleikasal Gr\u00f3ttu \ud83d\udc99\ud83d\udc9b\"}]},{\"@type\":\"WebSite\",\"@id\":\"https:\/\/grotta.is\/#website\",\"url\":\"https:\/\/grotta.is\/\",\"name\":\"\u00cd\u00fer\u00f3ttaf\u00e9lagi\u00f0 Gr\u00f3tta\",\"description\":\"\u00e1 Seltjarnarnesi\",\"publisher\":{\"@id\":\"https:\/\/grotta.is\/#organization\"},\"potentialAction\":[{\"@type\":\"SearchAction\",\"target\":{\"@type\":\"EntryPoint\",\"urlTemplate\":\"https:\/\/grotta.is\/?s={search_term_string}\"},\"query-input\":{\"@type\":\"PropertyValueSpecification\",\"valueRequired\":true,\"valueName\":\"search_term_string\"}}],\"inLanguage\":\"en-US\"},{\"@type\":\"Organization\",\"@id\":\"https:\/\/grotta.is\/#organization\",\"name\":\"\u00cd\u00fer\u00f3ttaf\u00e9lagi\u00f0 Gr\u00f3tta\",\"url\":\"https:\/\/grotta.is\/\",\"logo\":{\"@type\":\"ImageObject\",\"inLanguage\":\"en-US\",\"@id\":\"https:\/\/grotta.is\/#\/schema\/logo\/image\/\",\"url\":\"https:\/\/grotta.is\/wp-content\/uploads\/2020\/02\/ithrottafelagidgrotta_logo_512x512_transparent.png\",\"contentUrl\":\"https:\/\/grotta.is\/wp-content\/uploads\/2020\/02\/ithrottafelagidgrotta_logo_512x512_transparent.png\",\"width\":512,\"height\":512,\"caption\":\"\u00cd\u00fer\u00f3ttaf\u00e9lagi\u00f0 Gr\u00f3tta\"},\"image\":{\"@id\":\"https:\/\/grotta.is\/#\/schema\/logo\/image\/\"},\"sameAs\":[\"https:\/\/www.facebook.com\/grottasport\"]},{\"@type\":\"Person\",\"@id\":\"https:\/\/grotta.is\/#\/schema\/person\/393c8d5e384ac8b5d7fb789bbb2e53e1\",\"name\":\"Rakel\",\"url\":\"https:\/\/grotta.is\/en\/author\/rakel\/\"}]}<\/script>\n<!-- \/ Yoast SEO plugin. -->","yoast_head_json":{"title":"Fj\u00f6lskyldufj\u00f6r \u00ed fimleikasal Gr\u00f3ttu \ud83d\udc99\ud83d\udc9b - \u00cd\u00fer\u00f3ttaf\u00e9lagi\u00f0 Gr\u00f3tta","robots":{"index":"index","follow":"follow","max-snippet":"max-snippet:-1","max-image-preview":"max-image-preview:large","max-video-preview":"max-video-preview:-1"},"canonical":"https:\/\/grotta.is\/en\/almennt\/fjolskyldufjor-i-fimleikasal-grottu-\ud83d\udc99\ud83d\udc9b\/","og_locale":"en_US","og_type":"article","og_title":"Fj\u00f6lskyldufj\u00f6r \u00ed fimleikasal Gr\u00f3ttu \ud83d\udc99\ud83d\udc9b - \u00cd\u00fer\u00f3ttaf\u00e9lagi\u00f0 Gr\u00f3tta","og_description":"\u00cd dag var haldi\u00f0 skemmtilegt fj\u00f6lskyldufj\u00f6r \u00ed fimleikasal Gr\u00f3ttu \u00fear sem um 130 b\u00f6rn m\u00e6ttu \u00e1samt foreldrum s\u00ednum til a\u00f0 fagna Sumardeginum fyrsta me\u00f0 okkur. Stemningin var fr\u00e1b\u00e6r og n\u00f3g [&hellip;]","og_url":"https:\/\/grotta.is\/en\/almennt\/fjolskyldufjor-i-fimleikasal-grottu-\ud83d\udc99\ud83d\udc9b\/","og_site_name":"\u00cd\u00fer\u00f3ttaf\u00e9lagi\u00f0 Gr\u00f3tta","article_publisher":"https:\/\/www.facebook.com\/grottasport","article_published_time":"2026-04-27T14:48:08+00:00","article_modified_time":"2026-04-27T14:48:10+00:00","og_image":[{"width":1208,"height":1014,"url":"https:\/\/grotta.is\/wp-content\/uploads\/2026\/04\/Image-1.jpeg","type":"image\/jpeg"}],"author":"Rakel","twitter_card":"summary_large_image","twitter_misc":{"Written by":"Rakel","Est. reading time":"1 minute"},"schema":{"@context":"https:\/\/schema.org","@graph":[{"@type":"Article","@id":"https:\/\/grotta.is\/almennt\/fjolskyldufjor-i-fimleikasal-grottu-%f0%9f%92%99%f0%9f%92%9b\/#article","isPartOf":{"@id":"https:\/\/grotta.is\/almennt\/fjolskyldufjor-i-fimleikasal-grottu-%f0%9f%92%99%f0%9f%92%9b\/"},"author":{"name":"Rakel","@id":"https:\/\/grotta.is\/#\/schema\/person\/393c8d5e384ac8b5d7fb789bbb2e53e1"},"headline":"Fj\u00f6lskyldufj\u00f6r \u00ed fimleikasal Gr\u00f3ttu \ud83d\udc99\ud83d\udc9b","datePublished":"2026-04-27T14:48:08+00:00","dateModified":"2026-04-27T14:48:10+00:00","mainEntityOfPage":{"@id":"https:\/\/grotta.is\/almennt\/fjolskyldufjor-i-fimleikasal-grottu-%f0%9f%92%99%f0%9f%92%9b\/"},"wordCount":118,"publisher":{"@id":"https:\/\/grotta.is\/#organization"},"image":{"@id":"https:\/\/grotta.is\/almennt\/fjolskyldufjor-i-fimleikasal-grottu-%f0%9f%92%99%f0%9f%92%9b\/#primaryimage"},"thumbnailUrl":"https:\/\/grotta.is\/wp-content\/uploads\/2026\/04\/Image-1.jpeg","articleSection":["Almennt"],"inLanguage":"en-US"},{"@type":"WebPage","@id":"https:\/\/grotta.is\/almennt\/fjolskyldufjor-i-fimleikasal-grottu-%f0%9f%92%99%f0%9f%92%9b\/","url":"https:\/\/grotta.is\/almennt\/fjolskyldufjor-i-fimleikasal-grottu-%f0%9f%92%99%f0%9f%92%9b\/","name":"Fj\u00f6lskyldufj\u00f6r \u00ed fimleikasal Gr\u00f3ttu \ud83d\udc99\ud83d\udc9b - \u00cd\u00fer\u00f3ttaf\u00e9lagi\u00f0 Gr\u00f3tta","isPartOf":{"@id":"https:\/\/grotta.is\/#website"},"primaryImageOfPage":{"@id":"https:\/\/grotta.is\/almennt\/fjolskyldufjor-i-fimleikasal-grottu-%f0%9f%92%99%f0%9f%92%9b\/#primaryimage"},"image":{"@id":"https:\/\/grotta.is\/almennt\/fjolskyldufjor-i-fimleikasal-grottu-%f0%9f%92%99%f0%9f%92%9b\/#primaryimage"},"thumbnailUrl":"https:\/\/grotta.is\/wp-content\/uploads\/2026\/04\/Image-1.jpeg","datePublished":"2026-04-27T14:48:08+00:00","dateModified":"2026-04-27T14:48:10+00:00","breadcrumb":{"@id":"https:\/\/grotta.is\/almennt\/fjolskyldufjor-i-fimleikasal-grottu-%f0%9f%92%99%f0%9f%92%9b\/#breadcrumb"},"inLanguage":"en-US","potentialAction":[{"@type":"ReadAction","target":["https:\/\/grotta.is\/almennt\/fjolskyldufjor-i-fimleikasal-grottu-%f0%9f%92%99%f0%9f%92%9b\/"]}]},{"@type":"ImageObject","inLanguage":"en-US","@id":"https:\/\/grotta.is\/almennt\/fjolskyldufjor-i-fimleikasal-grottu-%f0%9f%92%99%f0%9f%92%9b\/#primaryimage","url":"https:\/\/grotta.is\/wp-content\/uploads\/2026\/04\/Image-1.jpeg","contentUrl":"https:\/\/grotta.is\/wp-content\/uploads\/2026\/04\/Image-1.jpeg","width":1208,"height":1014},{"@type":"BreadcrumbList","@id":"https:\/\/grotta.is\/almennt\/fjolskyldufjor-i-fimleikasal-grottu-%f0%9f%92%99%f0%9f%92%9b\/#breadcrumb","itemListElement":[{"@type":"ListItem","position":1,"name":"Home","item":"https:\/\/grotta.is\/"},{"@type":"ListItem","position":2,"name":"Fj\u00f6lskyldufj\u00f6r \u00ed fimleikasal Gr\u00f3ttu \ud83d\udc99\ud83d\udc9b"}]},{"@type":"WebSite","@id":"https:\/\/grotta.is\/#website","url":"https:\/\/grotta.is\/","name":"\u00cd\u00fer\u00f3ttaf\u00e9lagi\u00f0 Gr\u00f3tta","description":"\u00e1 Seltjarnarnesi","publisher":{"@id":"https:\/\/grotta.is\/#organization"},"potentialAction":[{"@type":"SearchAction","target":{"@type":"EntryPoint","urlTemplate":"https:\/\/grotta.is\/?s={search_term_string}"},"query-input":{"@type":"PropertyValueSpecification","valueRequired":true,"valueName":"search_term_string"}}],"inLanguage":"en-US"},{"@type":"Organization","@id":"https:\/\/grotta.is\/#organization","name":"\u00cd\u00fer\u00f3ttaf\u00e9lagi\u00f0 Gr\u00f3tta","url":"https:\/\/grotta.is\/","logo":{"@type":"ImageObject","inLanguage":"en-US","@id":"https:\/\/grotta.is\/#\/schema\/logo\/image\/","url":"https:\/\/grotta.is\/wp-content\/uploads\/2020\/02\/ithrottafelagidgrotta_logo_512x512_transparent.png","contentUrl":"https:\/\/grotta.is\/wp-content\/uploads\/2020\/02\/ithrottafelagidgrotta_logo_512x512_transparent.png","width":512,"height":512,"caption":"\u00cd\u00fer\u00f3ttaf\u00e9lagi\u00f0 Gr\u00f3tta"},"image":{"@id":"https:\/\/grotta.is\/#\/schema\/logo\/image\/"},"sameAs":["https:\/\/www.facebook.com\/grottasport"]},{"@type":"Person","@id":"https:\/\/grotta.is\/#\/schema\/person\/393c8d5e384ac8b5d7fb789bbb2e53e1","name":"Rakel","url":"https:\/\/grotta.is\/en\/author\/rakel\/"}]}},"_links":{"self":[{"href":"https:\/\/grotta.is\/en\/wp-json\/wp\/v2\/posts\/576247","targetHints":{"allow":["GET"]}}],"collection":[{"href":"https:\/\/grotta.is\/en\/wp-json\/wp\/v2\/posts"}],"about":[{"href":"https:\/\/grotta.is\/en\/wp-json\/wp\/v2\/types\/post"}],"author":[{"embeddable":true,"href":"https:\/\/grotta.is\/en\/wp-json\/wp\/v2\/users\/23"}],"replies":[{"embeddable":true,"href":"https:\/\/grotta.is\/en\/wp-json\/wp\/v2\/comments?post=576247"}],"version-history":[{"count":1,"href":"https:\/\/grotta.is\/en\/wp-json\/wp\/v2\/posts\/576247\/revisions"}],"predecessor-version":[{"id":576249,"href":"https:\/\/grotta.is\/en\/wp-json\/wp\/v2\/posts\/576247\/revisions\/576249"}],"wp:featuredmedia":[{"embeddable":true,"href":"https:\/\/grotta.is\/en\/wp-json\/wp\/v2\/media\/576248"}],"wp:attachment":[{"href":"https:\/\/grotta.is\/en\/wp-json\/wp\/v2\/media?parent=576247"}],"wp:term":[{"taxonomy":"category","embeddable":true,"href":"https:\/\/grotta.is\/en\/wp-json\/wp\/v2\/categories?post=576247"},{"taxonomy":"post_tag","embeddable":true,"href":"https:\/\/grotta.is\/en\/wp-json\/wp\/v2\/tags?post=576247"}],"curies":[{"name":"wp","href":"https:\/\/api.w.org\/{rel}","templated":true}]}}