{"id":576135,"date":"2026-03-10T14:14:46","date_gmt":"2026-03-10T14:14:46","guid":{"rendered":"https:\/\/grotta.is\/?p=576135"},"modified":"2026-03-10T14:14:48","modified_gmt":"2026-03-10T14:14:48","slug":"grotta-og-sjukrathjalfun-reykjavikur-i-samstarfi","status":"publish","type":"post","link":"https:\/\/grotta.is\/en\/almennt\/grotta-og-sjukrathjalfun-reykjavikur-i-samstarfi\/","title":{"rendered":"Gr\u00f3tta og Sj\u00fakra\u00fej\u00e1lfun Reykjav\u00edkur \u00ed samstarfi"},"content":{"rendered":"<p>Vi\u00f0 hj\u00e1 Gr\u00f3ttu viljum minna \u00e1 samstarfi\u00f0 vi\u00f0 Sj\u00fakra\u00fej\u00e1lfun Reykjav\u00edkur sem er sta\u00f0sett \u00e1 Fiskisl\u00f3\u00f0 1. Me\u00f0 \u00feessu samstarfi er veri\u00f0 a\u00f0 tryggja forgang \u00ed sj\u00fakra\u00fej\u00e1lfun fyrir i\u00f0kendur yngri flokka Gr\u00f3ttu.<\/p><p>\u00cd\u00fer\u00f3ttum geta fylgt mei\u00f0sli og vi\u00f0 upphaf unglings\u00e1ranna geta \u00fer\u00e1l\u00e1tir verkir, til d\u00e6mis \u00ed hnj\u00e1m og h\u00e6lum, l\u00e1ti\u00f0 \u00e1 s\u00e9r kr\u00e6la. Oft getur hj\u00e1lpa\u00f0 miki\u00f0 a\u00f0 leita r\u00e1\u00f0a hj\u00e1 sj\u00fakra\u00fej\u00e1lfara sem stundum r\u00e1\u00f0leggja&nbsp;<a><\/a>me\u00f0fer\u00f0, hv\u00edld e\u00f0a \u00fatb\u00faa \u00e6fingapr\u00f3gr\u00f6mm sem hj\u00e1lpa til.<\/p><p>Vi\u00f0 h\u00f6fum einfalda\u00f0 ferli\u00f0 me\u00f0 \u00feessu samstarfi! \u00cd Sj\u00fakra\u00fej\u00e1lfun Reykjav\u00edkur starfar h\u00e6fileikar\u00edkt og metna\u00f0arfullt fagf\u00f3lk.<\/p><p>Hvernig b\u00f3ka \u00e9g t\u00edma?<\/p><p>Sendi\u00f0 t\u00f6lvup\u00f3st \u00e1:&nbsp;ithrottir@srg.is<\/p><p>\u00cd p\u00f3stinum \u00fearf a\u00f0 koma fram:<\/p><p>\u2022 Kennitala i\u00f0kanda og forr\u00e1\u00f0amanns<\/p><p>\u2022 S\u00edman\u00famer<\/p><p>Kostna\u00f0ur:<\/p><p><img decoding=\"async\" height=\"16\" width=\"16\" alt=\"\u2705\" data-src=\"https:\/\/static.xx.fbcdn.net\/images\/emoji.php\/v9\/t33\/1\/16\/2705.png\" src=\"data:image\/gif;base64,R0lGODlhAQABAAAAACH5BAEKAAEALAAAAAABAAEAAAICTAEAOw==\" class=\"lazyload\" style=\"--smush-placeholder-width: 16px; --smush-placeholder-aspect-ratio: 16\/16;\">&nbsp;Fr\u00edtt ef l\u00e6knabei\u00f0ni liggur fyrir (S\u00cd grei\u00f0ir a\u00f0 fullu).<\/p><p><img decoding=\"async\" height=\"16\" width=\"16\" alt=\"\u2705\" data-src=\"https:\/\/static.xx.fbcdn.net\/images\/emoji.php\/v9\/t33\/1\/16\/2705.png\" src=\"data:image\/gif;base64,R0lGODlhAQABAAAAACH5BAEKAAEALAAAAAABAAEAAAICTAEAOw==\" class=\"lazyload\" style=\"--smush-placeholder-width: 16px; --smush-placeholder-aspect-ratio: 16\/16;\">&nbsp;Ef ekki liggur fyrir bei\u00f0ni er greitt 30% af ver\u00f0i t\u00edmans.<\/p>","protected":false},"excerpt":{"rendered":"<p>Vi\u00f0 hj\u00e1 Gr\u00f3ttu viljum minna \u00e1 samstarfi\u00f0 vi\u00f0 Sj\u00fakra\u00fej\u00e1lfun Reykjav\u00edkur sem er sta\u00f0sett \u00e1 Fiskisl\u00f3\u00f0 1. Me\u00f0 \u00feessu samstarfi er veri\u00f0 a\u00f0 tryggja forgang \u00ed sj\u00fakra\u00fej\u00e1lfun fyrir i\u00f0kendur yngri flokka [&hellip;]<\/p>","protected":false},"author":23,"featured_media":576136,"comment_status":"closed","ping_status":"closed","sticky":false,"template":"","format":"standard","meta":{"footnotes":""},"categories":[4],"tags":[],"class_list":["post-576135","post","type-post","status-publish","format-standard","has-post-thumbnail","hentry","category-almennt"],"yoast_head":"<!-- This site is optimized with the Yoast SEO plugin v24.3 - https:\/\/yoast.com\/wordpress\/plugins\/seo\/ -->\n<title>Gr\u00f3tta og Sj\u00fakra\u00fej\u00e1lfun Reykjav\u00edkur \u00ed samstarfi - \u00cd\u00fer\u00f3ttaf\u00e9lagi\u00f0 Gr\u00f3tta<\/title>\n<meta name=\"robots\" content=\"index, follow, max-snippet:-1, max-image-preview:large, max-video-preview:-1\" \/>\n<link rel=\"canonical\" href=\"https:\/\/grotta.is\/en\/almennt\/grotta-og-sjukrathjalfun-reykjavikur-i-samstarfi\/\" \/>\n<meta property=\"og:locale\" content=\"en_US\" \/>\n<meta property=\"og:type\" content=\"article\" \/>\n<meta property=\"og:title\" content=\"Gr\u00f3tta og Sj\u00fakra\u00fej\u00e1lfun Reykjav\u00edkur \u00ed samstarfi - \u00cd\u00fer\u00f3ttaf\u00e9lagi\u00f0 Gr\u00f3tta\" \/>\n<meta property=\"og:description\" content=\"Vi\u00f0 hj\u00e1 Gr\u00f3ttu viljum minna \u00e1 samstarfi\u00f0 vi\u00f0 Sj\u00fakra\u00fej\u00e1lfun Reykjav\u00edkur sem er sta\u00f0sett \u00e1 Fiskisl\u00f3\u00f0 1. Me\u00f0 \u00feessu samstarfi er veri\u00f0 a\u00f0 tryggja forgang \u00ed sj\u00fakra\u00fej\u00e1lfun fyrir i\u00f0kendur yngri flokka [&hellip;]\" \/>\n<meta property=\"og:url\" content=\"https:\/\/grotta.is\/en\/almennt\/grotta-og-sjukrathjalfun-reykjavikur-i-samstarfi\/\" \/>\n<meta property=\"og:site_name\" content=\"\u00cd\u00fer\u00f3ttaf\u00e9lagi\u00f0 Gr\u00f3tta\" \/>\n<meta property=\"article:publisher\" content=\"https:\/\/www.facebook.com\/grottasport\" \/>\n<meta property=\"article:published_time\" content=\"2026-03-10T14:14:46+00:00\" \/>\n<meta property=\"article:modified_time\" content=\"2026-03-10T14:14:48+00:00\" \/>\n<meta property=\"og:image\" content=\"https:\/\/grotta.is\/wp-content\/uploads\/2026\/03\/Samstarf.jpg\" \/>\n\t<meta property=\"og:image:width\" content=\"1080\" \/>\n\t<meta property=\"og:image:height\" content=\"1350\" \/>\n\t<meta property=\"og:image:type\" content=\"image\/jpeg\" \/>\n<meta name=\"author\" content=\"Rakel\" \/>\n<meta name=\"twitter:card\" content=\"summary_large_image\" \/>\n<meta name=\"twitter:label1\" content=\"Written by\" \/>\n\t<meta name=\"twitter:data1\" content=\"Rakel\" \/>\n\t<meta name=\"twitter:label2\" content=\"Est. reading time\" \/>\n\t<meta name=\"twitter:data2\" content=\"2 minutes\" \/>\n<script type=\"application\/ld+json\" class=\"yoast-schema-graph\">{\"@context\":\"https:\/\/schema.org\",\"@graph\":[{\"@type\":\"Article\",\"@id\":\"https:\/\/grotta.is\/almennt\/grotta-og-sjukrathjalfun-reykjavikur-i-samstarfi\/#article\",\"isPartOf\":{\"@id\":\"https:\/\/grotta.is\/almennt\/grotta-og-sjukrathjalfun-reykjavikur-i-samstarfi\/\"},\"author\":{\"name\":\"Rakel\",\"@id\":\"https:\/\/grotta.is\/#\/schema\/person\/393c8d5e384ac8b5d7fb789bbb2e53e1\"},\"headline\":\"Gr\u00f3tta og Sj\u00fakra\u00fej\u00e1lfun Reykjav\u00edkur \u00ed samstarfi\",\"datePublished\":\"2026-03-10T14:14:46+00:00\",\"dateModified\":\"2026-03-10T14:14:48+00:00\",\"mainEntityOfPage\":{\"@id\":\"https:\/\/grotta.is\/almennt\/grotta-og-sjukrathjalfun-reykjavikur-i-samstarfi\/\"},\"wordCount\":194,\"publisher\":{\"@id\":\"https:\/\/grotta.is\/#organization\"},\"image\":{\"@id\":\"https:\/\/grotta.is\/almennt\/grotta-og-sjukrathjalfun-reykjavikur-i-samstarfi\/#primaryimage\"},\"thumbnailUrl\":\"https:\/\/grotta.is\/wp-content\/uploads\/2026\/03\/Samstarf.jpg\",\"articleSection\":[\"Almennt\"],\"inLanguage\":\"en-US\"},{\"@type\":\"WebPage\",\"@id\":\"https:\/\/grotta.is\/almennt\/grotta-og-sjukrathjalfun-reykjavikur-i-samstarfi\/\",\"url\":\"https:\/\/grotta.is\/almennt\/grotta-og-sjukrathjalfun-reykjavikur-i-samstarfi\/\",\"name\":\"Gr\u00f3tta og Sj\u00fakra\u00fej\u00e1lfun Reykjav\u00edkur \u00ed samstarfi - \u00cd\u00fer\u00f3ttaf\u00e9lagi\u00f0 Gr\u00f3tta\",\"isPartOf\":{\"@id\":\"https:\/\/grotta.is\/#website\"},\"primaryImageOfPage\":{\"@id\":\"https:\/\/grotta.is\/almennt\/grotta-og-sjukrathjalfun-reykjavikur-i-samstarfi\/#primaryimage\"},\"image\":{\"@id\":\"https:\/\/grotta.is\/almennt\/grotta-og-sjukrathjalfun-reykjavikur-i-samstarfi\/#primaryimage\"},\"thumbnailUrl\":\"https:\/\/grotta.is\/wp-content\/uploads\/2026\/03\/Samstarf.jpg\",\"datePublished\":\"2026-03-10T14:14:46+00:00\",\"dateModified\":\"2026-03-10T14:14:48+00:00\",\"breadcrumb\":{\"@id\":\"https:\/\/grotta.is\/almennt\/grotta-og-sjukrathjalfun-reykjavikur-i-samstarfi\/#breadcrumb\"},\"inLanguage\":\"en-US\",\"potentialAction\":[{\"@type\":\"ReadAction\",\"target\":[\"https:\/\/grotta.is\/almennt\/grotta-og-sjukrathjalfun-reykjavikur-i-samstarfi\/\"]}]},{\"@type\":\"ImageObject\",\"inLanguage\":\"en-US\",\"@id\":\"https:\/\/grotta.is\/almennt\/grotta-og-sjukrathjalfun-reykjavikur-i-samstarfi\/#primaryimage\",\"url\":\"https:\/\/grotta.is\/wp-content\/uploads\/2026\/03\/Samstarf.jpg\",\"contentUrl\":\"https:\/\/grotta.is\/wp-content\/uploads\/2026\/03\/Samstarf.jpg\",\"width\":1080,\"height\":1350},{\"@type\":\"BreadcrumbList\",\"@id\":\"https:\/\/grotta.is\/almennt\/grotta-og-sjukrathjalfun-reykjavikur-i-samstarfi\/#breadcrumb\",\"itemListElement\":[{\"@type\":\"ListItem\",\"position\":1,\"name\":\"Home\",\"item\":\"https:\/\/grotta.is\/\"},{\"@type\":\"ListItem\",\"position\":2,\"name\":\"Gr\u00f3tta og Sj\u00fakra\u00fej\u00e1lfun Reykjav\u00edkur \u00ed samstarfi\"}]},{\"@type\":\"WebSite\",\"@id\":\"https:\/\/grotta.is\/#website\",\"url\":\"https:\/\/grotta.is\/\",\"name\":\"\u00cd\u00fer\u00f3ttaf\u00e9lagi\u00f0 Gr\u00f3tta\",\"description\":\"\u00e1 Seltjarnarnesi\",\"publisher\":{\"@id\":\"https:\/\/grotta.is\/#organization\"},\"potentialAction\":[{\"@type\":\"SearchAction\",\"target\":{\"@type\":\"EntryPoint\",\"urlTemplate\":\"https:\/\/grotta.is\/?s={search_term_string}\"},\"query-input\":{\"@type\":\"PropertyValueSpecification\",\"valueRequired\":true,\"valueName\":\"search_term_string\"}}],\"inLanguage\":\"en-US\"},{\"@type\":\"Organization\",\"@id\":\"https:\/\/grotta.is\/#organization\",\"name\":\"\u00cd\u00fer\u00f3ttaf\u00e9lagi\u00f0 Gr\u00f3tta\",\"url\":\"https:\/\/grotta.is\/\",\"logo\":{\"@type\":\"ImageObject\",\"inLanguage\":\"en-US\",\"@id\":\"https:\/\/grotta.is\/#\/schema\/logo\/image\/\",\"url\":\"https:\/\/grotta.is\/wp-content\/uploads\/2020\/02\/ithrottafelagidgrotta_logo_512x512_transparent.png\",\"contentUrl\":\"https:\/\/grotta.is\/wp-content\/uploads\/2020\/02\/ithrottafelagidgrotta_logo_512x512_transparent.png\",\"width\":512,\"height\":512,\"caption\":\"\u00cd\u00fer\u00f3ttaf\u00e9lagi\u00f0 Gr\u00f3tta\"},\"image\":{\"@id\":\"https:\/\/grotta.is\/#\/schema\/logo\/image\/\"},\"sameAs\":[\"https:\/\/www.facebook.com\/grottasport\"]},{\"@type\":\"Person\",\"@id\":\"https:\/\/grotta.is\/#\/schema\/person\/393c8d5e384ac8b5d7fb789bbb2e53e1\",\"name\":\"Rakel\",\"url\":\"https:\/\/grotta.is\/en\/author\/rakel\/\"}]}<\/script>\n<!-- \/ Yoast SEO plugin. -->","yoast_head_json":{"title":"Gr\u00f3tta og Sj\u00fakra\u00fej\u00e1lfun Reykjav\u00edkur \u00ed samstarfi - \u00cd\u00fer\u00f3ttaf\u00e9lagi\u00f0 Gr\u00f3tta","robots":{"index":"index","follow":"follow","max-snippet":"max-snippet:-1","max-image-preview":"max-image-preview:large","max-video-preview":"max-video-preview:-1"},"canonical":"https:\/\/grotta.is\/en\/almennt\/grotta-og-sjukrathjalfun-reykjavikur-i-samstarfi\/","og_locale":"en_US","og_type":"article","og_title":"Gr\u00f3tta og Sj\u00fakra\u00fej\u00e1lfun Reykjav\u00edkur \u00ed samstarfi - \u00cd\u00fer\u00f3ttaf\u00e9lagi\u00f0 Gr\u00f3tta","og_description":"Vi\u00f0 hj\u00e1 Gr\u00f3ttu viljum minna \u00e1 samstarfi\u00f0 vi\u00f0 Sj\u00fakra\u00fej\u00e1lfun Reykjav\u00edkur sem er sta\u00f0sett \u00e1 Fiskisl\u00f3\u00f0 1. Me\u00f0 \u00feessu samstarfi er veri\u00f0 a\u00f0 tryggja forgang \u00ed sj\u00fakra\u00fej\u00e1lfun fyrir i\u00f0kendur yngri flokka [&hellip;]","og_url":"https:\/\/grotta.is\/en\/almennt\/grotta-og-sjukrathjalfun-reykjavikur-i-samstarfi\/","og_site_name":"\u00cd\u00fer\u00f3ttaf\u00e9lagi\u00f0 Gr\u00f3tta","article_publisher":"https:\/\/www.facebook.com\/grottasport","article_published_time":"2026-03-10T14:14:46+00:00","article_modified_time":"2026-03-10T14:14:48+00:00","og_image":[{"width":1080,"height":1350,"url":"https:\/\/grotta.is\/wp-content\/uploads\/2026\/03\/Samstarf.jpg","type":"image\/jpeg"}],"author":"Rakel","twitter_card":"summary_large_image","twitter_misc":{"Written by":"Rakel","Est. reading time":"2 minutes"},"schema":{"@context":"https:\/\/schema.org","@graph":[{"@type":"Article","@id":"https:\/\/grotta.is\/almennt\/grotta-og-sjukrathjalfun-reykjavikur-i-samstarfi\/#article","isPartOf":{"@id":"https:\/\/grotta.is\/almennt\/grotta-og-sjukrathjalfun-reykjavikur-i-samstarfi\/"},"author":{"name":"Rakel","@id":"https:\/\/grotta.is\/#\/schema\/person\/393c8d5e384ac8b5d7fb789bbb2e53e1"},"headline":"Gr\u00f3tta og Sj\u00fakra\u00fej\u00e1lfun Reykjav\u00edkur \u00ed samstarfi","datePublished":"2026-03-10T14:14:46+00:00","dateModified":"2026-03-10T14:14:48+00:00","mainEntityOfPage":{"@id":"https:\/\/grotta.is\/almennt\/grotta-og-sjukrathjalfun-reykjavikur-i-samstarfi\/"},"wordCount":194,"publisher":{"@id":"https:\/\/grotta.is\/#organization"},"image":{"@id":"https:\/\/grotta.is\/almennt\/grotta-og-sjukrathjalfun-reykjavikur-i-samstarfi\/#primaryimage"},"thumbnailUrl":"https:\/\/grotta.is\/wp-content\/uploads\/2026\/03\/Samstarf.jpg","articleSection":["Almennt"],"inLanguage":"en-US"},{"@type":"WebPage","@id":"https:\/\/grotta.is\/almennt\/grotta-og-sjukrathjalfun-reykjavikur-i-samstarfi\/","url":"https:\/\/grotta.is\/almennt\/grotta-og-sjukrathjalfun-reykjavikur-i-samstarfi\/","name":"Gr\u00f3tta og Sj\u00fakra\u00fej\u00e1lfun Reykjav\u00edkur \u00ed samstarfi - \u00cd\u00fer\u00f3ttaf\u00e9lagi\u00f0 Gr\u00f3tta","isPartOf":{"@id":"https:\/\/grotta.is\/#website"},"primaryImageOfPage":{"@id":"https:\/\/grotta.is\/almennt\/grotta-og-sjukrathjalfun-reykjavikur-i-samstarfi\/#primaryimage"},"image":{"@id":"https:\/\/grotta.is\/almennt\/grotta-og-sjukrathjalfun-reykjavikur-i-samstarfi\/#primaryimage"},"thumbnailUrl":"https:\/\/grotta.is\/wp-content\/uploads\/2026\/03\/Samstarf.jpg","datePublished":"2026-03-10T14:14:46+00:00","dateModified":"2026-03-10T14:14:48+00:00","breadcrumb":{"@id":"https:\/\/grotta.is\/almennt\/grotta-og-sjukrathjalfun-reykjavikur-i-samstarfi\/#breadcrumb"},"inLanguage":"en-US","potentialAction":[{"@type":"ReadAction","target":["https:\/\/grotta.is\/almennt\/grotta-og-sjukrathjalfun-reykjavikur-i-samstarfi\/"]}]},{"@type":"ImageObject","inLanguage":"en-US","@id":"https:\/\/grotta.is\/almennt\/grotta-og-sjukrathjalfun-reykjavikur-i-samstarfi\/#primaryimage","url":"https:\/\/grotta.is\/wp-content\/uploads\/2026\/03\/Samstarf.jpg","contentUrl":"https:\/\/grotta.is\/wp-content\/uploads\/2026\/03\/Samstarf.jpg","width":1080,"height":1350},{"@type":"BreadcrumbList","@id":"https:\/\/grotta.is\/almennt\/grotta-og-sjukrathjalfun-reykjavikur-i-samstarfi\/#breadcrumb","itemListElement":[{"@type":"ListItem","position":1,"name":"Home","item":"https:\/\/grotta.is\/"},{"@type":"ListItem","position":2,"name":"Gr\u00f3tta og Sj\u00fakra\u00fej\u00e1lfun Reykjav\u00edkur \u00ed samstarfi"}]},{"@type":"WebSite","@id":"https:\/\/grotta.is\/#website","url":"https:\/\/grotta.is\/","name":"\u00cd\u00fer\u00f3ttaf\u00e9lagi\u00f0 Gr\u00f3tta","description":"\u00e1 Seltjarnarnesi","publisher":{"@id":"https:\/\/grotta.is\/#organization"},"potentialAction":[{"@type":"SearchAction","target":{"@type":"EntryPoint","urlTemplate":"https:\/\/grotta.is\/?s={search_term_string}"},"query-input":{"@type":"PropertyValueSpecification","valueRequired":true,"valueName":"search_term_string"}}],"inLanguage":"en-US"},{"@type":"Organization","@id":"https:\/\/grotta.is\/#organization","name":"\u00cd\u00fer\u00f3ttaf\u00e9lagi\u00f0 Gr\u00f3tta","url":"https:\/\/grotta.is\/","logo":{"@type":"ImageObject","inLanguage":"en-US","@id":"https:\/\/grotta.is\/#\/schema\/logo\/image\/","url":"https:\/\/grotta.is\/wp-content\/uploads\/2020\/02\/ithrottafelagidgrotta_logo_512x512_transparent.png","contentUrl":"https:\/\/grotta.is\/wp-content\/uploads\/2020\/02\/ithrottafelagidgrotta_logo_512x512_transparent.png","width":512,"height":512,"caption":"\u00cd\u00fer\u00f3ttaf\u00e9lagi\u00f0 Gr\u00f3tta"},"image":{"@id":"https:\/\/grotta.is\/#\/schema\/logo\/image\/"},"sameAs":["https:\/\/www.facebook.com\/grottasport"]},{"@type":"Person","@id":"https:\/\/grotta.is\/#\/schema\/person\/393c8d5e384ac8b5d7fb789bbb2e53e1","name":"Rakel","url":"https:\/\/grotta.is\/en\/author\/rakel\/"}]}},"_links":{"self":[{"href":"https:\/\/grotta.is\/en\/wp-json\/wp\/v2\/posts\/576135","targetHints":{"allow":["GET"]}}],"collection":[{"href":"https:\/\/grotta.is\/en\/wp-json\/wp\/v2\/posts"}],"about":[{"href":"https:\/\/grotta.is\/en\/wp-json\/wp\/v2\/types\/post"}],"author":[{"embeddable":true,"href":"https:\/\/grotta.is\/en\/wp-json\/wp\/v2\/users\/23"}],"replies":[{"embeddable":true,"href":"https:\/\/grotta.is\/en\/wp-json\/wp\/v2\/comments?post=576135"}],"version-history":[{"count":2,"href":"https:\/\/grotta.is\/en\/wp-json\/wp\/v2\/posts\/576135\/revisions"}],"predecessor-version":[{"id":576138,"href":"https:\/\/grotta.is\/en\/wp-json\/wp\/v2\/posts\/576135\/revisions\/576138"}],"wp:featuredmedia":[{"embeddable":true,"href":"https:\/\/grotta.is\/en\/wp-json\/wp\/v2\/media\/576136"}],"wp:attachment":[{"href":"https:\/\/grotta.is\/en\/wp-json\/wp\/v2\/media?parent=576135"}],"wp:term":[{"taxonomy":"category","embeddable":true,"href":"https:\/\/grotta.is\/en\/wp-json\/wp\/v2\/categories?post=576135"},{"taxonomy":"post_tag","embeddable":true,"href":"https:\/\/grotta.is\/en\/wp-json\/wp\/v2\/tags?post=576135"}],"curies":[{"name":"wp","href":"https:\/\/api.w.org\/{rel}","templated":true}]}}