{"id":576127,"date":"2026-03-06T15:20:11","date_gmt":"2026-03-06T15:20:11","guid":{"rendered":"https:\/\/grotta.is\/?p=576127"},"modified":"2026-03-16T14:01:44","modified_gmt":"2026-03-16T14:01:44","slug":"kjor-ithrottafolks-grottu-2025","status":"publish","type":"post","link":"https:\/\/grotta.is\/en\/almennt\/kjor-ithrottafolks-grottu-2025\/","title":{"rendered":"Kj\u00f6r \u00ed\u00fer\u00f3ttaf\u00f3lks Gr\u00f3ttu 2025"},"content":{"rendered":"<p>Kj\u00f6r \u00ed\u00fer\u00f3ttaf\u00f3lks Gr\u00f3ttu 2025 f\u00f3r fram s\u00ed\u00f0astli\u00f0inn 3.mars. \u00dear voru veitt ver\u00f0laun og vi\u00f0urkenningar fyrir \u00ed\u00fer\u00f3ttaf\u00f3lk, starfsf\u00f3lk og sj\u00e1lfbo\u00f0ali\u00f0a f\u00e9lagsins.<\/p><p>Fr\u00e1b\u00e6r m\u00e6ting var \u00e1 vi\u00f0bur\u00f0inn \u00fear sem Gr\u00f3ttuf\u00f3lk kom saman til a\u00f0 fagna og veita vi\u00f0urkenningar fyrir framlag til f\u00e9lagsins.&nbsp;<\/p><p>\u00dej\u00e1lfari \u00e1rsins er <strong>Vala Thoroddsen.<\/strong><\/p><p>\u00cd\u00fer\u00f3ttakona Gr\u00f3ttu er <strong>\u00cdda Margr\u00e9t Stef\u00e1nsd\u00f3ttir.<\/strong><\/p><p>\u00cd\u00fer\u00f3ttama\u00f0ur Gr\u00f3ttu er <strong>Antoine \u00d3skar Pantano.<\/strong><\/p><p>\u00cd\u00fer\u00f3ttakona \u00e6skunnar er <strong>Krist\u00edn Fr\u00ed\u00f0a Scheving.<\/strong><\/p><p>\u00cd\u00fer\u00f3ttama\u00f0ur \u00e6skunnar er <strong>Bj\u00f6rgvin Brimi Andr\u00e9sson.<\/strong><\/p><p>\u00cd\u00fer\u00f3ttaf\u00f3lk sem keppti \u00ed fyrsta sinn fyrir \u00cdslands h\u00f6nd \u00e1ri\u00f0 2025&nbsp;<\/p><p><strong>Hannes P\u00e9tur Hauksson<\/strong>, U20 \u00e1ra landsli\u00f0 karla \u00ed handbolta. \u00c6fingaleikur gegn A-landsli\u00f0i&nbsp; Gr\u00e6nlands<\/p><p><strong>Soff\u00eda Helen S\u00f6lvad\u00f3ttir<\/strong>, U15 landsli\u00f0 kvenna \u00ed handbolta. \u00c6fingaleikir gegn F\u00e6reyjum<\/p><p><strong>Sylv\u00eda Sigr\u00fan E\u00f0var\u00f0sd\u00f3ttir<\/strong>, U15 landsli\u00f0 kvenna \u00ed handbolta. \u00c6fingaleikir gegn F\u00e6reyjum<\/p><p><strong>Kristj\u00e1n T\u00f3mas Bj\u00f6rnsson<\/strong>, U16 landsli\u00f0 karla \u00ed f\u00f3tbolta, \u00c6fingam\u00f3t \u00ed Finnlandi<\/p><p><strong>Harpa Hl\u00edf B\u00e1r\u00f0ard\u00f3ttir<\/strong> f\u00e9kk gull hei\u00f0ursmerki Gr\u00f3ttu<\/p><p><strong>Harpa fr\u00edmannsd\u00f3ttir<\/strong> f\u00e9kk silfur hei\u00f0ursmerki Gr\u00f3ttu.<\/p><p>Sj\u00e1lfbo\u00f0ali\u00f0ar \u00e1rsins hj\u00e1 handknattleiksdeild eru <strong>Bern\u00f3dus Sveinsson og Krist\u00edn Bj\u00f6rg Sv\u00f6vud\u00f3ttir.<\/strong><\/p><p>Sj\u00e1lfbo\u00f0ali\u00f0i \u00e1rsins hj\u00e1 knattspyrnudeild er <strong>Sigmundur Einar M\u00e1sson.<\/strong><\/p><p>Sj\u00e1lfbo\u00f0ali\u00f0i \u00e1rsins hj\u00e1 fimleikadeild er <strong>Anna Krist\u00edn Kristinsd\u00f3ttir.<\/strong><\/p><figure class=\"wp-block-image size-large\"><img fetchpriority=\"high\" decoding=\"async\" width=\"1024\" height=\"683\" src=\"https:\/\/grotta.is\/wp-content\/uploads\/2026\/03\/Image-34-1024x683.jpeg\" alt=\"\" class=\"wp-image-576130\" srcset=\"https:\/\/grotta.is\/wp-content\/uploads\/2026\/03\/Image-34-1024x683.jpeg 1024w, https:\/\/grotta.is\/wp-content\/uploads\/2026\/03\/Image-34-300x200.jpeg 300w, https:\/\/grotta.is\/wp-content\/uploads\/2026\/03\/Image-34-768x512.jpeg 768w, https:\/\/grotta.is\/wp-content\/uploads\/2026\/03\/Image-34-1536x1024.jpeg 1536w, https:\/\/grotta.is\/wp-content\/uploads\/2026\/03\/Image-34-2048x1365.jpeg 2048w, https:\/\/grotta.is\/wp-content\/uploads\/2026\/03\/Image-34-18x12.jpeg 18w, https:\/\/grotta.is\/wp-content\/uploads\/2026\/03\/Image-34-600x400.jpeg 600w\" sizes=\"(max-width: 1024px) 100vw, 1024px\" \/><\/figure><figure class=\"wp-block-image size-large\"><img decoding=\"async\" width=\"1024\" height=\"683\" data-src=\"https:\/\/grotta.is\/wp-content\/uploads\/2026\/03\/Image-33-1024x683.jpeg\" alt=\"\" class=\"wp-image-576131 lazyload\" data-srcset=\"https:\/\/grotta.is\/wp-content\/uploads\/2026\/03\/Image-33-1024x683.jpeg 1024w, https:\/\/grotta.is\/wp-content\/uploads\/2026\/03\/Image-33-300x200.jpeg 300w, https:\/\/grotta.is\/wp-content\/uploads\/2026\/03\/Image-33-768x512.jpeg 768w, https:\/\/grotta.is\/wp-content\/uploads\/2026\/03\/Image-33-1536x1024.jpeg 1536w, https:\/\/grotta.is\/wp-content\/uploads\/2026\/03\/Image-33-2048x1365.jpeg 2048w, https:\/\/grotta.is\/wp-content\/uploads\/2026\/03\/Image-33-18x12.jpeg 18w, https:\/\/grotta.is\/wp-content\/uploads\/2026\/03\/Image-33-600x400.jpeg 600w\" data-sizes=\"(max-width: 1024px) 100vw, 1024px\" src=\"data:image\/gif;base64,R0lGODlhAQABAAAAACH5BAEKAAEALAAAAAABAAEAAAICTAEAOw==\" style=\"--smush-placeholder-width: 1024px; --smush-placeholder-aspect-ratio: 1024\/683;\" \/><\/figure><figure class=\"wp-block-image size-large\"><img decoding=\"async\" width=\"1024\" height=\"683\" data-src=\"https:\/\/grotta.is\/wp-content\/uploads\/2026\/03\/Image-30-1-1024x683.jpeg\" alt=\"\" class=\"wp-image-576132 lazyload\" data-srcset=\"https:\/\/grotta.is\/wp-content\/uploads\/2026\/03\/Image-30-1-1024x683.jpeg 1024w, https:\/\/grotta.is\/wp-content\/uploads\/2026\/03\/Image-30-1-300x200.jpeg 300w, https:\/\/grotta.is\/wp-content\/uploads\/2026\/03\/Image-30-1-768x512.jpeg 768w, https:\/\/grotta.is\/wp-content\/uploads\/2026\/03\/Image-30-1-1536x1024.jpeg 1536w, https:\/\/grotta.is\/wp-content\/uploads\/2026\/03\/Image-30-1-2048x1365.jpeg 2048w, https:\/\/grotta.is\/wp-content\/uploads\/2026\/03\/Image-30-1-18x12.jpeg 18w, https:\/\/grotta.is\/wp-content\/uploads\/2026\/03\/Image-30-1-600x400.jpeg 600w\" data-sizes=\"(max-width: 1024px) 100vw, 1024px\" src=\"data:image\/gif;base64,R0lGODlhAQABAAAAACH5BAEKAAEALAAAAAABAAEAAAICTAEAOw==\" style=\"--smush-placeholder-width: 1024px; --smush-placeholder-aspect-ratio: 1024\/683;\" \/><\/figure><figure class=\"wp-block-image size-large\"><img decoding=\"async\" width=\"1024\" height=\"683\" data-src=\"https:\/\/grotta.is\/wp-content\/uploads\/2026\/03\/Image-35-1024x683.jpeg\" alt=\"\" class=\"wp-image-576133 lazyload\" data-srcset=\"https:\/\/grotta.is\/wp-content\/uploads\/2026\/03\/Image-35-1024x683.jpeg 1024w, https:\/\/grotta.is\/wp-content\/uploads\/2026\/03\/Image-35-300x200.jpeg 300w, https:\/\/grotta.is\/wp-content\/uploads\/2026\/03\/Image-35-768x512.jpeg 768w, https:\/\/grotta.is\/wp-content\/uploads\/2026\/03\/Image-35-1536x1024.jpeg 1536w, https:\/\/grotta.is\/wp-content\/uploads\/2026\/03\/Image-35-2048x1365.jpeg 2048w, https:\/\/grotta.is\/wp-content\/uploads\/2026\/03\/Image-35-18x12.jpeg 18w, https:\/\/grotta.is\/wp-content\/uploads\/2026\/03\/Image-35-600x400.jpeg 600w\" data-sizes=\"(max-width: 1024px) 100vw, 1024px\" src=\"data:image\/gif;base64,R0lGODlhAQABAAAAACH5BAEKAAEALAAAAAABAAEAAAICTAEAOw==\" style=\"--smush-placeholder-width: 1024px; --smush-placeholder-aspect-ratio: 1024\/683;\" \/><\/figure><p>Myndir eftir Eyj\u00f3lfur Gar\u00f0arsson<\/p><p><\/p>","protected":false},"excerpt":{"rendered":"<p>Kj\u00f6r \u00ed\u00fer\u00f3ttaf\u00f3lks Gr\u00f3ttu 2025 f\u00f3r fram s\u00ed\u00f0astli\u00f0inn 3.mars. \u00dear voru veitt ver\u00f0laun og vi\u00f0urkenningar fyrir \u00ed\u00fer\u00f3ttaf\u00f3lk, starfsf\u00f3lk og sj\u00e1lfbo\u00f0ali\u00f0a f\u00e9lagsins. Fr\u00e1b\u00e6r m\u00e6ting var \u00e1 vi\u00f0bur\u00f0inn \u00fear sem Gr\u00f3ttuf\u00f3lk kom saman [&hellip;]<\/p>","protected":false},"author":23,"featured_media":576129,"comment_status":"closed","ping_status":"closed","sticky":false,"template":"","format":"standard","meta":{"footnotes":""},"categories":[4],"tags":[13,6,22,17,10,15],"class_list":["post-576127","post","type-post","status-publish","format-standard","has-post-thumbnail","hentry","category-almennt","tag-handbolti","tag-knattspyrna","tag-landslid","tag-leikmenn","tag-verdlaun","tag-yngri-flokkar"],"yoast_head":"<!-- This site is optimized with the Yoast SEO plugin v24.3 - https:\/\/yoast.com\/wordpress\/plugins\/seo\/ -->\n<title>Kj\u00f6r \u00ed\u00fer\u00f3ttaf\u00f3lks Gr\u00f3ttu 2025 - \u00cd\u00fer\u00f3ttaf\u00e9lagi\u00f0 Gr\u00f3tta<\/title>\n<meta name=\"robots\" content=\"index, follow, max-snippet:-1, max-image-preview:large, max-video-preview:-1\" \/>\n<link rel=\"canonical\" href=\"https:\/\/grotta.is\/en\/almennt\/kjor-ithrottafolks-grottu-2025\/\" \/>\n<meta property=\"og:locale\" content=\"en_US\" \/>\n<meta property=\"og:type\" content=\"article\" \/>\n<meta property=\"og:title\" content=\"Kj\u00f6r \u00ed\u00fer\u00f3ttaf\u00f3lks Gr\u00f3ttu 2025 - \u00cd\u00fer\u00f3ttaf\u00e9lagi\u00f0 Gr\u00f3tta\" \/>\n<meta property=\"og:description\" content=\"Kj\u00f6r \u00ed\u00fer\u00f3ttaf\u00f3lks Gr\u00f3ttu 2025 f\u00f3r fram s\u00ed\u00f0astli\u00f0inn 3.mars. \u00dear voru veitt ver\u00f0laun og vi\u00f0urkenningar fyrir \u00ed\u00fer\u00f3ttaf\u00f3lk, starfsf\u00f3lk og sj\u00e1lfbo\u00f0ali\u00f0a f\u00e9lagsins. Fr\u00e1b\u00e6r m\u00e6ting var \u00e1 vi\u00f0bur\u00f0inn \u00fear sem Gr\u00f3ttuf\u00f3lk kom saman [&hellip;]\" \/>\n<meta property=\"og:url\" content=\"https:\/\/grotta.is\/en\/almennt\/kjor-ithrottafolks-grottu-2025\/\" \/>\n<meta property=\"og:site_name\" content=\"\u00cd\u00fer\u00f3ttaf\u00e9lagi\u00f0 Gr\u00f3tta\" \/>\n<meta property=\"article:publisher\" content=\"https:\/\/www.facebook.com\/grottasport\" \/>\n<meta property=\"article:published_time\" content=\"2026-03-06T15:20:11+00:00\" \/>\n<meta property=\"article:modified_time\" content=\"2026-03-16T14:01:44+00:00\" \/>\n<meta property=\"og:image\" content=\"https:\/\/grotta.is\/wp-content\/uploads\/2026\/03\/Image-31-scaled.jpeg\" \/>\n\t<meta property=\"og:image:width\" content=\"2560\" \/>\n\t<meta property=\"og:image:height\" content=\"1707\" \/>\n\t<meta property=\"og:image:type\" content=\"image\/jpeg\" \/>\n<meta name=\"author\" content=\"Rakel\" \/>\n<meta name=\"twitter:card\" content=\"summary_large_image\" \/>\n<meta name=\"twitter:label1\" content=\"Written by\" \/>\n\t<meta name=\"twitter:data1\" content=\"Rakel\" \/>\n\t<meta name=\"twitter:label2\" content=\"Est. reading time\" \/>\n\t<meta name=\"twitter:data2\" content=\"2 minutes\" \/>\n<script type=\"application\/ld+json\" class=\"yoast-schema-graph\">{\"@context\":\"https:\/\/schema.org\",\"@graph\":[{\"@type\":\"Article\",\"@id\":\"https:\/\/grotta.is\/almennt\/kjor-ithrottafolks-grottu-2025\/#article\",\"isPartOf\":{\"@id\":\"https:\/\/grotta.is\/almennt\/kjor-ithrottafolks-grottu-2025\/\"},\"author\":{\"name\":\"Rakel\",\"@id\":\"https:\/\/grotta.is\/#\/schema\/person\/393c8d5e384ac8b5d7fb789bbb2e53e1\"},\"headline\":\"Kj\u00f6r \u00ed\u00fer\u00f3ttaf\u00f3lks Gr\u00f3ttu 2025\",\"datePublished\":\"2026-03-06T15:20:11+00:00\",\"dateModified\":\"2026-03-16T14:01:44+00:00\",\"mainEntityOfPage\":{\"@id\":\"https:\/\/grotta.is\/almennt\/kjor-ithrottafolks-grottu-2025\/\"},\"wordCount\":264,\"publisher\":{\"@id\":\"https:\/\/grotta.is\/#organization\"},\"image\":{\"@id\":\"https:\/\/grotta.is\/almennt\/kjor-ithrottafolks-grottu-2025\/#primaryimage\"},\"thumbnailUrl\":\"https:\/\/grotta.is\/wp-content\/uploads\/2026\/03\/Image-31-scaled.jpeg\",\"keywords\":[\"Handbolti\",\"Knattspyrna\",\"Landsli\u00f0\",\"Leikmenn\",\"Ver\u00f0laun\",\"Yngri flokkar\"],\"articleSection\":[\"Almennt\"],\"inLanguage\":\"en-US\"},{\"@type\":\"WebPage\",\"@id\":\"https:\/\/grotta.is\/almennt\/kjor-ithrottafolks-grottu-2025\/\",\"url\":\"https:\/\/grotta.is\/almennt\/kjor-ithrottafolks-grottu-2025\/\",\"name\":\"Kj\u00f6r \u00ed\u00fer\u00f3ttaf\u00f3lks Gr\u00f3ttu 2025 - \u00cd\u00fer\u00f3ttaf\u00e9lagi\u00f0 Gr\u00f3tta\",\"isPartOf\":{\"@id\":\"https:\/\/grotta.is\/#website\"},\"primaryImageOfPage\":{\"@id\":\"https:\/\/grotta.is\/almennt\/kjor-ithrottafolks-grottu-2025\/#primaryimage\"},\"image\":{\"@id\":\"https:\/\/grotta.is\/almennt\/kjor-ithrottafolks-grottu-2025\/#primaryimage\"},\"thumbnailUrl\":\"https:\/\/grotta.is\/wp-content\/uploads\/2026\/03\/Image-31-scaled.jpeg\",\"datePublished\":\"2026-03-06T15:20:11+00:00\",\"dateModified\":\"2026-03-16T14:01:44+00:00\",\"breadcrumb\":{\"@id\":\"https:\/\/grotta.is\/almennt\/kjor-ithrottafolks-grottu-2025\/#breadcrumb\"},\"inLanguage\":\"en-US\",\"potentialAction\":[{\"@type\":\"ReadAction\",\"target\":[\"https:\/\/grotta.is\/almennt\/kjor-ithrottafolks-grottu-2025\/\"]}]},{\"@type\":\"ImageObject\",\"inLanguage\":\"en-US\",\"@id\":\"https:\/\/grotta.is\/almennt\/kjor-ithrottafolks-grottu-2025\/#primaryimage\",\"url\":\"https:\/\/grotta.is\/wp-content\/uploads\/2026\/03\/Image-31-scaled.jpeg\",\"contentUrl\":\"https:\/\/grotta.is\/wp-content\/uploads\/2026\/03\/Image-31-scaled.jpeg\",\"width\":2560,\"height\":1707},{\"@type\":\"BreadcrumbList\",\"@id\":\"https:\/\/grotta.is\/almennt\/kjor-ithrottafolks-grottu-2025\/#breadcrumb\",\"itemListElement\":[{\"@type\":\"ListItem\",\"position\":1,\"name\":\"Home\",\"item\":\"https:\/\/grotta.is\/\"},{\"@type\":\"ListItem\",\"position\":2,\"name\":\"Kj\u00f6r \u00ed\u00fer\u00f3ttaf\u00f3lks Gr\u00f3ttu 2025\"}]},{\"@type\":\"WebSite\",\"@id\":\"https:\/\/grotta.is\/#website\",\"url\":\"https:\/\/grotta.is\/\",\"name\":\"\u00cd\u00fer\u00f3ttaf\u00e9lagi\u00f0 Gr\u00f3tta\",\"description\":\"\u00e1 Seltjarnarnesi\",\"publisher\":{\"@id\":\"https:\/\/grotta.is\/#organization\"},\"potentialAction\":[{\"@type\":\"SearchAction\",\"target\":{\"@type\":\"EntryPoint\",\"urlTemplate\":\"https:\/\/grotta.is\/?s={search_term_string}\"},\"query-input\":{\"@type\":\"PropertyValueSpecification\",\"valueRequired\":true,\"valueName\":\"search_term_string\"}}],\"inLanguage\":\"en-US\"},{\"@type\":\"Organization\",\"@id\":\"https:\/\/grotta.is\/#organization\",\"name\":\"\u00cd\u00fer\u00f3ttaf\u00e9lagi\u00f0 Gr\u00f3tta\",\"url\":\"https:\/\/grotta.is\/\",\"logo\":{\"@type\":\"ImageObject\",\"inLanguage\":\"en-US\",\"@id\":\"https:\/\/grotta.is\/#\/schema\/logo\/image\/\",\"url\":\"https:\/\/grotta.is\/wp-content\/uploads\/2020\/02\/ithrottafelagidgrotta_logo_512x512_transparent.png\",\"contentUrl\":\"https:\/\/grotta.is\/wp-content\/uploads\/2020\/02\/ithrottafelagidgrotta_logo_512x512_transparent.png\",\"width\":512,\"height\":512,\"caption\":\"\u00cd\u00fer\u00f3ttaf\u00e9lagi\u00f0 Gr\u00f3tta\"},\"image\":{\"@id\":\"https:\/\/grotta.is\/#\/schema\/logo\/image\/\"},\"sameAs\":[\"https:\/\/www.facebook.com\/grottasport\"]},{\"@type\":\"Person\",\"@id\":\"https:\/\/grotta.is\/#\/schema\/person\/393c8d5e384ac8b5d7fb789bbb2e53e1\",\"name\":\"Rakel\",\"url\":\"https:\/\/grotta.is\/en\/author\/rakel\/\"}]}<\/script>\n<!-- \/ Yoast SEO plugin. -->","yoast_head_json":{"title":"Kj\u00f6r \u00ed\u00fer\u00f3ttaf\u00f3lks Gr\u00f3ttu 2025 - \u00cd\u00fer\u00f3ttaf\u00e9lagi\u00f0 Gr\u00f3tta","robots":{"index":"index","follow":"follow","max-snippet":"max-snippet:-1","max-image-preview":"max-image-preview:large","max-video-preview":"max-video-preview:-1"},"canonical":"https:\/\/grotta.is\/en\/almennt\/kjor-ithrottafolks-grottu-2025\/","og_locale":"en_US","og_type":"article","og_title":"Kj\u00f6r \u00ed\u00fer\u00f3ttaf\u00f3lks Gr\u00f3ttu 2025 - \u00cd\u00fer\u00f3ttaf\u00e9lagi\u00f0 Gr\u00f3tta","og_description":"Kj\u00f6r \u00ed\u00fer\u00f3ttaf\u00f3lks Gr\u00f3ttu 2025 f\u00f3r fram s\u00ed\u00f0astli\u00f0inn 3.mars. \u00dear voru veitt ver\u00f0laun og vi\u00f0urkenningar fyrir \u00ed\u00fer\u00f3ttaf\u00f3lk, starfsf\u00f3lk og sj\u00e1lfbo\u00f0ali\u00f0a f\u00e9lagsins. Fr\u00e1b\u00e6r m\u00e6ting var \u00e1 vi\u00f0bur\u00f0inn \u00fear sem Gr\u00f3ttuf\u00f3lk kom saman [&hellip;]","og_url":"https:\/\/grotta.is\/en\/almennt\/kjor-ithrottafolks-grottu-2025\/","og_site_name":"\u00cd\u00fer\u00f3ttaf\u00e9lagi\u00f0 Gr\u00f3tta","article_publisher":"https:\/\/www.facebook.com\/grottasport","article_published_time":"2026-03-06T15:20:11+00:00","article_modified_time":"2026-03-16T14:01:44+00:00","og_image":[{"width":2560,"height":1707,"url":"https:\/\/grotta.is\/wp-content\/uploads\/2026\/03\/Image-31-scaled.jpeg","type":"image\/jpeg"}],"author":"Rakel","twitter_card":"summary_large_image","twitter_misc":{"Written by":"Rakel","Est. reading time":"2 minutes"},"schema":{"@context":"https:\/\/schema.org","@graph":[{"@type":"Article","@id":"https:\/\/grotta.is\/almennt\/kjor-ithrottafolks-grottu-2025\/#article","isPartOf":{"@id":"https:\/\/grotta.is\/almennt\/kjor-ithrottafolks-grottu-2025\/"},"author":{"name":"Rakel","@id":"https:\/\/grotta.is\/#\/schema\/person\/393c8d5e384ac8b5d7fb789bbb2e53e1"},"headline":"Kj\u00f6r \u00ed\u00fer\u00f3ttaf\u00f3lks Gr\u00f3ttu 2025","datePublished":"2026-03-06T15:20:11+00:00","dateModified":"2026-03-16T14:01:44+00:00","mainEntityOfPage":{"@id":"https:\/\/grotta.is\/almennt\/kjor-ithrottafolks-grottu-2025\/"},"wordCount":264,"publisher":{"@id":"https:\/\/grotta.is\/#organization"},"image":{"@id":"https:\/\/grotta.is\/almennt\/kjor-ithrottafolks-grottu-2025\/#primaryimage"},"thumbnailUrl":"https:\/\/grotta.is\/wp-content\/uploads\/2026\/03\/Image-31-scaled.jpeg","keywords":["Handbolti","Knattspyrna","Landsli\u00f0","Leikmenn","Ver\u00f0laun","Yngri flokkar"],"articleSection":["Almennt"],"inLanguage":"en-US"},{"@type":"WebPage","@id":"https:\/\/grotta.is\/almennt\/kjor-ithrottafolks-grottu-2025\/","url":"https:\/\/grotta.is\/almennt\/kjor-ithrottafolks-grottu-2025\/","name":"Kj\u00f6r \u00ed\u00fer\u00f3ttaf\u00f3lks Gr\u00f3ttu 2025 - \u00cd\u00fer\u00f3ttaf\u00e9lagi\u00f0 Gr\u00f3tta","isPartOf":{"@id":"https:\/\/grotta.is\/#website"},"primaryImageOfPage":{"@id":"https:\/\/grotta.is\/almennt\/kjor-ithrottafolks-grottu-2025\/#primaryimage"},"image":{"@id":"https:\/\/grotta.is\/almennt\/kjor-ithrottafolks-grottu-2025\/#primaryimage"},"thumbnailUrl":"https:\/\/grotta.is\/wp-content\/uploads\/2026\/03\/Image-31-scaled.jpeg","datePublished":"2026-03-06T15:20:11+00:00","dateModified":"2026-03-16T14:01:44+00:00","breadcrumb":{"@id":"https:\/\/grotta.is\/almennt\/kjor-ithrottafolks-grottu-2025\/#breadcrumb"},"inLanguage":"en-US","potentialAction":[{"@type":"ReadAction","target":["https:\/\/grotta.is\/almennt\/kjor-ithrottafolks-grottu-2025\/"]}]},{"@type":"ImageObject","inLanguage":"en-US","@id":"https:\/\/grotta.is\/almennt\/kjor-ithrottafolks-grottu-2025\/#primaryimage","url":"https:\/\/grotta.is\/wp-content\/uploads\/2026\/03\/Image-31-scaled.jpeg","contentUrl":"https:\/\/grotta.is\/wp-content\/uploads\/2026\/03\/Image-31-scaled.jpeg","width":2560,"height":1707},{"@type":"BreadcrumbList","@id":"https:\/\/grotta.is\/almennt\/kjor-ithrottafolks-grottu-2025\/#breadcrumb","itemListElement":[{"@type":"ListItem","position":1,"name":"Home","item":"https:\/\/grotta.is\/"},{"@type":"ListItem","position":2,"name":"Kj\u00f6r \u00ed\u00fer\u00f3ttaf\u00f3lks Gr\u00f3ttu 2025"}]},{"@type":"WebSite","@id":"https:\/\/grotta.is\/#website","url":"https:\/\/grotta.is\/","name":"\u00cd\u00fer\u00f3ttaf\u00e9lagi\u00f0 Gr\u00f3tta","description":"\u00e1 Seltjarnarnesi","publisher":{"@id":"https:\/\/grotta.is\/#organization"},"potentialAction":[{"@type":"SearchAction","target":{"@type":"EntryPoint","urlTemplate":"https:\/\/grotta.is\/?s={search_term_string}"},"query-input":{"@type":"PropertyValueSpecification","valueRequired":true,"valueName":"search_term_string"}}],"inLanguage":"en-US"},{"@type":"Organization","@id":"https:\/\/grotta.is\/#organization","name":"\u00cd\u00fer\u00f3ttaf\u00e9lagi\u00f0 Gr\u00f3tta","url":"https:\/\/grotta.is\/","logo":{"@type":"ImageObject","inLanguage":"en-US","@id":"https:\/\/grotta.is\/#\/schema\/logo\/image\/","url":"https:\/\/grotta.is\/wp-content\/uploads\/2020\/02\/ithrottafelagidgrotta_logo_512x512_transparent.png","contentUrl":"https:\/\/grotta.is\/wp-content\/uploads\/2020\/02\/ithrottafelagidgrotta_logo_512x512_transparent.png","width":512,"height":512,"caption":"\u00cd\u00fer\u00f3ttaf\u00e9lagi\u00f0 Gr\u00f3tta"},"image":{"@id":"https:\/\/grotta.is\/#\/schema\/logo\/image\/"},"sameAs":["https:\/\/www.facebook.com\/grottasport"]},{"@type":"Person","@id":"https:\/\/grotta.is\/#\/schema\/person\/393c8d5e384ac8b5d7fb789bbb2e53e1","name":"Rakel","url":"https:\/\/grotta.is\/en\/author\/rakel\/"}]}},"_links":{"self":[{"href":"https:\/\/grotta.is\/en\/wp-json\/wp\/v2\/posts\/576127","targetHints":{"allow":["GET"]}}],"collection":[{"href":"https:\/\/grotta.is\/en\/wp-json\/wp\/v2\/posts"}],"about":[{"href":"https:\/\/grotta.is\/en\/wp-json\/wp\/v2\/types\/post"}],"author":[{"embeddable":true,"href":"https:\/\/grotta.is\/en\/wp-json\/wp\/v2\/users\/23"}],"replies":[{"embeddable":true,"href":"https:\/\/grotta.is\/en\/wp-json\/wp\/v2\/comments?post=576127"}],"version-history":[{"count":2,"href":"https:\/\/grotta.is\/en\/wp-json\/wp\/v2\/posts\/576127\/revisions"}],"predecessor-version":[{"id":576143,"href":"https:\/\/grotta.is\/en\/wp-json\/wp\/v2\/posts\/576127\/revisions\/576143"}],"wp:featuredmedia":[{"embeddable":true,"href":"https:\/\/grotta.is\/en\/wp-json\/wp\/v2\/media\/576129"}],"wp:attachment":[{"href":"https:\/\/grotta.is\/en\/wp-json\/wp\/v2\/media?parent=576127"}],"wp:term":[{"taxonomy":"category","embeddable":true,"href":"https:\/\/grotta.is\/en\/wp-json\/wp\/v2\/categories?post=576127"},{"taxonomy":"post_tag","embeddable":true,"href":"https:\/\/grotta.is\/en\/wp-json\/wp\/v2\/tags?post=576127"}],"curies":[{"name":"wp","href":"https:\/\/api.w.org\/{rel}","templated":true}]}}