{"id":576123,"date":"2026-03-05T18:24:30","date_gmt":"2026-03-05T18:24:30","guid":{"rendered":"https:\/\/grotta.is\/?p=576123"},"modified":"2026-03-05T18:24:31","modified_gmt":"2026-03-05T18:24:31","slug":"ida-margret-er-ithrottakona-grottu-2025","status":"publish","type":"post","link":"https:\/\/grotta.is\/en\/handknattleiksdeild\/ida-margret-er-ithrottakona-grottu-2025\/","title":{"rendered":"\u00cdda Margr\u00e9t er \u00ed\u00fer\u00f3ttakona Gr\u00f3ttu 2025"},"content":{"rendered":"<p>\u00c1rlegt kj\u00f6r \u00ed\u00fer\u00f3ttaf\u00f3lks Gr\u00f3ttu fyrir \u00e1ri\u00f0 2025 f\u00f3r fram \u00e1 \u00feri\u00f0judagskv\u00f6ld. Handknattleiksf\u00f3lk var fyrirfer\u00f0amiki\u00f0 \u00e1 h\u00e1t\u00ed\u00f0inni og me\u00f0al annars \u00ed kj\u00f6ri \u00e1 \u00ed\u00fer\u00f3ttakonu Gr\u00f3ttu. \u00cdda Margr\u00e9t Stef\u00e1nsd\u00f3ttir var tilnefnd fr\u00e1 handboltanum og Lov\u00edsa Dav\u00ed\u00f0sd\u00f3ttir Scheving fr\u00e1 knattspyrnudeild. \u00dea\u00f0 var s\u00ed\u00f0an \u00cdda sem hlaut titilinn \u00ed\u00fer\u00f3ttakona Gr\u00f3ttu.<\/p><p>\u00cdda Margr\u00e9t er f\u00e6dd \u00e1ri\u00f0 2002 og er r\u00e9tthent skytta. \u00cdda Margr\u00e9t h\u00f3f handknattleiksi\u00f0kun s\u00edna ung a\u00f0 \u00e1rum og kemur \u00far mikilli handboltafj\u00f6lskyldu. H\u00fan kom fyrst til Gr\u00f3ttu \u00e1 l\u00e1ni \u00e1ri\u00f0 2021. H\u00fan staldra\u00f0i \u00fe\u00f3 stutt vi\u00f0 \u00fea\u00f0 t\u00edmabili\u00f0 \u00fear sem h\u00fan var flj\u00f3tlega k\u00f6llu\u00f0 til baka til Vals. Fr\u00e1 \u00e1rinu 2022 hefur h\u00fan veri\u00f0 lykilleikma\u00f0ur Gr\u00f3ttuli\u00f0sins og myndar \u00ed dag fyrirli\u00f0ateymi li\u00f0sins me\u00f0 Katr\u00ednu Helgu Sigurbergsd\u00f3ttur. \u00cdda hefur leiki\u00f0 85 leiki me\u00f0 Gr\u00f3ttu.<\/p><p>Gr\u00f3ttuli\u00f0i\u00f0 l\u00e9k \u00ed Ol\u00edsdeildinni me\u00f0al bestu li\u00f0a landsins \u00e1 seinasta leikt\u00edmabili. Li\u00f0i\u00f0 f\u00e9ll eftir hetjulega bar\u00e1ttu. Gr\u00f3tta komst alla lei\u00f0 \u00ed Final4 \u00ed bikarkeppninni og m\u00e6tti \u00fear stj\u00f6rnupr\u00fdddu li\u00f0i Hauka. Haukakonur voru sterkari og uppsk\u00e1ru a\u00f0 lokum bikarmeistaratitilinn.<\/p><p>\u00cdda er st\u00f3rskytta og var markah\u00e6sti leikma\u00f0ur li\u00f0sins \u00e1 seinasta t\u00edmabili \u00ed Ol\u00edsdeildinni. H\u00fan hefur haldi\u00f0 uppteknum h\u00e6tti \u00ed vetur og er langmarkah\u00e6sti leikma\u00f0ur Gr\u00f3ttu hinga\u00f0 til me\u00f0 7 m\u00f6rk a\u00f0 me\u00f0altali \u00ed hverjum leik. Auk \u00feess er h\u00fan fr\u00e1b\u00e6r varnarleikma\u00f0ur og fyrirmynd.<\/p><p>\u00c1 lokah\u00f3fi handknattleiksdeildar Gr\u00f3ttu \u00ed vor \u00fe\u00e1 var \u00cdda Margr\u00e9t valin mikilv\u00e6gasti leikma\u00f0ur li\u00f0sins.<\/p><p>\u00cdda er mikil keppnismanneskja og leggur sig \u00e1vallt alla fram \u00ed \u00f6ll verkefni, tekur lei\u00f0s\u00f6gn vel og getur n\u00e1\u00f0 enn lengra \u00e1 n\u00e6stu \u00e1rum. \u00dea\u00f0 er virkilega gle\u00f0ileg t\u00ed\u00f0indi fyrir j\u00f3lin a\u00f0 h\u00fan \u00e1kva\u00f0 a\u00f0 framlengja samninginn sinn vi\u00f0 Gr\u00f3ttu til \u00e1rsins 2029.<\/p><p>Myndir: Eyj\u00f3lfur Gar\u00f0arsson<\/p>","protected":false},"excerpt":{"rendered":"<p>\u00c1rlegt kj\u00f6r \u00ed\u00fer\u00f3ttaf\u00f3lks Gr\u00f3ttu fyrir \u00e1ri\u00f0 2025 f\u00f3r fram \u00e1 \u00feri\u00f0judagskv\u00f6ld. Handknattleiksf\u00f3lk var fyrirfer\u00f0amiki\u00f0 \u00e1 h\u00e1t\u00ed\u00f0inni og me\u00f0al annars \u00ed kj\u00f6ri \u00e1 \u00ed\u00fer\u00f3ttakonu Gr\u00f3ttu. \u00cdda Margr\u00e9t Stef\u00e1nsd\u00f3ttir var tilnefnd fr\u00e1 [&hellip;]<\/p>","protected":false},"author":10,"featured_media":576124,"comment_status":"closed","ping_status":"closed","sticky":false,"template":"","format":"standard","meta":{"footnotes":""},"categories":[12],"tags":[13,17,18,10],"class_list":["post-576123","post","type-post","status-publish","format-standard","has-post-thumbnail","hentry","category-handknattleiksdeild","tag-handbolti","tag-leikmenn","tag-mfl-kvk","tag-verdlaun"],"yoast_head":"<!-- This site is optimized with the Yoast SEO plugin v24.3 - https:\/\/yoast.com\/wordpress\/plugins\/seo\/ -->\n<title>\u00cdda Margr\u00e9t er \u00ed\u00fer\u00f3ttakona Gr\u00f3ttu 2025 - \u00cd\u00fer\u00f3ttaf\u00e9lagi\u00f0 Gr\u00f3tta<\/title>\n<meta name=\"robots\" content=\"index, follow, max-snippet:-1, max-image-preview:large, max-video-preview:-1\" \/>\n<link rel=\"canonical\" href=\"https:\/\/grotta.is\/en\/handknattleiksdeild\/ida-margret-er-ithrottakona-grottu-2025\/\" \/>\n<meta property=\"og:locale\" content=\"en_US\" \/>\n<meta property=\"og:type\" content=\"article\" \/>\n<meta property=\"og:title\" content=\"\u00cdda Margr\u00e9t er \u00ed\u00fer\u00f3ttakona Gr\u00f3ttu 2025 - \u00cd\u00fer\u00f3ttaf\u00e9lagi\u00f0 Gr\u00f3tta\" \/>\n<meta property=\"og:description\" content=\"\u00c1rlegt kj\u00f6r \u00ed\u00fer\u00f3ttaf\u00f3lks Gr\u00f3ttu fyrir \u00e1ri\u00f0 2025 f\u00f3r fram \u00e1 \u00feri\u00f0judagskv\u00f6ld. Handknattleiksf\u00f3lk var fyrirfer\u00f0amiki\u00f0 \u00e1 h\u00e1t\u00ed\u00f0inni og me\u00f0al annars \u00ed kj\u00f6ri \u00e1 \u00ed\u00fer\u00f3ttakonu Gr\u00f3ttu. \u00cdda Margr\u00e9t Stef\u00e1nsd\u00f3ttir var tilnefnd fr\u00e1 [&hellip;]\" \/>\n<meta property=\"og:url\" content=\"https:\/\/grotta.is\/en\/handknattleiksdeild\/ida-margret-er-ithrottakona-grottu-2025\/\" \/>\n<meta property=\"og:site_name\" content=\"\u00cd\u00fer\u00f3ttaf\u00e9lagi\u00f0 Gr\u00f3tta\" \/>\n<meta property=\"article:publisher\" content=\"https:\/\/www.facebook.com\/grottasport\" \/>\n<meta property=\"article:published_time\" content=\"2026-03-05T18:24:30+00:00\" \/>\n<meta property=\"article:modified_time\" content=\"2026-03-05T18:24:31+00:00\" \/>\n<meta property=\"og:image\" content=\"https:\/\/grotta.is\/wp-content\/uploads\/2026\/03\/Ithrfolk-Grottu-2025-024-scaled.jpg\" \/>\n\t<meta property=\"og:image:width\" content=\"2560\" \/>\n\t<meta property=\"og:image:height\" content=\"1707\" \/>\n\t<meta property=\"og:image:type\" content=\"image\/jpeg\" \/>\n<meta name=\"author\" content=\"Andri Sigf\u00fasson\" \/>\n<meta name=\"twitter:card\" content=\"summary_large_image\" \/>\n<meta name=\"twitter:label1\" content=\"Written by\" \/>\n\t<meta name=\"twitter:data1\" content=\"Andri Sigf\u00fasson\" \/>\n\t<meta name=\"twitter:label2\" content=\"Est. reading time\" \/>\n\t<meta name=\"twitter:data2\" content=\"2 minutes\" \/>\n<script type=\"application\/ld+json\" class=\"yoast-schema-graph\">{\"@context\":\"https:\/\/schema.org\",\"@graph\":[{\"@type\":\"Article\",\"@id\":\"https:\/\/grotta.is\/handknattleiksdeild\/ida-margret-er-ithrottakona-grottu-2025\/#article\",\"isPartOf\":{\"@id\":\"https:\/\/grotta.is\/handknattleiksdeild\/ida-margret-er-ithrottakona-grottu-2025\/\"},\"author\":{\"name\":\"Andri Sigf\u00fasson\",\"@id\":\"https:\/\/grotta.is\/#\/schema\/person\/b21e9d5dfd92c90211e343e8d7252b1c\"},\"headline\":\"\u00cdda Margr\u00e9t er \u00ed\u00fer\u00f3ttakona Gr\u00f3ttu 2025\",\"datePublished\":\"2026-03-05T18:24:30+00:00\",\"dateModified\":\"2026-03-05T18:24:31+00:00\",\"mainEntityOfPage\":{\"@id\":\"https:\/\/grotta.is\/handknattleiksdeild\/ida-margret-er-ithrottakona-grottu-2025\/\"},\"wordCount\":341,\"publisher\":{\"@id\":\"https:\/\/grotta.is\/#organization\"},\"image\":{\"@id\":\"https:\/\/grotta.is\/handknattleiksdeild\/ida-margret-er-ithrottakona-grottu-2025\/#primaryimage\"},\"thumbnailUrl\":\"https:\/\/grotta.is\/wp-content\/uploads\/2026\/03\/Ithrfolk-Grottu-2025-024-scaled.jpg\",\"keywords\":[\"Handbolti\",\"Leikmenn\",\"Mfl.kvk\",\"Ver\u00f0laun\"],\"articleSection\":[\"Handknattleiksdeild\"],\"inLanguage\":\"en-US\"},{\"@type\":\"WebPage\",\"@id\":\"https:\/\/grotta.is\/handknattleiksdeild\/ida-margret-er-ithrottakona-grottu-2025\/\",\"url\":\"https:\/\/grotta.is\/handknattleiksdeild\/ida-margret-er-ithrottakona-grottu-2025\/\",\"name\":\"\u00cdda Margr\u00e9t er \u00ed\u00fer\u00f3ttakona Gr\u00f3ttu 2025 - \u00cd\u00fer\u00f3ttaf\u00e9lagi\u00f0 Gr\u00f3tta\",\"isPartOf\":{\"@id\":\"https:\/\/grotta.is\/#website\"},\"primaryImageOfPage\":{\"@id\":\"https:\/\/grotta.is\/handknattleiksdeild\/ida-margret-er-ithrottakona-grottu-2025\/#primaryimage\"},\"image\":{\"@id\":\"https:\/\/grotta.is\/handknattleiksdeild\/ida-margret-er-ithrottakona-grottu-2025\/#primaryimage\"},\"thumbnailUrl\":\"https:\/\/grotta.is\/wp-content\/uploads\/2026\/03\/Ithrfolk-Grottu-2025-024-scaled.jpg\",\"datePublished\":\"2026-03-05T18:24:30+00:00\",\"dateModified\":\"2026-03-05T18:24:31+00:00\",\"breadcrumb\":{\"@id\":\"https:\/\/grotta.is\/handknattleiksdeild\/ida-margret-er-ithrottakona-grottu-2025\/#breadcrumb\"},\"inLanguage\":\"en-US\",\"potentialAction\":[{\"@type\":\"ReadAction\",\"target\":[\"https:\/\/grotta.is\/handknattleiksdeild\/ida-margret-er-ithrottakona-grottu-2025\/\"]}]},{\"@type\":\"ImageObject\",\"inLanguage\":\"en-US\",\"@id\":\"https:\/\/grotta.is\/handknattleiksdeild\/ida-margret-er-ithrottakona-grottu-2025\/#primaryimage\",\"url\":\"https:\/\/grotta.is\/wp-content\/uploads\/2026\/03\/Ithrfolk-Grottu-2025-024-scaled.jpg\",\"contentUrl\":\"https:\/\/grotta.is\/wp-content\/uploads\/2026\/03\/Ithrfolk-Grottu-2025-024-scaled.jpg\",\"width\":2560,\"height\":1707},{\"@type\":\"BreadcrumbList\",\"@id\":\"https:\/\/grotta.is\/handknattleiksdeild\/ida-margret-er-ithrottakona-grottu-2025\/#breadcrumb\",\"itemListElement\":[{\"@type\":\"ListItem\",\"position\":1,\"name\":\"Home\",\"item\":\"https:\/\/grotta.is\/\"},{\"@type\":\"ListItem\",\"position\":2,\"name\":\"\u00cdda Margr\u00e9t er \u00ed\u00fer\u00f3ttakona Gr\u00f3ttu 2025\"}]},{\"@type\":\"WebSite\",\"@id\":\"https:\/\/grotta.is\/#website\",\"url\":\"https:\/\/grotta.is\/\",\"name\":\"\u00cd\u00fer\u00f3ttaf\u00e9lagi\u00f0 Gr\u00f3tta\",\"description\":\"\u00e1 Seltjarnarnesi\",\"publisher\":{\"@id\":\"https:\/\/grotta.is\/#organization\"},\"potentialAction\":[{\"@type\":\"SearchAction\",\"target\":{\"@type\":\"EntryPoint\",\"urlTemplate\":\"https:\/\/grotta.is\/?s={search_term_string}\"},\"query-input\":{\"@type\":\"PropertyValueSpecification\",\"valueRequired\":true,\"valueName\":\"search_term_string\"}}],\"inLanguage\":\"en-US\"},{\"@type\":\"Organization\",\"@id\":\"https:\/\/grotta.is\/#organization\",\"name\":\"\u00cd\u00fer\u00f3ttaf\u00e9lagi\u00f0 Gr\u00f3tta\",\"url\":\"https:\/\/grotta.is\/\",\"logo\":{\"@type\":\"ImageObject\",\"inLanguage\":\"en-US\",\"@id\":\"https:\/\/grotta.is\/#\/schema\/logo\/image\/\",\"url\":\"https:\/\/grotta.is\/wp-content\/uploads\/2020\/02\/ithrottafelagidgrotta_logo_512x512_transparent.png\",\"contentUrl\":\"https:\/\/grotta.is\/wp-content\/uploads\/2020\/02\/ithrottafelagidgrotta_logo_512x512_transparent.png\",\"width\":512,\"height\":512,\"caption\":\"\u00cd\u00fer\u00f3ttaf\u00e9lagi\u00f0 Gr\u00f3tta\"},\"image\":{\"@id\":\"https:\/\/grotta.is\/#\/schema\/logo\/image\/\"},\"sameAs\":[\"https:\/\/www.facebook.com\/grottasport\"]},{\"@type\":\"Person\",\"@id\":\"https:\/\/grotta.is\/#\/schema\/person\/b21e9d5dfd92c90211e343e8d7252b1c\",\"name\":\"Andri Sigf\u00fasson\",\"url\":\"https:\/\/grotta.is\/en\/author\/andri\/\"}]}<\/script>\n<!-- \/ Yoast SEO plugin. -->","yoast_head_json":{"title":"\u00cdda Margr\u00e9t er \u00ed\u00fer\u00f3ttakona Gr\u00f3ttu 2025 - \u00cd\u00fer\u00f3ttaf\u00e9lagi\u00f0 Gr\u00f3tta","robots":{"index":"index","follow":"follow","max-snippet":"max-snippet:-1","max-image-preview":"max-image-preview:large","max-video-preview":"max-video-preview:-1"},"canonical":"https:\/\/grotta.is\/en\/handknattleiksdeild\/ida-margret-er-ithrottakona-grottu-2025\/","og_locale":"en_US","og_type":"article","og_title":"\u00cdda Margr\u00e9t er \u00ed\u00fer\u00f3ttakona Gr\u00f3ttu 2025 - \u00cd\u00fer\u00f3ttaf\u00e9lagi\u00f0 Gr\u00f3tta","og_description":"\u00c1rlegt kj\u00f6r \u00ed\u00fer\u00f3ttaf\u00f3lks Gr\u00f3ttu fyrir \u00e1ri\u00f0 2025 f\u00f3r fram \u00e1 \u00feri\u00f0judagskv\u00f6ld. Handknattleiksf\u00f3lk var fyrirfer\u00f0amiki\u00f0 \u00e1 h\u00e1t\u00ed\u00f0inni og me\u00f0al annars \u00ed kj\u00f6ri \u00e1 \u00ed\u00fer\u00f3ttakonu Gr\u00f3ttu. \u00cdda Margr\u00e9t Stef\u00e1nsd\u00f3ttir var tilnefnd fr\u00e1 [&hellip;]","og_url":"https:\/\/grotta.is\/en\/handknattleiksdeild\/ida-margret-er-ithrottakona-grottu-2025\/","og_site_name":"\u00cd\u00fer\u00f3ttaf\u00e9lagi\u00f0 Gr\u00f3tta","article_publisher":"https:\/\/www.facebook.com\/grottasport","article_published_time":"2026-03-05T18:24:30+00:00","article_modified_time":"2026-03-05T18:24:31+00:00","og_image":[{"width":2560,"height":1707,"url":"https:\/\/grotta.is\/wp-content\/uploads\/2026\/03\/Ithrfolk-Grottu-2025-024-scaled.jpg","type":"image\/jpeg"}],"author":"Andri Sigf\u00fasson","twitter_card":"summary_large_image","twitter_misc":{"Written by":"Andri Sigf\u00fasson","Est. reading time":"2 minutes"},"schema":{"@context":"https:\/\/schema.org","@graph":[{"@type":"Article","@id":"https:\/\/grotta.is\/handknattleiksdeild\/ida-margret-er-ithrottakona-grottu-2025\/#article","isPartOf":{"@id":"https:\/\/grotta.is\/handknattleiksdeild\/ida-margret-er-ithrottakona-grottu-2025\/"},"author":{"name":"Andri Sigf\u00fasson","@id":"https:\/\/grotta.is\/#\/schema\/person\/b21e9d5dfd92c90211e343e8d7252b1c"},"headline":"\u00cdda Margr\u00e9t er \u00ed\u00fer\u00f3ttakona Gr\u00f3ttu 2025","datePublished":"2026-03-05T18:24:30+00:00","dateModified":"2026-03-05T18:24:31+00:00","mainEntityOfPage":{"@id":"https:\/\/grotta.is\/handknattleiksdeild\/ida-margret-er-ithrottakona-grottu-2025\/"},"wordCount":341,"publisher":{"@id":"https:\/\/grotta.is\/#organization"},"image":{"@id":"https:\/\/grotta.is\/handknattleiksdeild\/ida-margret-er-ithrottakona-grottu-2025\/#primaryimage"},"thumbnailUrl":"https:\/\/grotta.is\/wp-content\/uploads\/2026\/03\/Ithrfolk-Grottu-2025-024-scaled.jpg","keywords":["Handbolti","Leikmenn","Mfl.kvk","Ver\u00f0laun"],"articleSection":["Handknattleiksdeild"],"inLanguage":"en-US"},{"@type":"WebPage","@id":"https:\/\/grotta.is\/handknattleiksdeild\/ida-margret-er-ithrottakona-grottu-2025\/","url":"https:\/\/grotta.is\/handknattleiksdeild\/ida-margret-er-ithrottakona-grottu-2025\/","name":"\u00cdda Margr\u00e9t er \u00ed\u00fer\u00f3ttakona Gr\u00f3ttu 2025 - \u00cd\u00fer\u00f3ttaf\u00e9lagi\u00f0 Gr\u00f3tta","isPartOf":{"@id":"https:\/\/grotta.is\/#website"},"primaryImageOfPage":{"@id":"https:\/\/grotta.is\/handknattleiksdeild\/ida-margret-er-ithrottakona-grottu-2025\/#primaryimage"},"image":{"@id":"https:\/\/grotta.is\/handknattleiksdeild\/ida-margret-er-ithrottakona-grottu-2025\/#primaryimage"},"thumbnailUrl":"https:\/\/grotta.is\/wp-content\/uploads\/2026\/03\/Ithrfolk-Grottu-2025-024-scaled.jpg","datePublished":"2026-03-05T18:24:30+00:00","dateModified":"2026-03-05T18:24:31+00:00","breadcrumb":{"@id":"https:\/\/grotta.is\/handknattleiksdeild\/ida-margret-er-ithrottakona-grottu-2025\/#breadcrumb"},"inLanguage":"en-US","potentialAction":[{"@type":"ReadAction","target":["https:\/\/grotta.is\/handknattleiksdeild\/ida-margret-er-ithrottakona-grottu-2025\/"]}]},{"@type":"ImageObject","inLanguage":"en-US","@id":"https:\/\/grotta.is\/handknattleiksdeild\/ida-margret-er-ithrottakona-grottu-2025\/#primaryimage","url":"https:\/\/grotta.is\/wp-content\/uploads\/2026\/03\/Ithrfolk-Grottu-2025-024-scaled.jpg","contentUrl":"https:\/\/grotta.is\/wp-content\/uploads\/2026\/03\/Ithrfolk-Grottu-2025-024-scaled.jpg","width":2560,"height":1707},{"@type":"BreadcrumbList","@id":"https:\/\/grotta.is\/handknattleiksdeild\/ida-margret-er-ithrottakona-grottu-2025\/#breadcrumb","itemListElement":[{"@type":"ListItem","position":1,"name":"Home","item":"https:\/\/grotta.is\/"},{"@type":"ListItem","position":2,"name":"\u00cdda Margr\u00e9t er \u00ed\u00fer\u00f3ttakona Gr\u00f3ttu 2025"}]},{"@type":"WebSite","@id":"https:\/\/grotta.is\/#website","url":"https:\/\/grotta.is\/","name":"\u00cd\u00fer\u00f3ttaf\u00e9lagi\u00f0 Gr\u00f3tta","description":"\u00e1 Seltjarnarnesi","publisher":{"@id":"https:\/\/grotta.is\/#organization"},"potentialAction":[{"@type":"SearchAction","target":{"@type":"EntryPoint","urlTemplate":"https:\/\/grotta.is\/?s={search_term_string}"},"query-input":{"@type":"PropertyValueSpecification","valueRequired":true,"valueName":"search_term_string"}}],"inLanguage":"en-US"},{"@type":"Organization","@id":"https:\/\/grotta.is\/#organization","name":"\u00cd\u00fer\u00f3ttaf\u00e9lagi\u00f0 Gr\u00f3tta","url":"https:\/\/grotta.is\/","logo":{"@type":"ImageObject","inLanguage":"en-US","@id":"https:\/\/grotta.is\/#\/schema\/logo\/image\/","url":"https:\/\/grotta.is\/wp-content\/uploads\/2020\/02\/ithrottafelagidgrotta_logo_512x512_transparent.png","contentUrl":"https:\/\/grotta.is\/wp-content\/uploads\/2020\/02\/ithrottafelagidgrotta_logo_512x512_transparent.png","width":512,"height":512,"caption":"\u00cd\u00fer\u00f3ttaf\u00e9lagi\u00f0 Gr\u00f3tta"},"image":{"@id":"https:\/\/grotta.is\/#\/schema\/logo\/image\/"},"sameAs":["https:\/\/www.facebook.com\/grottasport"]},{"@type":"Person","@id":"https:\/\/grotta.is\/#\/schema\/person\/b21e9d5dfd92c90211e343e8d7252b1c","name":"Andri Sigf\u00fasson","url":"https:\/\/grotta.is\/en\/author\/andri\/"}]}},"_links":{"self":[{"href":"https:\/\/grotta.is\/en\/wp-json\/wp\/v2\/posts\/576123","targetHints":{"allow":["GET"]}}],"collection":[{"href":"https:\/\/grotta.is\/en\/wp-json\/wp\/v2\/posts"}],"about":[{"href":"https:\/\/grotta.is\/en\/wp-json\/wp\/v2\/types\/post"}],"author":[{"embeddable":true,"href":"https:\/\/grotta.is\/en\/wp-json\/wp\/v2\/users\/10"}],"replies":[{"embeddable":true,"href":"https:\/\/grotta.is\/en\/wp-json\/wp\/v2\/comments?post=576123"}],"version-history":[{"count":1,"href":"https:\/\/grotta.is\/en\/wp-json\/wp\/v2\/posts\/576123\/revisions"}],"predecessor-version":[{"id":576125,"href":"https:\/\/grotta.is\/en\/wp-json\/wp\/v2\/posts\/576123\/revisions\/576125"}],"wp:featuredmedia":[{"embeddable":true,"href":"https:\/\/grotta.is\/en\/wp-json\/wp\/v2\/media\/576124"}],"wp:attachment":[{"href":"https:\/\/grotta.is\/en\/wp-json\/wp\/v2\/media?parent=576123"}],"wp:term":[{"taxonomy":"category","embeddable":true,"href":"https:\/\/grotta.is\/en\/wp-json\/wp\/v2\/categories?post=576123"},{"taxonomy":"post_tag","embeddable":true,"href":"https:\/\/grotta.is\/en\/wp-json\/wp\/v2\/tags?post=576123"}],"curies":[{"name":"wp","href":"https:\/\/api.w.org\/{rel}","templated":true}]}}