{"id":575909,"date":"2025-12-23T10:45:13","date_gmt":"2025-12-23T10:45:13","guid":{"rendered":"https:\/\/grotta.is\/?p=575909"},"modified":"2025-12-23T10:45:15","modified_gmt":"2025-12-23T10:45:15","slug":"arndis-aslaug-framlengir-til-2028","status":"publish","type":"post","link":"https:\/\/grotta.is\/en\/handknattleiksdeild\/arndis-aslaug-framlengir-til-2028\/","title":{"rendered":"Arnd\u00eds \u00c1slaug framlengir til 2028"},"content":{"rendered":"<p>Arnd\u00eds \u00c1slaug Gr\u00edmsd\u00f3ttir hefur framlengt leikmannasamninginn sinn vi\u00f0 Handknattleiksdeild Gr\u00f3ttu \u00fat t\u00edmabili\u00f0 2028. Arnd\u00eds er 18 \u00e1ra g\u00f6mul og leikur sem l\u00ednuma\u00f0ur. H\u00fan hefur veri\u00f0 \u00ed lykilhlutverki \u00ed 3.flokki kvenna undanfarin \u00e1r en Gr\u00f3ttuli\u00f0i\u00f0 hefur ekki tapa\u00f0 leik \u00e1 \u00feessu leikt\u00edmabili.<\/p><p>\u00cd meistaraflokki hefur Arnd\u00eds komi\u00f0 vi\u00f0 s\u00f6gu \u00ed 10 leikjum \u00ed Grill 66-deildinni og skora\u00f0i \u00feeim 10 m\u00f6rk. \u00der\u00e1tt fyrir ungan aldur hefur Arnd\u00eds leiki\u00f0 51 leik me\u00f0 meistaraflokki.<\/p><p>Arnd\u00eds er ekki bara g\u00f3\u00f0ur s\u00f3knarl\u00ednuma\u00f0ur \u00fev\u00ed h\u00fan er l\u00edka \u00f6flugur varnarma\u00f0ur og getur leiki\u00f0 nokkrar st\u00f6\u00f0ur \u00fear. H\u00fan hefur \u00e6ft me\u00f0 unglingalandsli\u00f0um \u00cdslands undanfarin \u00e1r.<\/p><p>\u201eArnd\u00eds er virkilega efnilegur leikma\u00f0ur sem gaman ver\u00f0ur a\u00f0 sj\u00e1 taka n\u00e6sta skref. H\u00fan er \u00f6flug beggja megin vallarins og hefur s\u00fdnt \u00fea\u00f0 a\u00f0 h\u00fan er framt\u00ed\u00f0arleikma\u00f0ur Gr\u00f3ttu\u201c sag\u00f0i J\u00fal\u00edus \u00de\u00f3rir Stef\u00e1nsson \u00fej\u00e1lfari Gr\u00f3ttuli\u00f0sins vi\u00f0 undirritun samningsins.<\/p>","protected":false},"excerpt":{"rendered":"<p>Arnd\u00eds \u00c1slaug Gr\u00edmsd\u00f3ttir hefur framlengt leikmannasamninginn sinn vi\u00f0 Handknattleiksdeild Gr\u00f3ttu \u00fat t\u00edmabili\u00f0 2028. Arnd\u00eds er 18 \u00e1ra g\u00f6mul og leikur sem l\u00ednuma\u00f0ur. H\u00fan hefur veri\u00f0 \u00ed lykilhlutverki \u00ed 3.flokki kvenna [&hellip;]<\/p>","protected":false},"author":10,"featured_media":575910,"comment_status":"closed","ping_status":"closed","sticky":false,"template":"","format":"standard","meta":{"footnotes":""},"categories":[12],"tags":[13,17,18],"class_list":["post-575909","post","type-post","status-publish","format-standard","has-post-thumbnail","hentry","category-handknattleiksdeild","tag-handbolti","tag-leikmenn","tag-mfl-kvk"],"yoast_head":"<!-- This site is optimized with the Yoast SEO plugin v24.3 - https:\/\/yoast.com\/wordpress\/plugins\/seo\/ -->\n<title>Arnd\u00eds \u00c1slaug framlengir til 2028 - \u00cd\u00fer\u00f3ttaf\u00e9lagi\u00f0 Gr\u00f3tta<\/title>\n<meta name=\"robots\" content=\"index, follow, max-snippet:-1, max-image-preview:large, max-video-preview:-1\" \/>\n<link rel=\"canonical\" href=\"https:\/\/grotta.is\/en\/handknattleiksdeild\/arndis-aslaug-framlengir-til-2028\/\" \/>\n<meta property=\"og:locale\" content=\"en_US\" \/>\n<meta property=\"og:type\" content=\"article\" \/>\n<meta property=\"og:title\" content=\"Arnd\u00eds \u00c1slaug framlengir til 2028 - \u00cd\u00fer\u00f3ttaf\u00e9lagi\u00f0 Gr\u00f3tta\" \/>\n<meta property=\"og:description\" content=\"Arnd\u00eds \u00c1slaug Gr\u00edmsd\u00f3ttir hefur framlengt leikmannasamninginn sinn vi\u00f0 Handknattleiksdeild Gr\u00f3ttu \u00fat t\u00edmabili\u00f0 2028. Arnd\u00eds er 18 \u00e1ra g\u00f6mul og leikur sem l\u00ednuma\u00f0ur. H\u00fan hefur veri\u00f0 \u00ed lykilhlutverki \u00ed 3.flokki kvenna [&hellip;]\" \/>\n<meta property=\"og:url\" content=\"https:\/\/grotta.is\/en\/handknattleiksdeild\/arndis-aslaug-framlengir-til-2028\/\" \/>\n<meta property=\"og:site_name\" content=\"\u00cd\u00fer\u00f3ttaf\u00e9lagi\u00f0 Gr\u00f3tta\" \/>\n<meta property=\"article:publisher\" content=\"https:\/\/www.facebook.com\/grottasport\" \/>\n<meta property=\"article:published_time\" content=\"2025-12-23T10:45:13+00:00\" \/>\n<meta property=\"article:modified_time\" content=\"2025-12-23T10:45:15+00:00\" \/>\n<meta property=\"og:image\" content=\"https:\/\/grotta.is\/wp-content\/uploads\/2025\/12\/Arndis-Aslaug-framlengir.jpg\" \/>\n\t<meta property=\"og:image:width\" content=\"1640\" \/>\n\t<meta property=\"og:image:height\" content=\"924\" \/>\n\t<meta property=\"og:image:type\" content=\"image\/jpeg\" \/>\n<meta name=\"author\" content=\"Andri Sigf\u00fasson\" \/>\n<meta name=\"twitter:card\" content=\"summary_large_image\" \/>\n<meta name=\"twitter:label1\" content=\"Written by\" \/>\n\t<meta name=\"twitter:data1\" content=\"Andri Sigf\u00fasson\" \/>\n\t<meta name=\"twitter:label2\" content=\"Est. reading time\" \/>\n\t<meta name=\"twitter:data2\" content=\"1 minute\" \/>\n<script type=\"application\/ld+json\" class=\"yoast-schema-graph\">{\"@context\":\"https:\/\/schema.org\",\"@graph\":[{\"@type\":\"Article\",\"@id\":\"https:\/\/grotta.is\/handknattleiksdeild\/arndis-aslaug-framlengir-til-2028\/#article\",\"isPartOf\":{\"@id\":\"https:\/\/grotta.is\/handknattleiksdeild\/arndis-aslaug-framlengir-til-2028\/\"},\"author\":{\"name\":\"Andri Sigf\u00fasson\",\"@id\":\"https:\/\/grotta.is\/#\/schema\/person\/b21e9d5dfd92c90211e343e8d7252b1c\"},\"headline\":\"Arnd\u00eds \u00c1slaug framlengir til 2028\",\"datePublished\":\"2025-12-23T10:45:13+00:00\",\"dateModified\":\"2025-12-23T10:45:15+00:00\",\"mainEntityOfPage\":{\"@id\":\"https:\/\/grotta.is\/handknattleiksdeild\/arndis-aslaug-framlengir-til-2028\/\"},\"wordCount\":174,\"publisher\":{\"@id\":\"https:\/\/grotta.is\/#organization\"},\"image\":{\"@id\":\"https:\/\/grotta.is\/handknattleiksdeild\/arndis-aslaug-framlengir-til-2028\/#primaryimage\"},\"thumbnailUrl\":\"https:\/\/grotta.is\/wp-content\/uploads\/2025\/12\/Arndis-Aslaug-framlengir.jpg\",\"keywords\":[\"Handbolti\",\"Leikmenn\",\"Mfl.kvk\"],\"articleSection\":[\"Handknattleiksdeild\"],\"inLanguage\":\"en-US\"},{\"@type\":\"WebPage\",\"@id\":\"https:\/\/grotta.is\/handknattleiksdeild\/arndis-aslaug-framlengir-til-2028\/\",\"url\":\"https:\/\/grotta.is\/handknattleiksdeild\/arndis-aslaug-framlengir-til-2028\/\",\"name\":\"Arnd\u00eds \u00c1slaug framlengir til 2028 - \u00cd\u00fer\u00f3ttaf\u00e9lagi\u00f0 Gr\u00f3tta\",\"isPartOf\":{\"@id\":\"https:\/\/grotta.is\/#website\"},\"primaryImageOfPage\":{\"@id\":\"https:\/\/grotta.is\/handknattleiksdeild\/arndis-aslaug-framlengir-til-2028\/#primaryimage\"},\"image\":{\"@id\":\"https:\/\/grotta.is\/handknattleiksdeild\/arndis-aslaug-framlengir-til-2028\/#primaryimage\"},\"thumbnailUrl\":\"https:\/\/grotta.is\/wp-content\/uploads\/2025\/12\/Arndis-Aslaug-framlengir.jpg\",\"datePublished\":\"2025-12-23T10:45:13+00:00\",\"dateModified\":\"2025-12-23T10:45:15+00:00\",\"breadcrumb\":{\"@id\":\"https:\/\/grotta.is\/handknattleiksdeild\/arndis-aslaug-framlengir-til-2028\/#breadcrumb\"},\"inLanguage\":\"en-US\",\"potentialAction\":[{\"@type\":\"ReadAction\",\"target\":[\"https:\/\/grotta.is\/handknattleiksdeild\/arndis-aslaug-framlengir-til-2028\/\"]}]},{\"@type\":\"ImageObject\",\"inLanguage\":\"en-US\",\"@id\":\"https:\/\/grotta.is\/handknattleiksdeild\/arndis-aslaug-framlengir-til-2028\/#primaryimage\",\"url\":\"https:\/\/grotta.is\/wp-content\/uploads\/2025\/12\/Arndis-Aslaug-framlengir.jpg\",\"contentUrl\":\"https:\/\/grotta.is\/wp-content\/uploads\/2025\/12\/Arndis-Aslaug-framlengir.jpg\",\"width\":1640,\"height\":924},{\"@type\":\"BreadcrumbList\",\"@id\":\"https:\/\/grotta.is\/handknattleiksdeild\/arndis-aslaug-framlengir-til-2028\/#breadcrumb\",\"itemListElement\":[{\"@type\":\"ListItem\",\"position\":1,\"name\":\"Home\",\"item\":\"https:\/\/grotta.is\/\"},{\"@type\":\"ListItem\",\"position\":2,\"name\":\"Arnd\u00eds \u00c1slaug framlengir til 2028\"}]},{\"@type\":\"WebSite\",\"@id\":\"https:\/\/grotta.is\/#website\",\"url\":\"https:\/\/grotta.is\/\",\"name\":\"\u00cd\u00fer\u00f3ttaf\u00e9lagi\u00f0 Gr\u00f3tta\",\"description\":\"\u00e1 Seltjarnarnesi\",\"publisher\":{\"@id\":\"https:\/\/grotta.is\/#organization\"},\"potentialAction\":[{\"@type\":\"SearchAction\",\"target\":{\"@type\":\"EntryPoint\",\"urlTemplate\":\"https:\/\/grotta.is\/?s={search_term_string}\"},\"query-input\":{\"@type\":\"PropertyValueSpecification\",\"valueRequired\":true,\"valueName\":\"search_term_string\"}}],\"inLanguage\":\"en-US\"},{\"@type\":\"Organization\",\"@id\":\"https:\/\/grotta.is\/#organization\",\"name\":\"\u00cd\u00fer\u00f3ttaf\u00e9lagi\u00f0 Gr\u00f3tta\",\"url\":\"https:\/\/grotta.is\/\",\"logo\":{\"@type\":\"ImageObject\",\"inLanguage\":\"en-US\",\"@id\":\"https:\/\/grotta.is\/#\/schema\/logo\/image\/\",\"url\":\"https:\/\/grotta.is\/wp-content\/uploads\/2020\/02\/ithrottafelagidgrotta_logo_512x512_transparent.png\",\"contentUrl\":\"https:\/\/grotta.is\/wp-content\/uploads\/2020\/02\/ithrottafelagidgrotta_logo_512x512_transparent.png\",\"width\":512,\"height\":512,\"caption\":\"\u00cd\u00fer\u00f3ttaf\u00e9lagi\u00f0 Gr\u00f3tta\"},\"image\":{\"@id\":\"https:\/\/grotta.is\/#\/schema\/logo\/image\/\"},\"sameAs\":[\"https:\/\/www.facebook.com\/grottasport\"]},{\"@type\":\"Person\",\"@id\":\"https:\/\/grotta.is\/#\/schema\/person\/b21e9d5dfd92c90211e343e8d7252b1c\",\"name\":\"Andri Sigf\u00fasson\",\"url\":\"https:\/\/grotta.is\/en\/author\/andri\/\"}]}<\/script>\n<!-- \/ Yoast SEO plugin. -->","yoast_head_json":{"title":"Arnd\u00eds \u00c1slaug framlengir til 2028 - \u00cd\u00fer\u00f3ttaf\u00e9lagi\u00f0 Gr\u00f3tta","robots":{"index":"index","follow":"follow","max-snippet":"max-snippet:-1","max-image-preview":"max-image-preview:large","max-video-preview":"max-video-preview:-1"},"canonical":"https:\/\/grotta.is\/en\/handknattleiksdeild\/arndis-aslaug-framlengir-til-2028\/","og_locale":"en_US","og_type":"article","og_title":"Arnd\u00eds \u00c1slaug framlengir til 2028 - \u00cd\u00fer\u00f3ttaf\u00e9lagi\u00f0 Gr\u00f3tta","og_description":"Arnd\u00eds \u00c1slaug Gr\u00edmsd\u00f3ttir hefur framlengt leikmannasamninginn sinn vi\u00f0 Handknattleiksdeild Gr\u00f3ttu \u00fat t\u00edmabili\u00f0 2028. Arnd\u00eds er 18 \u00e1ra g\u00f6mul og leikur sem l\u00ednuma\u00f0ur. H\u00fan hefur veri\u00f0 \u00ed lykilhlutverki \u00ed 3.flokki kvenna [&hellip;]","og_url":"https:\/\/grotta.is\/en\/handknattleiksdeild\/arndis-aslaug-framlengir-til-2028\/","og_site_name":"\u00cd\u00fer\u00f3ttaf\u00e9lagi\u00f0 Gr\u00f3tta","article_publisher":"https:\/\/www.facebook.com\/grottasport","article_published_time":"2025-12-23T10:45:13+00:00","article_modified_time":"2025-12-23T10:45:15+00:00","og_image":[{"width":1640,"height":924,"url":"https:\/\/grotta.is\/wp-content\/uploads\/2025\/12\/Arndis-Aslaug-framlengir.jpg","type":"image\/jpeg"}],"author":"Andri Sigf\u00fasson","twitter_card":"summary_large_image","twitter_misc":{"Written by":"Andri Sigf\u00fasson","Est. reading time":"1 minute"},"schema":{"@context":"https:\/\/schema.org","@graph":[{"@type":"Article","@id":"https:\/\/grotta.is\/handknattleiksdeild\/arndis-aslaug-framlengir-til-2028\/#article","isPartOf":{"@id":"https:\/\/grotta.is\/handknattleiksdeild\/arndis-aslaug-framlengir-til-2028\/"},"author":{"name":"Andri Sigf\u00fasson","@id":"https:\/\/grotta.is\/#\/schema\/person\/b21e9d5dfd92c90211e343e8d7252b1c"},"headline":"Arnd\u00eds \u00c1slaug framlengir til 2028","datePublished":"2025-12-23T10:45:13+00:00","dateModified":"2025-12-23T10:45:15+00:00","mainEntityOfPage":{"@id":"https:\/\/grotta.is\/handknattleiksdeild\/arndis-aslaug-framlengir-til-2028\/"},"wordCount":174,"publisher":{"@id":"https:\/\/grotta.is\/#organization"},"image":{"@id":"https:\/\/grotta.is\/handknattleiksdeild\/arndis-aslaug-framlengir-til-2028\/#primaryimage"},"thumbnailUrl":"https:\/\/grotta.is\/wp-content\/uploads\/2025\/12\/Arndis-Aslaug-framlengir.jpg","keywords":["Handbolti","Leikmenn","Mfl.kvk"],"articleSection":["Handknattleiksdeild"],"inLanguage":"en-US"},{"@type":"WebPage","@id":"https:\/\/grotta.is\/handknattleiksdeild\/arndis-aslaug-framlengir-til-2028\/","url":"https:\/\/grotta.is\/handknattleiksdeild\/arndis-aslaug-framlengir-til-2028\/","name":"Arnd\u00eds \u00c1slaug framlengir til 2028 - \u00cd\u00fer\u00f3ttaf\u00e9lagi\u00f0 Gr\u00f3tta","isPartOf":{"@id":"https:\/\/grotta.is\/#website"},"primaryImageOfPage":{"@id":"https:\/\/grotta.is\/handknattleiksdeild\/arndis-aslaug-framlengir-til-2028\/#primaryimage"},"image":{"@id":"https:\/\/grotta.is\/handknattleiksdeild\/arndis-aslaug-framlengir-til-2028\/#primaryimage"},"thumbnailUrl":"https:\/\/grotta.is\/wp-content\/uploads\/2025\/12\/Arndis-Aslaug-framlengir.jpg","datePublished":"2025-12-23T10:45:13+00:00","dateModified":"2025-12-23T10:45:15+00:00","breadcrumb":{"@id":"https:\/\/grotta.is\/handknattleiksdeild\/arndis-aslaug-framlengir-til-2028\/#breadcrumb"},"inLanguage":"en-US","potentialAction":[{"@type":"ReadAction","target":["https:\/\/grotta.is\/handknattleiksdeild\/arndis-aslaug-framlengir-til-2028\/"]}]},{"@type":"ImageObject","inLanguage":"en-US","@id":"https:\/\/grotta.is\/handknattleiksdeild\/arndis-aslaug-framlengir-til-2028\/#primaryimage","url":"https:\/\/grotta.is\/wp-content\/uploads\/2025\/12\/Arndis-Aslaug-framlengir.jpg","contentUrl":"https:\/\/grotta.is\/wp-content\/uploads\/2025\/12\/Arndis-Aslaug-framlengir.jpg","width":1640,"height":924},{"@type":"BreadcrumbList","@id":"https:\/\/grotta.is\/handknattleiksdeild\/arndis-aslaug-framlengir-til-2028\/#breadcrumb","itemListElement":[{"@type":"ListItem","position":1,"name":"Home","item":"https:\/\/grotta.is\/"},{"@type":"ListItem","position":2,"name":"Arnd\u00eds \u00c1slaug framlengir til 2028"}]},{"@type":"WebSite","@id":"https:\/\/grotta.is\/#website","url":"https:\/\/grotta.is\/","name":"\u00cd\u00fer\u00f3ttaf\u00e9lagi\u00f0 Gr\u00f3tta","description":"\u00e1 Seltjarnarnesi","publisher":{"@id":"https:\/\/grotta.is\/#organization"},"potentialAction":[{"@type":"SearchAction","target":{"@type":"EntryPoint","urlTemplate":"https:\/\/grotta.is\/?s={search_term_string}"},"query-input":{"@type":"PropertyValueSpecification","valueRequired":true,"valueName":"search_term_string"}}],"inLanguage":"en-US"},{"@type":"Organization","@id":"https:\/\/grotta.is\/#organization","name":"\u00cd\u00fer\u00f3ttaf\u00e9lagi\u00f0 Gr\u00f3tta","url":"https:\/\/grotta.is\/","logo":{"@type":"ImageObject","inLanguage":"en-US","@id":"https:\/\/grotta.is\/#\/schema\/logo\/image\/","url":"https:\/\/grotta.is\/wp-content\/uploads\/2020\/02\/ithrottafelagidgrotta_logo_512x512_transparent.png","contentUrl":"https:\/\/grotta.is\/wp-content\/uploads\/2020\/02\/ithrottafelagidgrotta_logo_512x512_transparent.png","width":512,"height":512,"caption":"\u00cd\u00fer\u00f3ttaf\u00e9lagi\u00f0 Gr\u00f3tta"},"image":{"@id":"https:\/\/grotta.is\/#\/schema\/logo\/image\/"},"sameAs":["https:\/\/www.facebook.com\/grottasport"]},{"@type":"Person","@id":"https:\/\/grotta.is\/#\/schema\/person\/b21e9d5dfd92c90211e343e8d7252b1c","name":"Andri Sigf\u00fasson","url":"https:\/\/grotta.is\/en\/author\/andri\/"}]}},"_links":{"self":[{"href":"https:\/\/grotta.is\/en\/wp-json\/wp\/v2\/posts\/575909","targetHints":{"allow":["GET"]}}],"collection":[{"href":"https:\/\/grotta.is\/en\/wp-json\/wp\/v2\/posts"}],"about":[{"href":"https:\/\/grotta.is\/en\/wp-json\/wp\/v2\/types\/post"}],"author":[{"embeddable":true,"href":"https:\/\/grotta.is\/en\/wp-json\/wp\/v2\/users\/10"}],"replies":[{"embeddable":true,"href":"https:\/\/grotta.is\/en\/wp-json\/wp\/v2\/comments?post=575909"}],"version-history":[{"count":1,"href":"https:\/\/grotta.is\/en\/wp-json\/wp\/v2\/posts\/575909\/revisions"}],"predecessor-version":[{"id":575911,"href":"https:\/\/grotta.is\/en\/wp-json\/wp\/v2\/posts\/575909\/revisions\/575911"}],"wp:featuredmedia":[{"embeddable":true,"href":"https:\/\/grotta.is\/en\/wp-json\/wp\/v2\/media\/575910"}],"wp:attachment":[{"href":"https:\/\/grotta.is\/en\/wp-json\/wp\/v2\/media?parent=575909"}],"wp:term":[{"taxonomy":"category","embeddable":true,"href":"https:\/\/grotta.is\/en\/wp-json\/wp\/v2\/categories?post=575909"},{"taxonomy":"post_tag","embeddable":true,"href":"https:\/\/grotta.is\/en\/wp-json\/wp\/v2\/tags?post=575909"}],"curies":[{"name":"wp","href":"https:\/\/api.w.org\/{rel}","templated":true}]}}