{"id":575721,"date":"2025-10-21T12:29:57","date_gmt":"2025-10-21T12:29:57","guid":{"rendered":"https:\/\/grotta.is\/?p=575721"},"modified":"2025-10-21T12:29:59","modified_gmt":"2025-10-21T12:29:59","slug":"handboltaskoli-grottu-kr-4","status":"publish","type":"post","link":"https:\/\/grotta.is\/en\/handknattleiksdeild\/handboltaskoli-grottu-kr-4\/","title":{"rendered":"Handboltask\u00f3li Gr\u00f3ttu\/KR"},"content":{"rendered":"<p><a><\/a>Handboltask\u00f3li Gr\u00f3ttu\/KR ver\u00f0ur starfr\u00e6ktur \u00ed vetrarleyfinu. Sk\u00f3linn er fyrir krakka \u00ed 1. &#8211; 6.bekk sem eru f\u00e6dd 2014-2019. Sk\u00f3linn hefst kl. 09:00 og honum l\u00fdkur kl. 12:00. Krakkarnir \u00feurfa a\u00f0 hafa me\u00f0 s\u00e9r nesti. Skipt ver\u00f0ur \u00ed h\u00f3pa eftir aldri.<\/p><p>N\u00e1mskei\u00f0sdagarnir eru:<\/p><p>Fimmtudagur 23.okt\u00f3ber<br>F\u00f6studagur 24.okt\u00f3ber<br>M\u00e1nudagur 27.okt\u00f3ber<br>\u00deri\u00f0judagur 28.okt\u00f3ber<\/p><p>H\u00e6gt er skr\u00e1 sig \u00e1 staka daga en l\u00edka \u00e1 allt n\u00e1mskei\u00f0i\u00f0.<\/p><p>\u00dej\u00e1lfarar n\u00e1mskei\u00f0sins er \u00fej\u00e1lfarar f\u00e9lagsins auk leikmanna meistaraflokks.<\/p><p>Skr\u00e1ningin fer fram \u00ed Abler en beinn hlekkur er h\u00e9rna: https:\/\/www.abler.io\/shop\/grotta\/product\/Q2x1YlNlcnZpY2U6NDgzMTM=\/<\/p>","protected":false},"excerpt":{"rendered":"<p>Handboltask\u00f3li Gr\u00f3ttu\/KR ver\u00f0ur starfr\u00e6ktur \u00ed vetrarleyfinu. Sk\u00f3linn er fyrir krakka \u00ed 1. &#8211; 6.bekk sem eru f\u00e6dd 2014-2019. Sk\u00f3linn hefst kl. 09:00 og honum l\u00fdkur kl. 12:00. Krakkarnir \u00feurfa a\u00f0 [&hellip;]<\/p>","protected":false},"author":10,"featured_media":575722,"comment_status":"closed","ping_status":"closed","sticky":false,"template":"","format":"standard","meta":{"footnotes":""},"categories":[12],"tags":[13,15],"class_list":["post-575721","post","type-post","status-publish","format-standard","has-post-thumbnail","hentry","category-handknattleiksdeild","tag-handbolti","tag-yngri-flokkar"],"yoast_head":"<!-- This site is optimized with the Yoast SEO plugin v24.3 - https:\/\/yoast.com\/wordpress\/plugins\/seo\/ -->\n<title>Handboltask\u00f3li Gr\u00f3ttu\/KR - \u00cd\u00fer\u00f3ttaf\u00e9lagi\u00f0 Gr\u00f3tta<\/title>\n<meta name=\"robots\" content=\"index, follow, max-snippet:-1, max-image-preview:large, max-video-preview:-1\" \/>\n<link rel=\"canonical\" href=\"https:\/\/grotta.is\/en\/handknattleiksdeild\/handboltaskoli-grottu-kr-4\/\" \/>\n<meta property=\"og:locale\" content=\"en_US\" \/>\n<meta property=\"og:type\" content=\"article\" \/>\n<meta property=\"og:title\" content=\"Handboltask\u00f3li Gr\u00f3ttu\/KR - \u00cd\u00fer\u00f3ttaf\u00e9lagi\u00f0 Gr\u00f3tta\" \/>\n<meta property=\"og:description\" content=\"Handboltask\u00f3li Gr\u00f3ttu\/KR ver\u00f0ur starfr\u00e6ktur \u00ed vetrarleyfinu. Sk\u00f3linn er fyrir krakka \u00ed 1. &#8211; 6.bekk sem eru f\u00e6dd 2014-2019. Sk\u00f3linn hefst kl. 09:00 og honum l\u00fdkur kl. 12:00. Krakkarnir \u00feurfa a\u00f0 [&hellip;]\" \/>\n<meta property=\"og:url\" content=\"https:\/\/grotta.is\/en\/handknattleiksdeild\/handboltaskoli-grottu-kr-4\/\" \/>\n<meta property=\"og:site_name\" content=\"\u00cd\u00fer\u00f3ttaf\u00e9lagi\u00f0 Gr\u00f3tta\" \/>\n<meta property=\"article:publisher\" content=\"https:\/\/www.facebook.com\/grottasport\" \/>\n<meta property=\"article:published_time\" content=\"2025-10-21T12:29:57+00:00\" \/>\n<meta property=\"article:modified_time\" content=\"2025-10-21T12:29:59+00:00\" \/>\n<meta property=\"og:image\" content=\"https:\/\/grotta.is\/wp-content\/uploads\/2025\/10\/Copy-of-Handboltaskoli-Grottu-2023-2.jpg\" \/>\n\t<meta property=\"og:image:width\" content=\"1080\" \/>\n\t<meta property=\"og:image:height\" content=\"1080\" \/>\n\t<meta property=\"og:image:type\" content=\"image\/jpeg\" \/>\n<meta name=\"author\" content=\"Andri Sigf\u00fasson\" \/>\n<meta name=\"twitter:card\" content=\"summary_large_image\" \/>\n<meta name=\"twitter:label1\" content=\"Written by\" \/>\n\t<meta name=\"twitter:data1\" content=\"Andri Sigf\u00fasson\" \/>\n\t<meta name=\"twitter:label2\" content=\"Est. reading time\" \/>\n\t<meta name=\"twitter:data2\" content=\"1 minute\" \/>\n<script type=\"application\/ld+json\" class=\"yoast-schema-graph\">{\"@context\":\"https:\/\/schema.org\",\"@graph\":[{\"@type\":\"Article\",\"@id\":\"https:\/\/grotta.is\/handknattleiksdeild\/handboltaskoli-grottu-kr-4\/#article\",\"isPartOf\":{\"@id\":\"https:\/\/grotta.is\/handknattleiksdeild\/handboltaskoli-grottu-kr-4\/\"},\"author\":{\"name\":\"Andri Sigf\u00fasson\",\"@id\":\"https:\/\/grotta.is\/#\/schema\/person\/b21e9d5dfd92c90211e343e8d7252b1c\"},\"headline\":\"Handboltask\u00f3li Gr\u00f3ttu\/KR\",\"datePublished\":\"2025-10-21T12:29:57+00:00\",\"dateModified\":\"2025-10-21T12:29:59+00:00\",\"mainEntityOfPage\":{\"@id\":\"https:\/\/grotta.is\/handknattleiksdeild\/handboltaskoli-grottu-kr-4\/\"},\"wordCount\":118,\"publisher\":{\"@id\":\"https:\/\/grotta.is\/#organization\"},\"image\":{\"@id\":\"https:\/\/grotta.is\/handknattleiksdeild\/handboltaskoli-grottu-kr-4\/#primaryimage\"},\"thumbnailUrl\":\"https:\/\/grotta.is\/wp-content\/uploads\/2025\/10\/Copy-of-Handboltaskoli-Grottu-2023-2.jpg\",\"keywords\":[\"Handbolti\",\"Yngri flokkar\"],\"articleSection\":[\"Handknattleiksdeild\"],\"inLanguage\":\"en-US\"},{\"@type\":\"WebPage\",\"@id\":\"https:\/\/grotta.is\/handknattleiksdeild\/handboltaskoli-grottu-kr-4\/\",\"url\":\"https:\/\/grotta.is\/handknattleiksdeild\/handboltaskoli-grottu-kr-4\/\",\"name\":\"Handboltask\u00f3li Gr\u00f3ttu\/KR - \u00cd\u00fer\u00f3ttaf\u00e9lagi\u00f0 Gr\u00f3tta\",\"isPartOf\":{\"@id\":\"https:\/\/grotta.is\/#website\"},\"primaryImageOfPage\":{\"@id\":\"https:\/\/grotta.is\/handknattleiksdeild\/handboltaskoli-grottu-kr-4\/#primaryimage\"},\"image\":{\"@id\":\"https:\/\/grotta.is\/handknattleiksdeild\/handboltaskoli-grottu-kr-4\/#primaryimage\"},\"thumbnailUrl\":\"https:\/\/grotta.is\/wp-content\/uploads\/2025\/10\/Copy-of-Handboltaskoli-Grottu-2023-2.jpg\",\"datePublished\":\"2025-10-21T12:29:57+00:00\",\"dateModified\":\"2025-10-21T12:29:59+00:00\",\"breadcrumb\":{\"@id\":\"https:\/\/grotta.is\/handknattleiksdeild\/handboltaskoli-grottu-kr-4\/#breadcrumb\"},\"inLanguage\":\"en-US\",\"potentialAction\":[{\"@type\":\"ReadAction\",\"target\":[\"https:\/\/grotta.is\/handknattleiksdeild\/handboltaskoli-grottu-kr-4\/\"]}]},{\"@type\":\"ImageObject\",\"inLanguage\":\"en-US\",\"@id\":\"https:\/\/grotta.is\/handknattleiksdeild\/handboltaskoli-grottu-kr-4\/#primaryimage\",\"url\":\"https:\/\/grotta.is\/wp-content\/uploads\/2025\/10\/Copy-of-Handboltaskoli-Grottu-2023-2.jpg\",\"contentUrl\":\"https:\/\/grotta.is\/wp-content\/uploads\/2025\/10\/Copy-of-Handboltaskoli-Grottu-2023-2.jpg\",\"width\":1080,\"height\":1080},{\"@type\":\"BreadcrumbList\",\"@id\":\"https:\/\/grotta.is\/handknattleiksdeild\/handboltaskoli-grottu-kr-4\/#breadcrumb\",\"itemListElement\":[{\"@type\":\"ListItem\",\"position\":1,\"name\":\"Home\",\"item\":\"https:\/\/grotta.is\/\"},{\"@type\":\"ListItem\",\"position\":2,\"name\":\"Handboltask\u00f3li Gr\u00f3ttu\/KR\"}]},{\"@type\":\"WebSite\",\"@id\":\"https:\/\/grotta.is\/#website\",\"url\":\"https:\/\/grotta.is\/\",\"name\":\"\u00cd\u00fer\u00f3ttaf\u00e9lagi\u00f0 Gr\u00f3tta\",\"description\":\"\u00e1 Seltjarnarnesi\",\"publisher\":{\"@id\":\"https:\/\/grotta.is\/#organization\"},\"potentialAction\":[{\"@type\":\"SearchAction\",\"target\":{\"@type\":\"EntryPoint\",\"urlTemplate\":\"https:\/\/grotta.is\/?s={search_term_string}\"},\"query-input\":{\"@type\":\"PropertyValueSpecification\",\"valueRequired\":true,\"valueName\":\"search_term_string\"}}],\"inLanguage\":\"en-US\"},{\"@type\":\"Organization\",\"@id\":\"https:\/\/grotta.is\/#organization\",\"name\":\"\u00cd\u00fer\u00f3ttaf\u00e9lagi\u00f0 Gr\u00f3tta\",\"url\":\"https:\/\/grotta.is\/\",\"logo\":{\"@type\":\"ImageObject\",\"inLanguage\":\"en-US\",\"@id\":\"https:\/\/grotta.is\/#\/schema\/logo\/image\/\",\"url\":\"https:\/\/grotta.is\/wp-content\/uploads\/2020\/02\/ithrottafelagidgrotta_logo_512x512_transparent.png\",\"contentUrl\":\"https:\/\/grotta.is\/wp-content\/uploads\/2020\/02\/ithrottafelagidgrotta_logo_512x512_transparent.png\",\"width\":512,\"height\":512,\"caption\":\"\u00cd\u00fer\u00f3ttaf\u00e9lagi\u00f0 Gr\u00f3tta\"},\"image\":{\"@id\":\"https:\/\/grotta.is\/#\/schema\/logo\/image\/\"},\"sameAs\":[\"https:\/\/www.facebook.com\/grottasport\"]},{\"@type\":\"Person\",\"@id\":\"https:\/\/grotta.is\/#\/schema\/person\/b21e9d5dfd92c90211e343e8d7252b1c\",\"name\":\"Andri Sigf\u00fasson\",\"url\":\"https:\/\/grotta.is\/en\/author\/andri\/\"}]}<\/script>\n<!-- \/ Yoast SEO plugin. -->","yoast_head_json":{"title":"Handboltask\u00f3li Gr\u00f3ttu\/KR - \u00cd\u00fer\u00f3ttaf\u00e9lagi\u00f0 Gr\u00f3tta","robots":{"index":"index","follow":"follow","max-snippet":"max-snippet:-1","max-image-preview":"max-image-preview:large","max-video-preview":"max-video-preview:-1"},"canonical":"https:\/\/grotta.is\/en\/handknattleiksdeild\/handboltaskoli-grottu-kr-4\/","og_locale":"en_US","og_type":"article","og_title":"Handboltask\u00f3li Gr\u00f3ttu\/KR - \u00cd\u00fer\u00f3ttaf\u00e9lagi\u00f0 Gr\u00f3tta","og_description":"Handboltask\u00f3li Gr\u00f3ttu\/KR ver\u00f0ur starfr\u00e6ktur \u00ed vetrarleyfinu. Sk\u00f3linn er fyrir krakka \u00ed 1. &#8211; 6.bekk sem eru f\u00e6dd 2014-2019. Sk\u00f3linn hefst kl. 09:00 og honum l\u00fdkur kl. 12:00. Krakkarnir \u00feurfa a\u00f0 [&hellip;]","og_url":"https:\/\/grotta.is\/en\/handknattleiksdeild\/handboltaskoli-grottu-kr-4\/","og_site_name":"\u00cd\u00fer\u00f3ttaf\u00e9lagi\u00f0 Gr\u00f3tta","article_publisher":"https:\/\/www.facebook.com\/grottasport","article_published_time":"2025-10-21T12:29:57+00:00","article_modified_time":"2025-10-21T12:29:59+00:00","og_image":[{"width":1080,"height":1080,"url":"https:\/\/grotta.is\/wp-content\/uploads\/2025\/10\/Copy-of-Handboltaskoli-Grottu-2023-2.jpg","type":"image\/jpeg"}],"author":"Andri Sigf\u00fasson","twitter_card":"summary_large_image","twitter_misc":{"Written by":"Andri Sigf\u00fasson","Est. reading time":"1 minute"},"schema":{"@context":"https:\/\/schema.org","@graph":[{"@type":"Article","@id":"https:\/\/grotta.is\/handknattleiksdeild\/handboltaskoli-grottu-kr-4\/#article","isPartOf":{"@id":"https:\/\/grotta.is\/handknattleiksdeild\/handboltaskoli-grottu-kr-4\/"},"author":{"name":"Andri Sigf\u00fasson","@id":"https:\/\/grotta.is\/#\/schema\/person\/b21e9d5dfd92c90211e343e8d7252b1c"},"headline":"Handboltask\u00f3li Gr\u00f3ttu\/KR","datePublished":"2025-10-21T12:29:57+00:00","dateModified":"2025-10-21T12:29:59+00:00","mainEntityOfPage":{"@id":"https:\/\/grotta.is\/handknattleiksdeild\/handboltaskoli-grottu-kr-4\/"},"wordCount":118,"publisher":{"@id":"https:\/\/grotta.is\/#organization"},"image":{"@id":"https:\/\/grotta.is\/handknattleiksdeild\/handboltaskoli-grottu-kr-4\/#primaryimage"},"thumbnailUrl":"https:\/\/grotta.is\/wp-content\/uploads\/2025\/10\/Copy-of-Handboltaskoli-Grottu-2023-2.jpg","keywords":["Handbolti","Yngri flokkar"],"articleSection":["Handknattleiksdeild"],"inLanguage":"en-US"},{"@type":"WebPage","@id":"https:\/\/grotta.is\/handknattleiksdeild\/handboltaskoli-grottu-kr-4\/","url":"https:\/\/grotta.is\/handknattleiksdeild\/handboltaskoli-grottu-kr-4\/","name":"Handboltask\u00f3li Gr\u00f3ttu\/KR - \u00cd\u00fer\u00f3ttaf\u00e9lagi\u00f0 Gr\u00f3tta","isPartOf":{"@id":"https:\/\/grotta.is\/#website"},"primaryImageOfPage":{"@id":"https:\/\/grotta.is\/handknattleiksdeild\/handboltaskoli-grottu-kr-4\/#primaryimage"},"image":{"@id":"https:\/\/grotta.is\/handknattleiksdeild\/handboltaskoli-grottu-kr-4\/#primaryimage"},"thumbnailUrl":"https:\/\/grotta.is\/wp-content\/uploads\/2025\/10\/Copy-of-Handboltaskoli-Grottu-2023-2.jpg","datePublished":"2025-10-21T12:29:57+00:00","dateModified":"2025-10-21T12:29:59+00:00","breadcrumb":{"@id":"https:\/\/grotta.is\/handknattleiksdeild\/handboltaskoli-grottu-kr-4\/#breadcrumb"},"inLanguage":"en-US","potentialAction":[{"@type":"ReadAction","target":["https:\/\/grotta.is\/handknattleiksdeild\/handboltaskoli-grottu-kr-4\/"]}]},{"@type":"ImageObject","inLanguage":"en-US","@id":"https:\/\/grotta.is\/handknattleiksdeild\/handboltaskoli-grottu-kr-4\/#primaryimage","url":"https:\/\/grotta.is\/wp-content\/uploads\/2025\/10\/Copy-of-Handboltaskoli-Grottu-2023-2.jpg","contentUrl":"https:\/\/grotta.is\/wp-content\/uploads\/2025\/10\/Copy-of-Handboltaskoli-Grottu-2023-2.jpg","width":1080,"height":1080},{"@type":"BreadcrumbList","@id":"https:\/\/grotta.is\/handknattleiksdeild\/handboltaskoli-grottu-kr-4\/#breadcrumb","itemListElement":[{"@type":"ListItem","position":1,"name":"Home","item":"https:\/\/grotta.is\/"},{"@type":"ListItem","position":2,"name":"Handboltask\u00f3li Gr\u00f3ttu\/KR"}]},{"@type":"WebSite","@id":"https:\/\/grotta.is\/#website","url":"https:\/\/grotta.is\/","name":"\u00cd\u00fer\u00f3ttaf\u00e9lagi\u00f0 Gr\u00f3tta","description":"\u00e1 Seltjarnarnesi","publisher":{"@id":"https:\/\/grotta.is\/#organization"},"potentialAction":[{"@type":"SearchAction","target":{"@type":"EntryPoint","urlTemplate":"https:\/\/grotta.is\/?s={search_term_string}"},"query-input":{"@type":"PropertyValueSpecification","valueRequired":true,"valueName":"search_term_string"}}],"inLanguage":"en-US"},{"@type":"Organization","@id":"https:\/\/grotta.is\/#organization","name":"\u00cd\u00fer\u00f3ttaf\u00e9lagi\u00f0 Gr\u00f3tta","url":"https:\/\/grotta.is\/","logo":{"@type":"ImageObject","inLanguage":"en-US","@id":"https:\/\/grotta.is\/#\/schema\/logo\/image\/","url":"https:\/\/grotta.is\/wp-content\/uploads\/2020\/02\/ithrottafelagidgrotta_logo_512x512_transparent.png","contentUrl":"https:\/\/grotta.is\/wp-content\/uploads\/2020\/02\/ithrottafelagidgrotta_logo_512x512_transparent.png","width":512,"height":512,"caption":"\u00cd\u00fer\u00f3ttaf\u00e9lagi\u00f0 Gr\u00f3tta"},"image":{"@id":"https:\/\/grotta.is\/#\/schema\/logo\/image\/"},"sameAs":["https:\/\/www.facebook.com\/grottasport"]},{"@type":"Person","@id":"https:\/\/grotta.is\/#\/schema\/person\/b21e9d5dfd92c90211e343e8d7252b1c","name":"Andri Sigf\u00fasson","url":"https:\/\/grotta.is\/en\/author\/andri\/"}]}},"_links":{"self":[{"href":"https:\/\/grotta.is\/en\/wp-json\/wp\/v2\/posts\/575721","targetHints":{"allow":["GET"]}}],"collection":[{"href":"https:\/\/grotta.is\/en\/wp-json\/wp\/v2\/posts"}],"about":[{"href":"https:\/\/grotta.is\/en\/wp-json\/wp\/v2\/types\/post"}],"author":[{"embeddable":true,"href":"https:\/\/grotta.is\/en\/wp-json\/wp\/v2\/users\/10"}],"replies":[{"embeddable":true,"href":"https:\/\/grotta.is\/en\/wp-json\/wp\/v2\/comments?post=575721"}],"version-history":[{"count":1,"href":"https:\/\/grotta.is\/en\/wp-json\/wp\/v2\/posts\/575721\/revisions"}],"predecessor-version":[{"id":575723,"href":"https:\/\/grotta.is\/en\/wp-json\/wp\/v2\/posts\/575721\/revisions\/575723"}],"wp:featuredmedia":[{"embeddable":true,"href":"https:\/\/grotta.is\/en\/wp-json\/wp\/v2\/media\/575722"}],"wp:attachment":[{"href":"https:\/\/grotta.is\/en\/wp-json\/wp\/v2\/media?parent=575721"}],"wp:term":[{"taxonomy":"category","embeddable":true,"href":"https:\/\/grotta.is\/en\/wp-json\/wp\/v2\/categories?post=575721"},{"taxonomy":"post_tag","embeddable":true,"href":"https:\/\/grotta.is\/en\/wp-json\/wp\/v2\/tags?post=575721"}],"curies":[{"name":"wp","href":"https:\/\/api.w.org\/{rel}","templated":true}]}}