{"id":575461,"date":"2025-08-08T13:56:56","date_gmt":"2025-08-08T13:56:56","guid":{"rendered":"https:\/\/grotta.is\/?p=575461"},"modified":"2025-09-10T11:11:54","modified_gmt":"2025-09-10T11:11:54","slug":"agusta-edda-leidir-fimleikadeild-grottu","status":"publish","type":"post","link":"https:\/\/grotta.is\/en\/almennt\/agusta-edda-leidir-fimleikadeild-grottu\/","title":{"rendered":"\u00c1g\u00fasta Edda lei\u00f0ir Fimleikadeild Gr\u00f3ttu"},"content":{"rendered":"<p>\u00c1g\u00fasta Edda Bj\u00f6rnsd\u00f3ttir hefur veri\u00f0 r\u00e1\u00f0in sem framkv\u00e6mdastj\u00f3ri Fimleikadeildar Gr\u00f3ttu og hefur teki\u00f0 til starfa.<\/p><p>\u00c1g\u00fasta Edda kemur til Gr\u00f3ttu fr\u00e1 Sidekick Health \u00fear sem h\u00fan hefur starfa\u00f0 vi\u00f0 verkefnast\u00fdringu og notendaranns\u00f3knir s\u00ed\u00f0ustu fj\u00f6gur \u00e1r. \u00c1\u00f0ur starfa\u00f0i h\u00fan hj\u00e1 F\u00e9lagsv\u00edsindastofnun \u00ed 10 \u00e1r sem verkefnastj\u00f3ri vi\u00f0 ranns\u00f3knir, r\u00fdnih\u00f3pa, kannanir og vi\u00f0t\u00f6l. \u00c1g\u00fasta Edda hefur einnig sinnt stundakennslu \u00ed \u00ed\u00fer\u00f3ttaf\u00e9lagsfr\u00e6\u00f0i vi\u00f0 b\u00e6\u00f0i H\u00cd og HR. H\u00fan hefur ennfremur yfirgripsmikla reynslu af \u00fej\u00e1lfun \u00fevert \u00e1 \u00ed\u00fer\u00f3ttagreinar. \u00c1g\u00fasta Edda \u00fej\u00e1lfa\u00f0i fimleika hj\u00e1 Gr\u00f3ttu, var yfir\u00fej\u00e1lfari yngri flokka Vals \u00ed handbolta um \u00e1rabil og er enn a\u00f0 \u00fej\u00e1lfa hj\u00f3lrei\u00f0ar hj\u00e1 Hreyfingu, World Class og utandyra me\u00f0 Tindi. \u00c1g\u00fasta Edda er me\u00f0 MA-gr\u00e1\u00f0u \u00ed f\u00e9lagsfr\u00e6\u00f0i fr\u00e1 H\u00cd og B.sc. \u00ed f\u00e9lagsfr\u00e6\u00f0i og vi\u00f0skiptafr\u00e6\u00f0i fr\u00e1 sama sk\u00f3la.&nbsp;<\/p><p>Margir \u00feekkja \u00c1g\u00fastu Eddu sem afreks\u00ed\u00fer\u00f3ttakonu \u00ed fimleikum, handbolta, hj\u00f3lrei\u00f0um og n\u00fa n\u00fdlega \u00ed hlaupum. \u00c1g\u00fasta Edda byrja\u00f0i \u00ed fimleikum 8 \u00e1ra g\u00f6mul \u00feegar Fimleikadeild Gr\u00f3ttu var stofnu\u00f0, var \u00ed fyrsta keppnish\u00f3p f\u00e9lagsins og var valin \u00ed landsli\u00f0i\u00f0. Handboltinn \u00e1tti s\u00ed\u00f0ar hug hennar allan og spila\u00f0i h\u00fan me\u00f0 U-18 \u00e1ra og A-landsli\u00f0um um \u00e1rabil. S\u00ed\u00f0ustu 10 \u00e1r hefur \u00c1g\u00fasta Edda stunda\u00f0 hj\u00f3lrei\u00f0ar af kappi, veri\u00f0 \u00ed landsli\u00f0inu og keppt \u00e1 \u00feremur heimsmeistaram\u00f3tum. N\u00fa er hlaupin \u00ed hana \u00e1hugi fyrir hlaupum og vi\u00f0 hl\u00f6kkum til a\u00f0 fylgjast me\u00f0 afrekum hennar \u00e1 \u00fev\u00ed svi\u00f0i.&nbsp;<\/p><p>\u00c1g\u00fasta Edda b\u00fdr \u00ed Gar\u00f0ab\u00e6 og \u00e1 \u00ferj\u00e1 syni sem hafa allir stunda\u00f0 \u00ed\u00fer\u00f3ttir af kappi hj\u00e1 Stj\u00f6rnunni og yngri landsli\u00f0um. H\u00fan hefur einnig seti\u00f0 \u00ed stj\u00f3rn Barna-og unglingar\u00e1\u00f0s Stj\u00f6rnunnar. \u00c1g\u00fasta Edda b\u00fdr \u00feannig yfir v\u00ed\u00f0t\u00e6kri reynslu af \u00ed\u00fer\u00f3ttastarfi og afreks\u00fej\u00e1lfun barna sem i\u00f0kandi, foreldri og \u00fej\u00e1lfari. Vi\u00f0 bj\u00f3\u00f0um \u00c1g\u00fastu Eddu hjartanlega velkomna til starfa heim \u00e1 Seltjarnarnesi\u00f0 og erum sannf\u00e6r\u00f0 um a\u00f0 \u00fearna fari mikill li\u00f0styrkur fyrir Gr\u00f3ttu og Fimleikadeildina.<\/p>","protected":false},"excerpt":{"rendered":"<p>\u00c1g\u00fasta Edda Bj\u00f6rnsd\u00f3ttir hefur veri\u00f0 r\u00e1\u00f0in sem framkv\u00e6mdastj\u00f3ri Fimleikadeildar Gr\u00f3ttu og hefur teki\u00f0 til starfa. \u00c1g\u00fasta Edda kemur til Gr\u00f3ttu fr\u00e1 Sidekick Health \u00fear sem h\u00fan hefur starfa\u00f0 vi\u00f0 verkefnast\u00fdringu [&hellip;]<\/p>","protected":false},"author":22,"featured_media":575472,"comment_status":"closed","ping_status":"closed","sticky":false,"template":"","format":"standard","meta":{"footnotes":""},"categories":[4,9],"tags":[11],"class_list":["post-575461","post","type-post","status-publish","format-standard","has-post-thumbnail","hentry","category-almennt","category-fimleikadeild","tag-fimleikar"],"yoast_head":"<!-- This site is optimized with the Yoast SEO plugin v24.3 - https:\/\/yoast.com\/wordpress\/plugins\/seo\/ -->\n<title>\u00c1g\u00fasta Edda lei\u00f0ir Fimleikadeild Gr\u00f3ttu - \u00cd\u00fer\u00f3ttaf\u00e9lagi\u00f0 Gr\u00f3tta<\/title>\n<meta name=\"robots\" content=\"index, follow, max-snippet:-1, max-image-preview:large, max-video-preview:-1\" \/>\n<link rel=\"canonical\" href=\"https:\/\/grotta.is\/en\/almennt\/agusta-edda-leidir-fimleikadeild-grottu\/\" \/>\n<meta property=\"og:locale\" content=\"en_US\" \/>\n<meta property=\"og:type\" content=\"article\" \/>\n<meta property=\"og:title\" content=\"\u00c1g\u00fasta Edda lei\u00f0ir Fimleikadeild Gr\u00f3ttu - \u00cd\u00fer\u00f3ttaf\u00e9lagi\u00f0 Gr\u00f3tta\" \/>\n<meta property=\"og:description\" content=\"\u00c1g\u00fasta Edda Bj\u00f6rnsd\u00f3ttir hefur veri\u00f0 r\u00e1\u00f0in sem framkv\u00e6mdastj\u00f3ri Fimleikadeildar Gr\u00f3ttu og hefur teki\u00f0 til starfa. \u00c1g\u00fasta Edda kemur til Gr\u00f3ttu fr\u00e1 Sidekick Health \u00fear sem h\u00fan hefur starfa\u00f0 vi\u00f0 verkefnast\u00fdringu [&hellip;]\" \/>\n<meta property=\"og:url\" content=\"https:\/\/grotta.is\/en\/almennt\/agusta-edda-leidir-fimleikadeild-grottu\/\" \/>\n<meta property=\"og:site_name\" content=\"\u00cd\u00fer\u00f3ttaf\u00e9lagi\u00f0 Gr\u00f3tta\" \/>\n<meta property=\"article:publisher\" content=\"https:\/\/www.facebook.com\/grottasport\" \/>\n<meta property=\"article:published_time\" content=\"2025-08-08T13:56:56+00:00\" \/>\n<meta property=\"article:modified_time\" content=\"2025-09-10T11:11:54+00:00\" \/>\n<meta property=\"og:image\" content=\"https:\/\/grotta.is\/wp-content\/uploads\/2025\/08\/profill-Solir.jpg\" \/>\n\t<meta property=\"og:image:width\" content=\"1179\" \/>\n\t<meta property=\"og:image:height\" content=\"1168\" \/>\n\t<meta property=\"og:image:type\" content=\"image\/jpeg\" \/>\n<meta name=\"author\" content=\"Erlendurg\" \/>\n<meta name=\"twitter:card\" content=\"summary_large_image\" \/>\n<meta name=\"twitter:label1\" content=\"Written by\" \/>\n\t<meta name=\"twitter:data1\" content=\"Erlendurg\" \/>\n\t<meta name=\"twitter:label2\" content=\"Est. reading time\" \/>\n\t<meta name=\"twitter:data2\" content=\"2 minutes\" \/>\n<script type=\"application\/ld+json\" class=\"yoast-schema-graph\">{\"@context\":\"https:\/\/schema.org\",\"@graph\":[{\"@type\":\"Article\",\"@id\":\"https:\/\/grotta.is\/almennt\/agusta-edda-leidir-fimleikadeild-grottu\/#article\",\"isPartOf\":{\"@id\":\"https:\/\/grotta.is\/almennt\/agusta-edda-leidir-fimleikadeild-grottu\/\"},\"author\":{\"name\":\"Erlendurg\",\"@id\":\"https:\/\/grotta.is\/#\/schema\/person\/9199dde027a122eaa3954e45f4ea7262\"},\"headline\":\"\u00c1g\u00fasta Edda lei\u00f0ir Fimleikadeild Gr\u00f3ttu\",\"datePublished\":\"2025-08-08T13:56:56+00:00\",\"dateModified\":\"2025-09-10T11:11:54+00:00\",\"mainEntityOfPage\":{\"@id\":\"https:\/\/grotta.is\/almennt\/agusta-edda-leidir-fimleikadeild-grottu\/\"},\"wordCount\":372,\"publisher\":{\"@id\":\"https:\/\/grotta.is\/#organization\"},\"image\":{\"@id\":\"https:\/\/grotta.is\/almennt\/agusta-edda-leidir-fimleikadeild-grottu\/#primaryimage\"},\"thumbnailUrl\":\"https:\/\/grotta.is\/wp-content\/uploads\/2025\/08\/profill-Solir.jpg\",\"keywords\":[\"Fimleikar\"],\"articleSection\":[\"Almennt\",\"Fimleikadeild\"],\"inLanguage\":\"en-US\"},{\"@type\":\"WebPage\",\"@id\":\"https:\/\/grotta.is\/almennt\/agusta-edda-leidir-fimleikadeild-grottu\/\",\"url\":\"https:\/\/grotta.is\/almennt\/agusta-edda-leidir-fimleikadeild-grottu\/\",\"name\":\"\u00c1g\u00fasta Edda lei\u00f0ir Fimleikadeild Gr\u00f3ttu - \u00cd\u00fer\u00f3ttaf\u00e9lagi\u00f0 Gr\u00f3tta\",\"isPartOf\":{\"@id\":\"https:\/\/grotta.is\/#website\"},\"primaryImageOfPage\":{\"@id\":\"https:\/\/grotta.is\/almennt\/agusta-edda-leidir-fimleikadeild-grottu\/#primaryimage\"},\"image\":{\"@id\":\"https:\/\/grotta.is\/almennt\/agusta-edda-leidir-fimleikadeild-grottu\/#primaryimage\"},\"thumbnailUrl\":\"https:\/\/grotta.is\/wp-content\/uploads\/2025\/08\/profill-Solir.jpg\",\"datePublished\":\"2025-08-08T13:56:56+00:00\",\"dateModified\":\"2025-09-10T11:11:54+00:00\",\"breadcrumb\":{\"@id\":\"https:\/\/grotta.is\/almennt\/agusta-edda-leidir-fimleikadeild-grottu\/#breadcrumb\"},\"inLanguage\":\"en-US\",\"potentialAction\":[{\"@type\":\"ReadAction\",\"target\":[\"https:\/\/grotta.is\/almennt\/agusta-edda-leidir-fimleikadeild-grottu\/\"]}]},{\"@type\":\"ImageObject\",\"inLanguage\":\"en-US\",\"@id\":\"https:\/\/grotta.is\/almennt\/agusta-edda-leidir-fimleikadeild-grottu\/#primaryimage\",\"url\":\"https:\/\/grotta.is\/wp-content\/uploads\/2025\/08\/profill-Solir.jpg\",\"contentUrl\":\"https:\/\/grotta.is\/wp-content\/uploads\/2025\/08\/profill-Solir.jpg\",\"width\":1179,\"height\":1168},{\"@type\":\"BreadcrumbList\",\"@id\":\"https:\/\/grotta.is\/almennt\/agusta-edda-leidir-fimleikadeild-grottu\/#breadcrumb\",\"itemListElement\":[{\"@type\":\"ListItem\",\"position\":1,\"name\":\"Home\",\"item\":\"https:\/\/grotta.is\/\"},{\"@type\":\"ListItem\",\"position\":2,\"name\":\"\u00c1g\u00fasta Edda lei\u00f0ir Fimleikadeild Gr\u00f3ttu\"}]},{\"@type\":\"WebSite\",\"@id\":\"https:\/\/grotta.is\/#website\",\"url\":\"https:\/\/grotta.is\/\",\"name\":\"\u00cd\u00fer\u00f3ttaf\u00e9lagi\u00f0 Gr\u00f3tta\",\"description\":\"\u00e1 Seltjarnarnesi\",\"publisher\":{\"@id\":\"https:\/\/grotta.is\/#organization\"},\"potentialAction\":[{\"@type\":\"SearchAction\",\"target\":{\"@type\":\"EntryPoint\",\"urlTemplate\":\"https:\/\/grotta.is\/?s={search_term_string}\"},\"query-input\":{\"@type\":\"PropertyValueSpecification\",\"valueRequired\":true,\"valueName\":\"search_term_string\"}}],\"inLanguage\":\"en-US\"},{\"@type\":\"Organization\",\"@id\":\"https:\/\/grotta.is\/#organization\",\"name\":\"\u00cd\u00fer\u00f3ttaf\u00e9lagi\u00f0 Gr\u00f3tta\",\"url\":\"https:\/\/grotta.is\/\",\"logo\":{\"@type\":\"ImageObject\",\"inLanguage\":\"en-US\",\"@id\":\"https:\/\/grotta.is\/#\/schema\/logo\/image\/\",\"url\":\"https:\/\/grotta.is\/wp-content\/uploads\/2020\/02\/ithrottafelagidgrotta_logo_512x512_transparent.png\",\"contentUrl\":\"https:\/\/grotta.is\/wp-content\/uploads\/2020\/02\/ithrottafelagidgrotta_logo_512x512_transparent.png\",\"width\":512,\"height\":512,\"caption\":\"\u00cd\u00fer\u00f3ttaf\u00e9lagi\u00f0 Gr\u00f3tta\"},\"image\":{\"@id\":\"https:\/\/grotta.is\/#\/schema\/logo\/image\/\"},\"sameAs\":[\"https:\/\/www.facebook.com\/grottasport\"]},{\"@type\":\"Person\",\"@id\":\"https:\/\/grotta.is\/#\/schema\/person\/9199dde027a122eaa3954e45f4ea7262\",\"name\":\"Erlendurg\",\"url\":\"https:\/\/grotta.is\/en\/author\/erlendurg\/\"}]}<\/script>\n<!-- \/ Yoast SEO plugin. -->","yoast_head_json":{"title":"\u00c1g\u00fasta Edda lei\u00f0ir Fimleikadeild Gr\u00f3ttu - \u00cd\u00fer\u00f3ttaf\u00e9lagi\u00f0 Gr\u00f3tta","robots":{"index":"index","follow":"follow","max-snippet":"max-snippet:-1","max-image-preview":"max-image-preview:large","max-video-preview":"max-video-preview:-1"},"canonical":"https:\/\/grotta.is\/en\/almennt\/agusta-edda-leidir-fimleikadeild-grottu\/","og_locale":"en_US","og_type":"article","og_title":"\u00c1g\u00fasta Edda lei\u00f0ir Fimleikadeild Gr\u00f3ttu - \u00cd\u00fer\u00f3ttaf\u00e9lagi\u00f0 Gr\u00f3tta","og_description":"\u00c1g\u00fasta Edda Bj\u00f6rnsd\u00f3ttir hefur veri\u00f0 r\u00e1\u00f0in sem framkv\u00e6mdastj\u00f3ri Fimleikadeildar Gr\u00f3ttu og hefur teki\u00f0 til starfa. \u00c1g\u00fasta Edda kemur til Gr\u00f3ttu fr\u00e1 Sidekick Health \u00fear sem h\u00fan hefur starfa\u00f0 vi\u00f0 verkefnast\u00fdringu [&hellip;]","og_url":"https:\/\/grotta.is\/en\/almennt\/agusta-edda-leidir-fimleikadeild-grottu\/","og_site_name":"\u00cd\u00fer\u00f3ttaf\u00e9lagi\u00f0 Gr\u00f3tta","article_publisher":"https:\/\/www.facebook.com\/grottasport","article_published_time":"2025-08-08T13:56:56+00:00","article_modified_time":"2025-09-10T11:11:54+00:00","og_image":[{"width":1179,"height":1168,"url":"https:\/\/grotta.is\/wp-content\/uploads\/2025\/08\/profill-Solir.jpg","type":"image\/jpeg"}],"author":"Erlendurg","twitter_card":"summary_large_image","twitter_misc":{"Written by":"Erlendurg","Est. reading time":"2 minutes"},"schema":{"@context":"https:\/\/schema.org","@graph":[{"@type":"Article","@id":"https:\/\/grotta.is\/almennt\/agusta-edda-leidir-fimleikadeild-grottu\/#article","isPartOf":{"@id":"https:\/\/grotta.is\/almennt\/agusta-edda-leidir-fimleikadeild-grottu\/"},"author":{"name":"Erlendurg","@id":"https:\/\/grotta.is\/#\/schema\/person\/9199dde027a122eaa3954e45f4ea7262"},"headline":"\u00c1g\u00fasta Edda lei\u00f0ir Fimleikadeild Gr\u00f3ttu","datePublished":"2025-08-08T13:56:56+00:00","dateModified":"2025-09-10T11:11:54+00:00","mainEntityOfPage":{"@id":"https:\/\/grotta.is\/almennt\/agusta-edda-leidir-fimleikadeild-grottu\/"},"wordCount":372,"publisher":{"@id":"https:\/\/grotta.is\/#organization"},"image":{"@id":"https:\/\/grotta.is\/almennt\/agusta-edda-leidir-fimleikadeild-grottu\/#primaryimage"},"thumbnailUrl":"https:\/\/grotta.is\/wp-content\/uploads\/2025\/08\/profill-Solir.jpg","keywords":["Fimleikar"],"articleSection":["Almennt","Fimleikadeild"],"inLanguage":"en-US"},{"@type":"WebPage","@id":"https:\/\/grotta.is\/almennt\/agusta-edda-leidir-fimleikadeild-grottu\/","url":"https:\/\/grotta.is\/almennt\/agusta-edda-leidir-fimleikadeild-grottu\/","name":"\u00c1g\u00fasta Edda lei\u00f0ir Fimleikadeild Gr\u00f3ttu - \u00cd\u00fer\u00f3ttaf\u00e9lagi\u00f0 Gr\u00f3tta","isPartOf":{"@id":"https:\/\/grotta.is\/#website"},"primaryImageOfPage":{"@id":"https:\/\/grotta.is\/almennt\/agusta-edda-leidir-fimleikadeild-grottu\/#primaryimage"},"image":{"@id":"https:\/\/grotta.is\/almennt\/agusta-edda-leidir-fimleikadeild-grottu\/#primaryimage"},"thumbnailUrl":"https:\/\/grotta.is\/wp-content\/uploads\/2025\/08\/profill-Solir.jpg","datePublished":"2025-08-08T13:56:56+00:00","dateModified":"2025-09-10T11:11:54+00:00","breadcrumb":{"@id":"https:\/\/grotta.is\/almennt\/agusta-edda-leidir-fimleikadeild-grottu\/#breadcrumb"},"inLanguage":"en-US","potentialAction":[{"@type":"ReadAction","target":["https:\/\/grotta.is\/almennt\/agusta-edda-leidir-fimleikadeild-grottu\/"]}]},{"@type":"ImageObject","inLanguage":"en-US","@id":"https:\/\/grotta.is\/almennt\/agusta-edda-leidir-fimleikadeild-grottu\/#primaryimage","url":"https:\/\/grotta.is\/wp-content\/uploads\/2025\/08\/profill-Solir.jpg","contentUrl":"https:\/\/grotta.is\/wp-content\/uploads\/2025\/08\/profill-Solir.jpg","width":1179,"height":1168},{"@type":"BreadcrumbList","@id":"https:\/\/grotta.is\/almennt\/agusta-edda-leidir-fimleikadeild-grottu\/#breadcrumb","itemListElement":[{"@type":"ListItem","position":1,"name":"Home","item":"https:\/\/grotta.is\/"},{"@type":"ListItem","position":2,"name":"\u00c1g\u00fasta Edda lei\u00f0ir Fimleikadeild Gr\u00f3ttu"}]},{"@type":"WebSite","@id":"https:\/\/grotta.is\/#website","url":"https:\/\/grotta.is\/","name":"\u00cd\u00fer\u00f3ttaf\u00e9lagi\u00f0 Gr\u00f3tta","description":"\u00e1 Seltjarnarnesi","publisher":{"@id":"https:\/\/grotta.is\/#organization"},"potentialAction":[{"@type":"SearchAction","target":{"@type":"EntryPoint","urlTemplate":"https:\/\/grotta.is\/?s={search_term_string}"},"query-input":{"@type":"PropertyValueSpecification","valueRequired":true,"valueName":"search_term_string"}}],"inLanguage":"en-US"},{"@type":"Organization","@id":"https:\/\/grotta.is\/#organization","name":"\u00cd\u00fer\u00f3ttaf\u00e9lagi\u00f0 Gr\u00f3tta","url":"https:\/\/grotta.is\/","logo":{"@type":"ImageObject","inLanguage":"en-US","@id":"https:\/\/grotta.is\/#\/schema\/logo\/image\/","url":"https:\/\/grotta.is\/wp-content\/uploads\/2020\/02\/ithrottafelagidgrotta_logo_512x512_transparent.png","contentUrl":"https:\/\/grotta.is\/wp-content\/uploads\/2020\/02\/ithrottafelagidgrotta_logo_512x512_transparent.png","width":512,"height":512,"caption":"\u00cd\u00fer\u00f3ttaf\u00e9lagi\u00f0 Gr\u00f3tta"},"image":{"@id":"https:\/\/grotta.is\/#\/schema\/logo\/image\/"},"sameAs":["https:\/\/www.facebook.com\/grottasport"]},{"@type":"Person","@id":"https:\/\/grotta.is\/#\/schema\/person\/9199dde027a122eaa3954e45f4ea7262","name":"Erlendurg","url":"https:\/\/grotta.is\/en\/author\/erlendurg\/"}]}},"_links":{"self":[{"href":"https:\/\/grotta.is\/en\/wp-json\/wp\/v2\/posts\/575461","targetHints":{"allow":["GET"]}}],"collection":[{"href":"https:\/\/grotta.is\/en\/wp-json\/wp\/v2\/posts"}],"about":[{"href":"https:\/\/grotta.is\/en\/wp-json\/wp\/v2\/types\/post"}],"author":[{"embeddable":true,"href":"https:\/\/grotta.is\/en\/wp-json\/wp\/v2\/users\/22"}],"replies":[{"embeddable":true,"href":"https:\/\/grotta.is\/en\/wp-json\/wp\/v2\/comments?post=575461"}],"version-history":[{"count":1,"href":"https:\/\/grotta.is\/en\/wp-json\/wp\/v2\/posts\/575461\/revisions"}],"predecessor-version":[{"id":575462,"href":"https:\/\/grotta.is\/en\/wp-json\/wp\/v2\/posts\/575461\/revisions\/575462"}],"wp:featuredmedia":[{"embeddable":true,"href":"https:\/\/grotta.is\/en\/wp-json\/wp\/v2\/media\/575472"}],"wp:attachment":[{"href":"https:\/\/grotta.is\/en\/wp-json\/wp\/v2\/media?parent=575461"}],"wp:term":[{"taxonomy":"category","embeddable":true,"href":"https:\/\/grotta.is\/en\/wp-json\/wp\/v2\/categories?post=575461"},{"taxonomy":"post_tag","embeddable":true,"href":"https:\/\/grotta.is\/en\/wp-json\/wp\/v2\/tags?post=575461"}],"curies":[{"name":"wp","href":"https:\/\/api.w.org\/{rel}","templated":true}]}}