{"id":575360,"date":"2025-06-26T15:11:45","date_gmt":"2025-06-26T15:11:45","guid":{"rendered":"https:\/\/grotta.is\/?p=575360"},"modified":"2025-06-26T15:11:50","modified_gmt":"2025-06-26T15:11:50","slug":"handboltaskoli-grottu-kr-3","status":"publish","type":"post","link":"https:\/\/grotta.is\/en\/almennt\/handboltaskoli-grottu-kr-3\/","title":{"rendered":"Handboltask\u00f3li Gr\u00f3ttu\/KR"},"content":{"rendered":"<p><a><\/a>L\u00edkt og seinustu \u00e1r munum vi\u00f0 vera me\u00f0 Handboltask\u00f3la Gr\u00f3ttu\/KR \u00ed fj\u00f3rar vikur, 28.j\u00fal\u00ed &#8211; 21.\u00e1g\u00fast. H\u00e6gt ver\u00f0ur a\u00f0 skr\u00e1 sig \u00e1 stakar vikur en \u00fea\u00f0 er einnig h\u00e6gt a\u00f0 skr\u00e1 sig \u00e1 \u00f6ll n\u00e1mskei\u00f0in. \u00d6ll skr\u00e1ning \u00e1 n\u00e1mskei\u00f0i\u00f0 fer fram \u00ed Abler.<\/p><p>Sk\u00f3linn er fyrir krakka f. 2014-2019 e\u00f0a \u00feau sem ver\u00f0a \u00ed 1. &#8211; 6.bekk n\u00e6sta vetur. Kr\u00f6kkunum ver\u00f0ur skipt upp eftir aldri \u00feannig a\u00f0 \u00f6ll nj\u00f3ti s\u00edn sem best. Byrjendur jafnt sem lengra komin eru velkomin. Krakkarnir eru be\u00f0nir um a\u00f0 taka me\u00f0 s\u00e9r nesti.<\/p><p>N\u00e1mskei\u00f0i\u00f0 er fr\u00e1 kl. 9:00-12:00 en vi\u00f0 bj\u00f3\u00f0um upp \u00e1 g\u00e6slu fr\u00e1 kl. 8:00-9:00 og s\u00ed\u00f0an aftur 12:00-13:00. G\u00e6slan kostar 2000kr. N\u00e1mskei\u00f0i\u00f0 fer fram \u00ed Hertz-h\u00f6llinni \u00e1 Seltjarnarnesi.<\/p><p>Vi\u00f0 bj\u00f3\u00f0um einnig upp \u00e1 Afrekssk\u00f3la Gr\u00f3ttu\/KR sem er fyrir i\u00f0kendur \u00ed 7. &#8211; 10.bekk n\u00e6sta vetur, f. 2010-2013. Afrekssk\u00f3linn er kl. 13:00-14:15.<\/p><p>Sk\u00f3lastj\u00f3ri \u00e1 n\u00e1mskei\u00f0inu er Patrekur P\u00e9tursson Sanko en auk hans ver\u00f0a \u00fej\u00e1lfarar f\u00e9lagsins og g\u00f3\u00f0ir gestir.<\/p><p><img fetchpriority=\"high\" decoding=\"async\" width=\"600\" height=\"600\" class=\"wp-image-575362\" style=\"width: 600px;\" src=\"https:\/\/grotta.is\/wp-content\/uploads\/2025\/06\/Handboltaskoli-GrottuKR-2.png\" alt=\"\" srcset=\"https:\/\/grotta.is\/wp-content\/uploads\/2025\/06\/Handboltaskoli-GrottuKR-2.png 1080w, https:\/\/grotta.is\/wp-content\/uploads\/2025\/06\/Handboltaskoli-GrottuKR-2-300x300.png 300w, https:\/\/grotta.is\/wp-content\/uploads\/2025\/06\/Handboltaskoli-GrottuKR-2-1024x1024.png 1024w, https:\/\/grotta.is\/wp-content\/uploads\/2025\/06\/Handboltaskoli-GrottuKR-2-150x150.png 150w, https:\/\/grotta.is\/wp-content\/uploads\/2025\/06\/Handboltaskoli-GrottuKR-2-768x768.png 768w, https:\/\/grotta.is\/wp-content\/uploads\/2025\/06\/Handboltaskoli-GrottuKR-2-12x12.png 12w, https:\/\/grotta.is\/wp-content\/uploads\/2025\/06\/Handboltaskoli-GrottuKR-2-500x500.png 500w, https:\/\/grotta.is\/wp-content\/uploads\/2025\/06\/Handboltaskoli-GrottuKR-2-600x600.png 600w, https:\/\/grotta.is\/wp-content\/uploads\/2025\/06\/Handboltaskoli-GrottuKR-2-100x100.png 100w\" sizes=\"(max-width: 600px) 100vw, 600px\" \/><\/p><p><img decoding=\"async\" width=\"600\" height=\"600\" class=\"wp-image-575361 lazyload\" style=\"--smush-placeholder-width: 600px; --smush-placeholder-aspect-ratio: 600\/600;width: 600px;\" data-src=\"https:\/\/grotta.is\/wp-content\/uploads\/2025\/06\/Afreksskoli-GrottuKR-1.png\" alt=\"\" data-srcset=\"https:\/\/grotta.is\/wp-content\/uploads\/2025\/06\/Afreksskoli-GrottuKR-1.png 1080w, https:\/\/grotta.is\/wp-content\/uploads\/2025\/06\/Afreksskoli-GrottuKR-1-300x300.png 300w, https:\/\/grotta.is\/wp-content\/uploads\/2025\/06\/Afreksskoli-GrottuKR-1-1024x1024.png 1024w, https:\/\/grotta.is\/wp-content\/uploads\/2025\/06\/Afreksskoli-GrottuKR-1-150x150.png 150w, https:\/\/grotta.is\/wp-content\/uploads\/2025\/06\/Afreksskoli-GrottuKR-1-768x768.png 768w, https:\/\/grotta.is\/wp-content\/uploads\/2025\/06\/Afreksskoli-GrottuKR-1-12x12.png 12w, https:\/\/grotta.is\/wp-content\/uploads\/2025\/06\/Afreksskoli-GrottuKR-1-500x500.png 500w, https:\/\/grotta.is\/wp-content\/uploads\/2025\/06\/Afreksskoli-GrottuKR-1-600x600.png 600w, https:\/\/grotta.is\/wp-content\/uploads\/2025\/06\/Afreksskoli-GrottuKR-1-100x100.png 100w\" data-sizes=\"(max-width: 600px) 100vw, 600px\" src=\"data:image\/gif;base64,R0lGODlhAQABAAAAACH5BAEKAAEALAAAAAABAAEAAAICTAEAOw==\" \/><\/p><p><\/p><p><\/p>","protected":false},"excerpt":{"rendered":"<p>L\u00edkt og seinustu \u00e1r munum vi\u00f0 vera me\u00f0 Handboltask\u00f3la Gr\u00f3ttu\/KR \u00ed fj\u00f3rar vikur, 28.j\u00fal\u00ed &#8211; 21.\u00e1g\u00fast. H\u00e6gt ver\u00f0ur a\u00f0 skr\u00e1 sig \u00e1 stakar vikur en \u00fea\u00f0 er einnig h\u00e6gt a\u00f0 [&hellip;]<\/p>","protected":false},"author":10,"featured_media":575362,"comment_status":"closed","ping_status":"closed","sticky":false,"template":"","format":"standard","meta":{"footnotes":""},"categories":[4],"tags":[],"class_list":["post-575360","post","type-post","status-publish","format-standard","has-post-thumbnail","hentry","category-almennt"],"yoast_head":"<!-- This site is optimized with the Yoast SEO plugin v24.3 - https:\/\/yoast.com\/wordpress\/plugins\/seo\/ -->\n<title>Handboltask\u00f3li Gr\u00f3ttu\/KR - \u00cd\u00fer\u00f3ttaf\u00e9lagi\u00f0 Gr\u00f3tta<\/title>\n<meta name=\"robots\" content=\"index, follow, max-snippet:-1, max-image-preview:large, max-video-preview:-1\" \/>\n<link rel=\"canonical\" href=\"https:\/\/grotta.is\/en\/almennt\/handboltaskoli-grottu-kr-3\/\" \/>\n<meta property=\"og:locale\" content=\"en_US\" \/>\n<meta property=\"og:type\" content=\"article\" \/>\n<meta property=\"og:title\" content=\"Handboltask\u00f3li Gr\u00f3ttu\/KR - \u00cd\u00fer\u00f3ttaf\u00e9lagi\u00f0 Gr\u00f3tta\" \/>\n<meta property=\"og:description\" content=\"L\u00edkt og seinustu \u00e1r munum vi\u00f0 vera me\u00f0 Handboltask\u00f3la Gr\u00f3ttu\/KR \u00ed fj\u00f3rar vikur, 28.j\u00fal\u00ed &#8211; 21.\u00e1g\u00fast. H\u00e6gt ver\u00f0ur a\u00f0 skr\u00e1 sig \u00e1 stakar vikur en \u00fea\u00f0 er einnig h\u00e6gt a\u00f0 [&hellip;]\" \/>\n<meta property=\"og:url\" content=\"https:\/\/grotta.is\/en\/almennt\/handboltaskoli-grottu-kr-3\/\" \/>\n<meta property=\"og:site_name\" content=\"\u00cd\u00fer\u00f3ttaf\u00e9lagi\u00f0 Gr\u00f3tta\" \/>\n<meta property=\"article:publisher\" content=\"https:\/\/www.facebook.com\/grottasport\" \/>\n<meta property=\"article:published_time\" content=\"2025-06-26T15:11:45+00:00\" \/>\n<meta property=\"article:modified_time\" content=\"2025-06-26T15:11:50+00:00\" \/>\n<meta property=\"og:image\" content=\"https:\/\/grotta.is\/wp-content\/uploads\/2025\/06\/Handboltaskoli-GrottuKR-2.png\" \/>\n\t<meta property=\"og:image:width\" content=\"1080\" \/>\n\t<meta property=\"og:image:height\" content=\"1080\" \/>\n\t<meta property=\"og:image:type\" content=\"image\/png\" \/>\n<meta name=\"author\" content=\"Andri Sigf\u00fasson\" \/>\n<meta name=\"twitter:card\" content=\"summary_large_image\" \/>\n<meta name=\"twitter:label1\" content=\"Written by\" \/>\n\t<meta name=\"twitter:data1\" content=\"Andri Sigf\u00fasson\" \/>\n\t<meta name=\"twitter:label2\" content=\"Est. reading time\" \/>\n\t<meta name=\"twitter:data2\" content=\"2 minutes\" \/>\n<script type=\"application\/ld+json\" class=\"yoast-schema-graph\">{\"@context\":\"https:\/\/schema.org\",\"@graph\":[{\"@type\":\"Article\",\"@id\":\"https:\/\/grotta.is\/almennt\/handboltaskoli-grottu-kr-3\/#article\",\"isPartOf\":{\"@id\":\"https:\/\/grotta.is\/almennt\/handboltaskoli-grottu-kr-3\/\"},\"author\":{\"name\":\"Andri Sigf\u00fasson\",\"@id\":\"https:\/\/grotta.is\/#\/schema\/person\/b21e9d5dfd92c90211e343e8d7252b1c\"},\"headline\":\"Handboltask\u00f3li Gr\u00f3ttu\/KR\",\"datePublished\":\"2025-06-26T15:11:45+00:00\",\"dateModified\":\"2025-06-26T15:11:50+00:00\",\"mainEntityOfPage\":{\"@id\":\"https:\/\/grotta.is\/almennt\/handboltaskoli-grottu-kr-3\/\"},\"wordCount\":196,\"publisher\":{\"@id\":\"https:\/\/grotta.is\/#organization\"},\"image\":{\"@id\":\"https:\/\/grotta.is\/almennt\/handboltaskoli-grottu-kr-3\/#primaryimage\"},\"thumbnailUrl\":\"https:\/\/grotta.is\/wp-content\/uploads\/2025\/06\/Handboltaskoli-GrottuKR-2.png\",\"articleSection\":[\"Almennt\"],\"inLanguage\":\"en-US\"},{\"@type\":\"WebPage\",\"@id\":\"https:\/\/grotta.is\/almennt\/handboltaskoli-grottu-kr-3\/\",\"url\":\"https:\/\/grotta.is\/almennt\/handboltaskoli-grottu-kr-3\/\",\"name\":\"Handboltask\u00f3li Gr\u00f3ttu\/KR - \u00cd\u00fer\u00f3ttaf\u00e9lagi\u00f0 Gr\u00f3tta\",\"isPartOf\":{\"@id\":\"https:\/\/grotta.is\/#website\"},\"primaryImageOfPage\":{\"@id\":\"https:\/\/grotta.is\/almennt\/handboltaskoli-grottu-kr-3\/#primaryimage\"},\"image\":{\"@id\":\"https:\/\/grotta.is\/almennt\/handboltaskoli-grottu-kr-3\/#primaryimage\"},\"thumbnailUrl\":\"https:\/\/grotta.is\/wp-content\/uploads\/2025\/06\/Handboltaskoli-GrottuKR-2.png\",\"datePublished\":\"2025-06-26T15:11:45+00:00\",\"dateModified\":\"2025-06-26T15:11:50+00:00\",\"breadcrumb\":{\"@id\":\"https:\/\/grotta.is\/almennt\/handboltaskoli-grottu-kr-3\/#breadcrumb\"},\"inLanguage\":\"en-US\",\"potentialAction\":[{\"@type\":\"ReadAction\",\"target\":[\"https:\/\/grotta.is\/almennt\/handboltaskoli-grottu-kr-3\/\"]}]},{\"@type\":\"ImageObject\",\"inLanguage\":\"en-US\",\"@id\":\"https:\/\/grotta.is\/almennt\/handboltaskoli-grottu-kr-3\/#primaryimage\",\"url\":\"https:\/\/grotta.is\/wp-content\/uploads\/2025\/06\/Handboltaskoli-GrottuKR-2.png\",\"contentUrl\":\"https:\/\/grotta.is\/wp-content\/uploads\/2025\/06\/Handboltaskoli-GrottuKR-2.png\",\"width\":1080,\"height\":1080},{\"@type\":\"BreadcrumbList\",\"@id\":\"https:\/\/grotta.is\/almennt\/handboltaskoli-grottu-kr-3\/#breadcrumb\",\"itemListElement\":[{\"@type\":\"ListItem\",\"position\":1,\"name\":\"Home\",\"item\":\"https:\/\/grotta.is\/\"},{\"@type\":\"ListItem\",\"position\":2,\"name\":\"Handboltask\u00f3li Gr\u00f3ttu\/KR\"}]},{\"@type\":\"WebSite\",\"@id\":\"https:\/\/grotta.is\/#website\",\"url\":\"https:\/\/grotta.is\/\",\"name\":\"\u00cd\u00fer\u00f3ttaf\u00e9lagi\u00f0 Gr\u00f3tta\",\"description\":\"\u00e1 Seltjarnarnesi\",\"publisher\":{\"@id\":\"https:\/\/grotta.is\/#organization\"},\"potentialAction\":[{\"@type\":\"SearchAction\",\"target\":{\"@type\":\"EntryPoint\",\"urlTemplate\":\"https:\/\/grotta.is\/?s={search_term_string}\"},\"query-input\":{\"@type\":\"PropertyValueSpecification\",\"valueRequired\":true,\"valueName\":\"search_term_string\"}}],\"inLanguage\":\"en-US\"},{\"@type\":\"Organization\",\"@id\":\"https:\/\/grotta.is\/#organization\",\"name\":\"\u00cd\u00fer\u00f3ttaf\u00e9lagi\u00f0 Gr\u00f3tta\",\"url\":\"https:\/\/grotta.is\/\",\"logo\":{\"@type\":\"ImageObject\",\"inLanguage\":\"en-US\",\"@id\":\"https:\/\/grotta.is\/#\/schema\/logo\/image\/\",\"url\":\"https:\/\/grotta.is\/wp-content\/uploads\/2020\/02\/ithrottafelagidgrotta_logo_512x512_transparent.png\",\"contentUrl\":\"https:\/\/grotta.is\/wp-content\/uploads\/2020\/02\/ithrottafelagidgrotta_logo_512x512_transparent.png\",\"width\":512,\"height\":512,\"caption\":\"\u00cd\u00fer\u00f3ttaf\u00e9lagi\u00f0 Gr\u00f3tta\"},\"image\":{\"@id\":\"https:\/\/grotta.is\/#\/schema\/logo\/image\/\"},\"sameAs\":[\"https:\/\/www.facebook.com\/grottasport\"]},{\"@type\":\"Person\",\"@id\":\"https:\/\/grotta.is\/#\/schema\/person\/b21e9d5dfd92c90211e343e8d7252b1c\",\"name\":\"Andri Sigf\u00fasson\",\"url\":\"https:\/\/grotta.is\/en\/author\/andri\/\"}]}<\/script>\n<!-- \/ Yoast SEO plugin. -->","yoast_head_json":{"title":"Handboltask\u00f3li Gr\u00f3ttu\/KR - \u00cd\u00fer\u00f3ttaf\u00e9lagi\u00f0 Gr\u00f3tta","robots":{"index":"index","follow":"follow","max-snippet":"max-snippet:-1","max-image-preview":"max-image-preview:large","max-video-preview":"max-video-preview:-1"},"canonical":"https:\/\/grotta.is\/en\/almennt\/handboltaskoli-grottu-kr-3\/","og_locale":"en_US","og_type":"article","og_title":"Handboltask\u00f3li Gr\u00f3ttu\/KR - \u00cd\u00fer\u00f3ttaf\u00e9lagi\u00f0 Gr\u00f3tta","og_description":"L\u00edkt og seinustu \u00e1r munum vi\u00f0 vera me\u00f0 Handboltask\u00f3la Gr\u00f3ttu\/KR \u00ed fj\u00f3rar vikur, 28.j\u00fal\u00ed &#8211; 21.\u00e1g\u00fast. H\u00e6gt ver\u00f0ur a\u00f0 skr\u00e1 sig \u00e1 stakar vikur en \u00fea\u00f0 er einnig h\u00e6gt a\u00f0 [&hellip;]","og_url":"https:\/\/grotta.is\/en\/almennt\/handboltaskoli-grottu-kr-3\/","og_site_name":"\u00cd\u00fer\u00f3ttaf\u00e9lagi\u00f0 Gr\u00f3tta","article_publisher":"https:\/\/www.facebook.com\/grottasport","article_published_time":"2025-06-26T15:11:45+00:00","article_modified_time":"2025-06-26T15:11:50+00:00","og_image":[{"width":1080,"height":1080,"url":"https:\/\/grotta.is\/wp-content\/uploads\/2025\/06\/Handboltaskoli-GrottuKR-2.png","type":"image\/png"}],"author":"Andri Sigf\u00fasson","twitter_card":"summary_large_image","twitter_misc":{"Written by":"Andri Sigf\u00fasson","Est. reading time":"2 minutes"},"schema":{"@context":"https:\/\/schema.org","@graph":[{"@type":"Article","@id":"https:\/\/grotta.is\/almennt\/handboltaskoli-grottu-kr-3\/#article","isPartOf":{"@id":"https:\/\/grotta.is\/almennt\/handboltaskoli-grottu-kr-3\/"},"author":{"name":"Andri Sigf\u00fasson","@id":"https:\/\/grotta.is\/#\/schema\/person\/b21e9d5dfd92c90211e343e8d7252b1c"},"headline":"Handboltask\u00f3li Gr\u00f3ttu\/KR","datePublished":"2025-06-26T15:11:45+00:00","dateModified":"2025-06-26T15:11:50+00:00","mainEntityOfPage":{"@id":"https:\/\/grotta.is\/almennt\/handboltaskoli-grottu-kr-3\/"},"wordCount":196,"publisher":{"@id":"https:\/\/grotta.is\/#organization"},"image":{"@id":"https:\/\/grotta.is\/almennt\/handboltaskoli-grottu-kr-3\/#primaryimage"},"thumbnailUrl":"https:\/\/grotta.is\/wp-content\/uploads\/2025\/06\/Handboltaskoli-GrottuKR-2.png","articleSection":["Almennt"],"inLanguage":"en-US"},{"@type":"WebPage","@id":"https:\/\/grotta.is\/almennt\/handboltaskoli-grottu-kr-3\/","url":"https:\/\/grotta.is\/almennt\/handboltaskoli-grottu-kr-3\/","name":"Handboltask\u00f3li Gr\u00f3ttu\/KR - \u00cd\u00fer\u00f3ttaf\u00e9lagi\u00f0 Gr\u00f3tta","isPartOf":{"@id":"https:\/\/grotta.is\/#website"},"primaryImageOfPage":{"@id":"https:\/\/grotta.is\/almennt\/handboltaskoli-grottu-kr-3\/#primaryimage"},"image":{"@id":"https:\/\/grotta.is\/almennt\/handboltaskoli-grottu-kr-3\/#primaryimage"},"thumbnailUrl":"https:\/\/grotta.is\/wp-content\/uploads\/2025\/06\/Handboltaskoli-GrottuKR-2.png","datePublished":"2025-06-26T15:11:45+00:00","dateModified":"2025-06-26T15:11:50+00:00","breadcrumb":{"@id":"https:\/\/grotta.is\/almennt\/handboltaskoli-grottu-kr-3\/#breadcrumb"},"inLanguage":"en-US","potentialAction":[{"@type":"ReadAction","target":["https:\/\/grotta.is\/almennt\/handboltaskoli-grottu-kr-3\/"]}]},{"@type":"ImageObject","inLanguage":"en-US","@id":"https:\/\/grotta.is\/almennt\/handboltaskoli-grottu-kr-3\/#primaryimage","url":"https:\/\/grotta.is\/wp-content\/uploads\/2025\/06\/Handboltaskoli-GrottuKR-2.png","contentUrl":"https:\/\/grotta.is\/wp-content\/uploads\/2025\/06\/Handboltaskoli-GrottuKR-2.png","width":1080,"height":1080},{"@type":"BreadcrumbList","@id":"https:\/\/grotta.is\/almennt\/handboltaskoli-grottu-kr-3\/#breadcrumb","itemListElement":[{"@type":"ListItem","position":1,"name":"Home","item":"https:\/\/grotta.is\/"},{"@type":"ListItem","position":2,"name":"Handboltask\u00f3li Gr\u00f3ttu\/KR"}]},{"@type":"WebSite","@id":"https:\/\/grotta.is\/#website","url":"https:\/\/grotta.is\/","name":"\u00cd\u00fer\u00f3ttaf\u00e9lagi\u00f0 Gr\u00f3tta","description":"\u00e1 Seltjarnarnesi","publisher":{"@id":"https:\/\/grotta.is\/#organization"},"potentialAction":[{"@type":"SearchAction","target":{"@type":"EntryPoint","urlTemplate":"https:\/\/grotta.is\/?s={search_term_string}"},"query-input":{"@type":"PropertyValueSpecification","valueRequired":true,"valueName":"search_term_string"}}],"inLanguage":"en-US"},{"@type":"Organization","@id":"https:\/\/grotta.is\/#organization","name":"\u00cd\u00fer\u00f3ttaf\u00e9lagi\u00f0 Gr\u00f3tta","url":"https:\/\/grotta.is\/","logo":{"@type":"ImageObject","inLanguage":"en-US","@id":"https:\/\/grotta.is\/#\/schema\/logo\/image\/","url":"https:\/\/grotta.is\/wp-content\/uploads\/2020\/02\/ithrottafelagidgrotta_logo_512x512_transparent.png","contentUrl":"https:\/\/grotta.is\/wp-content\/uploads\/2020\/02\/ithrottafelagidgrotta_logo_512x512_transparent.png","width":512,"height":512,"caption":"\u00cd\u00fer\u00f3ttaf\u00e9lagi\u00f0 Gr\u00f3tta"},"image":{"@id":"https:\/\/grotta.is\/#\/schema\/logo\/image\/"},"sameAs":["https:\/\/www.facebook.com\/grottasport"]},{"@type":"Person","@id":"https:\/\/grotta.is\/#\/schema\/person\/b21e9d5dfd92c90211e343e8d7252b1c","name":"Andri Sigf\u00fasson","url":"https:\/\/grotta.is\/en\/author\/andri\/"}]}},"_links":{"self":[{"href":"https:\/\/grotta.is\/en\/wp-json\/wp\/v2\/posts\/575360","targetHints":{"allow":["GET"]}}],"collection":[{"href":"https:\/\/grotta.is\/en\/wp-json\/wp\/v2\/posts"}],"about":[{"href":"https:\/\/grotta.is\/en\/wp-json\/wp\/v2\/types\/post"}],"author":[{"embeddable":true,"href":"https:\/\/grotta.is\/en\/wp-json\/wp\/v2\/users\/10"}],"replies":[{"embeddable":true,"href":"https:\/\/grotta.is\/en\/wp-json\/wp\/v2\/comments?post=575360"}],"version-history":[{"count":1,"href":"https:\/\/grotta.is\/en\/wp-json\/wp\/v2\/posts\/575360\/revisions"}],"predecessor-version":[{"id":575363,"href":"https:\/\/grotta.is\/en\/wp-json\/wp\/v2\/posts\/575360\/revisions\/575363"}],"wp:featuredmedia":[{"embeddable":true,"href":"https:\/\/grotta.is\/en\/wp-json\/wp\/v2\/media\/575362"}],"wp:attachment":[{"href":"https:\/\/grotta.is\/en\/wp-json\/wp\/v2\/media?parent=575360"}],"wp:term":[{"taxonomy":"category","embeddable":true,"href":"https:\/\/grotta.is\/en\/wp-json\/wp\/v2\/categories?post=575360"},{"taxonomy":"post_tag","embeddable":true,"href":"https:\/\/grotta.is\/en\/wp-json\/wp\/v2\/tags?post=575360"}],"curies":[{"name":"wp","href":"https:\/\/api.w.org\/{rel}","templated":true}]}}