{"id":575337,"date":"2025-06-23T09:17:57","date_gmt":"2025-06-23T09:17:57","guid":{"rendered":"https:\/\/grotta.is\/?p=575337"},"modified":"2025-06-24T15:08:54","modified_gmt":"2025-06-24T15:08:54","slug":"adalfundi-felagsins-hefur-verid-frestad","status":"publish","type":"post","link":"https:\/\/grotta.is\/en\/almennt\/adalfundi-felagsins-hefur-verid-frestad\/","title":{"rendered":"A\u00f0alfundi f\u00e9lagsins hefur veri\u00f0 fresta\u00f0"},"content":{"rendered":"<p>A\u00f0alfundi \u00cd\u00fer\u00f3ttaf\u00e9lagsins Gr\u00f3ttu sem halda \u00e1tti \u00ed dag, m\u00e1nudaginn 23. j\u00fan\u00ed hefur veri\u00f0 fresta\u00f0 af \u00f3vi\u00f0r\u00e1\u00f0anlegum \u00e1st\u00e6\u00f0um.<\/p><p>Vi\u00f0 bi\u00f0jumst velvir\u00f0ingar \u00e1 stuttum fyrirvara.<\/p><p>Fundinum er fresta\u00f0 \u00ed tv\u00e6r vikur og ver\u00f0ur haldinn m\u00e1nudaginn 7. j\u00fal\u00ed klukkan 17:00 \u00ed h\u00e1t\u00ed\u00f0arsal f\u00e9lagsins \u00ed \u00cd\u00fer\u00f3ttami\u00f0st\u00f6\u00f0inni Su\u00f0urstr\u00f6nd 8. <\/p><p>Dagskr\u00e1 a\u00f0alfundar eru venjubundin a\u00f0alfundarst\u00f6rf, a\u00f0alstj\u00f3rnar og annarra deilda f\u00e9lagsins.<\/p><p>Bo\u00f0i\u00f0 ver\u00f0ur upp \u00e1 l\u00e9ttarveitingar \u00ed lok fundar.<\/p><p>Stj\u00f3rnin.<\/p><p><\/p>","protected":false},"excerpt":{"rendered":"<p>A\u00f0alfundi \u00cd\u00fer\u00f3ttaf\u00e9lagsins Gr\u00f3ttu sem halda \u00e1tti \u00ed dag, m\u00e1nudaginn 23. j\u00fan\u00ed hefur veri\u00f0 fresta\u00f0 af \u00f3vi\u00f0r\u00e1\u00f0anlegum \u00e1st\u00e6\u00f0um. Vi\u00f0 bi\u00f0jumst velvir\u00f0ingar \u00e1 stuttum fyrirvara. Fundinum er fresta\u00f0 \u00ed tv\u00e6r vikur og [&hellip;]<\/p>","protected":false},"author":18,"featured_media":575346,"comment_status":"closed","ping_status":"closed","sticky":false,"template":"","format":"standard","meta":{"footnotes":""},"categories":[4],"tags":[],"class_list":["post-575337","post","type-post","status-publish","format-standard","has-post-thumbnail","hentry","category-almennt"],"yoast_head":"<!-- This site is optimized with the Yoast SEO plugin v24.3 - https:\/\/yoast.com\/wordpress\/plugins\/seo\/ -->\n<title>A\u00f0alfundi f\u00e9lagsins hefur veri\u00f0 fresta\u00f0 - \u00cd\u00fer\u00f3ttaf\u00e9lagi\u00f0 Gr\u00f3tta<\/title>\n<meta name=\"robots\" content=\"index, follow, max-snippet:-1, max-image-preview:large, max-video-preview:-1\" \/>\n<link rel=\"canonical\" href=\"https:\/\/grotta.is\/en\/almennt\/adalfundi-felagsins-hefur-verid-frestad\/\" \/>\n<meta property=\"og:locale\" content=\"en_US\" \/>\n<meta property=\"og:type\" content=\"article\" \/>\n<meta property=\"og:title\" content=\"A\u00f0alfundi f\u00e9lagsins hefur veri\u00f0 fresta\u00f0 - \u00cd\u00fer\u00f3ttaf\u00e9lagi\u00f0 Gr\u00f3tta\" \/>\n<meta property=\"og:description\" content=\"A\u00f0alfundi \u00cd\u00fer\u00f3ttaf\u00e9lagsins Gr\u00f3ttu sem halda \u00e1tti \u00ed dag, m\u00e1nudaginn 23. j\u00fan\u00ed hefur veri\u00f0 fresta\u00f0 af \u00f3vi\u00f0r\u00e1\u00f0anlegum \u00e1st\u00e6\u00f0um. Vi\u00f0 bi\u00f0jumst velvir\u00f0ingar \u00e1 stuttum fyrirvara. Fundinum er fresta\u00f0 \u00ed tv\u00e6r vikur og [&hellip;]\" \/>\n<meta property=\"og:url\" content=\"https:\/\/grotta.is\/en\/almennt\/adalfundi-felagsins-hefur-verid-frestad\/\" \/>\n<meta property=\"og:site_name\" content=\"\u00cd\u00fer\u00f3ttaf\u00e9lagi\u00f0 Gr\u00f3tta\" \/>\n<meta property=\"article:publisher\" content=\"https:\/\/www.facebook.com\/grottasport\" \/>\n<meta property=\"article:published_time\" content=\"2025-06-23T09:17:57+00:00\" \/>\n<meta property=\"article:modified_time\" content=\"2025-06-24T15:08:54+00:00\" \/>\n<meta property=\"og:image\" content=\"https:\/\/grotta.is\/wp-content\/uploads\/2025\/06\/Adalfundur-Grottu-2.jpg\" \/>\n\t<meta property=\"og:image:width\" content=\"940\" \/>\n\t<meta property=\"og:image:height\" content=\"788\" \/>\n\t<meta property=\"og:image:type\" content=\"image\/jpeg\" \/>\n<meta name=\"author\" content=\"Fr\u00ed\u00f0a\" \/>\n<meta name=\"twitter:card\" content=\"summary_large_image\" \/>\n<meta name=\"twitter:label1\" content=\"Written by\" \/>\n\t<meta name=\"twitter:data1\" content=\"Fr\u00ed\u00f0a\" \/>\n\t<meta name=\"twitter:label2\" content=\"Est. reading time\" \/>\n\t<meta name=\"twitter:data2\" content=\"1 minute\" \/>\n<script type=\"application\/ld+json\" class=\"yoast-schema-graph\">{\"@context\":\"https:\/\/schema.org\",\"@graph\":[{\"@type\":\"Article\",\"@id\":\"https:\/\/grotta.is\/almennt\/adalfundi-felagsins-hefur-verid-frestad\/#article\",\"isPartOf\":{\"@id\":\"https:\/\/grotta.is\/almennt\/adalfundi-felagsins-hefur-verid-frestad\/\"},\"author\":{\"name\":\"Fr\u00ed\u00f0a\",\"@id\":\"https:\/\/grotta.is\/#\/schema\/person\/c9cbcd4dc49590dc9d5a61171adeb66b\"},\"headline\":\"A\u00f0alfundi f\u00e9lagsins hefur veri\u00f0 fresta\u00f0\",\"datePublished\":\"2025-06-23T09:17:57+00:00\",\"dateModified\":\"2025-06-24T15:08:54+00:00\",\"mainEntityOfPage\":{\"@id\":\"https:\/\/grotta.is\/almennt\/adalfundi-felagsins-hefur-verid-frestad\/\"},\"wordCount\":92,\"publisher\":{\"@id\":\"https:\/\/grotta.is\/#organization\"},\"image\":{\"@id\":\"https:\/\/grotta.is\/almennt\/adalfundi-felagsins-hefur-verid-frestad\/#primaryimage\"},\"thumbnailUrl\":\"https:\/\/grotta.is\/wp-content\/uploads\/2025\/06\/Adalfundur-Grottu-2.jpg\",\"articleSection\":[\"Almennt\"],\"inLanguage\":\"en-US\"},{\"@type\":\"WebPage\",\"@id\":\"https:\/\/grotta.is\/almennt\/adalfundi-felagsins-hefur-verid-frestad\/\",\"url\":\"https:\/\/grotta.is\/almennt\/adalfundi-felagsins-hefur-verid-frestad\/\",\"name\":\"A\u00f0alfundi f\u00e9lagsins hefur veri\u00f0 fresta\u00f0 - \u00cd\u00fer\u00f3ttaf\u00e9lagi\u00f0 Gr\u00f3tta\",\"isPartOf\":{\"@id\":\"https:\/\/grotta.is\/#website\"},\"primaryImageOfPage\":{\"@id\":\"https:\/\/grotta.is\/almennt\/adalfundi-felagsins-hefur-verid-frestad\/#primaryimage\"},\"image\":{\"@id\":\"https:\/\/grotta.is\/almennt\/adalfundi-felagsins-hefur-verid-frestad\/#primaryimage\"},\"thumbnailUrl\":\"https:\/\/grotta.is\/wp-content\/uploads\/2025\/06\/Adalfundur-Grottu-2.jpg\",\"datePublished\":\"2025-06-23T09:17:57+00:00\",\"dateModified\":\"2025-06-24T15:08:54+00:00\",\"breadcrumb\":{\"@id\":\"https:\/\/grotta.is\/almennt\/adalfundi-felagsins-hefur-verid-frestad\/#breadcrumb\"},\"inLanguage\":\"en-US\",\"potentialAction\":[{\"@type\":\"ReadAction\",\"target\":[\"https:\/\/grotta.is\/almennt\/adalfundi-felagsins-hefur-verid-frestad\/\"]}]},{\"@type\":\"ImageObject\",\"inLanguage\":\"en-US\",\"@id\":\"https:\/\/grotta.is\/almennt\/adalfundi-felagsins-hefur-verid-frestad\/#primaryimage\",\"url\":\"https:\/\/grotta.is\/wp-content\/uploads\/2025\/06\/Adalfundur-Grottu-2.jpg\",\"contentUrl\":\"https:\/\/grotta.is\/wp-content\/uploads\/2025\/06\/Adalfundur-Grottu-2.jpg\",\"width\":940,\"height\":788,\"caption\":\"A\u00f0alfundur\"},{\"@type\":\"BreadcrumbList\",\"@id\":\"https:\/\/grotta.is\/almennt\/adalfundi-felagsins-hefur-verid-frestad\/#breadcrumb\",\"itemListElement\":[{\"@type\":\"ListItem\",\"position\":1,\"name\":\"Home\",\"item\":\"https:\/\/grotta.is\/\"},{\"@type\":\"ListItem\",\"position\":2,\"name\":\"A\u00f0alfundi f\u00e9lagsins hefur veri\u00f0 fresta\u00f0\"}]},{\"@type\":\"WebSite\",\"@id\":\"https:\/\/grotta.is\/#website\",\"url\":\"https:\/\/grotta.is\/\",\"name\":\"\u00cd\u00fer\u00f3ttaf\u00e9lagi\u00f0 Gr\u00f3tta\",\"description\":\"\u00e1 Seltjarnarnesi\",\"publisher\":{\"@id\":\"https:\/\/grotta.is\/#organization\"},\"potentialAction\":[{\"@type\":\"SearchAction\",\"target\":{\"@type\":\"EntryPoint\",\"urlTemplate\":\"https:\/\/grotta.is\/?s={search_term_string}\"},\"query-input\":{\"@type\":\"PropertyValueSpecification\",\"valueRequired\":true,\"valueName\":\"search_term_string\"}}],\"inLanguage\":\"en-US\"},{\"@type\":\"Organization\",\"@id\":\"https:\/\/grotta.is\/#organization\",\"name\":\"\u00cd\u00fer\u00f3ttaf\u00e9lagi\u00f0 Gr\u00f3tta\",\"url\":\"https:\/\/grotta.is\/\",\"logo\":{\"@type\":\"ImageObject\",\"inLanguage\":\"en-US\",\"@id\":\"https:\/\/grotta.is\/#\/schema\/logo\/image\/\",\"url\":\"https:\/\/grotta.is\/wp-content\/uploads\/2020\/02\/ithrottafelagidgrotta_logo_512x512_transparent.png\",\"contentUrl\":\"https:\/\/grotta.is\/wp-content\/uploads\/2020\/02\/ithrottafelagidgrotta_logo_512x512_transparent.png\",\"width\":512,\"height\":512,\"caption\":\"\u00cd\u00fer\u00f3ttaf\u00e9lagi\u00f0 Gr\u00f3tta\"},\"image\":{\"@id\":\"https:\/\/grotta.is\/#\/schema\/logo\/image\/\"},\"sameAs\":[\"https:\/\/www.facebook.com\/grottasport\"]},{\"@type\":\"Person\",\"@id\":\"https:\/\/grotta.is\/#\/schema\/person\/c9cbcd4dc49590dc9d5a61171adeb66b\",\"name\":\"Fr\u00ed\u00f0a\",\"url\":\"https:\/\/grotta.is\/en\/author\/frida\/\"}]}<\/script>\n<!-- \/ Yoast SEO plugin. -->","yoast_head_json":{"title":"A\u00f0alfundi f\u00e9lagsins hefur veri\u00f0 fresta\u00f0 - \u00cd\u00fer\u00f3ttaf\u00e9lagi\u00f0 Gr\u00f3tta","robots":{"index":"index","follow":"follow","max-snippet":"max-snippet:-1","max-image-preview":"max-image-preview:large","max-video-preview":"max-video-preview:-1"},"canonical":"https:\/\/grotta.is\/en\/almennt\/adalfundi-felagsins-hefur-verid-frestad\/","og_locale":"en_US","og_type":"article","og_title":"A\u00f0alfundi f\u00e9lagsins hefur veri\u00f0 fresta\u00f0 - \u00cd\u00fer\u00f3ttaf\u00e9lagi\u00f0 Gr\u00f3tta","og_description":"A\u00f0alfundi \u00cd\u00fer\u00f3ttaf\u00e9lagsins Gr\u00f3ttu sem halda \u00e1tti \u00ed dag, m\u00e1nudaginn 23. j\u00fan\u00ed hefur veri\u00f0 fresta\u00f0 af \u00f3vi\u00f0r\u00e1\u00f0anlegum \u00e1st\u00e6\u00f0um. Vi\u00f0 bi\u00f0jumst velvir\u00f0ingar \u00e1 stuttum fyrirvara. Fundinum er fresta\u00f0 \u00ed tv\u00e6r vikur og [&hellip;]","og_url":"https:\/\/grotta.is\/en\/almennt\/adalfundi-felagsins-hefur-verid-frestad\/","og_site_name":"\u00cd\u00fer\u00f3ttaf\u00e9lagi\u00f0 Gr\u00f3tta","article_publisher":"https:\/\/www.facebook.com\/grottasport","article_published_time":"2025-06-23T09:17:57+00:00","article_modified_time":"2025-06-24T15:08:54+00:00","og_image":[{"width":940,"height":788,"url":"https:\/\/grotta.is\/wp-content\/uploads\/2025\/06\/Adalfundur-Grottu-2.jpg","type":"image\/jpeg"}],"author":"Fr\u00ed\u00f0a","twitter_card":"summary_large_image","twitter_misc":{"Written by":"Fr\u00ed\u00f0a","Est. reading time":"1 minute"},"schema":{"@context":"https:\/\/schema.org","@graph":[{"@type":"Article","@id":"https:\/\/grotta.is\/almennt\/adalfundi-felagsins-hefur-verid-frestad\/#article","isPartOf":{"@id":"https:\/\/grotta.is\/almennt\/adalfundi-felagsins-hefur-verid-frestad\/"},"author":{"name":"Fr\u00ed\u00f0a","@id":"https:\/\/grotta.is\/#\/schema\/person\/c9cbcd4dc49590dc9d5a61171adeb66b"},"headline":"A\u00f0alfundi f\u00e9lagsins hefur veri\u00f0 fresta\u00f0","datePublished":"2025-06-23T09:17:57+00:00","dateModified":"2025-06-24T15:08:54+00:00","mainEntityOfPage":{"@id":"https:\/\/grotta.is\/almennt\/adalfundi-felagsins-hefur-verid-frestad\/"},"wordCount":92,"publisher":{"@id":"https:\/\/grotta.is\/#organization"},"image":{"@id":"https:\/\/grotta.is\/almennt\/adalfundi-felagsins-hefur-verid-frestad\/#primaryimage"},"thumbnailUrl":"https:\/\/grotta.is\/wp-content\/uploads\/2025\/06\/Adalfundur-Grottu-2.jpg","articleSection":["Almennt"],"inLanguage":"en-US"},{"@type":"WebPage","@id":"https:\/\/grotta.is\/almennt\/adalfundi-felagsins-hefur-verid-frestad\/","url":"https:\/\/grotta.is\/almennt\/adalfundi-felagsins-hefur-verid-frestad\/","name":"A\u00f0alfundi f\u00e9lagsins hefur veri\u00f0 fresta\u00f0 - \u00cd\u00fer\u00f3ttaf\u00e9lagi\u00f0 Gr\u00f3tta","isPartOf":{"@id":"https:\/\/grotta.is\/#website"},"primaryImageOfPage":{"@id":"https:\/\/grotta.is\/almennt\/adalfundi-felagsins-hefur-verid-frestad\/#primaryimage"},"image":{"@id":"https:\/\/grotta.is\/almennt\/adalfundi-felagsins-hefur-verid-frestad\/#primaryimage"},"thumbnailUrl":"https:\/\/grotta.is\/wp-content\/uploads\/2025\/06\/Adalfundur-Grottu-2.jpg","datePublished":"2025-06-23T09:17:57+00:00","dateModified":"2025-06-24T15:08:54+00:00","breadcrumb":{"@id":"https:\/\/grotta.is\/almennt\/adalfundi-felagsins-hefur-verid-frestad\/#breadcrumb"},"inLanguage":"en-US","potentialAction":[{"@type":"ReadAction","target":["https:\/\/grotta.is\/almennt\/adalfundi-felagsins-hefur-verid-frestad\/"]}]},{"@type":"ImageObject","inLanguage":"en-US","@id":"https:\/\/grotta.is\/almennt\/adalfundi-felagsins-hefur-verid-frestad\/#primaryimage","url":"https:\/\/grotta.is\/wp-content\/uploads\/2025\/06\/Adalfundur-Grottu-2.jpg","contentUrl":"https:\/\/grotta.is\/wp-content\/uploads\/2025\/06\/Adalfundur-Grottu-2.jpg","width":940,"height":788,"caption":"A\u00f0alfundur"},{"@type":"BreadcrumbList","@id":"https:\/\/grotta.is\/almennt\/adalfundi-felagsins-hefur-verid-frestad\/#breadcrumb","itemListElement":[{"@type":"ListItem","position":1,"name":"Home","item":"https:\/\/grotta.is\/"},{"@type":"ListItem","position":2,"name":"A\u00f0alfundi f\u00e9lagsins hefur veri\u00f0 fresta\u00f0"}]},{"@type":"WebSite","@id":"https:\/\/grotta.is\/#website","url":"https:\/\/grotta.is\/","name":"\u00cd\u00fer\u00f3ttaf\u00e9lagi\u00f0 Gr\u00f3tta","description":"\u00e1 Seltjarnarnesi","publisher":{"@id":"https:\/\/grotta.is\/#organization"},"potentialAction":[{"@type":"SearchAction","target":{"@type":"EntryPoint","urlTemplate":"https:\/\/grotta.is\/?s={search_term_string}"},"query-input":{"@type":"PropertyValueSpecification","valueRequired":true,"valueName":"search_term_string"}}],"inLanguage":"en-US"},{"@type":"Organization","@id":"https:\/\/grotta.is\/#organization","name":"\u00cd\u00fer\u00f3ttaf\u00e9lagi\u00f0 Gr\u00f3tta","url":"https:\/\/grotta.is\/","logo":{"@type":"ImageObject","inLanguage":"en-US","@id":"https:\/\/grotta.is\/#\/schema\/logo\/image\/","url":"https:\/\/grotta.is\/wp-content\/uploads\/2020\/02\/ithrottafelagidgrotta_logo_512x512_transparent.png","contentUrl":"https:\/\/grotta.is\/wp-content\/uploads\/2020\/02\/ithrottafelagidgrotta_logo_512x512_transparent.png","width":512,"height":512,"caption":"\u00cd\u00fer\u00f3ttaf\u00e9lagi\u00f0 Gr\u00f3tta"},"image":{"@id":"https:\/\/grotta.is\/#\/schema\/logo\/image\/"},"sameAs":["https:\/\/www.facebook.com\/grottasport"]},{"@type":"Person","@id":"https:\/\/grotta.is\/#\/schema\/person\/c9cbcd4dc49590dc9d5a61171adeb66b","name":"Fr\u00ed\u00f0a","url":"https:\/\/grotta.is\/en\/author\/frida\/"}]}},"_links":{"self":[{"href":"https:\/\/grotta.is\/en\/wp-json\/wp\/v2\/posts\/575337","targetHints":{"allow":["GET"]}}],"collection":[{"href":"https:\/\/grotta.is\/en\/wp-json\/wp\/v2\/posts"}],"about":[{"href":"https:\/\/grotta.is\/en\/wp-json\/wp\/v2\/types\/post"}],"author":[{"embeddable":true,"href":"https:\/\/grotta.is\/en\/wp-json\/wp\/v2\/users\/18"}],"replies":[{"embeddable":true,"href":"https:\/\/grotta.is\/en\/wp-json\/wp\/v2\/comments?post=575337"}],"version-history":[{"count":15,"href":"https:\/\/grotta.is\/en\/wp-json\/wp\/v2\/posts\/575337\/revisions"}],"predecessor-version":[{"id":575358,"href":"https:\/\/grotta.is\/en\/wp-json\/wp\/v2\/posts\/575337\/revisions\/575358"}],"wp:featuredmedia":[{"embeddable":true,"href":"https:\/\/grotta.is\/en\/wp-json\/wp\/v2\/media\/575346"}],"wp:attachment":[{"href":"https:\/\/grotta.is\/en\/wp-json\/wp\/v2\/media?parent=575337"}],"wp:term":[{"taxonomy":"category","embeddable":true,"href":"https:\/\/grotta.is\/en\/wp-json\/wp\/v2\/categories?post=575337"},{"taxonomy":"post_tag","embeddable":true,"href":"https:\/\/grotta.is\/en\/wp-json\/wp\/v2\/tags?post=575337"}],"curies":[{"name":"wp","href":"https:\/\/api.w.org\/{rel}","templated":true}]}}