{"id":575276,"date":"2025-06-01T11:32:02","date_gmt":"2025-06-01T11:32:02","guid":{"rendered":"https:\/\/grotta.is\/?p=575276"},"modified":"2025-06-01T11:32:04","modified_gmt":"2025-06-01T11:32:04","slug":"velkominn-heim-mummi","status":"publish","type":"post","link":"https:\/\/grotta.is\/en\/handknattleiksdeild\/velkominn-heim-mummi\/","title":{"rendered":"Velkominn heim Mummi"},"content":{"rendered":"<p>Handknattleiksdeild Gr\u00f3ttu hefur r\u00e1\u00f0i\u00f0 Gu\u00f0mund \u00c1rna Sigf\u00fasson, Mumma, sem yfir\u00fej\u00e1lfara yngri flokka,\u00a0 a\u00f0al\u00fej\u00e1lfara 3. flokks kvenna og a\u00f0sto\u00f0ar\u00fej\u00e1lfara meistaraflokks kvenna fyrir komandi t\u00edmabil. Me\u00f0 r\u00e1\u00f0ningunni er veri\u00f0 a\u00f0 styrkja enn frekar faglegt starf deildarinnar en Mummi mun sinna st\u00f6\u00f0u yfir\u00fej\u00e1lfara yngri flokka \u00e1samt Andra Sigf\u00fassyni, sem hefur veri\u00f0 yfir\u00fej\u00e1lfari s\u00ed\u00f0astli\u00f0in \u00e1r. \u00deeir munu vinna \u00fe\u00e9tt saman a\u00f0 \u00e1framhaldandi uppbyggingu \u00ed yngri flokkum f\u00e9lagins.<\/p><p>Yngri flokka starf Gr\u00f3ttu hefur vaxi\u00f0 gr\u00ed\u00f0arlega \u00e1 undanf\u00f6rnum \u00e1rum og i\u00f0kendum fj\u00f6lga\u00f0 miki\u00f0. Til a\u00f0 tryggja \u00e1framhaldandi g\u00e6\u00f0i \u00ed \u00fej\u00e1lfun og uppeldi yngra i\u00f0kenda var \u00e1kve\u00f0i\u00f0 a\u00f0 b\u00e6ta vi\u00f0 starfsmanni og efla yfir\u00fej\u00e1lfarateymi\u00f0 enn frekar.<\/p><p>Einar \u00d6rn J\u00f3nsson hefur sinnt starfi \u00fej\u00e1lfara 3. flokks kvenna undanfarin \u00e1r og \u00fe\u00f6kkum vi\u00f0 Einari k\u00e6rlega fyrir hans framlag og g\u00f3\u00f0u \u00fej\u00e1lfun.<del><\/del><\/p><p>Mummi mun starfa vi\u00f0 hli\u00f0 J\u00fal\u00edusar \u00de\u00f3ris Stef\u00e1nssonar, a\u00f0al\u00fej\u00e1lfara meistaraflokks kvenna, og st\u00fdra hinu unga og efnilega kvennali\u00f0i meistaraflokks Gr\u00f3ttu. &nbsp;\u00dear munu \u00feeir halda \u00e1fram \u00e1 \u00feeirri uppbyggingavegfer\u00f0 sem Gr\u00f3tta hefur veri\u00f0 \u00e1 undanfarin misseri me\u00f0 kvennali\u00f0i\u00f0 og st\u00fdra \u00fev\u00ed upp \u00ed deild \u00feeirra bestu.<\/p><p>Mumma \u00fearf vart a\u00f0 kynna fyrir Gr\u00f3ttuf\u00f3lki. Hann er uppalinn \u00e1 Nesinu, \u00e6f\u00f0i me\u00f0 f\u00e9laginu fr\u00e1 unga aldri, h\u00f3f \u00fej\u00e1lfun \u00e1ri\u00f0 1988 og er silfurmerkishafi Gr\u00f3ttu. \u00c1ri\u00f0 2016 t\u00f3k Mummi vi\u00f0 sem yfir\u00fej\u00e1lfari og \u00fej\u00e1lfari hinna \u00fdmsu flokka Fram og hefur starfa\u00f0 \u00fear s\u00ed\u00f0an vi\u00f0 g\u00f3\u00f0an or\u00f0st\u00edr. Hugurinn leitar \u00fe\u00f3 alltaf heim og er mikil tilhl\u00f6kkun hj\u00e1 Barna- og unglingar\u00e1\u00f0i og stj\u00f3rn meistaraflokka Gr\u00f3ttu handboltans fyrir komandi t\u00edmabilum.<\/p><p>\u201e\u00c9g hlakka miki\u00f0 til komandi verkefna hj\u00e1 Gr\u00f3ttu. \u00dea\u00f0 er r\u00edfandi gangur \u00ed yngri flokka starfinu og mikil spenna a\u00f0 halda \u00e1fram \u00feeirri vegfer\u00f0 sem \u00fea\u00f0 starf hefur veri\u00f0 \u00e1. Stelpurnar \u00ed meistaraflokknum eru hungra\u00f0ar a\u00f0 komast aftur \u00e1 me\u00f0al bestu li\u00f0a og \u00fea\u00f0 ver\u00f0ur gaman a\u00f0 vinna me\u00f0 \u00dalla a\u00f0 \u00fev\u00ed markmi\u00f0. Fyrst og s\u00ed\u00f0ast er \u00e1n\u00e6g\u00f0ur a\u00f0 vera kominn aftur \u00e1 Nesi\u00f0\u201c sag\u00f0i Mummi \u00feegar samningur var \u00ed h\u00f6fn.<\/p><p>Vi\u00f0 bj\u00f3\u00f0um Mumma hjartanlega velkominn heim og hl\u00f6kkum til spennandi samstarfs \u00e1 komandi \u00e1rum!<\/p><p><\/p><p><img fetchpriority=\"high\" decoding=\"async\" width=\"650\" height=\"464\" class=\"wp-image-575277\" style=\"width: 650px;\" src=\"https:\/\/grotta.is\/wp-content\/uploads\/2025\/06\/R62_7088-Enhanced-NR-scaled.jpg\" alt=\"\" srcset=\"https:\/\/grotta.is\/wp-content\/uploads\/2025\/06\/R62_7088-Enhanced-NR-scaled.jpg 2560w, https:\/\/grotta.is\/wp-content\/uploads\/2025\/06\/R62_7088-Enhanced-NR-300x214.jpg 300w, https:\/\/grotta.is\/wp-content\/uploads\/2025\/06\/R62_7088-Enhanced-NR-1024x731.jpg 1024w, https:\/\/grotta.is\/wp-content\/uploads\/2025\/06\/R62_7088-Enhanced-NR-768x549.jpg 768w, https:\/\/grotta.is\/wp-content\/uploads\/2025\/06\/R62_7088-Enhanced-NR-1536x1097.jpg 1536w, https:\/\/grotta.is\/wp-content\/uploads\/2025\/06\/R62_7088-Enhanced-NR-2048x1463.jpg 2048w, https:\/\/grotta.is\/wp-content\/uploads\/2025\/06\/R62_7088-Enhanced-NR-18x12.jpg 18w, https:\/\/grotta.is\/wp-content\/uploads\/2025\/06\/R62_7088-Enhanced-NR-600x429.jpg 600w\" sizes=\"(max-width: 650px) 100vw, 650px\" \/><\/p><p>Yfir\u00fej\u00e1lfarar yngri flokka Gr\u00f3tta &#8211; Andri Sigf\u00fasson og Gu\u00f0mundur \u00c1rni Sigf\u00fasson<\/p>","protected":false},"excerpt":{"rendered":"<p>Handknattleiksdeild Gr\u00f3ttu hefur r\u00e1\u00f0i\u00f0 Gu\u00f0mund \u00c1rna Sigf\u00fasson, Mumma, sem yfir\u00fej\u00e1lfara yngri flokka,\u00a0 a\u00f0al\u00fej\u00e1lfara 3. flokks kvenna og a\u00f0sto\u00f0ar\u00fej\u00e1lfara meistaraflokks kvenna fyrir komandi t\u00edmabil. Me\u00f0 r\u00e1\u00f0ningunni er veri\u00f0 a\u00f0 styrkja enn [&hellip;]<\/p>","protected":false},"author":10,"featured_media":575278,"comment_status":"closed","ping_status":"closed","sticky":false,"template":"","format":"standard","meta":{"footnotes":""},"categories":[12],"tags":[13,18,15],"class_list":["post-575276","post","type-post","status-publish","format-standard","has-post-thumbnail","hentry","category-handknattleiksdeild","tag-handbolti","tag-mfl-kvk","tag-yngri-flokkar"],"yoast_head":"<!-- This site is optimized with the Yoast SEO plugin v24.3 - https:\/\/yoast.com\/wordpress\/plugins\/seo\/ -->\n<title>Velkominn heim Mummi - \u00cd\u00fer\u00f3ttaf\u00e9lagi\u00f0 Gr\u00f3tta<\/title>\n<meta name=\"robots\" content=\"index, follow, max-snippet:-1, max-image-preview:large, max-video-preview:-1\" \/>\n<link rel=\"canonical\" href=\"https:\/\/grotta.is\/en\/handknattleiksdeild\/velkominn-heim-mummi\/\" \/>\n<meta property=\"og:locale\" content=\"en_US\" \/>\n<meta property=\"og:type\" content=\"article\" \/>\n<meta property=\"og:title\" content=\"Velkominn heim Mummi - \u00cd\u00fer\u00f3ttaf\u00e9lagi\u00f0 Gr\u00f3tta\" \/>\n<meta property=\"og:description\" content=\"Handknattleiksdeild Gr\u00f3ttu hefur r\u00e1\u00f0i\u00f0 Gu\u00f0mund \u00c1rna Sigf\u00fasson, Mumma, sem yfir\u00fej\u00e1lfara yngri flokka,\u00a0 a\u00f0al\u00fej\u00e1lfara 3. flokks kvenna og a\u00f0sto\u00f0ar\u00fej\u00e1lfara meistaraflokks kvenna fyrir komandi t\u00edmabil. Me\u00f0 r\u00e1\u00f0ningunni er veri\u00f0 a\u00f0 styrkja enn [&hellip;]\" \/>\n<meta property=\"og:url\" content=\"https:\/\/grotta.is\/en\/handknattleiksdeild\/velkominn-heim-mummi\/\" \/>\n<meta property=\"og:site_name\" content=\"\u00cd\u00fer\u00f3ttaf\u00e9lagi\u00f0 Gr\u00f3tta\" \/>\n<meta property=\"article:publisher\" content=\"https:\/\/www.facebook.com\/grottasport\" \/>\n<meta property=\"article:published_time\" content=\"2025-06-01T11:32:02+00:00\" \/>\n<meta property=\"article:modified_time\" content=\"2025-06-01T11:32:04+00:00\" \/>\n<meta property=\"og:image\" content=\"https:\/\/grotta.is\/wp-content\/uploads\/2025\/06\/R62_7083-Enhanced-NR-scaled.jpg\" \/>\n\t<meta property=\"og:image:width\" content=\"2560\" \/>\n\t<meta property=\"og:image:height\" content=\"1828\" \/>\n\t<meta property=\"og:image:type\" content=\"image\/jpeg\" \/>\n<meta name=\"author\" content=\"Andri Sigf\u00fasson\" \/>\n<meta name=\"twitter:card\" content=\"summary_large_image\" \/>\n<meta name=\"twitter:label1\" content=\"Written by\" \/>\n\t<meta name=\"twitter:data1\" content=\"Andri Sigf\u00fasson\" \/>\n\t<meta name=\"twitter:label2\" content=\"Est. reading time\" \/>\n\t<meta name=\"twitter:data2\" content=\"3 minutes\" \/>\n<script type=\"application\/ld+json\" class=\"yoast-schema-graph\">{\"@context\":\"https:\/\/schema.org\",\"@graph\":[{\"@type\":\"Article\",\"@id\":\"https:\/\/grotta.is\/handknattleiksdeild\/velkominn-heim-mummi\/#article\",\"isPartOf\":{\"@id\":\"https:\/\/grotta.is\/handknattleiksdeild\/velkominn-heim-mummi\/\"},\"author\":{\"name\":\"Andri Sigf\u00fasson\",\"@id\":\"https:\/\/grotta.is\/#\/schema\/person\/b21e9d5dfd92c90211e343e8d7252b1c\"},\"headline\":\"Velkominn heim Mummi\",\"datePublished\":\"2025-06-01T11:32:02+00:00\",\"dateModified\":\"2025-06-01T11:32:04+00:00\",\"mainEntityOfPage\":{\"@id\":\"https:\/\/grotta.is\/handknattleiksdeild\/velkominn-heim-mummi\/\"},\"wordCount\":408,\"publisher\":{\"@id\":\"https:\/\/grotta.is\/#organization\"},\"image\":{\"@id\":\"https:\/\/grotta.is\/handknattleiksdeild\/velkominn-heim-mummi\/#primaryimage\"},\"thumbnailUrl\":\"https:\/\/grotta.is\/wp-content\/uploads\/2025\/06\/R62_7083-Enhanced-NR-scaled.jpg\",\"keywords\":[\"Handbolti\",\"Mfl.kvk\",\"Yngri flokkar\"],\"articleSection\":[\"Handknattleiksdeild\"],\"inLanguage\":\"en-US\"},{\"@type\":\"WebPage\",\"@id\":\"https:\/\/grotta.is\/handknattleiksdeild\/velkominn-heim-mummi\/\",\"url\":\"https:\/\/grotta.is\/handknattleiksdeild\/velkominn-heim-mummi\/\",\"name\":\"Velkominn heim Mummi - \u00cd\u00fer\u00f3ttaf\u00e9lagi\u00f0 Gr\u00f3tta\",\"isPartOf\":{\"@id\":\"https:\/\/grotta.is\/#website\"},\"primaryImageOfPage\":{\"@id\":\"https:\/\/grotta.is\/handknattleiksdeild\/velkominn-heim-mummi\/#primaryimage\"},\"image\":{\"@id\":\"https:\/\/grotta.is\/handknattleiksdeild\/velkominn-heim-mummi\/#primaryimage\"},\"thumbnailUrl\":\"https:\/\/grotta.is\/wp-content\/uploads\/2025\/06\/R62_7083-Enhanced-NR-scaled.jpg\",\"datePublished\":\"2025-06-01T11:32:02+00:00\",\"dateModified\":\"2025-06-01T11:32:04+00:00\",\"breadcrumb\":{\"@id\":\"https:\/\/grotta.is\/handknattleiksdeild\/velkominn-heim-mummi\/#breadcrumb\"},\"inLanguage\":\"en-US\",\"potentialAction\":[{\"@type\":\"ReadAction\",\"target\":[\"https:\/\/grotta.is\/handknattleiksdeild\/velkominn-heim-mummi\/\"]}]},{\"@type\":\"ImageObject\",\"inLanguage\":\"en-US\",\"@id\":\"https:\/\/grotta.is\/handknattleiksdeild\/velkominn-heim-mummi\/#primaryimage\",\"url\":\"https:\/\/grotta.is\/wp-content\/uploads\/2025\/06\/R62_7083-Enhanced-NR-scaled.jpg\",\"contentUrl\":\"https:\/\/grotta.is\/wp-content\/uploads\/2025\/06\/R62_7083-Enhanced-NR-scaled.jpg\",\"width\":2560,\"height\":1828},{\"@type\":\"BreadcrumbList\",\"@id\":\"https:\/\/grotta.is\/handknattleiksdeild\/velkominn-heim-mummi\/#breadcrumb\",\"itemListElement\":[{\"@type\":\"ListItem\",\"position\":1,\"name\":\"Home\",\"item\":\"https:\/\/grotta.is\/\"},{\"@type\":\"ListItem\",\"position\":2,\"name\":\"Velkominn heim Mummi\"}]},{\"@type\":\"WebSite\",\"@id\":\"https:\/\/grotta.is\/#website\",\"url\":\"https:\/\/grotta.is\/\",\"name\":\"\u00cd\u00fer\u00f3ttaf\u00e9lagi\u00f0 Gr\u00f3tta\",\"description\":\"\u00e1 Seltjarnarnesi\",\"publisher\":{\"@id\":\"https:\/\/grotta.is\/#organization\"},\"potentialAction\":[{\"@type\":\"SearchAction\",\"target\":{\"@type\":\"EntryPoint\",\"urlTemplate\":\"https:\/\/grotta.is\/?s={search_term_string}\"},\"query-input\":{\"@type\":\"PropertyValueSpecification\",\"valueRequired\":true,\"valueName\":\"search_term_string\"}}],\"inLanguage\":\"en-US\"},{\"@type\":\"Organization\",\"@id\":\"https:\/\/grotta.is\/#organization\",\"name\":\"\u00cd\u00fer\u00f3ttaf\u00e9lagi\u00f0 Gr\u00f3tta\",\"url\":\"https:\/\/grotta.is\/\",\"logo\":{\"@type\":\"ImageObject\",\"inLanguage\":\"en-US\",\"@id\":\"https:\/\/grotta.is\/#\/schema\/logo\/image\/\",\"url\":\"https:\/\/grotta.is\/wp-content\/uploads\/2020\/02\/ithrottafelagidgrotta_logo_512x512_transparent.png\",\"contentUrl\":\"https:\/\/grotta.is\/wp-content\/uploads\/2020\/02\/ithrottafelagidgrotta_logo_512x512_transparent.png\",\"width\":512,\"height\":512,\"caption\":\"\u00cd\u00fer\u00f3ttaf\u00e9lagi\u00f0 Gr\u00f3tta\"},\"image\":{\"@id\":\"https:\/\/grotta.is\/#\/schema\/logo\/image\/\"},\"sameAs\":[\"https:\/\/www.facebook.com\/grottasport\"]},{\"@type\":\"Person\",\"@id\":\"https:\/\/grotta.is\/#\/schema\/person\/b21e9d5dfd92c90211e343e8d7252b1c\",\"name\":\"Andri Sigf\u00fasson\",\"url\":\"https:\/\/grotta.is\/en\/author\/andri\/\"}]}<\/script>\n<!-- \/ Yoast SEO plugin. -->","yoast_head_json":{"title":"Velkominn heim Mummi - \u00cd\u00fer\u00f3ttaf\u00e9lagi\u00f0 Gr\u00f3tta","robots":{"index":"index","follow":"follow","max-snippet":"max-snippet:-1","max-image-preview":"max-image-preview:large","max-video-preview":"max-video-preview:-1"},"canonical":"https:\/\/grotta.is\/en\/handknattleiksdeild\/velkominn-heim-mummi\/","og_locale":"en_US","og_type":"article","og_title":"Velkominn heim Mummi - \u00cd\u00fer\u00f3ttaf\u00e9lagi\u00f0 Gr\u00f3tta","og_description":"Handknattleiksdeild Gr\u00f3ttu hefur r\u00e1\u00f0i\u00f0 Gu\u00f0mund \u00c1rna Sigf\u00fasson, Mumma, sem yfir\u00fej\u00e1lfara yngri flokka,\u00a0 a\u00f0al\u00fej\u00e1lfara 3. flokks kvenna og a\u00f0sto\u00f0ar\u00fej\u00e1lfara meistaraflokks kvenna fyrir komandi t\u00edmabil. Me\u00f0 r\u00e1\u00f0ningunni er veri\u00f0 a\u00f0 styrkja enn [&hellip;]","og_url":"https:\/\/grotta.is\/en\/handknattleiksdeild\/velkominn-heim-mummi\/","og_site_name":"\u00cd\u00fer\u00f3ttaf\u00e9lagi\u00f0 Gr\u00f3tta","article_publisher":"https:\/\/www.facebook.com\/grottasport","article_published_time":"2025-06-01T11:32:02+00:00","article_modified_time":"2025-06-01T11:32:04+00:00","og_image":[{"width":2560,"height":1828,"url":"https:\/\/grotta.is\/wp-content\/uploads\/2025\/06\/R62_7083-Enhanced-NR-scaled.jpg","type":"image\/jpeg"}],"author":"Andri Sigf\u00fasson","twitter_card":"summary_large_image","twitter_misc":{"Written by":"Andri Sigf\u00fasson","Est. reading time":"3 minutes"},"schema":{"@context":"https:\/\/schema.org","@graph":[{"@type":"Article","@id":"https:\/\/grotta.is\/handknattleiksdeild\/velkominn-heim-mummi\/#article","isPartOf":{"@id":"https:\/\/grotta.is\/handknattleiksdeild\/velkominn-heim-mummi\/"},"author":{"name":"Andri Sigf\u00fasson","@id":"https:\/\/grotta.is\/#\/schema\/person\/b21e9d5dfd92c90211e343e8d7252b1c"},"headline":"Velkominn heim Mummi","datePublished":"2025-06-01T11:32:02+00:00","dateModified":"2025-06-01T11:32:04+00:00","mainEntityOfPage":{"@id":"https:\/\/grotta.is\/handknattleiksdeild\/velkominn-heim-mummi\/"},"wordCount":408,"publisher":{"@id":"https:\/\/grotta.is\/#organization"},"image":{"@id":"https:\/\/grotta.is\/handknattleiksdeild\/velkominn-heim-mummi\/#primaryimage"},"thumbnailUrl":"https:\/\/grotta.is\/wp-content\/uploads\/2025\/06\/R62_7083-Enhanced-NR-scaled.jpg","keywords":["Handbolti","Mfl.kvk","Yngri flokkar"],"articleSection":["Handknattleiksdeild"],"inLanguage":"en-US"},{"@type":"WebPage","@id":"https:\/\/grotta.is\/handknattleiksdeild\/velkominn-heim-mummi\/","url":"https:\/\/grotta.is\/handknattleiksdeild\/velkominn-heim-mummi\/","name":"Velkominn heim Mummi - \u00cd\u00fer\u00f3ttaf\u00e9lagi\u00f0 Gr\u00f3tta","isPartOf":{"@id":"https:\/\/grotta.is\/#website"},"primaryImageOfPage":{"@id":"https:\/\/grotta.is\/handknattleiksdeild\/velkominn-heim-mummi\/#primaryimage"},"image":{"@id":"https:\/\/grotta.is\/handknattleiksdeild\/velkominn-heim-mummi\/#primaryimage"},"thumbnailUrl":"https:\/\/grotta.is\/wp-content\/uploads\/2025\/06\/R62_7083-Enhanced-NR-scaled.jpg","datePublished":"2025-06-01T11:32:02+00:00","dateModified":"2025-06-01T11:32:04+00:00","breadcrumb":{"@id":"https:\/\/grotta.is\/handknattleiksdeild\/velkominn-heim-mummi\/#breadcrumb"},"inLanguage":"en-US","potentialAction":[{"@type":"ReadAction","target":["https:\/\/grotta.is\/handknattleiksdeild\/velkominn-heim-mummi\/"]}]},{"@type":"ImageObject","inLanguage":"en-US","@id":"https:\/\/grotta.is\/handknattleiksdeild\/velkominn-heim-mummi\/#primaryimage","url":"https:\/\/grotta.is\/wp-content\/uploads\/2025\/06\/R62_7083-Enhanced-NR-scaled.jpg","contentUrl":"https:\/\/grotta.is\/wp-content\/uploads\/2025\/06\/R62_7083-Enhanced-NR-scaled.jpg","width":2560,"height":1828},{"@type":"BreadcrumbList","@id":"https:\/\/grotta.is\/handknattleiksdeild\/velkominn-heim-mummi\/#breadcrumb","itemListElement":[{"@type":"ListItem","position":1,"name":"Home","item":"https:\/\/grotta.is\/"},{"@type":"ListItem","position":2,"name":"Velkominn heim Mummi"}]},{"@type":"WebSite","@id":"https:\/\/grotta.is\/#website","url":"https:\/\/grotta.is\/","name":"\u00cd\u00fer\u00f3ttaf\u00e9lagi\u00f0 Gr\u00f3tta","description":"\u00e1 Seltjarnarnesi","publisher":{"@id":"https:\/\/grotta.is\/#organization"},"potentialAction":[{"@type":"SearchAction","target":{"@type":"EntryPoint","urlTemplate":"https:\/\/grotta.is\/?s={search_term_string}"},"query-input":{"@type":"PropertyValueSpecification","valueRequired":true,"valueName":"search_term_string"}}],"inLanguage":"en-US"},{"@type":"Organization","@id":"https:\/\/grotta.is\/#organization","name":"\u00cd\u00fer\u00f3ttaf\u00e9lagi\u00f0 Gr\u00f3tta","url":"https:\/\/grotta.is\/","logo":{"@type":"ImageObject","inLanguage":"en-US","@id":"https:\/\/grotta.is\/#\/schema\/logo\/image\/","url":"https:\/\/grotta.is\/wp-content\/uploads\/2020\/02\/ithrottafelagidgrotta_logo_512x512_transparent.png","contentUrl":"https:\/\/grotta.is\/wp-content\/uploads\/2020\/02\/ithrottafelagidgrotta_logo_512x512_transparent.png","width":512,"height":512,"caption":"\u00cd\u00fer\u00f3ttaf\u00e9lagi\u00f0 Gr\u00f3tta"},"image":{"@id":"https:\/\/grotta.is\/#\/schema\/logo\/image\/"},"sameAs":["https:\/\/www.facebook.com\/grottasport"]},{"@type":"Person","@id":"https:\/\/grotta.is\/#\/schema\/person\/b21e9d5dfd92c90211e343e8d7252b1c","name":"Andri Sigf\u00fasson","url":"https:\/\/grotta.is\/en\/author\/andri\/"}]}},"_links":{"self":[{"href":"https:\/\/grotta.is\/en\/wp-json\/wp\/v2\/posts\/575276","targetHints":{"allow":["GET"]}}],"collection":[{"href":"https:\/\/grotta.is\/en\/wp-json\/wp\/v2\/posts"}],"about":[{"href":"https:\/\/grotta.is\/en\/wp-json\/wp\/v2\/types\/post"}],"author":[{"embeddable":true,"href":"https:\/\/grotta.is\/en\/wp-json\/wp\/v2\/users\/10"}],"replies":[{"embeddable":true,"href":"https:\/\/grotta.is\/en\/wp-json\/wp\/v2\/comments?post=575276"}],"version-history":[{"count":1,"href":"https:\/\/grotta.is\/en\/wp-json\/wp\/v2\/posts\/575276\/revisions"}],"predecessor-version":[{"id":575279,"href":"https:\/\/grotta.is\/en\/wp-json\/wp\/v2\/posts\/575276\/revisions\/575279"}],"wp:featuredmedia":[{"embeddable":true,"href":"https:\/\/grotta.is\/en\/wp-json\/wp\/v2\/media\/575278"}],"wp:attachment":[{"href":"https:\/\/grotta.is\/en\/wp-json\/wp\/v2\/media?parent=575276"}],"wp:term":[{"taxonomy":"category","embeddable":true,"href":"https:\/\/grotta.is\/en\/wp-json\/wp\/v2\/categories?post=575276"},{"taxonomy":"post_tag","embeddable":true,"href":"https:\/\/grotta.is\/en\/wp-json\/wp\/v2\/tags?post=575276"}],"curies":[{"name":"wp","href":"https:\/\/api.w.org\/{rel}","templated":true}]}}