{"id":575183,"date":"2025-04-03T16:13:51","date_gmt":"2025-04-03T16:13:51","guid":{"rendered":"https:\/\/grotta.is\/?p=575183"},"modified":"2025-04-03T16:13:52","modified_gmt":"2025-04-03T16:13:52","slug":"paskahandboltaskoli-grottu-kr","status":"publish","type":"post","link":"https:\/\/grotta.is\/en\/almennt\/paskahandboltaskoli-grottu-kr\/","title":{"rendered":"P\u00e1skahandboltask\u00f3li Gr\u00f3ttu\/KR"},"content":{"rendered":"<p>\u00cd dymbilvikunni ver\u00f0ur bo\u00f0i\u00f0 upp \u00e1 Handboltask\u00f3la Gr\u00f3ttu\/KR. Sk\u00f3linn fer fram \u00ed Hertz-h\u00f6llinni kl. 09:00-12:00 og er fyrir krakka \u00ed 1. &#8211; 6.bekk (f. 2018-2013). Skipt ver\u00f0ur upp \u00ed h\u00f3pa eftir aldri.<\/p><p>N\u00e1mskei\u00f0sdagarnir eru:<br>M\u00e1nudagur 14.apr\u00edl<br>\u00deri\u00f0judagur 15.apr\u00edl<br>Mi\u00f0vikudagur 16.apr\u00edl<\/p><p>\u00dej\u00e1lfarar \u00ed P\u00e1skahandboltask\u00f3lanum ver\u00f0a \u00fej\u00e1lfarar f\u00e9lagsins og leikmenn meistaraflokkanna.<\/p><p>\u00d6ll eru velkomin, hvort sem \u00feau hafi \u00e6ft \u00e1\u00f0ur e\u00f0a eru byrjendur.<\/p><p>Skr\u00e1ning fer fram \u00ed Aber en beinn skr\u00e1ningarhlekkur er h\u00e9rna: https:\/\/www.abler.io\/\u2026\/product\/Q2x1YlNlcnZpY2U6MzkxMzQ=<\/p><p>Frekari uppl\u00fdsingar gefur Andri Sigf\u00fasson yfir\u00fej\u00e1lfari \u00e1 netfanginu andri@grotta.is<\/p>","protected":false},"excerpt":{"rendered":"<p>\u00cd dymbilvikunni ver\u00f0ur bo\u00f0i\u00f0 upp \u00e1 Handboltask\u00f3la Gr\u00f3ttu\/KR. Sk\u00f3linn fer fram \u00ed Hertz-h\u00f6llinni kl. 09:00-12:00 og er fyrir krakka \u00ed 1. &#8211; 6.bekk (f. 2018-2013). Skipt ver\u00f0ur upp \u00ed h\u00f3pa [&hellip;]<\/p>","protected":false},"author":10,"featured_media":575184,"comment_status":"closed","ping_status":"closed","sticky":false,"template":"","format":"standard","meta":{"footnotes":""},"categories":[4],"tags":[],"class_list":["post-575183","post","type-post","status-publish","format-standard","has-post-thumbnail","hentry","category-almennt"],"yoast_head":"<!-- This site is optimized with the Yoast SEO plugin v24.3 - https:\/\/yoast.com\/wordpress\/plugins\/seo\/ -->\n<title>P\u00e1skahandboltask\u00f3li Gr\u00f3ttu\/KR - \u00cd\u00fer\u00f3ttaf\u00e9lagi\u00f0 Gr\u00f3tta<\/title>\n<meta name=\"robots\" content=\"index, follow, max-snippet:-1, max-image-preview:large, max-video-preview:-1\" \/>\n<link rel=\"canonical\" href=\"https:\/\/grotta.is\/en\/almennt\/paskahandboltaskoli-grottu-kr\/\" \/>\n<meta property=\"og:locale\" content=\"en_US\" \/>\n<meta property=\"og:type\" content=\"article\" \/>\n<meta property=\"og:title\" content=\"P\u00e1skahandboltask\u00f3li Gr\u00f3ttu\/KR - \u00cd\u00fer\u00f3ttaf\u00e9lagi\u00f0 Gr\u00f3tta\" \/>\n<meta property=\"og:description\" content=\"\u00cd dymbilvikunni ver\u00f0ur bo\u00f0i\u00f0 upp \u00e1 Handboltask\u00f3la Gr\u00f3ttu\/KR. Sk\u00f3linn fer fram \u00ed Hertz-h\u00f6llinni kl. 09:00-12:00 og er fyrir krakka \u00ed 1. &#8211; 6.bekk (f. 2018-2013). Skipt ver\u00f0ur upp \u00ed h\u00f3pa [&hellip;]\" \/>\n<meta property=\"og:url\" content=\"https:\/\/grotta.is\/en\/almennt\/paskahandboltaskoli-grottu-kr\/\" \/>\n<meta property=\"og:site_name\" content=\"\u00cd\u00fer\u00f3ttaf\u00e9lagi\u00f0 Gr\u00f3tta\" \/>\n<meta property=\"article:publisher\" content=\"https:\/\/www.facebook.com\/grottasport\" \/>\n<meta property=\"article:published_time\" content=\"2025-04-03T16:13:51+00:00\" \/>\n<meta property=\"article:modified_time\" content=\"2025-04-03T16:13:52+00:00\" \/>\n<meta property=\"og:image\" content=\"https:\/\/grotta.is\/wp-content\/uploads\/2025\/04\/Copy-of-Handboltaskoli-Grottu-2023.png\" \/>\n\t<meta property=\"og:image:width\" content=\"1080\" \/>\n\t<meta property=\"og:image:height\" content=\"1080\" \/>\n\t<meta property=\"og:image:type\" content=\"image\/png\" \/>\n<meta name=\"author\" content=\"Andri Sigf\u00fasson\" \/>\n<meta name=\"twitter:card\" content=\"summary_large_image\" \/>\n<meta name=\"twitter:label1\" content=\"Written by\" \/>\n\t<meta name=\"twitter:data1\" content=\"Andri Sigf\u00fasson\" \/>\n\t<meta name=\"twitter:label2\" content=\"Est. reading time\" \/>\n\t<meta name=\"twitter:data2\" content=\"1 minute\" \/>\n<script type=\"application\/ld+json\" class=\"yoast-schema-graph\">{\"@context\":\"https:\/\/schema.org\",\"@graph\":[{\"@type\":\"Article\",\"@id\":\"https:\/\/grotta.is\/almennt\/paskahandboltaskoli-grottu-kr\/#article\",\"isPartOf\":{\"@id\":\"https:\/\/grotta.is\/almennt\/paskahandboltaskoli-grottu-kr\/\"},\"author\":{\"name\":\"Andri Sigf\u00fasson\",\"@id\":\"https:\/\/grotta.is\/#\/schema\/person\/b21e9d5dfd92c90211e343e8d7252b1c\"},\"headline\":\"P\u00e1skahandboltask\u00f3li Gr\u00f3ttu\/KR\",\"datePublished\":\"2025-04-03T16:13:51+00:00\",\"dateModified\":\"2025-04-03T16:13:52+00:00\",\"mainEntityOfPage\":{\"@id\":\"https:\/\/grotta.is\/almennt\/paskahandboltaskoli-grottu-kr\/\"},\"wordCount\":119,\"publisher\":{\"@id\":\"https:\/\/grotta.is\/#organization\"},\"image\":{\"@id\":\"https:\/\/grotta.is\/almennt\/paskahandboltaskoli-grottu-kr\/#primaryimage\"},\"thumbnailUrl\":\"https:\/\/grotta.is\/wp-content\/uploads\/2025\/04\/Copy-of-Handboltaskoli-Grottu-2023.png\",\"articleSection\":[\"Almennt\"],\"inLanguage\":\"en-US\"},{\"@type\":\"WebPage\",\"@id\":\"https:\/\/grotta.is\/almennt\/paskahandboltaskoli-grottu-kr\/\",\"url\":\"https:\/\/grotta.is\/almennt\/paskahandboltaskoli-grottu-kr\/\",\"name\":\"P\u00e1skahandboltask\u00f3li Gr\u00f3ttu\/KR - \u00cd\u00fer\u00f3ttaf\u00e9lagi\u00f0 Gr\u00f3tta\",\"isPartOf\":{\"@id\":\"https:\/\/grotta.is\/#website\"},\"primaryImageOfPage\":{\"@id\":\"https:\/\/grotta.is\/almennt\/paskahandboltaskoli-grottu-kr\/#primaryimage\"},\"image\":{\"@id\":\"https:\/\/grotta.is\/almennt\/paskahandboltaskoli-grottu-kr\/#primaryimage\"},\"thumbnailUrl\":\"https:\/\/grotta.is\/wp-content\/uploads\/2025\/04\/Copy-of-Handboltaskoli-Grottu-2023.png\",\"datePublished\":\"2025-04-03T16:13:51+00:00\",\"dateModified\":\"2025-04-03T16:13:52+00:00\",\"breadcrumb\":{\"@id\":\"https:\/\/grotta.is\/almennt\/paskahandboltaskoli-grottu-kr\/#breadcrumb\"},\"inLanguage\":\"en-US\",\"potentialAction\":[{\"@type\":\"ReadAction\",\"target\":[\"https:\/\/grotta.is\/almennt\/paskahandboltaskoli-grottu-kr\/\"]}]},{\"@type\":\"ImageObject\",\"inLanguage\":\"en-US\",\"@id\":\"https:\/\/grotta.is\/almennt\/paskahandboltaskoli-grottu-kr\/#primaryimage\",\"url\":\"https:\/\/grotta.is\/wp-content\/uploads\/2025\/04\/Copy-of-Handboltaskoli-Grottu-2023.png\",\"contentUrl\":\"https:\/\/grotta.is\/wp-content\/uploads\/2025\/04\/Copy-of-Handboltaskoli-Grottu-2023.png\",\"width\":1080,\"height\":1080},{\"@type\":\"BreadcrumbList\",\"@id\":\"https:\/\/grotta.is\/almennt\/paskahandboltaskoli-grottu-kr\/#breadcrumb\",\"itemListElement\":[{\"@type\":\"ListItem\",\"position\":1,\"name\":\"Home\",\"item\":\"https:\/\/grotta.is\/\"},{\"@type\":\"ListItem\",\"position\":2,\"name\":\"P\u00e1skahandboltask\u00f3li Gr\u00f3ttu\/KR\"}]},{\"@type\":\"WebSite\",\"@id\":\"https:\/\/grotta.is\/#website\",\"url\":\"https:\/\/grotta.is\/\",\"name\":\"\u00cd\u00fer\u00f3ttaf\u00e9lagi\u00f0 Gr\u00f3tta\",\"description\":\"\u00e1 Seltjarnarnesi\",\"publisher\":{\"@id\":\"https:\/\/grotta.is\/#organization\"},\"potentialAction\":[{\"@type\":\"SearchAction\",\"target\":{\"@type\":\"EntryPoint\",\"urlTemplate\":\"https:\/\/grotta.is\/?s={search_term_string}\"},\"query-input\":{\"@type\":\"PropertyValueSpecification\",\"valueRequired\":true,\"valueName\":\"search_term_string\"}}],\"inLanguage\":\"en-US\"},{\"@type\":\"Organization\",\"@id\":\"https:\/\/grotta.is\/#organization\",\"name\":\"\u00cd\u00fer\u00f3ttaf\u00e9lagi\u00f0 Gr\u00f3tta\",\"url\":\"https:\/\/grotta.is\/\",\"logo\":{\"@type\":\"ImageObject\",\"inLanguage\":\"en-US\",\"@id\":\"https:\/\/grotta.is\/#\/schema\/logo\/image\/\",\"url\":\"https:\/\/grotta.is\/wp-content\/uploads\/2020\/02\/ithrottafelagidgrotta_logo_512x512_transparent.png\",\"contentUrl\":\"https:\/\/grotta.is\/wp-content\/uploads\/2020\/02\/ithrottafelagidgrotta_logo_512x512_transparent.png\",\"width\":512,\"height\":512,\"caption\":\"\u00cd\u00fer\u00f3ttaf\u00e9lagi\u00f0 Gr\u00f3tta\"},\"image\":{\"@id\":\"https:\/\/grotta.is\/#\/schema\/logo\/image\/\"},\"sameAs\":[\"https:\/\/www.facebook.com\/grottasport\"]},{\"@type\":\"Person\",\"@id\":\"https:\/\/grotta.is\/#\/schema\/person\/b21e9d5dfd92c90211e343e8d7252b1c\",\"name\":\"Andri Sigf\u00fasson\",\"url\":\"https:\/\/grotta.is\/en\/author\/andri\/\"}]}<\/script>\n<!-- \/ Yoast SEO plugin. -->","yoast_head_json":{"title":"P\u00e1skahandboltask\u00f3li Gr\u00f3ttu\/KR - \u00cd\u00fer\u00f3ttaf\u00e9lagi\u00f0 Gr\u00f3tta","robots":{"index":"index","follow":"follow","max-snippet":"max-snippet:-1","max-image-preview":"max-image-preview:large","max-video-preview":"max-video-preview:-1"},"canonical":"https:\/\/grotta.is\/en\/almennt\/paskahandboltaskoli-grottu-kr\/","og_locale":"en_US","og_type":"article","og_title":"P\u00e1skahandboltask\u00f3li Gr\u00f3ttu\/KR - \u00cd\u00fer\u00f3ttaf\u00e9lagi\u00f0 Gr\u00f3tta","og_description":"\u00cd dymbilvikunni ver\u00f0ur bo\u00f0i\u00f0 upp \u00e1 Handboltask\u00f3la Gr\u00f3ttu\/KR. Sk\u00f3linn fer fram \u00ed Hertz-h\u00f6llinni kl. 09:00-12:00 og er fyrir krakka \u00ed 1. &#8211; 6.bekk (f. 2018-2013). Skipt ver\u00f0ur upp \u00ed h\u00f3pa [&hellip;]","og_url":"https:\/\/grotta.is\/en\/almennt\/paskahandboltaskoli-grottu-kr\/","og_site_name":"\u00cd\u00fer\u00f3ttaf\u00e9lagi\u00f0 Gr\u00f3tta","article_publisher":"https:\/\/www.facebook.com\/grottasport","article_published_time":"2025-04-03T16:13:51+00:00","article_modified_time":"2025-04-03T16:13:52+00:00","og_image":[{"width":1080,"height":1080,"url":"https:\/\/grotta.is\/wp-content\/uploads\/2025\/04\/Copy-of-Handboltaskoli-Grottu-2023.png","type":"image\/png"}],"author":"Andri Sigf\u00fasson","twitter_card":"summary_large_image","twitter_misc":{"Written by":"Andri Sigf\u00fasson","Est. reading time":"1 minute"},"schema":{"@context":"https:\/\/schema.org","@graph":[{"@type":"Article","@id":"https:\/\/grotta.is\/almennt\/paskahandboltaskoli-grottu-kr\/#article","isPartOf":{"@id":"https:\/\/grotta.is\/almennt\/paskahandboltaskoli-grottu-kr\/"},"author":{"name":"Andri Sigf\u00fasson","@id":"https:\/\/grotta.is\/#\/schema\/person\/b21e9d5dfd92c90211e343e8d7252b1c"},"headline":"P\u00e1skahandboltask\u00f3li Gr\u00f3ttu\/KR","datePublished":"2025-04-03T16:13:51+00:00","dateModified":"2025-04-03T16:13:52+00:00","mainEntityOfPage":{"@id":"https:\/\/grotta.is\/almennt\/paskahandboltaskoli-grottu-kr\/"},"wordCount":119,"publisher":{"@id":"https:\/\/grotta.is\/#organization"},"image":{"@id":"https:\/\/grotta.is\/almennt\/paskahandboltaskoli-grottu-kr\/#primaryimage"},"thumbnailUrl":"https:\/\/grotta.is\/wp-content\/uploads\/2025\/04\/Copy-of-Handboltaskoli-Grottu-2023.png","articleSection":["Almennt"],"inLanguage":"en-US"},{"@type":"WebPage","@id":"https:\/\/grotta.is\/almennt\/paskahandboltaskoli-grottu-kr\/","url":"https:\/\/grotta.is\/almennt\/paskahandboltaskoli-grottu-kr\/","name":"P\u00e1skahandboltask\u00f3li Gr\u00f3ttu\/KR - \u00cd\u00fer\u00f3ttaf\u00e9lagi\u00f0 Gr\u00f3tta","isPartOf":{"@id":"https:\/\/grotta.is\/#website"},"primaryImageOfPage":{"@id":"https:\/\/grotta.is\/almennt\/paskahandboltaskoli-grottu-kr\/#primaryimage"},"image":{"@id":"https:\/\/grotta.is\/almennt\/paskahandboltaskoli-grottu-kr\/#primaryimage"},"thumbnailUrl":"https:\/\/grotta.is\/wp-content\/uploads\/2025\/04\/Copy-of-Handboltaskoli-Grottu-2023.png","datePublished":"2025-04-03T16:13:51+00:00","dateModified":"2025-04-03T16:13:52+00:00","breadcrumb":{"@id":"https:\/\/grotta.is\/almennt\/paskahandboltaskoli-grottu-kr\/#breadcrumb"},"inLanguage":"en-US","potentialAction":[{"@type":"ReadAction","target":["https:\/\/grotta.is\/almennt\/paskahandboltaskoli-grottu-kr\/"]}]},{"@type":"ImageObject","inLanguage":"en-US","@id":"https:\/\/grotta.is\/almennt\/paskahandboltaskoli-grottu-kr\/#primaryimage","url":"https:\/\/grotta.is\/wp-content\/uploads\/2025\/04\/Copy-of-Handboltaskoli-Grottu-2023.png","contentUrl":"https:\/\/grotta.is\/wp-content\/uploads\/2025\/04\/Copy-of-Handboltaskoli-Grottu-2023.png","width":1080,"height":1080},{"@type":"BreadcrumbList","@id":"https:\/\/grotta.is\/almennt\/paskahandboltaskoli-grottu-kr\/#breadcrumb","itemListElement":[{"@type":"ListItem","position":1,"name":"Home","item":"https:\/\/grotta.is\/"},{"@type":"ListItem","position":2,"name":"P\u00e1skahandboltask\u00f3li Gr\u00f3ttu\/KR"}]},{"@type":"WebSite","@id":"https:\/\/grotta.is\/#website","url":"https:\/\/grotta.is\/","name":"\u00cd\u00fer\u00f3ttaf\u00e9lagi\u00f0 Gr\u00f3tta","description":"\u00e1 Seltjarnarnesi","publisher":{"@id":"https:\/\/grotta.is\/#organization"},"potentialAction":[{"@type":"SearchAction","target":{"@type":"EntryPoint","urlTemplate":"https:\/\/grotta.is\/?s={search_term_string}"},"query-input":{"@type":"PropertyValueSpecification","valueRequired":true,"valueName":"search_term_string"}}],"inLanguage":"en-US"},{"@type":"Organization","@id":"https:\/\/grotta.is\/#organization","name":"\u00cd\u00fer\u00f3ttaf\u00e9lagi\u00f0 Gr\u00f3tta","url":"https:\/\/grotta.is\/","logo":{"@type":"ImageObject","inLanguage":"en-US","@id":"https:\/\/grotta.is\/#\/schema\/logo\/image\/","url":"https:\/\/grotta.is\/wp-content\/uploads\/2020\/02\/ithrottafelagidgrotta_logo_512x512_transparent.png","contentUrl":"https:\/\/grotta.is\/wp-content\/uploads\/2020\/02\/ithrottafelagidgrotta_logo_512x512_transparent.png","width":512,"height":512,"caption":"\u00cd\u00fer\u00f3ttaf\u00e9lagi\u00f0 Gr\u00f3tta"},"image":{"@id":"https:\/\/grotta.is\/#\/schema\/logo\/image\/"},"sameAs":["https:\/\/www.facebook.com\/grottasport"]},{"@type":"Person","@id":"https:\/\/grotta.is\/#\/schema\/person\/b21e9d5dfd92c90211e343e8d7252b1c","name":"Andri Sigf\u00fasson","url":"https:\/\/grotta.is\/en\/author\/andri\/"}]}},"_links":{"self":[{"href":"https:\/\/grotta.is\/en\/wp-json\/wp\/v2\/posts\/575183","targetHints":{"allow":["GET"]}}],"collection":[{"href":"https:\/\/grotta.is\/en\/wp-json\/wp\/v2\/posts"}],"about":[{"href":"https:\/\/grotta.is\/en\/wp-json\/wp\/v2\/types\/post"}],"author":[{"embeddable":true,"href":"https:\/\/grotta.is\/en\/wp-json\/wp\/v2\/users\/10"}],"replies":[{"embeddable":true,"href":"https:\/\/grotta.is\/en\/wp-json\/wp\/v2\/comments?post=575183"}],"version-history":[{"count":1,"href":"https:\/\/grotta.is\/en\/wp-json\/wp\/v2\/posts\/575183\/revisions"}],"predecessor-version":[{"id":575185,"href":"https:\/\/grotta.is\/en\/wp-json\/wp\/v2\/posts\/575183\/revisions\/575185"}],"wp:featuredmedia":[{"embeddable":true,"href":"https:\/\/grotta.is\/en\/wp-json\/wp\/v2\/media\/575184"}],"wp:attachment":[{"href":"https:\/\/grotta.is\/en\/wp-json\/wp\/v2\/media?parent=575183"}],"wp:term":[{"taxonomy":"category","embeddable":true,"href":"https:\/\/grotta.is\/en\/wp-json\/wp\/v2\/categories?post=575183"},{"taxonomy":"post_tag","embeddable":true,"href":"https:\/\/grotta.is\/en\/wp-json\/wp\/v2\/tags?post=575183"}],"curies":[{"name":"wp","href":"https:\/\/api.w.org\/{rel}","templated":true}]}}