{"id":575005,"date":"2025-02-19T11:51:13","date_gmt":"2025-02-19T11:51:13","guid":{"rendered":"https:\/\/grotta.is\/?p=575005"},"modified":"2025-02-19T11:51:14","modified_gmt":"2025-02-19T11:51:14","slug":"handboltaskoli-grottu-kr-2","status":"publish","type":"post","link":"https:\/\/grotta.is\/en\/handknattleiksdeild\/handboltaskoli-grottu-kr-2\/","title":{"rendered":"Handboltask\u00f3li Gr\u00f3ttu\/KR"},"content":{"rendered":"<p>Vetrarleyfi grunnsk\u00f3lanna er \u00e1 n\u00e6sta leiti. Eins og undanfarin \u00e1r ver\u00f0ur Handboltask\u00f3li Gr\u00f3ttu\/KR starfr\u00e6ktur \u00fe\u00e1 daga. Sk\u00f3linn ver\u00f0ur \u00ed Hertz-h\u00f6llinni milli kl. 09:00-12:00 og fer skr\u00e1ningin fram \u00ed Abler.<\/p><p>Skipt ver\u00f0ur \u00ed h\u00f3pa eftir aldri. N\u00e1mskei\u00f0i\u00f0 er jafnt fyrir \u00fe\u00e1 sem \u00e6fa og hafa ekki \u00e6ft \u00e1\u00f0ur. Stelpur eru s\u00e9rstaklega hvattar til a\u00f0 skr\u00e1 sig \u00e1 n\u00e1mskei\u00f0i\u00f0.<\/p><p><a><\/a>\u00dej\u00e1lfarar n\u00e1mskei\u00f0sins eru \u00fej\u00e1lfarar deildarinnar og leikmenn meistaraflokks. Hvor dagur kostar eing\u00f6ngu 3000 kr.<\/p><p>Beinn hlekkur \u00e1 skr\u00e1ninguna er h\u00e9rna: <a href=\"https:\/\/www.abler.io\/shop\/grotta\/handbolti\/product\/Q2x1YlNlcnZpY2U6MzgwNTU=?fbclid=IwZXh0bgNhZW0CMTAAAR0fUuoF1SuL1ndqOjrjghSt8N2t7OPhJYLKmYqEGj_42M-UqOiYsxTuYgE_aem_1Yo0kGCkWJsjFpt3b1pNGQ\" rel=\"noreferrer noopener\" target=\"_blank\">https:\/\/www.abler.io\/&#8230;\/product\/Q2x1YlNlcnZpY2U6MzgwNTU=<\/a><\/p>","protected":false},"excerpt":{"rendered":"<p>Vetrarleyfi grunnsk\u00f3lanna er \u00e1 n\u00e6sta leiti. Eins og undanfarin \u00e1r ver\u00f0ur Handboltask\u00f3li Gr\u00f3ttu\/KR starfr\u00e6ktur \u00fe\u00e1 daga. Sk\u00f3linn ver\u00f0ur \u00ed Hertz-h\u00f6llinni milli kl. 09:00-12:00 og fer skr\u00e1ningin fram \u00ed Abler. Skipt [&hellip;]<\/p>","protected":false},"author":10,"featured_media":575006,"comment_status":"closed","ping_status":"closed","sticky":false,"template":"","format":"standard","meta":{"footnotes":""},"categories":[12],"tags":[13,15],"class_list":["post-575005","post","type-post","status-publish","format-standard","has-post-thumbnail","hentry","category-handknattleiksdeild","tag-handbolti","tag-yngri-flokkar"],"yoast_head":"<!-- This site is optimized with the Yoast SEO plugin v24.3 - https:\/\/yoast.com\/wordpress\/plugins\/seo\/ -->\n<title>Handboltask\u00f3li Gr\u00f3ttu\/KR - \u00cd\u00fer\u00f3ttaf\u00e9lagi\u00f0 Gr\u00f3tta<\/title>\n<meta name=\"robots\" content=\"index, follow, max-snippet:-1, max-image-preview:large, max-video-preview:-1\" \/>\n<link rel=\"canonical\" href=\"https:\/\/grotta.is\/en\/handknattleiksdeild\/handboltaskoli-grottu-kr-2\/\" \/>\n<meta property=\"og:locale\" content=\"en_US\" \/>\n<meta property=\"og:type\" content=\"article\" \/>\n<meta property=\"og:title\" content=\"Handboltask\u00f3li Gr\u00f3ttu\/KR - \u00cd\u00fer\u00f3ttaf\u00e9lagi\u00f0 Gr\u00f3tta\" \/>\n<meta property=\"og:description\" content=\"Vetrarleyfi grunnsk\u00f3lanna er \u00e1 n\u00e6sta leiti. Eins og undanfarin \u00e1r ver\u00f0ur Handboltask\u00f3li Gr\u00f3ttu\/KR starfr\u00e6ktur \u00fe\u00e1 daga. Sk\u00f3linn ver\u00f0ur \u00ed Hertz-h\u00f6llinni milli kl. 09:00-12:00 og fer skr\u00e1ningin fram \u00ed Abler. Skipt [&hellip;]\" \/>\n<meta property=\"og:url\" content=\"https:\/\/grotta.is\/en\/handknattleiksdeild\/handboltaskoli-grottu-kr-2\/\" \/>\n<meta property=\"og:site_name\" content=\"\u00cd\u00fer\u00f3ttaf\u00e9lagi\u00f0 Gr\u00f3tta\" \/>\n<meta property=\"article:publisher\" content=\"https:\/\/www.facebook.com\/grottasport\" \/>\n<meta property=\"article:published_time\" content=\"2025-02-19T11:51:13+00:00\" \/>\n<meta property=\"article:modified_time\" content=\"2025-02-19T11:51:14+00:00\" \/>\n<meta property=\"og:image\" content=\"https:\/\/grotta.is\/wp-content\/uploads\/2025\/02\/476837471_1229458082037614_5609051588900393728_n.jpg\" \/>\n\t<meta property=\"og:image:width\" content=\"1080\" \/>\n\t<meta property=\"og:image:height\" content=\"1080\" \/>\n\t<meta property=\"og:image:type\" content=\"image\/jpeg\" \/>\n<meta name=\"author\" content=\"Andri Sigf\u00fasson\" \/>\n<meta name=\"twitter:card\" content=\"summary_large_image\" \/>\n<meta name=\"twitter:label1\" content=\"Written by\" \/>\n\t<meta name=\"twitter:data1\" content=\"Andri Sigf\u00fasson\" \/>\n\t<meta name=\"twitter:label2\" content=\"Est. reading time\" \/>\n\t<meta name=\"twitter:data2\" content=\"1 minute\" \/>\n<script type=\"application\/ld+json\" class=\"yoast-schema-graph\">{\"@context\":\"https:\/\/schema.org\",\"@graph\":[{\"@type\":\"Article\",\"@id\":\"https:\/\/grotta.is\/handknattleiksdeild\/handboltaskoli-grottu-kr-2\/#article\",\"isPartOf\":{\"@id\":\"https:\/\/grotta.is\/handknattleiksdeild\/handboltaskoli-grottu-kr-2\/\"},\"author\":{\"name\":\"Andri Sigf\u00fasson\",\"@id\":\"https:\/\/grotta.is\/#\/schema\/person\/b21e9d5dfd92c90211e343e8d7252b1c\"},\"headline\":\"Handboltask\u00f3li Gr\u00f3ttu\/KR\",\"datePublished\":\"2025-02-19T11:51:13+00:00\",\"dateModified\":\"2025-02-19T11:51:14+00:00\",\"mainEntityOfPage\":{\"@id\":\"https:\/\/grotta.is\/handknattleiksdeild\/handboltaskoli-grottu-kr-2\/\"},\"wordCount\":108,\"publisher\":{\"@id\":\"https:\/\/grotta.is\/#organization\"},\"image\":{\"@id\":\"https:\/\/grotta.is\/handknattleiksdeild\/handboltaskoli-grottu-kr-2\/#primaryimage\"},\"thumbnailUrl\":\"https:\/\/grotta.is\/wp-content\/uploads\/2025\/02\/476837471_1229458082037614_5609051588900393728_n.jpg\",\"keywords\":[\"Handbolti\",\"Yngri flokkar\"],\"articleSection\":[\"Handknattleiksdeild\"],\"inLanguage\":\"en-US\"},{\"@type\":\"WebPage\",\"@id\":\"https:\/\/grotta.is\/handknattleiksdeild\/handboltaskoli-grottu-kr-2\/\",\"url\":\"https:\/\/grotta.is\/handknattleiksdeild\/handboltaskoli-grottu-kr-2\/\",\"name\":\"Handboltask\u00f3li Gr\u00f3ttu\/KR - \u00cd\u00fer\u00f3ttaf\u00e9lagi\u00f0 Gr\u00f3tta\",\"isPartOf\":{\"@id\":\"https:\/\/grotta.is\/#website\"},\"primaryImageOfPage\":{\"@id\":\"https:\/\/grotta.is\/handknattleiksdeild\/handboltaskoli-grottu-kr-2\/#primaryimage\"},\"image\":{\"@id\":\"https:\/\/grotta.is\/handknattleiksdeild\/handboltaskoli-grottu-kr-2\/#primaryimage\"},\"thumbnailUrl\":\"https:\/\/grotta.is\/wp-content\/uploads\/2025\/02\/476837471_1229458082037614_5609051588900393728_n.jpg\",\"datePublished\":\"2025-02-19T11:51:13+00:00\",\"dateModified\":\"2025-02-19T11:51:14+00:00\",\"breadcrumb\":{\"@id\":\"https:\/\/grotta.is\/handknattleiksdeild\/handboltaskoli-grottu-kr-2\/#breadcrumb\"},\"inLanguage\":\"en-US\",\"potentialAction\":[{\"@type\":\"ReadAction\",\"target\":[\"https:\/\/grotta.is\/handknattleiksdeild\/handboltaskoli-grottu-kr-2\/\"]}]},{\"@type\":\"ImageObject\",\"inLanguage\":\"en-US\",\"@id\":\"https:\/\/grotta.is\/handknattleiksdeild\/handboltaskoli-grottu-kr-2\/#primaryimage\",\"url\":\"https:\/\/grotta.is\/wp-content\/uploads\/2025\/02\/476837471_1229458082037614_5609051588900393728_n.jpg\",\"contentUrl\":\"https:\/\/grotta.is\/wp-content\/uploads\/2025\/02\/476837471_1229458082037614_5609051588900393728_n.jpg\",\"width\":1080,\"height\":1080},{\"@type\":\"BreadcrumbList\",\"@id\":\"https:\/\/grotta.is\/handknattleiksdeild\/handboltaskoli-grottu-kr-2\/#breadcrumb\",\"itemListElement\":[{\"@type\":\"ListItem\",\"position\":1,\"name\":\"Home\",\"item\":\"https:\/\/grotta.is\/\"},{\"@type\":\"ListItem\",\"position\":2,\"name\":\"Handboltask\u00f3li Gr\u00f3ttu\/KR\"}]},{\"@type\":\"WebSite\",\"@id\":\"https:\/\/grotta.is\/#website\",\"url\":\"https:\/\/grotta.is\/\",\"name\":\"\u00cd\u00fer\u00f3ttaf\u00e9lagi\u00f0 Gr\u00f3tta\",\"description\":\"\u00e1 Seltjarnarnesi\",\"publisher\":{\"@id\":\"https:\/\/grotta.is\/#organization\"},\"potentialAction\":[{\"@type\":\"SearchAction\",\"target\":{\"@type\":\"EntryPoint\",\"urlTemplate\":\"https:\/\/grotta.is\/?s={search_term_string}\"},\"query-input\":{\"@type\":\"PropertyValueSpecification\",\"valueRequired\":true,\"valueName\":\"search_term_string\"}}],\"inLanguage\":\"en-US\"},{\"@type\":\"Organization\",\"@id\":\"https:\/\/grotta.is\/#organization\",\"name\":\"\u00cd\u00fer\u00f3ttaf\u00e9lagi\u00f0 Gr\u00f3tta\",\"url\":\"https:\/\/grotta.is\/\",\"logo\":{\"@type\":\"ImageObject\",\"inLanguage\":\"en-US\",\"@id\":\"https:\/\/grotta.is\/#\/schema\/logo\/image\/\",\"url\":\"https:\/\/grotta.is\/wp-content\/uploads\/2020\/02\/ithrottafelagidgrotta_logo_512x512_transparent.png\",\"contentUrl\":\"https:\/\/grotta.is\/wp-content\/uploads\/2020\/02\/ithrottafelagidgrotta_logo_512x512_transparent.png\",\"width\":512,\"height\":512,\"caption\":\"\u00cd\u00fer\u00f3ttaf\u00e9lagi\u00f0 Gr\u00f3tta\"},\"image\":{\"@id\":\"https:\/\/grotta.is\/#\/schema\/logo\/image\/\"},\"sameAs\":[\"https:\/\/www.facebook.com\/grottasport\"]},{\"@type\":\"Person\",\"@id\":\"https:\/\/grotta.is\/#\/schema\/person\/b21e9d5dfd92c90211e343e8d7252b1c\",\"name\":\"Andri Sigf\u00fasson\",\"url\":\"https:\/\/grotta.is\/en\/author\/andri\/\"}]}<\/script>\n<!-- \/ Yoast SEO plugin. -->","yoast_head_json":{"title":"Handboltask\u00f3li Gr\u00f3ttu\/KR - \u00cd\u00fer\u00f3ttaf\u00e9lagi\u00f0 Gr\u00f3tta","robots":{"index":"index","follow":"follow","max-snippet":"max-snippet:-1","max-image-preview":"max-image-preview:large","max-video-preview":"max-video-preview:-1"},"canonical":"https:\/\/grotta.is\/en\/handknattleiksdeild\/handboltaskoli-grottu-kr-2\/","og_locale":"en_US","og_type":"article","og_title":"Handboltask\u00f3li Gr\u00f3ttu\/KR - \u00cd\u00fer\u00f3ttaf\u00e9lagi\u00f0 Gr\u00f3tta","og_description":"Vetrarleyfi grunnsk\u00f3lanna er \u00e1 n\u00e6sta leiti. Eins og undanfarin \u00e1r ver\u00f0ur Handboltask\u00f3li Gr\u00f3ttu\/KR starfr\u00e6ktur \u00fe\u00e1 daga. Sk\u00f3linn ver\u00f0ur \u00ed Hertz-h\u00f6llinni milli kl. 09:00-12:00 og fer skr\u00e1ningin fram \u00ed Abler. Skipt [&hellip;]","og_url":"https:\/\/grotta.is\/en\/handknattleiksdeild\/handboltaskoli-grottu-kr-2\/","og_site_name":"\u00cd\u00fer\u00f3ttaf\u00e9lagi\u00f0 Gr\u00f3tta","article_publisher":"https:\/\/www.facebook.com\/grottasport","article_published_time":"2025-02-19T11:51:13+00:00","article_modified_time":"2025-02-19T11:51:14+00:00","og_image":[{"width":1080,"height":1080,"url":"https:\/\/grotta.is\/wp-content\/uploads\/2025\/02\/476837471_1229458082037614_5609051588900393728_n.jpg","type":"image\/jpeg"}],"author":"Andri Sigf\u00fasson","twitter_card":"summary_large_image","twitter_misc":{"Written by":"Andri Sigf\u00fasson","Est. reading time":"1 minute"},"schema":{"@context":"https:\/\/schema.org","@graph":[{"@type":"Article","@id":"https:\/\/grotta.is\/handknattleiksdeild\/handboltaskoli-grottu-kr-2\/#article","isPartOf":{"@id":"https:\/\/grotta.is\/handknattleiksdeild\/handboltaskoli-grottu-kr-2\/"},"author":{"name":"Andri Sigf\u00fasson","@id":"https:\/\/grotta.is\/#\/schema\/person\/b21e9d5dfd92c90211e343e8d7252b1c"},"headline":"Handboltask\u00f3li Gr\u00f3ttu\/KR","datePublished":"2025-02-19T11:51:13+00:00","dateModified":"2025-02-19T11:51:14+00:00","mainEntityOfPage":{"@id":"https:\/\/grotta.is\/handknattleiksdeild\/handboltaskoli-grottu-kr-2\/"},"wordCount":108,"publisher":{"@id":"https:\/\/grotta.is\/#organization"},"image":{"@id":"https:\/\/grotta.is\/handknattleiksdeild\/handboltaskoli-grottu-kr-2\/#primaryimage"},"thumbnailUrl":"https:\/\/grotta.is\/wp-content\/uploads\/2025\/02\/476837471_1229458082037614_5609051588900393728_n.jpg","keywords":["Handbolti","Yngri flokkar"],"articleSection":["Handknattleiksdeild"],"inLanguage":"en-US"},{"@type":"WebPage","@id":"https:\/\/grotta.is\/handknattleiksdeild\/handboltaskoli-grottu-kr-2\/","url":"https:\/\/grotta.is\/handknattleiksdeild\/handboltaskoli-grottu-kr-2\/","name":"Handboltask\u00f3li Gr\u00f3ttu\/KR - \u00cd\u00fer\u00f3ttaf\u00e9lagi\u00f0 Gr\u00f3tta","isPartOf":{"@id":"https:\/\/grotta.is\/#website"},"primaryImageOfPage":{"@id":"https:\/\/grotta.is\/handknattleiksdeild\/handboltaskoli-grottu-kr-2\/#primaryimage"},"image":{"@id":"https:\/\/grotta.is\/handknattleiksdeild\/handboltaskoli-grottu-kr-2\/#primaryimage"},"thumbnailUrl":"https:\/\/grotta.is\/wp-content\/uploads\/2025\/02\/476837471_1229458082037614_5609051588900393728_n.jpg","datePublished":"2025-02-19T11:51:13+00:00","dateModified":"2025-02-19T11:51:14+00:00","breadcrumb":{"@id":"https:\/\/grotta.is\/handknattleiksdeild\/handboltaskoli-grottu-kr-2\/#breadcrumb"},"inLanguage":"en-US","potentialAction":[{"@type":"ReadAction","target":["https:\/\/grotta.is\/handknattleiksdeild\/handboltaskoli-grottu-kr-2\/"]}]},{"@type":"ImageObject","inLanguage":"en-US","@id":"https:\/\/grotta.is\/handknattleiksdeild\/handboltaskoli-grottu-kr-2\/#primaryimage","url":"https:\/\/grotta.is\/wp-content\/uploads\/2025\/02\/476837471_1229458082037614_5609051588900393728_n.jpg","contentUrl":"https:\/\/grotta.is\/wp-content\/uploads\/2025\/02\/476837471_1229458082037614_5609051588900393728_n.jpg","width":1080,"height":1080},{"@type":"BreadcrumbList","@id":"https:\/\/grotta.is\/handknattleiksdeild\/handboltaskoli-grottu-kr-2\/#breadcrumb","itemListElement":[{"@type":"ListItem","position":1,"name":"Home","item":"https:\/\/grotta.is\/"},{"@type":"ListItem","position":2,"name":"Handboltask\u00f3li Gr\u00f3ttu\/KR"}]},{"@type":"WebSite","@id":"https:\/\/grotta.is\/#website","url":"https:\/\/grotta.is\/","name":"\u00cd\u00fer\u00f3ttaf\u00e9lagi\u00f0 Gr\u00f3tta","description":"\u00e1 Seltjarnarnesi","publisher":{"@id":"https:\/\/grotta.is\/#organization"},"potentialAction":[{"@type":"SearchAction","target":{"@type":"EntryPoint","urlTemplate":"https:\/\/grotta.is\/?s={search_term_string}"},"query-input":{"@type":"PropertyValueSpecification","valueRequired":true,"valueName":"search_term_string"}}],"inLanguage":"en-US"},{"@type":"Organization","@id":"https:\/\/grotta.is\/#organization","name":"\u00cd\u00fer\u00f3ttaf\u00e9lagi\u00f0 Gr\u00f3tta","url":"https:\/\/grotta.is\/","logo":{"@type":"ImageObject","inLanguage":"en-US","@id":"https:\/\/grotta.is\/#\/schema\/logo\/image\/","url":"https:\/\/grotta.is\/wp-content\/uploads\/2020\/02\/ithrottafelagidgrotta_logo_512x512_transparent.png","contentUrl":"https:\/\/grotta.is\/wp-content\/uploads\/2020\/02\/ithrottafelagidgrotta_logo_512x512_transparent.png","width":512,"height":512,"caption":"\u00cd\u00fer\u00f3ttaf\u00e9lagi\u00f0 Gr\u00f3tta"},"image":{"@id":"https:\/\/grotta.is\/#\/schema\/logo\/image\/"},"sameAs":["https:\/\/www.facebook.com\/grottasport"]},{"@type":"Person","@id":"https:\/\/grotta.is\/#\/schema\/person\/b21e9d5dfd92c90211e343e8d7252b1c","name":"Andri Sigf\u00fasson","url":"https:\/\/grotta.is\/en\/author\/andri\/"}]}},"_links":{"self":[{"href":"https:\/\/grotta.is\/en\/wp-json\/wp\/v2\/posts\/575005","targetHints":{"allow":["GET"]}}],"collection":[{"href":"https:\/\/grotta.is\/en\/wp-json\/wp\/v2\/posts"}],"about":[{"href":"https:\/\/grotta.is\/en\/wp-json\/wp\/v2\/types\/post"}],"author":[{"embeddable":true,"href":"https:\/\/grotta.is\/en\/wp-json\/wp\/v2\/users\/10"}],"replies":[{"embeddable":true,"href":"https:\/\/grotta.is\/en\/wp-json\/wp\/v2\/comments?post=575005"}],"version-history":[{"count":1,"href":"https:\/\/grotta.is\/en\/wp-json\/wp\/v2\/posts\/575005\/revisions"}],"predecessor-version":[{"id":575007,"href":"https:\/\/grotta.is\/en\/wp-json\/wp\/v2\/posts\/575005\/revisions\/575007"}],"wp:featuredmedia":[{"embeddable":true,"href":"https:\/\/grotta.is\/en\/wp-json\/wp\/v2\/media\/575006"}],"wp:attachment":[{"href":"https:\/\/grotta.is\/en\/wp-json\/wp\/v2\/media?parent=575005"}],"wp:term":[{"taxonomy":"category","embeddable":true,"href":"https:\/\/grotta.is\/en\/wp-json\/wp\/v2\/categories?post=575005"},{"taxonomy":"post_tag","embeddable":true,"href":"https:\/\/grotta.is\/en\/wp-json\/wp\/v2\/tags?post=575005"}],"curies":[{"name":"wp","href":"https:\/\/api.w.org\/{rel}","templated":true}]}}