{"id":574950,"date":"2025-02-05T12:22:32","date_gmt":"2025-02-05T12:22:32","guid":{"rendered":"https:\/\/grotta.is\/?p=574950"},"modified":"2025-02-05T12:23:33","modified_gmt":"2025-02-05T12:23:33","slug":"kjor-a-ithrottamanni-og-konu-seltjarnarness-2024","status":"publish","type":"post","link":"https:\/\/grotta.is\/en\/fimleikadeild\/kjor-a-ithrottamanni-og-konu-seltjarnarness-2024\/","title":{"rendered":"Kj\u00f6r \u00e1 \u00ed\u00fer\u00f3ttamanni og konu Seltjarnarness 2024"},"content":{"rendered":"<p>Kj\u00f6r \u00e1 \u00ed\u00fer\u00f3ttamanni og konu Seltjarnarness 2024 f\u00f3r fram \u00ed h\u00e1t\u00ed\u00f0arsal Gr\u00f3ttu fimmtudaginn 31.jan\u00faar s\u00ed\u00f0astli\u00f0inn.<\/p><p>N\u00edu einstaklingar voru tilnefndir a\u00f0 \u00feessu sinni, en til \u00feess a\u00f0 vera kj\u00f6rgengur \u00fearf \u00ed\u00fer\u00f3ttama\u00f0urinn\/konan a\u00f0 b\u00faa \u00e1 Seltjarnarnesi.<\/p><p>Fimleikakonan Au\u00f0ur Anna \u00deorbjarnad\u00f3ttir var tilnefnd til \u00ed\u00fer\u00f3ttakonu Seltjarnarness.<\/p><p>Au\u00f0ur \u00e6fir \u00e1haldafimleika me\u00f0 Stj\u00f6rnunni en \u00e1\u00f0ur \u00e6f\u00f0i h\u00fan me\u00f0 Gr\u00f3ttu \u00ed \u00e1rabil.<\/p><p>Innilega til hamingju me\u00f0 tilnefninguna Au\u00f0ur.<\/p><figure class=\"wp-block-image size-full\"><img fetchpriority=\"high\" decoding=\"async\" width=\"960\" height=\"958\" src=\"https:\/\/grotta.is\/wp-content\/uploads\/2025\/02\/thumbnail_Audur-Anna.jpg\" alt=\"\" class=\"wp-image-574952\" srcset=\"https:\/\/grotta.is\/wp-content\/uploads\/2025\/02\/thumbnail_Audur-Anna.jpg 960w, https:\/\/grotta.is\/wp-content\/uploads\/2025\/02\/thumbnail_Audur-Anna-300x300.jpg 300w, https:\/\/grotta.is\/wp-content\/uploads\/2025\/02\/thumbnail_Audur-Anna-150x150.jpg 150w, https:\/\/grotta.is\/wp-content\/uploads\/2025\/02\/thumbnail_Audur-Anna-768x766.jpg 768w, https:\/\/grotta.is\/wp-content\/uploads\/2025\/02\/thumbnail_Audur-Anna-12x12.jpg 12w, https:\/\/grotta.is\/wp-content\/uploads\/2025\/02\/thumbnail_Audur-Anna-500x500.jpg 500w, https:\/\/grotta.is\/wp-content\/uploads\/2025\/02\/thumbnail_Audur-Anna-400x400.jpg 400w, https:\/\/grotta.is\/wp-content\/uploads\/2025\/02\/thumbnail_Audur-Anna-600x599.jpg 600w, https:\/\/grotta.is\/wp-content\/uploads\/2025\/02\/thumbnail_Audur-Anna-100x100.jpg 100w\" sizes=\"(max-width: 960px) 100vw, 960px\" \/><\/figure><p>Einnig var ungt og efnilegt \u00ed\u00fer\u00f3ttaf\u00f3lk hei\u00f0ra\u00f0 \u00e1 samkomunni.<\/p><p>\u00de\u00e6r Harpa Hr\u00f6nn Egilsd\u00f3ttir og Eva Brynd\u00eds Ragnhei\u00f0ard\u00f3ttir \u00e6fa b\u00e1\u00f0ar fimleika me\u00f0 Gr\u00f3ttu og fengu b\u00e1\u00f0ar vi\u00f0urkenningu \u00ed \u00feessum flokki.<\/p><p>Innilega til hamingju stelpur<\/p><p><\/p>","protected":false},"excerpt":{"rendered":"<p>Kj\u00f6r \u00e1 \u00ed\u00fer\u00f3ttamanni og konu Seltjarnarness 2024 f\u00f3r fram \u00ed h\u00e1t\u00ed\u00f0arsal Gr\u00f3ttu fimmtudaginn 31.jan\u00faar s\u00ed\u00f0astli\u00f0inn. N\u00edu einstaklingar voru tilnefndir a\u00f0 \u00feessu sinni, en til \u00feess a\u00f0 vera kj\u00f6rgengur \u00fearf \u00ed\u00fer\u00f3ttama\u00f0urinn\/konan [&hellip;]<\/p>","protected":false},"author":13,"featured_media":574951,"comment_status":"closed","ping_status":"closed","sticky":false,"template":"","format":"standard","meta":{"footnotes":""},"categories":[9],"tags":[],"class_list":["post-574950","post","type-post","status-publish","format-standard","has-post-thumbnail","hentry","category-fimleikadeild"],"yoast_head":"<!-- This site is optimized with the Yoast SEO plugin v24.3 - https:\/\/yoast.com\/wordpress\/plugins\/seo\/ -->\n<title>Kj\u00f6r \u00e1 \u00ed\u00fer\u00f3ttamanni og konu Seltjarnarness 2024 - \u00cd\u00fer\u00f3ttaf\u00e9lagi\u00f0 Gr\u00f3tta<\/title>\n<meta name=\"robots\" content=\"index, follow, max-snippet:-1, max-image-preview:large, max-video-preview:-1\" \/>\n<link rel=\"canonical\" href=\"https:\/\/grotta.is\/en\/fimleikadeild\/kjor-a-ithrottamanni-og-konu-seltjarnarness-2024\/\" \/>\n<meta property=\"og:locale\" content=\"en_US\" \/>\n<meta property=\"og:type\" content=\"article\" \/>\n<meta property=\"og:title\" content=\"Kj\u00f6r \u00e1 \u00ed\u00fer\u00f3ttamanni og konu Seltjarnarness 2024 - \u00cd\u00fer\u00f3ttaf\u00e9lagi\u00f0 Gr\u00f3tta\" \/>\n<meta property=\"og:description\" content=\"Kj\u00f6r \u00e1 \u00ed\u00fer\u00f3ttamanni og konu Seltjarnarness 2024 f\u00f3r fram \u00ed h\u00e1t\u00ed\u00f0arsal Gr\u00f3ttu fimmtudaginn 31.jan\u00faar s\u00ed\u00f0astli\u00f0inn. N\u00edu einstaklingar voru tilnefndir a\u00f0 \u00feessu sinni, en til \u00feess a\u00f0 vera kj\u00f6rgengur \u00fearf \u00ed\u00fer\u00f3ttama\u00f0urinn\/konan [&hellip;]\" \/>\n<meta property=\"og:url\" content=\"https:\/\/grotta.is\/en\/fimleikadeild\/kjor-a-ithrottamanni-og-konu-seltjarnarness-2024\/\" \/>\n<meta property=\"og:site_name\" content=\"\u00cd\u00fer\u00f3ttaf\u00e9lagi\u00f0 Gr\u00f3tta\" \/>\n<meta property=\"article:publisher\" content=\"https:\/\/www.facebook.com\/grottasport\" \/>\n<meta property=\"article:published_time\" content=\"2025-02-05T12:22:32+00:00\" \/>\n<meta property=\"article:modified_time\" content=\"2025-02-05T12:23:33+00:00\" \/>\n<meta property=\"og:image\" content=\"https:\/\/grotta.is\/wp-content\/uploads\/2025\/02\/Eva-Bryndis-og-Harpa-Hronn.jpeg\" \/>\n\t<meta property=\"og:image:width\" content=\"1536\" \/>\n\t<meta property=\"og:image:height\" content=\"2048\" \/>\n\t<meta property=\"og:image:type\" content=\"image\/jpeg\" \/>\n<meta name=\"author\" content=\"Hrafnhildur Sigurj\u00f3nsd\u00f3ttir\" \/>\n<meta name=\"twitter:card\" content=\"summary_large_image\" \/>\n<meta name=\"twitter:label1\" content=\"Written by\" \/>\n\t<meta name=\"twitter:data1\" content=\"Hrafnhildur Sigurj\u00f3nsd\u00f3ttir\" \/>\n\t<meta name=\"twitter:label2\" content=\"Est. reading time\" \/>\n\t<meta name=\"twitter:data2\" content=\"1 minute\" \/>\n<script type=\"application\/ld+json\" class=\"yoast-schema-graph\">{\"@context\":\"https:\/\/schema.org\",\"@graph\":[{\"@type\":\"Article\",\"@id\":\"https:\/\/grotta.is\/fimleikadeild\/kjor-a-ithrottamanni-og-konu-seltjarnarness-2024\/#article\",\"isPartOf\":{\"@id\":\"https:\/\/grotta.is\/fimleikadeild\/kjor-a-ithrottamanni-og-konu-seltjarnarness-2024\/\"},\"author\":{\"name\":\"Hrafnhildur Sigurj\u00f3nsd\u00f3ttir\",\"@id\":\"https:\/\/grotta.is\/#\/schema\/person\/ef1c56135facd925e36b1430a1db29c9\"},\"headline\":\"Kj\u00f6r \u00e1 \u00ed\u00fer\u00f3ttamanni og konu Seltjarnarness 2024\",\"datePublished\":\"2025-02-05T12:22:32+00:00\",\"dateModified\":\"2025-02-05T12:23:33+00:00\",\"mainEntityOfPage\":{\"@id\":\"https:\/\/grotta.is\/fimleikadeild\/kjor-a-ithrottamanni-og-konu-seltjarnarness-2024\/\"},\"wordCount\":131,\"publisher\":{\"@id\":\"https:\/\/grotta.is\/#organization\"},\"image\":{\"@id\":\"https:\/\/grotta.is\/fimleikadeild\/kjor-a-ithrottamanni-og-konu-seltjarnarness-2024\/#primaryimage\"},\"thumbnailUrl\":\"https:\/\/grotta.is\/wp-content\/uploads\/2025\/02\/Eva-Bryndis-og-Harpa-Hronn.jpeg\",\"articleSection\":[\"Fimleikadeild\"],\"inLanguage\":\"en-US\"},{\"@type\":\"WebPage\",\"@id\":\"https:\/\/grotta.is\/fimleikadeild\/kjor-a-ithrottamanni-og-konu-seltjarnarness-2024\/\",\"url\":\"https:\/\/grotta.is\/fimleikadeild\/kjor-a-ithrottamanni-og-konu-seltjarnarness-2024\/\",\"name\":\"Kj\u00f6r \u00e1 \u00ed\u00fer\u00f3ttamanni og konu Seltjarnarness 2024 - \u00cd\u00fer\u00f3ttaf\u00e9lagi\u00f0 Gr\u00f3tta\",\"isPartOf\":{\"@id\":\"https:\/\/grotta.is\/#website\"},\"primaryImageOfPage\":{\"@id\":\"https:\/\/grotta.is\/fimleikadeild\/kjor-a-ithrottamanni-og-konu-seltjarnarness-2024\/#primaryimage\"},\"image\":{\"@id\":\"https:\/\/grotta.is\/fimleikadeild\/kjor-a-ithrottamanni-og-konu-seltjarnarness-2024\/#primaryimage\"},\"thumbnailUrl\":\"https:\/\/grotta.is\/wp-content\/uploads\/2025\/02\/Eva-Bryndis-og-Harpa-Hronn.jpeg\",\"datePublished\":\"2025-02-05T12:22:32+00:00\",\"dateModified\":\"2025-02-05T12:23:33+00:00\",\"breadcrumb\":{\"@id\":\"https:\/\/grotta.is\/fimleikadeild\/kjor-a-ithrottamanni-og-konu-seltjarnarness-2024\/#breadcrumb\"},\"inLanguage\":\"en-US\",\"potentialAction\":[{\"@type\":\"ReadAction\",\"target\":[\"https:\/\/grotta.is\/fimleikadeild\/kjor-a-ithrottamanni-og-konu-seltjarnarness-2024\/\"]}]},{\"@type\":\"ImageObject\",\"inLanguage\":\"en-US\",\"@id\":\"https:\/\/grotta.is\/fimleikadeild\/kjor-a-ithrottamanni-og-konu-seltjarnarness-2024\/#primaryimage\",\"url\":\"https:\/\/grotta.is\/wp-content\/uploads\/2025\/02\/Eva-Bryndis-og-Harpa-Hronn.jpeg\",\"contentUrl\":\"https:\/\/grotta.is\/wp-content\/uploads\/2025\/02\/Eva-Bryndis-og-Harpa-Hronn.jpeg\",\"width\":1536,\"height\":2048},{\"@type\":\"BreadcrumbList\",\"@id\":\"https:\/\/grotta.is\/fimleikadeild\/kjor-a-ithrottamanni-og-konu-seltjarnarness-2024\/#breadcrumb\",\"itemListElement\":[{\"@type\":\"ListItem\",\"position\":1,\"name\":\"Home\",\"item\":\"https:\/\/grotta.is\/\"},{\"@type\":\"ListItem\",\"position\":2,\"name\":\"Kj\u00f6r \u00e1 \u00ed\u00fer\u00f3ttamanni og konu Seltjarnarness 2024\"}]},{\"@type\":\"WebSite\",\"@id\":\"https:\/\/grotta.is\/#website\",\"url\":\"https:\/\/grotta.is\/\",\"name\":\"\u00cd\u00fer\u00f3ttaf\u00e9lagi\u00f0 Gr\u00f3tta\",\"description\":\"\u00e1 Seltjarnarnesi\",\"publisher\":{\"@id\":\"https:\/\/grotta.is\/#organization\"},\"potentialAction\":[{\"@type\":\"SearchAction\",\"target\":{\"@type\":\"EntryPoint\",\"urlTemplate\":\"https:\/\/grotta.is\/?s={search_term_string}\"},\"query-input\":{\"@type\":\"PropertyValueSpecification\",\"valueRequired\":true,\"valueName\":\"search_term_string\"}}],\"inLanguage\":\"en-US\"},{\"@type\":\"Organization\",\"@id\":\"https:\/\/grotta.is\/#organization\",\"name\":\"\u00cd\u00fer\u00f3ttaf\u00e9lagi\u00f0 Gr\u00f3tta\",\"url\":\"https:\/\/grotta.is\/\",\"logo\":{\"@type\":\"ImageObject\",\"inLanguage\":\"en-US\",\"@id\":\"https:\/\/grotta.is\/#\/schema\/logo\/image\/\",\"url\":\"https:\/\/grotta.is\/wp-content\/uploads\/2020\/02\/ithrottafelagidgrotta_logo_512x512_transparent.png\",\"contentUrl\":\"https:\/\/grotta.is\/wp-content\/uploads\/2020\/02\/ithrottafelagidgrotta_logo_512x512_transparent.png\",\"width\":512,\"height\":512,\"caption\":\"\u00cd\u00fer\u00f3ttaf\u00e9lagi\u00f0 Gr\u00f3tta\"},\"image\":{\"@id\":\"https:\/\/grotta.is\/#\/schema\/logo\/image\/\"},\"sameAs\":[\"https:\/\/www.facebook.com\/grottasport\"]},{\"@type\":\"Person\",\"@id\":\"https:\/\/grotta.is\/#\/schema\/person\/ef1c56135facd925e36b1430a1db29c9\",\"name\":\"Hrafnhildur Sigurj\u00f3nsd\u00f3ttir\",\"url\":\"https:\/\/grotta.is\/en\/author\/hrafnhildur\/\"}]}<\/script>\n<!-- \/ Yoast SEO plugin. -->","yoast_head_json":{"title":"Kj\u00f6r \u00e1 \u00ed\u00fer\u00f3ttamanni og konu Seltjarnarness 2024 - \u00cd\u00fer\u00f3ttaf\u00e9lagi\u00f0 Gr\u00f3tta","robots":{"index":"index","follow":"follow","max-snippet":"max-snippet:-1","max-image-preview":"max-image-preview:large","max-video-preview":"max-video-preview:-1"},"canonical":"https:\/\/grotta.is\/en\/fimleikadeild\/kjor-a-ithrottamanni-og-konu-seltjarnarness-2024\/","og_locale":"en_US","og_type":"article","og_title":"Kj\u00f6r \u00e1 \u00ed\u00fer\u00f3ttamanni og konu Seltjarnarness 2024 - \u00cd\u00fer\u00f3ttaf\u00e9lagi\u00f0 Gr\u00f3tta","og_description":"Kj\u00f6r \u00e1 \u00ed\u00fer\u00f3ttamanni og konu Seltjarnarness 2024 f\u00f3r fram \u00ed h\u00e1t\u00ed\u00f0arsal Gr\u00f3ttu fimmtudaginn 31.jan\u00faar s\u00ed\u00f0astli\u00f0inn. N\u00edu einstaklingar voru tilnefndir a\u00f0 \u00feessu sinni, en til \u00feess a\u00f0 vera kj\u00f6rgengur \u00fearf \u00ed\u00fer\u00f3ttama\u00f0urinn\/konan [&hellip;]","og_url":"https:\/\/grotta.is\/en\/fimleikadeild\/kjor-a-ithrottamanni-og-konu-seltjarnarness-2024\/","og_site_name":"\u00cd\u00fer\u00f3ttaf\u00e9lagi\u00f0 Gr\u00f3tta","article_publisher":"https:\/\/www.facebook.com\/grottasport","article_published_time":"2025-02-05T12:22:32+00:00","article_modified_time":"2025-02-05T12:23:33+00:00","og_image":[{"width":1536,"height":2048,"url":"https:\/\/grotta.is\/wp-content\/uploads\/2025\/02\/Eva-Bryndis-og-Harpa-Hronn.jpeg","type":"image\/jpeg"}],"author":"Hrafnhildur Sigurj\u00f3nsd\u00f3ttir","twitter_card":"summary_large_image","twitter_misc":{"Written by":"Hrafnhildur Sigurj\u00f3nsd\u00f3ttir","Est. reading time":"1 minute"},"schema":{"@context":"https:\/\/schema.org","@graph":[{"@type":"Article","@id":"https:\/\/grotta.is\/fimleikadeild\/kjor-a-ithrottamanni-og-konu-seltjarnarness-2024\/#article","isPartOf":{"@id":"https:\/\/grotta.is\/fimleikadeild\/kjor-a-ithrottamanni-og-konu-seltjarnarness-2024\/"},"author":{"name":"Hrafnhildur Sigurj\u00f3nsd\u00f3ttir","@id":"https:\/\/grotta.is\/#\/schema\/person\/ef1c56135facd925e36b1430a1db29c9"},"headline":"Kj\u00f6r \u00e1 \u00ed\u00fer\u00f3ttamanni og konu Seltjarnarness 2024","datePublished":"2025-02-05T12:22:32+00:00","dateModified":"2025-02-05T12:23:33+00:00","mainEntityOfPage":{"@id":"https:\/\/grotta.is\/fimleikadeild\/kjor-a-ithrottamanni-og-konu-seltjarnarness-2024\/"},"wordCount":131,"publisher":{"@id":"https:\/\/grotta.is\/#organization"},"image":{"@id":"https:\/\/grotta.is\/fimleikadeild\/kjor-a-ithrottamanni-og-konu-seltjarnarness-2024\/#primaryimage"},"thumbnailUrl":"https:\/\/grotta.is\/wp-content\/uploads\/2025\/02\/Eva-Bryndis-og-Harpa-Hronn.jpeg","articleSection":["Fimleikadeild"],"inLanguage":"en-US"},{"@type":"WebPage","@id":"https:\/\/grotta.is\/fimleikadeild\/kjor-a-ithrottamanni-og-konu-seltjarnarness-2024\/","url":"https:\/\/grotta.is\/fimleikadeild\/kjor-a-ithrottamanni-og-konu-seltjarnarness-2024\/","name":"Kj\u00f6r \u00e1 \u00ed\u00fer\u00f3ttamanni og konu Seltjarnarness 2024 - \u00cd\u00fer\u00f3ttaf\u00e9lagi\u00f0 Gr\u00f3tta","isPartOf":{"@id":"https:\/\/grotta.is\/#website"},"primaryImageOfPage":{"@id":"https:\/\/grotta.is\/fimleikadeild\/kjor-a-ithrottamanni-og-konu-seltjarnarness-2024\/#primaryimage"},"image":{"@id":"https:\/\/grotta.is\/fimleikadeild\/kjor-a-ithrottamanni-og-konu-seltjarnarness-2024\/#primaryimage"},"thumbnailUrl":"https:\/\/grotta.is\/wp-content\/uploads\/2025\/02\/Eva-Bryndis-og-Harpa-Hronn.jpeg","datePublished":"2025-02-05T12:22:32+00:00","dateModified":"2025-02-05T12:23:33+00:00","breadcrumb":{"@id":"https:\/\/grotta.is\/fimleikadeild\/kjor-a-ithrottamanni-og-konu-seltjarnarness-2024\/#breadcrumb"},"inLanguage":"en-US","potentialAction":[{"@type":"ReadAction","target":["https:\/\/grotta.is\/fimleikadeild\/kjor-a-ithrottamanni-og-konu-seltjarnarness-2024\/"]}]},{"@type":"ImageObject","inLanguage":"en-US","@id":"https:\/\/grotta.is\/fimleikadeild\/kjor-a-ithrottamanni-og-konu-seltjarnarness-2024\/#primaryimage","url":"https:\/\/grotta.is\/wp-content\/uploads\/2025\/02\/Eva-Bryndis-og-Harpa-Hronn.jpeg","contentUrl":"https:\/\/grotta.is\/wp-content\/uploads\/2025\/02\/Eva-Bryndis-og-Harpa-Hronn.jpeg","width":1536,"height":2048},{"@type":"BreadcrumbList","@id":"https:\/\/grotta.is\/fimleikadeild\/kjor-a-ithrottamanni-og-konu-seltjarnarness-2024\/#breadcrumb","itemListElement":[{"@type":"ListItem","position":1,"name":"Home","item":"https:\/\/grotta.is\/"},{"@type":"ListItem","position":2,"name":"Kj\u00f6r \u00e1 \u00ed\u00fer\u00f3ttamanni og konu Seltjarnarness 2024"}]},{"@type":"WebSite","@id":"https:\/\/grotta.is\/#website","url":"https:\/\/grotta.is\/","name":"\u00cd\u00fer\u00f3ttaf\u00e9lagi\u00f0 Gr\u00f3tta","description":"\u00e1 Seltjarnarnesi","publisher":{"@id":"https:\/\/grotta.is\/#organization"},"potentialAction":[{"@type":"SearchAction","target":{"@type":"EntryPoint","urlTemplate":"https:\/\/grotta.is\/?s={search_term_string}"},"query-input":{"@type":"PropertyValueSpecification","valueRequired":true,"valueName":"search_term_string"}}],"inLanguage":"en-US"},{"@type":"Organization","@id":"https:\/\/grotta.is\/#organization","name":"\u00cd\u00fer\u00f3ttaf\u00e9lagi\u00f0 Gr\u00f3tta","url":"https:\/\/grotta.is\/","logo":{"@type":"ImageObject","inLanguage":"en-US","@id":"https:\/\/grotta.is\/#\/schema\/logo\/image\/","url":"https:\/\/grotta.is\/wp-content\/uploads\/2020\/02\/ithrottafelagidgrotta_logo_512x512_transparent.png","contentUrl":"https:\/\/grotta.is\/wp-content\/uploads\/2020\/02\/ithrottafelagidgrotta_logo_512x512_transparent.png","width":512,"height":512,"caption":"\u00cd\u00fer\u00f3ttaf\u00e9lagi\u00f0 Gr\u00f3tta"},"image":{"@id":"https:\/\/grotta.is\/#\/schema\/logo\/image\/"},"sameAs":["https:\/\/www.facebook.com\/grottasport"]},{"@type":"Person","@id":"https:\/\/grotta.is\/#\/schema\/person\/ef1c56135facd925e36b1430a1db29c9","name":"Hrafnhildur Sigurj\u00f3nsd\u00f3ttir","url":"https:\/\/grotta.is\/en\/author\/hrafnhildur\/"}]}},"_links":{"self":[{"href":"https:\/\/grotta.is\/en\/wp-json\/wp\/v2\/posts\/574950","targetHints":{"allow":["GET"]}}],"collection":[{"href":"https:\/\/grotta.is\/en\/wp-json\/wp\/v2\/posts"}],"about":[{"href":"https:\/\/grotta.is\/en\/wp-json\/wp\/v2\/types\/post"}],"author":[{"embeddable":true,"href":"https:\/\/grotta.is\/en\/wp-json\/wp\/v2\/users\/13"}],"replies":[{"embeddable":true,"href":"https:\/\/grotta.is\/en\/wp-json\/wp\/v2\/comments?post=574950"}],"version-history":[{"count":1,"href":"https:\/\/grotta.is\/en\/wp-json\/wp\/v2\/posts\/574950\/revisions"}],"predecessor-version":[{"id":574953,"href":"https:\/\/grotta.is\/en\/wp-json\/wp\/v2\/posts\/574950\/revisions\/574953"}],"wp:featuredmedia":[{"embeddable":true,"href":"https:\/\/grotta.is\/en\/wp-json\/wp\/v2\/media\/574951"}],"wp:attachment":[{"href":"https:\/\/grotta.is\/en\/wp-json\/wp\/v2\/media?parent=574950"}],"wp:term":[{"taxonomy":"category","embeddable":true,"href":"https:\/\/grotta.is\/en\/wp-json\/wp\/v2\/categories?post=574950"},{"taxonomy":"post_tag","embeddable":true,"href":"https:\/\/grotta.is\/en\/wp-json\/wp\/v2\/tags?post=574950"}],"curies":[{"name":"wp","href":"https:\/\/api.w.org\/{rel}","templated":true}]}}