{"id":574947,"date":"2025-02-05T10:39:03","date_gmt":"2025-02-05T10:39:03","guid":{"rendered":"https:\/\/grotta.is\/?p=574947"},"modified":"2025-02-05T10:39:05","modified_gmt":"2025-02-05T10:39:05","slug":"appelsinugul-vidvorun","status":"publish","type":"post","link":"https:\/\/grotta.is\/en\/almennt\/appelsinugul-vidvorun\/","title":{"rendered":"Appels\u00ednugul vi\u00f0v\u00f6run"},"content":{"rendered":"<p>K\u00e6ru foreldrar <img decoding=\"async\" height=\"16\" width=\"16\" alt=\"\u203c\ufe0f\" data-src=\"https:\/\/static.xx.fbcdn.net\/images\/emoji.php\/v9\/t77\/1\/16\/203c.png\" src=\"data:image\/gif;base64,R0lGODlhAQABAAAAACH5BAEKAAEALAAAAAABAAEAAAICTAEAOw==\" class=\"lazyload\" style=\"--smush-placeholder-width: 16px; --smush-placeholder-aspect-ratio: 16\/16;\"><img decoding=\"async\" height=\"16\" width=\"16\" alt=\"\u26a0\ufe0f\" data-src=\"https:\/\/static.xx.fbcdn.net\/images\/emoji.php\/v9\/tdc\/1\/16\/26a0.png\" src=\"data:image\/gif;base64,R0lGODlhAQABAAAAACH5BAEKAAEALAAAAAABAAEAAAICTAEAOw==\" class=\"lazyload\" style=\"--smush-placeholder-width: 16px; --smush-placeholder-aspect-ratio: 16\/16;\"><\/p><p>Vegna ve\u00f0urvi\u00f0v\u00f6runar sem tekur gildi kl. 14:00 \u00ed dag og \u00e1 morgunn vekjum vi\u00f0 athygli \u00e1 eftirfarandi:<\/p><p>Allar \u00e6fingar hj\u00e1 yngri flokkum knattspyrnudeildar falla ni\u00f0ur \u00ed dag og \u00e1 morgunn.<\/p><p>\u00c6fingar ver\u00f0a \u00e1 s\u00ednum sta\u00f0 hj\u00e1 handbolta- og fimleikadeild. Ef \u00fei\u00f0 meti\u00f0 a\u00f0 a\u00f0st\u00e6\u00f0ur s\u00e9u ekki n\u00e6gilega \u00f6ruggar fyrir barni\u00f0 ykkar til a\u00f0 m\u00e6ta \u00fe\u00e1 s\u00fdnum vi\u00f0 \u00fev\u00ed a\u00f0 sj\u00e1lfs\u00f6g\u00f0u skilning. Foreldrar eru hvattir til \u00feess a\u00f0 merkja vi\u00f0 \u00ed Abler hvort i\u00f0kendur m\u00e6ta.<\/p><p><\/p>","protected":false},"excerpt":{"rendered":"<p>K\u00e6ru foreldrar Vegna ve\u00f0urvi\u00f0v\u00f6runar sem tekur gildi kl. 14:00 \u00ed dag og \u00e1 morgunn vekjum vi\u00f0 athygli \u00e1 eftirfarandi: Allar \u00e6fingar hj\u00e1 yngri flokkum knattspyrnudeildar falla ni\u00f0ur \u00ed dag og [&hellip;]<\/p>","protected":false},"author":13,"featured_media":574948,"comment_status":"closed","ping_status":"closed","sticky":false,"template":"","format":"standard","meta":{"footnotes":""},"categories":[4],"tags":[],"class_list":["post-574947","post","type-post","status-publish","format-standard","has-post-thumbnail","hentry","category-almennt"],"yoast_head":"<!-- This site is optimized with the Yoast SEO plugin v24.3 - https:\/\/yoast.com\/wordpress\/plugins\/seo\/ -->\n<title>Appels\u00ednugul vi\u00f0v\u00f6run - \u00cd\u00fer\u00f3ttaf\u00e9lagi\u00f0 Gr\u00f3tta<\/title>\n<meta name=\"robots\" content=\"index, follow, max-snippet:-1, max-image-preview:large, max-video-preview:-1\" \/>\n<link rel=\"canonical\" href=\"https:\/\/grotta.is\/en\/almennt\/appelsinugul-vidvorun\/\" \/>\n<meta property=\"og:locale\" content=\"en_US\" \/>\n<meta property=\"og:type\" content=\"article\" \/>\n<meta property=\"og:title\" content=\"Appels\u00ednugul vi\u00f0v\u00f6run - \u00cd\u00fer\u00f3ttaf\u00e9lagi\u00f0 Gr\u00f3tta\" \/>\n<meta property=\"og:description\" content=\"K\u00e6ru foreldrar Vegna ve\u00f0urvi\u00f0v\u00f6runar sem tekur gildi kl. 14:00 \u00ed dag og \u00e1 morgunn vekjum vi\u00f0 athygli \u00e1 eftirfarandi: Allar \u00e6fingar hj\u00e1 yngri flokkum knattspyrnudeildar falla ni\u00f0ur \u00ed dag og [&hellip;]\" \/>\n<meta property=\"og:url\" content=\"https:\/\/grotta.is\/en\/almennt\/appelsinugul-vidvorun\/\" \/>\n<meta property=\"og:site_name\" content=\"\u00cd\u00fer\u00f3ttaf\u00e9lagi\u00f0 Gr\u00f3tta\" \/>\n<meta property=\"article:publisher\" content=\"https:\/\/www.facebook.com\/grottasport\" \/>\n<meta property=\"article:published_time\" content=\"2025-02-05T10:39:03+00:00\" \/>\n<meta property=\"article:modified_time\" content=\"2025-02-05T10:39:05+00:00\" \/>\n<meta property=\"og:image\" content=\"https:\/\/grotta.is\/wp-content\/uploads\/2025\/02\/appel.jpg\" \/>\n\t<meta property=\"og:image:width\" content=\"1081\" \/>\n\t<meta property=\"og:image:height\" content=\"1211\" \/>\n\t<meta property=\"og:image:type\" content=\"image\/jpeg\" \/>\n<meta name=\"author\" content=\"Hrafnhildur Sigurj\u00f3nsd\u00f3ttir\" \/>\n<meta name=\"twitter:card\" content=\"summary_large_image\" \/>\n<meta name=\"twitter:label1\" content=\"Written by\" \/>\n\t<meta name=\"twitter:data1\" content=\"Hrafnhildur Sigurj\u00f3nsd\u00f3ttir\" \/>\n\t<meta name=\"twitter:label2\" content=\"Est. reading time\" \/>\n\t<meta name=\"twitter:data2\" content=\"2 minutes\" \/>\n<script type=\"application\/ld+json\" class=\"yoast-schema-graph\">{\"@context\":\"https:\/\/schema.org\",\"@graph\":[{\"@type\":\"Article\",\"@id\":\"https:\/\/grotta.is\/almennt\/appelsinugul-vidvorun\/#article\",\"isPartOf\":{\"@id\":\"https:\/\/grotta.is\/almennt\/appelsinugul-vidvorun\/\"},\"author\":{\"name\":\"Hrafnhildur Sigurj\u00f3nsd\u00f3ttir\",\"@id\":\"https:\/\/grotta.is\/#\/schema\/person\/ef1c56135facd925e36b1430a1db29c9\"},\"headline\":\"Appels\u00ednugul vi\u00f0v\u00f6run\",\"datePublished\":\"2025-02-05T10:39:03+00:00\",\"dateModified\":\"2025-02-05T10:39:05+00:00\",\"mainEntityOfPage\":{\"@id\":\"https:\/\/grotta.is\/almennt\/appelsinugul-vidvorun\/\"},\"wordCount\":90,\"publisher\":{\"@id\":\"https:\/\/grotta.is\/#organization\"},\"image\":{\"@id\":\"https:\/\/grotta.is\/almennt\/appelsinugul-vidvorun\/#primaryimage\"},\"thumbnailUrl\":\"https:\/\/grotta.is\/wp-content\/uploads\/2025\/02\/appel.jpg\",\"articleSection\":[\"Almennt\"],\"inLanguage\":\"en-US\"},{\"@type\":\"WebPage\",\"@id\":\"https:\/\/grotta.is\/almennt\/appelsinugul-vidvorun\/\",\"url\":\"https:\/\/grotta.is\/almennt\/appelsinugul-vidvorun\/\",\"name\":\"Appels\u00ednugul vi\u00f0v\u00f6run - \u00cd\u00fer\u00f3ttaf\u00e9lagi\u00f0 Gr\u00f3tta\",\"isPartOf\":{\"@id\":\"https:\/\/grotta.is\/#website\"},\"primaryImageOfPage\":{\"@id\":\"https:\/\/grotta.is\/almennt\/appelsinugul-vidvorun\/#primaryimage\"},\"image\":{\"@id\":\"https:\/\/grotta.is\/almennt\/appelsinugul-vidvorun\/#primaryimage\"},\"thumbnailUrl\":\"https:\/\/grotta.is\/wp-content\/uploads\/2025\/02\/appel.jpg\",\"datePublished\":\"2025-02-05T10:39:03+00:00\",\"dateModified\":\"2025-02-05T10:39:05+00:00\",\"breadcrumb\":{\"@id\":\"https:\/\/grotta.is\/almennt\/appelsinugul-vidvorun\/#breadcrumb\"},\"inLanguage\":\"en-US\",\"potentialAction\":[{\"@type\":\"ReadAction\",\"target\":[\"https:\/\/grotta.is\/almennt\/appelsinugul-vidvorun\/\"]}]},{\"@type\":\"ImageObject\",\"inLanguage\":\"en-US\",\"@id\":\"https:\/\/grotta.is\/almennt\/appelsinugul-vidvorun\/#primaryimage\",\"url\":\"https:\/\/grotta.is\/wp-content\/uploads\/2025\/02\/appel.jpg\",\"contentUrl\":\"https:\/\/grotta.is\/wp-content\/uploads\/2025\/02\/appel.jpg\",\"width\":1081,\"height\":1211},{\"@type\":\"BreadcrumbList\",\"@id\":\"https:\/\/grotta.is\/almennt\/appelsinugul-vidvorun\/#breadcrumb\",\"itemListElement\":[{\"@type\":\"ListItem\",\"position\":1,\"name\":\"Home\",\"item\":\"https:\/\/grotta.is\/\"},{\"@type\":\"ListItem\",\"position\":2,\"name\":\"Appels\u00ednugul vi\u00f0v\u00f6run\"}]},{\"@type\":\"WebSite\",\"@id\":\"https:\/\/grotta.is\/#website\",\"url\":\"https:\/\/grotta.is\/\",\"name\":\"\u00cd\u00fer\u00f3ttaf\u00e9lagi\u00f0 Gr\u00f3tta\",\"description\":\"\u00e1 Seltjarnarnesi\",\"publisher\":{\"@id\":\"https:\/\/grotta.is\/#organization\"},\"potentialAction\":[{\"@type\":\"SearchAction\",\"target\":{\"@type\":\"EntryPoint\",\"urlTemplate\":\"https:\/\/grotta.is\/?s={search_term_string}\"},\"query-input\":{\"@type\":\"PropertyValueSpecification\",\"valueRequired\":true,\"valueName\":\"search_term_string\"}}],\"inLanguage\":\"en-US\"},{\"@type\":\"Organization\",\"@id\":\"https:\/\/grotta.is\/#organization\",\"name\":\"\u00cd\u00fer\u00f3ttaf\u00e9lagi\u00f0 Gr\u00f3tta\",\"url\":\"https:\/\/grotta.is\/\",\"logo\":{\"@type\":\"ImageObject\",\"inLanguage\":\"en-US\",\"@id\":\"https:\/\/grotta.is\/#\/schema\/logo\/image\/\",\"url\":\"https:\/\/grotta.is\/wp-content\/uploads\/2020\/02\/ithrottafelagidgrotta_logo_512x512_transparent.png\",\"contentUrl\":\"https:\/\/grotta.is\/wp-content\/uploads\/2020\/02\/ithrottafelagidgrotta_logo_512x512_transparent.png\",\"width\":512,\"height\":512,\"caption\":\"\u00cd\u00fer\u00f3ttaf\u00e9lagi\u00f0 Gr\u00f3tta\"},\"image\":{\"@id\":\"https:\/\/grotta.is\/#\/schema\/logo\/image\/\"},\"sameAs\":[\"https:\/\/www.facebook.com\/grottasport\"]},{\"@type\":\"Person\",\"@id\":\"https:\/\/grotta.is\/#\/schema\/person\/ef1c56135facd925e36b1430a1db29c9\",\"name\":\"Hrafnhildur Sigurj\u00f3nsd\u00f3ttir\",\"url\":\"https:\/\/grotta.is\/en\/author\/hrafnhildur\/\"}]}<\/script>\n<!-- \/ Yoast SEO plugin. -->","yoast_head_json":{"title":"Appels\u00ednugul vi\u00f0v\u00f6run - \u00cd\u00fer\u00f3ttaf\u00e9lagi\u00f0 Gr\u00f3tta","robots":{"index":"index","follow":"follow","max-snippet":"max-snippet:-1","max-image-preview":"max-image-preview:large","max-video-preview":"max-video-preview:-1"},"canonical":"https:\/\/grotta.is\/en\/almennt\/appelsinugul-vidvorun\/","og_locale":"en_US","og_type":"article","og_title":"Appels\u00ednugul vi\u00f0v\u00f6run - \u00cd\u00fer\u00f3ttaf\u00e9lagi\u00f0 Gr\u00f3tta","og_description":"K\u00e6ru foreldrar Vegna ve\u00f0urvi\u00f0v\u00f6runar sem tekur gildi kl. 14:00 \u00ed dag og \u00e1 morgunn vekjum vi\u00f0 athygli \u00e1 eftirfarandi: Allar \u00e6fingar hj\u00e1 yngri flokkum knattspyrnudeildar falla ni\u00f0ur \u00ed dag og [&hellip;]","og_url":"https:\/\/grotta.is\/en\/almennt\/appelsinugul-vidvorun\/","og_site_name":"\u00cd\u00fer\u00f3ttaf\u00e9lagi\u00f0 Gr\u00f3tta","article_publisher":"https:\/\/www.facebook.com\/grottasport","article_published_time":"2025-02-05T10:39:03+00:00","article_modified_time":"2025-02-05T10:39:05+00:00","og_image":[{"width":1081,"height":1211,"url":"https:\/\/grotta.is\/wp-content\/uploads\/2025\/02\/appel.jpg","type":"image\/jpeg"}],"author":"Hrafnhildur Sigurj\u00f3nsd\u00f3ttir","twitter_card":"summary_large_image","twitter_misc":{"Written by":"Hrafnhildur Sigurj\u00f3nsd\u00f3ttir","Est. reading time":"2 minutes"},"schema":{"@context":"https:\/\/schema.org","@graph":[{"@type":"Article","@id":"https:\/\/grotta.is\/almennt\/appelsinugul-vidvorun\/#article","isPartOf":{"@id":"https:\/\/grotta.is\/almennt\/appelsinugul-vidvorun\/"},"author":{"name":"Hrafnhildur Sigurj\u00f3nsd\u00f3ttir","@id":"https:\/\/grotta.is\/#\/schema\/person\/ef1c56135facd925e36b1430a1db29c9"},"headline":"Appels\u00ednugul vi\u00f0v\u00f6run","datePublished":"2025-02-05T10:39:03+00:00","dateModified":"2025-02-05T10:39:05+00:00","mainEntityOfPage":{"@id":"https:\/\/grotta.is\/almennt\/appelsinugul-vidvorun\/"},"wordCount":90,"publisher":{"@id":"https:\/\/grotta.is\/#organization"},"image":{"@id":"https:\/\/grotta.is\/almennt\/appelsinugul-vidvorun\/#primaryimage"},"thumbnailUrl":"https:\/\/grotta.is\/wp-content\/uploads\/2025\/02\/appel.jpg","articleSection":["Almennt"],"inLanguage":"en-US"},{"@type":"WebPage","@id":"https:\/\/grotta.is\/almennt\/appelsinugul-vidvorun\/","url":"https:\/\/grotta.is\/almennt\/appelsinugul-vidvorun\/","name":"Appels\u00ednugul vi\u00f0v\u00f6run - \u00cd\u00fer\u00f3ttaf\u00e9lagi\u00f0 Gr\u00f3tta","isPartOf":{"@id":"https:\/\/grotta.is\/#website"},"primaryImageOfPage":{"@id":"https:\/\/grotta.is\/almennt\/appelsinugul-vidvorun\/#primaryimage"},"image":{"@id":"https:\/\/grotta.is\/almennt\/appelsinugul-vidvorun\/#primaryimage"},"thumbnailUrl":"https:\/\/grotta.is\/wp-content\/uploads\/2025\/02\/appel.jpg","datePublished":"2025-02-05T10:39:03+00:00","dateModified":"2025-02-05T10:39:05+00:00","breadcrumb":{"@id":"https:\/\/grotta.is\/almennt\/appelsinugul-vidvorun\/#breadcrumb"},"inLanguage":"en-US","potentialAction":[{"@type":"ReadAction","target":["https:\/\/grotta.is\/almennt\/appelsinugul-vidvorun\/"]}]},{"@type":"ImageObject","inLanguage":"en-US","@id":"https:\/\/grotta.is\/almennt\/appelsinugul-vidvorun\/#primaryimage","url":"https:\/\/grotta.is\/wp-content\/uploads\/2025\/02\/appel.jpg","contentUrl":"https:\/\/grotta.is\/wp-content\/uploads\/2025\/02\/appel.jpg","width":1081,"height":1211},{"@type":"BreadcrumbList","@id":"https:\/\/grotta.is\/almennt\/appelsinugul-vidvorun\/#breadcrumb","itemListElement":[{"@type":"ListItem","position":1,"name":"Home","item":"https:\/\/grotta.is\/"},{"@type":"ListItem","position":2,"name":"Appels\u00ednugul vi\u00f0v\u00f6run"}]},{"@type":"WebSite","@id":"https:\/\/grotta.is\/#website","url":"https:\/\/grotta.is\/","name":"\u00cd\u00fer\u00f3ttaf\u00e9lagi\u00f0 Gr\u00f3tta","description":"\u00e1 Seltjarnarnesi","publisher":{"@id":"https:\/\/grotta.is\/#organization"},"potentialAction":[{"@type":"SearchAction","target":{"@type":"EntryPoint","urlTemplate":"https:\/\/grotta.is\/?s={search_term_string}"},"query-input":{"@type":"PropertyValueSpecification","valueRequired":true,"valueName":"search_term_string"}}],"inLanguage":"en-US"},{"@type":"Organization","@id":"https:\/\/grotta.is\/#organization","name":"\u00cd\u00fer\u00f3ttaf\u00e9lagi\u00f0 Gr\u00f3tta","url":"https:\/\/grotta.is\/","logo":{"@type":"ImageObject","inLanguage":"en-US","@id":"https:\/\/grotta.is\/#\/schema\/logo\/image\/","url":"https:\/\/grotta.is\/wp-content\/uploads\/2020\/02\/ithrottafelagidgrotta_logo_512x512_transparent.png","contentUrl":"https:\/\/grotta.is\/wp-content\/uploads\/2020\/02\/ithrottafelagidgrotta_logo_512x512_transparent.png","width":512,"height":512,"caption":"\u00cd\u00fer\u00f3ttaf\u00e9lagi\u00f0 Gr\u00f3tta"},"image":{"@id":"https:\/\/grotta.is\/#\/schema\/logo\/image\/"},"sameAs":["https:\/\/www.facebook.com\/grottasport"]},{"@type":"Person","@id":"https:\/\/grotta.is\/#\/schema\/person\/ef1c56135facd925e36b1430a1db29c9","name":"Hrafnhildur Sigurj\u00f3nsd\u00f3ttir","url":"https:\/\/grotta.is\/en\/author\/hrafnhildur\/"}]}},"_links":{"self":[{"href":"https:\/\/grotta.is\/en\/wp-json\/wp\/v2\/posts\/574947","targetHints":{"allow":["GET"]}}],"collection":[{"href":"https:\/\/grotta.is\/en\/wp-json\/wp\/v2\/posts"}],"about":[{"href":"https:\/\/grotta.is\/en\/wp-json\/wp\/v2\/types\/post"}],"author":[{"embeddable":true,"href":"https:\/\/grotta.is\/en\/wp-json\/wp\/v2\/users\/13"}],"replies":[{"embeddable":true,"href":"https:\/\/grotta.is\/en\/wp-json\/wp\/v2\/comments?post=574947"}],"version-history":[{"count":1,"href":"https:\/\/grotta.is\/en\/wp-json\/wp\/v2\/posts\/574947\/revisions"}],"predecessor-version":[{"id":574949,"href":"https:\/\/grotta.is\/en\/wp-json\/wp\/v2\/posts\/574947\/revisions\/574949"}],"wp:featuredmedia":[{"embeddable":true,"href":"https:\/\/grotta.is\/en\/wp-json\/wp\/v2\/media\/574948"}],"wp:attachment":[{"href":"https:\/\/grotta.is\/en\/wp-json\/wp\/v2\/media?parent=574947"}],"wp:term":[{"taxonomy":"category","embeddable":true,"href":"https:\/\/grotta.is\/en\/wp-json\/wp\/v2\/categories?post=574947"},{"taxonomy":"post_tag","embeddable":true,"href":"https:\/\/grotta.is\/en\/wp-json\/wp\/v2\/tags?post=574947"}],"curies":[{"name":"wp","href":"https:\/\/api.w.org\/{rel}","templated":true}]}}