{"id":573953,"date":"2024-10-18T16:45:05","date_gmt":"2024-10-18T16:45:05","guid":{"rendered":"https:\/\/grotta.is\/?p=573953"},"modified":"2024-10-18T16:45:06","modified_gmt":"2024-10-18T16:45:06","slug":"vidtalstimar-framkvaemdastjora-fimleikadeildar","status":"publish","type":"post","link":"https:\/\/grotta.is\/en\/almennt\/vidtalstimar-framkvaemdastjora-fimleikadeildar\/","title":{"rendered":"Vi\u00f0talst\u00edmar framkv\u00e6mdastj\u00f3ra Fimleikadeildar"},"content":{"rendered":"<p>Skrifstofa framkv\u00e6mdastj\u00f3ra Fimleikadeildar Gr\u00f3ttu er opin milli klukkan 13:00-15:00 \u00e1 m\u00e1nud\u00f6gum og 15:00-17:00 \u00e1 mi\u00f0vikud\u00f6gum. Einnig er h\u00e6gt er a\u00f0 hafa samband vi\u00f0 Gu\u00f0r\u00fanu Stef\u00e1nsd\u00f3ttur framkv\u00e6mdastj\u00f3ra Fimleikadeildar \u00ed gegnum netfangi\u00f0\u00a0<a href=\"mailto:gudrun@grotta.is\">gudrun@grotta.is<\/a>\u00a0og \u00ed s\u00edma: 561-1137. S\u00edmat\u00edmi skrifstofu fimleikadeildar er \u00e1 mi\u00f0vikud\u00f6gum og f\u00f6stud\u00f6gum \u00e1 milli kl. 10:00-12:00.<\/p><p>Skrifstofa Fimleikadeildar Gr\u00f3ttu er til h\u00fasa \u00e1 annarri h\u00e6\u00f0 \u00ed \u00cd\u00fer\u00f3ttah\u00fasi Seltjarnarness vi\u00f0 Su\u00f0urstr\u00f6nd. Gengi\u00f0 er inn anddyri\u00f0 \u00ed \u00ed\u00fer\u00f3ttah\u00fasinu, beygt til vinstri fram hj\u00e1 skrifstofu h\u00fasvar\u00f0a, \u00fear er fari\u00f0 upp stiga upp \u00e1 a\u00f0ra h\u00e6\u00f0 og skrifstofa fimleikadeildar er \u00fear \u00f6nnur hur\u00f0 til h\u00e6gri.<\/p><p>\u00c1fram Gr\u00f3tta!<\/p>","protected":false},"excerpt":{"rendered":"<p>Skrifstofa framkv\u00e6mdastj\u00f3ra Fimleikadeildar Gr\u00f3ttu er opin milli klukkan 13:00-15:00 \u00e1 m\u00e1nud\u00f6gum og 15:00-17:00 \u00e1 mi\u00f0vikud\u00f6gum. Einnig er h\u00e6gt er a\u00f0 hafa samband vi\u00f0 Gu\u00f0r\u00fanu Stef\u00e1nsd\u00f3ttur framkv\u00e6mdastj\u00f3ra Fimleikadeildar \u00ed gegnum netfangi\u00f0\u00a0gudrun@grotta.is\u00a0og [&hellip;]<\/p>","protected":false},"author":13,"featured_media":573954,"comment_status":"closed","ping_status":"closed","sticky":false,"template":"","format":"standard","meta":{"footnotes":""},"categories":[4,9],"tags":[],"class_list":["post-573953","post","type-post","status-publish","format-standard","has-post-thumbnail","hentry","category-almennt","category-fimleikadeild"],"yoast_head":"<!-- This site is optimized with the Yoast SEO plugin v24.3 - https:\/\/yoast.com\/wordpress\/plugins\/seo\/ -->\n<title>Vi\u00f0talst\u00edmar framkv\u00e6mdastj\u00f3ra Fimleikadeildar - \u00cd\u00fer\u00f3ttaf\u00e9lagi\u00f0 Gr\u00f3tta<\/title>\n<meta name=\"robots\" content=\"index, follow, max-snippet:-1, max-image-preview:large, max-video-preview:-1\" \/>\n<link rel=\"canonical\" href=\"https:\/\/grotta.is\/en\/almennt\/vidtalstimar-framkvaemdastjora-fimleikadeildar\/\" \/>\n<meta property=\"og:locale\" content=\"en_US\" \/>\n<meta property=\"og:type\" content=\"article\" \/>\n<meta property=\"og:title\" content=\"Vi\u00f0talst\u00edmar framkv\u00e6mdastj\u00f3ra Fimleikadeildar - \u00cd\u00fer\u00f3ttaf\u00e9lagi\u00f0 Gr\u00f3tta\" \/>\n<meta property=\"og:description\" content=\"Skrifstofa framkv\u00e6mdastj\u00f3ra Fimleikadeildar Gr\u00f3ttu er opin milli klukkan 13:00-15:00 \u00e1 m\u00e1nud\u00f6gum og 15:00-17:00 \u00e1 mi\u00f0vikud\u00f6gum. Einnig er h\u00e6gt er a\u00f0 hafa samband vi\u00f0 Gu\u00f0r\u00fanu Stef\u00e1nsd\u00f3ttur framkv\u00e6mdastj\u00f3ra Fimleikadeildar \u00ed gegnum netfangi\u00f0\u00a0gudrun@grotta.is\u00a0og [&hellip;]\" \/>\n<meta property=\"og:url\" content=\"https:\/\/grotta.is\/en\/almennt\/vidtalstimar-framkvaemdastjora-fimleikadeildar\/\" \/>\n<meta property=\"og:site_name\" content=\"\u00cd\u00fer\u00f3ttaf\u00e9lagi\u00f0 Gr\u00f3tta\" \/>\n<meta property=\"article:publisher\" content=\"https:\/\/www.facebook.com\/grottasport\" \/>\n<meta property=\"article:published_time\" content=\"2024-10-18T16:45:05+00:00\" \/>\n<meta property=\"article:modified_time\" content=\"2024-10-18T16:45:06+00:00\" \/>\n<meta property=\"og:image\" content=\"https:\/\/grotta.is\/wp-content\/uploads\/2024\/10\/Fimleikadeild-opnunartimar-.jpg\" \/>\n\t<meta property=\"og:image:width\" content=\"1080\" \/>\n\t<meta property=\"og:image:height\" content=\"1080\" \/>\n\t<meta property=\"og:image:type\" content=\"image\/jpeg\" \/>\n<meta name=\"author\" content=\"Hrafnhildur Sigurj\u00f3nsd\u00f3ttir\" \/>\n<meta name=\"twitter:card\" content=\"summary_large_image\" \/>\n<meta name=\"twitter:label1\" content=\"Written by\" \/>\n\t<meta name=\"twitter:data1\" content=\"Hrafnhildur Sigurj\u00f3nsd\u00f3ttir\" \/>\n\t<meta name=\"twitter:label2\" content=\"Est. reading time\" \/>\n\t<meta name=\"twitter:data2\" content=\"1 minute\" \/>\n<script type=\"application\/ld+json\" class=\"yoast-schema-graph\">{\"@context\":\"https:\/\/schema.org\",\"@graph\":[{\"@type\":\"Article\",\"@id\":\"https:\/\/grotta.is\/almennt\/vidtalstimar-framkvaemdastjora-fimleikadeildar\/#article\",\"isPartOf\":{\"@id\":\"https:\/\/grotta.is\/almennt\/vidtalstimar-framkvaemdastjora-fimleikadeildar\/\"},\"author\":{\"name\":\"Hrafnhildur Sigurj\u00f3nsd\u00f3ttir\",\"@id\":\"https:\/\/grotta.is\/#\/schema\/person\/ef1c56135facd925e36b1430a1db29c9\"},\"headline\":\"Vi\u00f0talst\u00edmar framkv\u00e6mdastj\u00f3ra Fimleikadeildar\",\"datePublished\":\"2024-10-18T16:45:05+00:00\",\"dateModified\":\"2024-10-18T16:45:06+00:00\",\"mainEntityOfPage\":{\"@id\":\"https:\/\/grotta.is\/almennt\/vidtalstimar-framkvaemdastjora-fimleikadeildar\/\"},\"wordCount\":127,\"publisher\":{\"@id\":\"https:\/\/grotta.is\/#organization\"},\"image\":{\"@id\":\"https:\/\/grotta.is\/almennt\/vidtalstimar-framkvaemdastjora-fimleikadeildar\/#primaryimage\"},\"thumbnailUrl\":\"https:\/\/grotta.is\/wp-content\/uploads\/2024\/10\/Fimleikadeild-opnunartimar-.jpg\",\"articleSection\":[\"Almennt\",\"Fimleikadeild\"],\"inLanguage\":\"en-US\"},{\"@type\":\"WebPage\",\"@id\":\"https:\/\/grotta.is\/almennt\/vidtalstimar-framkvaemdastjora-fimleikadeildar\/\",\"url\":\"https:\/\/grotta.is\/almennt\/vidtalstimar-framkvaemdastjora-fimleikadeildar\/\",\"name\":\"Vi\u00f0talst\u00edmar framkv\u00e6mdastj\u00f3ra Fimleikadeildar - \u00cd\u00fer\u00f3ttaf\u00e9lagi\u00f0 Gr\u00f3tta\",\"isPartOf\":{\"@id\":\"https:\/\/grotta.is\/#website\"},\"primaryImageOfPage\":{\"@id\":\"https:\/\/grotta.is\/almennt\/vidtalstimar-framkvaemdastjora-fimleikadeildar\/#primaryimage\"},\"image\":{\"@id\":\"https:\/\/grotta.is\/almennt\/vidtalstimar-framkvaemdastjora-fimleikadeildar\/#primaryimage\"},\"thumbnailUrl\":\"https:\/\/grotta.is\/wp-content\/uploads\/2024\/10\/Fimleikadeild-opnunartimar-.jpg\",\"datePublished\":\"2024-10-18T16:45:05+00:00\",\"dateModified\":\"2024-10-18T16:45:06+00:00\",\"breadcrumb\":{\"@id\":\"https:\/\/grotta.is\/almennt\/vidtalstimar-framkvaemdastjora-fimleikadeildar\/#breadcrumb\"},\"inLanguage\":\"en-US\",\"potentialAction\":[{\"@type\":\"ReadAction\",\"target\":[\"https:\/\/grotta.is\/almennt\/vidtalstimar-framkvaemdastjora-fimleikadeildar\/\"]}]},{\"@type\":\"ImageObject\",\"inLanguage\":\"en-US\",\"@id\":\"https:\/\/grotta.is\/almennt\/vidtalstimar-framkvaemdastjora-fimleikadeildar\/#primaryimage\",\"url\":\"https:\/\/grotta.is\/wp-content\/uploads\/2024\/10\/Fimleikadeild-opnunartimar-.jpg\",\"contentUrl\":\"https:\/\/grotta.is\/wp-content\/uploads\/2024\/10\/Fimleikadeild-opnunartimar-.jpg\",\"width\":1080,\"height\":1080},{\"@type\":\"BreadcrumbList\",\"@id\":\"https:\/\/grotta.is\/almennt\/vidtalstimar-framkvaemdastjora-fimleikadeildar\/#breadcrumb\",\"itemListElement\":[{\"@type\":\"ListItem\",\"position\":1,\"name\":\"Home\",\"item\":\"https:\/\/grotta.is\/\"},{\"@type\":\"ListItem\",\"position\":2,\"name\":\"Vi\u00f0talst\u00edmar framkv\u00e6mdastj\u00f3ra Fimleikadeildar\"}]},{\"@type\":\"WebSite\",\"@id\":\"https:\/\/grotta.is\/#website\",\"url\":\"https:\/\/grotta.is\/\",\"name\":\"\u00cd\u00fer\u00f3ttaf\u00e9lagi\u00f0 Gr\u00f3tta\",\"description\":\"\u00e1 Seltjarnarnesi\",\"publisher\":{\"@id\":\"https:\/\/grotta.is\/#organization\"},\"potentialAction\":[{\"@type\":\"SearchAction\",\"target\":{\"@type\":\"EntryPoint\",\"urlTemplate\":\"https:\/\/grotta.is\/?s={search_term_string}\"},\"query-input\":{\"@type\":\"PropertyValueSpecification\",\"valueRequired\":true,\"valueName\":\"search_term_string\"}}],\"inLanguage\":\"en-US\"},{\"@type\":\"Organization\",\"@id\":\"https:\/\/grotta.is\/#organization\",\"name\":\"\u00cd\u00fer\u00f3ttaf\u00e9lagi\u00f0 Gr\u00f3tta\",\"url\":\"https:\/\/grotta.is\/\",\"logo\":{\"@type\":\"ImageObject\",\"inLanguage\":\"en-US\",\"@id\":\"https:\/\/grotta.is\/#\/schema\/logo\/image\/\",\"url\":\"https:\/\/grotta.is\/wp-content\/uploads\/2020\/02\/ithrottafelagidgrotta_logo_512x512_transparent.png\",\"contentUrl\":\"https:\/\/grotta.is\/wp-content\/uploads\/2020\/02\/ithrottafelagidgrotta_logo_512x512_transparent.png\",\"width\":512,\"height\":512,\"caption\":\"\u00cd\u00fer\u00f3ttaf\u00e9lagi\u00f0 Gr\u00f3tta\"},\"image\":{\"@id\":\"https:\/\/grotta.is\/#\/schema\/logo\/image\/\"},\"sameAs\":[\"https:\/\/www.facebook.com\/grottasport\"]},{\"@type\":\"Person\",\"@id\":\"https:\/\/grotta.is\/#\/schema\/person\/ef1c56135facd925e36b1430a1db29c9\",\"name\":\"Hrafnhildur Sigurj\u00f3nsd\u00f3ttir\",\"url\":\"https:\/\/grotta.is\/en\/author\/hrafnhildur\/\"}]}<\/script>\n<!-- \/ Yoast SEO plugin. -->","yoast_head_json":{"title":"Vi\u00f0talst\u00edmar framkv\u00e6mdastj\u00f3ra Fimleikadeildar - \u00cd\u00fer\u00f3ttaf\u00e9lagi\u00f0 Gr\u00f3tta","robots":{"index":"index","follow":"follow","max-snippet":"max-snippet:-1","max-image-preview":"max-image-preview:large","max-video-preview":"max-video-preview:-1"},"canonical":"https:\/\/grotta.is\/en\/almennt\/vidtalstimar-framkvaemdastjora-fimleikadeildar\/","og_locale":"en_US","og_type":"article","og_title":"Vi\u00f0talst\u00edmar framkv\u00e6mdastj\u00f3ra Fimleikadeildar - \u00cd\u00fer\u00f3ttaf\u00e9lagi\u00f0 Gr\u00f3tta","og_description":"Skrifstofa framkv\u00e6mdastj\u00f3ra Fimleikadeildar Gr\u00f3ttu er opin milli klukkan 13:00-15:00 \u00e1 m\u00e1nud\u00f6gum og 15:00-17:00 \u00e1 mi\u00f0vikud\u00f6gum. Einnig er h\u00e6gt er a\u00f0 hafa samband vi\u00f0 Gu\u00f0r\u00fanu Stef\u00e1nsd\u00f3ttur framkv\u00e6mdastj\u00f3ra Fimleikadeildar \u00ed gegnum netfangi\u00f0\u00a0gudrun@grotta.is\u00a0og [&hellip;]","og_url":"https:\/\/grotta.is\/en\/almennt\/vidtalstimar-framkvaemdastjora-fimleikadeildar\/","og_site_name":"\u00cd\u00fer\u00f3ttaf\u00e9lagi\u00f0 Gr\u00f3tta","article_publisher":"https:\/\/www.facebook.com\/grottasport","article_published_time":"2024-10-18T16:45:05+00:00","article_modified_time":"2024-10-18T16:45:06+00:00","og_image":[{"width":1080,"height":1080,"url":"https:\/\/grotta.is\/wp-content\/uploads\/2024\/10\/Fimleikadeild-opnunartimar-.jpg","type":"image\/jpeg"}],"author":"Hrafnhildur Sigurj\u00f3nsd\u00f3ttir","twitter_card":"summary_large_image","twitter_misc":{"Written by":"Hrafnhildur Sigurj\u00f3nsd\u00f3ttir","Est. reading time":"1 minute"},"schema":{"@context":"https:\/\/schema.org","@graph":[{"@type":"Article","@id":"https:\/\/grotta.is\/almennt\/vidtalstimar-framkvaemdastjora-fimleikadeildar\/#article","isPartOf":{"@id":"https:\/\/grotta.is\/almennt\/vidtalstimar-framkvaemdastjora-fimleikadeildar\/"},"author":{"name":"Hrafnhildur Sigurj\u00f3nsd\u00f3ttir","@id":"https:\/\/grotta.is\/#\/schema\/person\/ef1c56135facd925e36b1430a1db29c9"},"headline":"Vi\u00f0talst\u00edmar framkv\u00e6mdastj\u00f3ra Fimleikadeildar","datePublished":"2024-10-18T16:45:05+00:00","dateModified":"2024-10-18T16:45:06+00:00","mainEntityOfPage":{"@id":"https:\/\/grotta.is\/almennt\/vidtalstimar-framkvaemdastjora-fimleikadeildar\/"},"wordCount":127,"publisher":{"@id":"https:\/\/grotta.is\/#organization"},"image":{"@id":"https:\/\/grotta.is\/almennt\/vidtalstimar-framkvaemdastjora-fimleikadeildar\/#primaryimage"},"thumbnailUrl":"https:\/\/grotta.is\/wp-content\/uploads\/2024\/10\/Fimleikadeild-opnunartimar-.jpg","articleSection":["Almennt","Fimleikadeild"],"inLanguage":"en-US"},{"@type":"WebPage","@id":"https:\/\/grotta.is\/almennt\/vidtalstimar-framkvaemdastjora-fimleikadeildar\/","url":"https:\/\/grotta.is\/almennt\/vidtalstimar-framkvaemdastjora-fimleikadeildar\/","name":"Vi\u00f0talst\u00edmar framkv\u00e6mdastj\u00f3ra Fimleikadeildar - \u00cd\u00fer\u00f3ttaf\u00e9lagi\u00f0 Gr\u00f3tta","isPartOf":{"@id":"https:\/\/grotta.is\/#website"},"primaryImageOfPage":{"@id":"https:\/\/grotta.is\/almennt\/vidtalstimar-framkvaemdastjora-fimleikadeildar\/#primaryimage"},"image":{"@id":"https:\/\/grotta.is\/almennt\/vidtalstimar-framkvaemdastjora-fimleikadeildar\/#primaryimage"},"thumbnailUrl":"https:\/\/grotta.is\/wp-content\/uploads\/2024\/10\/Fimleikadeild-opnunartimar-.jpg","datePublished":"2024-10-18T16:45:05+00:00","dateModified":"2024-10-18T16:45:06+00:00","breadcrumb":{"@id":"https:\/\/grotta.is\/almennt\/vidtalstimar-framkvaemdastjora-fimleikadeildar\/#breadcrumb"},"inLanguage":"en-US","potentialAction":[{"@type":"ReadAction","target":["https:\/\/grotta.is\/almennt\/vidtalstimar-framkvaemdastjora-fimleikadeildar\/"]}]},{"@type":"ImageObject","inLanguage":"en-US","@id":"https:\/\/grotta.is\/almennt\/vidtalstimar-framkvaemdastjora-fimleikadeildar\/#primaryimage","url":"https:\/\/grotta.is\/wp-content\/uploads\/2024\/10\/Fimleikadeild-opnunartimar-.jpg","contentUrl":"https:\/\/grotta.is\/wp-content\/uploads\/2024\/10\/Fimleikadeild-opnunartimar-.jpg","width":1080,"height":1080},{"@type":"BreadcrumbList","@id":"https:\/\/grotta.is\/almennt\/vidtalstimar-framkvaemdastjora-fimleikadeildar\/#breadcrumb","itemListElement":[{"@type":"ListItem","position":1,"name":"Home","item":"https:\/\/grotta.is\/"},{"@type":"ListItem","position":2,"name":"Vi\u00f0talst\u00edmar framkv\u00e6mdastj\u00f3ra Fimleikadeildar"}]},{"@type":"WebSite","@id":"https:\/\/grotta.is\/#website","url":"https:\/\/grotta.is\/","name":"\u00cd\u00fer\u00f3ttaf\u00e9lagi\u00f0 Gr\u00f3tta","description":"\u00e1 Seltjarnarnesi","publisher":{"@id":"https:\/\/grotta.is\/#organization"},"potentialAction":[{"@type":"SearchAction","target":{"@type":"EntryPoint","urlTemplate":"https:\/\/grotta.is\/?s={search_term_string}"},"query-input":{"@type":"PropertyValueSpecification","valueRequired":true,"valueName":"search_term_string"}}],"inLanguage":"en-US"},{"@type":"Organization","@id":"https:\/\/grotta.is\/#organization","name":"\u00cd\u00fer\u00f3ttaf\u00e9lagi\u00f0 Gr\u00f3tta","url":"https:\/\/grotta.is\/","logo":{"@type":"ImageObject","inLanguage":"en-US","@id":"https:\/\/grotta.is\/#\/schema\/logo\/image\/","url":"https:\/\/grotta.is\/wp-content\/uploads\/2020\/02\/ithrottafelagidgrotta_logo_512x512_transparent.png","contentUrl":"https:\/\/grotta.is\/wp-content\/uploads\/2020\/02\/ithrottafelagidgrotta_logo_512x512_transparent.png","width":512,"height":512,"caption":"\u00cd\u00fer\u00f3ttaf\u00e9lagi\u00f0 Gr\u00f3tta"},"image":{"@id":"https:\/\/grotta.is\/#\/schema\/logo\/image\/"},"sameAs":["https:\/\/www.facebook.com\/grottasport"]},{"@type":"Person","@id":"https:\/\/grotta.is\/#\/schema\/person\/ef1c56135facd925e36b1430a1db29c9","name":"Hrafnhildur Sigurj\u00f3nsd\u00f3ttir","url":"https:\/\/grotta.is\/en\/author\/hrafnhildur\/"}]}},"_links":{"self":[{"href":"https:\/\/grotta.is\/en\/wp-json\/wp\/v2\/posts\/573953","targetHints":{"allow":["GET"]}}],"collection":[{"href":"https:\/\/grotta.is\/en\/wp-json\/wp\/v2\/posts"}],"about":[{"href":"https:\/\/grotta.is\/en\/wp-json\/wp\/v2\/types\/post"}],"author":[{"embeddable":true,"href":"https:\/\/grotta.is\/en\/wp-json\/wp\/v2\/users\/13"}],"replies":[{"embeddable":true,"href":"https:\/\/grotta.is\/en\/wp-json\/wp\/v2\/comments?post=573953"}],"version-history":[{"count":1,"href":"https:\/\/grotta.is\/en\/wp-json\/wp\/v2\/posts\/573953\/revisions"}],"predecessor-version":[{"id":573955,"href":"https:\/\/grotta.is\/en\/wp-json\/wp\/v2\/posts\/573953\/revisions\/573955"}],"wp:featuredmedia":[{"embeddable":true,"href":"https:\/\/grotta.is\/en\/wp-json\/wp\/v2\/media\/573954"}],"wp:attachment":[{"href":"https:\/\/grotta.is\/en\/wp-json\/wp\/v2\/media?parent=573953"}],"wp:term":[{"taxonomy":"category","embeddable":true,"href":"https:\/\/grotta.is\/en\/wp-json\/wp\/v2\/categories?post=573953"},{"taxonomy":"post_tag","embeddable":true,"href":"https:\/\/grotta.is\/en\/wp-json\/wp\/v2\/tags?post=573953"}],"curies":[{"name":"wp","href":"https:\/\/api.w.org\/{rel}","templated":true}]}}